{"id":748,"date":"2013-05-06T09:08:24","date_gmt":"2013-05-06T13:08:24","guid":{"rendered":"http:\/\/medicina.udd.cl\/instituto-ciencias\/?p=748"},"modified":"2014-04-07T14:26:41","modified_gmt":"2014-04-07T18:26:41","slug":"experto-en-biosimilares-ofrece-conferencia-a-comunidad-cas-udd","status":"publish","type":"post","link":"https:\/\/medicina.udd.cl\/centro-medicina-regenerativa\/noticias\/2013\/05\/06\/experto-en-biosimilares-ofrece-conferencia-a-comunidad-cas-udd\/","title":{"rendered":"Experto en biosimilares ofrece conferencia a comunidad CAS-UDD"},"content":{"rendered":"<div id=\"gallery-1\" class=\"carousel slide carousel-gallery\" data-ride=\"false\" data-interval=\"false\"><div class=\"carousel-inner\" role=\"listbox\"><figure class=\"carousel-item active\"><img loading=\"lazy\" decoding=\"async\" width=\"640\" height=\"427\" src=\"https:\/\/medicina.udd.cl\/centro-medicina-regenerativa\/files\/2013\/05\/Charla-Udo-Mueller-4.jpg\" class=\"attachment-landscape_952 size-landscape_952 lazyload\" alt=\"\" sizes=\"auto, (max-width: 640px) 100vw, 640px\" data-src=\"https:\/\/medicina.udd.cl\/centro-medicina-regenerativa\/files\/2013\/05\/Charla-Udo-Mueller-4.jpg\" data-srcset=\"https:\/\/medicina.udd.cl\/centro-medicina-regenerativa\/files\/2013\/05\/Charla-Udo-Mueller-4.jpg 640w, https:\/\/medicina.udd.cl\/centro-medicina-regenerativa\/files\/2013\/05\/Charla-Udo-Mueller-4-300x200.jpg 300w\" \/><\/figure><figure class=\"carousel-item\"><img loading=\"lazy\" decoding=\"async\" width=\"640\" height=\"427\" src=\"https:\/\/medicina.udd.cl\/centro-medicina-regenerativa\/files\/2013\/05\/Charla-Udo-Mueller-3.jpg\" class=\"attachment-landscape_952 size-landscape_952 lazyload\" alt=\"\" sizes=\"auto, (max-width: 640px) 100vw, 640px\" data-src=\"https:\/\/medicina.udd.cl\/centro-medicina-regenerativa\/files\/2013\/05\/Charla-Udo-Mueller-3.jpg\" data-srcset=\"https:\/\/medicina.udd.cl\/centro-medicina-regenerativa\/files\/2013\/05\/Charla-Udo-Mueller-3.jpg 640w, https:\/\/medicina.udd.cl\/centro-medicina-regenerativa\/files\/2013\/05\/Charla-Udo-Mueller-3-300x200.jpg 300w\" \/><\/figure><figure class=\"carousel-item\"><img loading=\"lazy\" decoding=\"async\" width=\"640\" height=\"427\" src=\"https:\/\/medicina.udd.cl\/centro-medicina-regenerativa\/files\/2013\/05\/Charla-Udo-Mueller-2.jpg\" class=\"attachment-landscape_952 size-landscape_952 lazyload\" alt=\"\" sizes=\"auto, (max-width: 640px) 100vw, 640px\" data-src=\"https:\/\/medicina.udd.cl\/centro-medicina-regenerativa\/files\/2013\/05\/Charla-Udo-Mueller-2.jpg\" data-srcset=\"https:\/\/medicina.udd.cl\/centro-medicina-regenerativa\/files\/2013\/05\/Charla-Udo-Mueller-2.jpg 640w, https:\/\/medicina.udd.cl\/centro-medicina-regenerativa\/files\/2013\/05\/Charla-Udo-Mueller-2-300x200.jpg 300w\" \/><\/figure><figure class=\"carousel-item\"><img loading=\"lazy\" decoding=\"async\" width=\"640\" height=\"427\" src=\"https:\/\/medicina.udd.cl\/centro-medicina-regenerativa\/files\/2013\/05\/Charla-Udo-Mueller-1.jpg\" class=\"attachment-landscape_952 size-landscape_952 lazyload\" alt=\"\" sizes=\"auto, (max-width: 640px) 100vw, 640px\" data-src=\"https:\/\/medicina.udd.cl\/centro-medicina-regenerativa\/files\/2013\/05\/Charla-Udo-Mueller-1.jpg\" data-srcset=\"https:\/\/medicina.udd.cl\/centro-medicina-regenerativa\/files\/2013\/05\/Charla-Udo-Mueller-1.jpg 640w, https:\/\/medicina.udd.cl\/centro-medicina-regenerativa\/files\/2013\/05\/Charla-Udo-Mueller-1-300x200.jpg 300w\" \/><\/figure><\/div><footer class=\"carousel-footer\"><div class=\"carousel-counter\"><span class=\"carousel-counter-current\"><\/span> \/ <span class=\"carousel-counter-total\"><\/span><\/div><a class=\"carousel-control-prev\" href=\"#gallery-1\" role=\"button\" data-slide=\"prev\"><svg aria-hidden=\"true\" class=\"svg-chevron-left-dims\"><use xlink:href='https:\/\/medicina.udd.cl\/centro-medicina-regenerativa\/wp-content\/themes\/facultades-2018\/assets\/img\/svg\/dist\/main.svg?version=1695853099#chevron-left'><\/use><\/svg><span class=\"sr-only\">Anterior<\/span><\/a><a class=\"carousel-control-next\" href=\"#gallery-1\" role=\"button\" data-slide=\"next\"><svg aria-hidden=\"true\" class=\"svg-chevron-right-dims\"><use xlink:href='https:\/\/medicina.udd.cl\/centro-medicina-regenerativa\/wp-content\/themes\/facultades-2018\/assets\/img\/svg\/dist\/main.svg?version=1695853099#chevron-right'><\/use><\/svg><span class=\"sr-only\">Siguiente<\/span><\/a><\/footer><\/div>\n<p>Hacer que la llamada<strong> \u201cmedicina biol\u00f3gica\u201d<\/strong> sea de m\u00e1s f\u00e1cil acceso para las personas, es uno de los objetivos de los biosimilares, asegur\u00f3 durante su charla el <strong>doctor Udo Mueller, M\u00e9dico Director de Teva Global Oncology and Biosimiliars<\/strong>.<\/p>\n<p>El experto internacional\u00a0 explic\u00f3 que los biosimilares son \u201c<strong>biofarmac\u00e9uticos (medicamentos, en lenguaje com\u00fan) que son f\u00edsica, qu\u00edmica, biol\u00f3gica y cl\u00ednicamente similares a un producto de referencia biol\u00f3gicamente aprobado\u201d. <\/strong> Agreg\u00f3 que pueden tener peque\u00f1as variaciones \u2013por eso son similares y no id\u00e9nticos- siempre y cuando el resultado cl\u00ednico es similar y no reviste riesgos para el paciente.<\/p>\n<p>\u00bfY cu\u00e1l es la importancia de los biosimilares? Udo Mueller demostr\u00f3 con cifras, que cada a\u00f1o se gastan mayores cantidades de dinero para tratar los distintos tipos de c\u00e1ncer en todo el mundo. Si se desarrolla la producci\u00f3n de biosimilares, el costo de esos tratamientos descender\u00e1 y por lo tanto, la terapia ser\u00e1 m\u00e1s asequible para la poblaci\u00f3n.<\/p>\n<p>El m\u00e9dico explic\u00f3 tambi\u00e9n que biosimilares y bioequivalentes no son lo mismo, al tiempo que agreg\u00f3 que el proceso de elaboraci\u00f3n de un biosimilar es m\u00e1s complejo y requiere m\u00e1s tiempo.<\/p>\n<p><strong>Mueller ofreci\u00f3 una charla en la Cl\u00ednica Alemana, invitado por la directora del Instituto de Ciencias de la Facultad de Medicina y gerente del Centro de Estudios de Bioequivalencia (CEBE), la doctora Paulette Conget. Entre los asistentes se encontraban m\u00e9dicos de la CAS, docentes e investigadores de la UDD.<\/strong><\/p>\n<p>Para ver la presentaci\u00f3n completa del Dr. Mueller <strong><a href=\"http:\/\/medicina.udd.cl\/centro-medicina-regenerativa\/files\/2013\/04\/Udo-Mueller_Teva_Clinica_Alemana_final.pdf\">presiona aqu\u00ed<\/a><\/strong><\/p>\n","protected":false},"excerpt":{"rendered":"<p>El doctor Udo Mueller es el Director M\u00e9dico de Teva  Global Oncology and Biosimilars.<\/p>\n","protected":false},"author":1,"featured_media":0,"comment_status":"open","ping_status":"open","sticky":false,"template":"","format":"standard","meta":{"footnotes":""},"categories":[4],"tags":[],"class_list":["post-748","post","type-post","status-publish","format-standard","hentry","category-noticias"],"yoast_head":"<!-- This site is optimized with the Yoast SEO plugin v26.9 - https:\/\/yoast.com\/product\/yoast-seo-wordpress\/ -->\n<title>Experto en biosimilares ofrece conferencia a comunidad CAS-UDD - Centro de Medicina Regenerativa<\/title>\n<meta name=\"robots\" content=\"index, follow, max-snippet:-1, max-image-preview:large, max-video-preview:-1\" \/>\n<link rel=\"canonical\" href=\"https:\/\/medicina.udd.cl\/centro-medicina-regenerativa\/noticias\/2013\/05\/06\/experto-en-biosimilares-ofrece-conferencia-a-comunidad-cas-udd\/\" \/>\n<meta property=\"og:locale\" content=\"es_ES\" \/>\n<meta property=\"og:type\" content=\"article\" \/>\n<meta property=\"og:title\" content=\"Experto en biosimilares ofrece conferencia a comunidad CAS-UDD - Centro de Medicina Regenerativa\" \/>\n<meta property=\"og:description\" content=\"El doctor Udo Mueller es el Director M\u00e9dico de Teva Global Oncology and Biosimilars.\" \/>\n<meta property=\"og:url\" content=\"https:\/\/medicina.udd.cl\/centro-medicina-regenerativa\/noticias\/2013\/05\/06\/experto-en-biosimilares-ofrece-conferencia-a-comunidad-cas-udd\/\" \/>\n<meta property=\"og:site_name\" content=\"Centro de Medicina Regenerativa\" \/>\n<meta property=\"article:published_time\" content=\"2013-05-06T13:08:24+00:00\" \/>\n<meta property=\"article:modified_time\" content=\"2014-04-07T18:26:41+00:00\" \/>\n<meta property=\"og:image\" content=\"https:\/\/medicina.udd.cl\/centro-medicina-regenerativa\/files\/2013\/05\/Charla-Udo-Mueller-4.jpg\" \/>\n<meta name=\"author\" content=\"admin\" \/>\n<meta name=\"twitter:label1\" content=\"Escrito por\" \/>\n\t<meta name=\"twitter:data1\" content=\"admin\" \/>\n\t<meta name=\"twitter:label2\" content=\"Tiempo de lectura\" \/>\n\t<meta name=\"twitter:data2\" content=\"1 minuto\" \/>\n<script type=\"application\/ld+json\" class=\"yoast-schema-graph\">{\"@context\":\"https:\/\/schema.org\",\"@graph\":[{\"@type\":\"Article\",\"@id\":\"https:\/\/medicina.udd.cl\/centro-medicina-regenerativa\/noticias\/2013\/05\/06\/experto-en-biosimilares-ofrece-conferencia-a-comunidad-cas-udd\/#article\",\"isPartOf\":{\"@id\":\"https:\/\/medicina.udd.cl\/centro-medicina-regenerativa\/noticias\/2013\/05\/06\/experto-en-biosimilares-ofrece-conferencia-a-comunidad-cas-udd\/\"},\"author\":{\"name\":\"admin\",\"@id\":\"https:\/\/medicina.udd.cl\/centro-medicina-regenerativa\/#\/schema\/person\/f7abfa784c86da427e89287831f96ab7\"},\"headline\":\"Experto en biosimilares ofrece conferencia a comunidad CAS-UDD\",\"datePublished\":\"2013-05-06T13:08:24+00:00\",\"dateModified\":\"2014-04-07T18:26:41+00:00\",\"mainEntityOfPage\":{\"@id\":\"https:\/\/medicina.udd.cl\/centro-medicina-regenerativa\/noticias\/2013\/05\/06\/experto-en-biosimilares-ofrece-conferencia-a-comunidad-cas-udd\/\"},\"wordCount\":281,\"commentCount\":0,\"articleSection\":[\"Noticias\"],\"inLanguage\":\"es\",\"potentialAction\":[{\"@type\":\"CommentAction\",\"name\":\"Comment\",\"target\":[\"https:\/\/medicina.udd.cl\/centro-medicina-regenerativa\/noticias\/2013\/05\/06\/experto-en-biosimilares-ofrece-conferencia-a-comunidad-cas-udd\/#respond\"]}]},{\"@type\":\"WebPage\",\"@id\":\"https:\/\/medicina.udd.cl\/centro-medicina-regenerativa\/noticias\/2013\/05\/06\/experto-en-biosimilares-ofrece-conferencia-a-comunidad-cas-udd\/\",\"url\":\"https:\/\/medicina.udd.cl\/centro-medicina-regenerativa\/noticias\/2013\/05\/06\/experto-en-biosimilares-ofrece-conferencia-a-comunidad-cas-udd\/\",\"name\":\"Experto en biosimilares ofrece conferencia a comunidad CAS-UDD - Centro de Medicina Regenerativa\",\"isPartOf\":{\"@id\":\"https:\/\/medicina.udd.cl\/centro-medicina-regenerativa\/#website\"},\"datePublished\":\"2013-05-06T13:08:24+00:00\",\"dateModified\":\"2014-04-07T18:26:41+00:00\",\"author\":{\"@id\":\"https:\/\/medicina.udd.cl\/centro-medicina-regenerativa\/#\/schema\/person\/f7abfa784c86da427e89287831f96ab7\"},\"breadcrumb\":{\"@id\":\"https:\/\/medicina.udd.cl\/centro-medicina-regenerativa\/noticias\/2013\/05\/06\/experto-en-biosimilares-ofrece-conferencia-a-comunidad-cas-udd\/#breadcrumb\"},\"inLanguage\":\"es\",\"potentialAction\":[{\"@type\":\"ReadAction\",\"target\":[\"https:\/\/medicina.udd.cl\/centro-medicina-regenerativa\/noticias\/2013\/05\/06\/experto-en-biosimilares-ofrece-conferencia-a-comunidad-cas-udd\/\"]}]},{\"@type\":\"BreadcrumbList\",\"@id\":\"https:\/\/medicina.udd.cl\/centro-medicina-regenerativa\/noticias\/2013\/05\/06\/experto-en-biosimilares-ofrece-conferencia-a-comunidad-cas-udd\/#breadcrumb\",\"itemListElement\":[{\"@type\":\"ListItem\",\"position\":1,\"name\":\"Inicio\",\"item\":\"https:\/\/medicina.udd.cl\/centro-medicina-regenerativa\/\"},{\"@type\":\"ListItem\",\"position\":2,\"name\":\"Experto en biosimilares ofrece conferencia a comunidad CAS-UDD\"}]},{\"@type\":\"WebSite\",\"@id\":\"https:\/\/medicina.udd.cl\/centro-medicina-regenerativa\/#website\",\"url\":\"https:\/\/medicina.udd.cl\/centro-medicina-regenerativa\/\",\"name\":\"Centro de Medicina Regenerativa\",\"description\":\"\",\"inLanguage\":\"es\"},{\"@type\":\"Person\",\"@id\":\"https:\/\/medicina.udd.cl\/centro-medicina-regenerativa\/#\/schema\/person\/f7abfa784c86da427e89287831f96ab7\",\"name\":\"admin\",\"image\":{\"@type\":\"ImageObject\",\"inLanguage\":\"es\",\"@id\":\"https:\/\/medicina.udd.cl\/centro-medicina-regenerativa\/#\/schema\/person\/image\/\",\"url\":\"https:\/\/secure.gravatar.com\/avatar\/3cb6da298954dfb54457c0910b8c9ca010abd8d87a60f7d701b6ce4254e1c642?s=96&d=mm&r=g\",\"contentUrl\":\"https:\/\/secure.gravatar.com\/avatar\/3cb6da298954dfb54457c0910b8c9ca010abd8d87a60f7d701b6ce4254e1c642?s=96&d=mm&r=g\",\"caption\":\"admin\"},\"url\":\"https:\/\/medicina.udd.cl\/centro-medicina-regenerativa\/noticias\/author\/admin\/\"}]}<\/script>\n<!-- \/ Yoast SEO plugin. -->","yoast_head_json":{"title":"Experto en biosimilares ofrece conferencia a comunidad CAS-UDD - Centro de Medicina Regenerativa","robots":{"index":"index","follow":"follow","max-snippet":"max-snippet:-1","max-image-preview":"max-image-preview:large","max-video-preview":"max-video-preview:-1"},"canonical":"https:\/\/medicina.udd.cl\/centro-medicina-regenerativa\/noticias\/2013\/05\/06\/experto-en-biosimilares-ofrece-conferencia-a-comunidad-cas-udd\/","og_locale":"es_ES","og_type":"article","og_title":"Experto en biosimilares ofrece conferencia a comunidad CAS-UDD - Centro de Medicina Regenerativa","og_description":"El doctor Udo Mueller es el Director M\u00e9dico de Teva Global Oncology and Biosimilars.","og_url":"https:\/\/medicina.udd.cl\/centro-medicina-regenerativa\/noticias\/2013\/05\/06\/experto-en-biosimilares-ofrece-conferencia-a-comunidad-cas-udd\/","og_site_name":"Centro de Medicina Regenerativa","article_published_time":"2013-05-06T13:08:24+00:00","article_modified_time":"2014-04-07T18:26:41+00:00","og_image":[{"url":"https:\/\/medicina.udd.cl\/centro-medicina-regenerativa\/files\/2013\/05\/Charla-Udo-Mueller-4.jpg","type":"","width":"","height":""}],"author":"admin","twitter_misc":{"Escrito por":"admin","Tiempo de lectura":"1 minuto"},"schema":{"@context":"https:\/\/schema.org","@graph":[{"@type":"Article","@id":"https:\/\/medicina.udd.cl\/centro-medicina-regenerativa\/noticias\/2013\/05\/06\/experto-en-biosimilares-ofrece-conferencia-a-comunidad-cas-udd\/#article","isPartOf":{"@id":"https:\/\/medicina.udd.cl\/centro-medicina-regenerativa\/noticias\/2013\/05\/06\/experto-en-biosimilares-ofrece-conferencia-a-comunidad-cas-udd\/"},"author":{"name":"admin","@id":"https:\/\/medicina.udd.cl\/centro-medicina-regenerativa\/#\/schema\/person\/f7abfa784c86da427e89287831f96ab7"},"headline":"Experto en biosimilares ofrece conferencia a comunidad CAS-UDD","datePublished":"2013-05-06T13:08:24+00:00","dateModified":"2014-04-07T18:26:41+00:00","mainEntityOfPage":{"@id":"https:\/\/medicina.udd.cl\/centro-medicina-regenerativa\/noticias\/2013\/05\/06\/experto-en-biosimilares-ofrece-conferencia-a-comunidad-cas-udd\/"},"wordCount":281,"commentCount":0,"articleSection":["Noticias"],"inLanguage":"es","potentialAction":[{"@type":"CommentAction","name":"Comment","target":["https:\/\/medicina.udd.cl\/centro-medicina-regenerativa\/noticias\/2013\/05\/06\/experto-en-biosimilares-ofrece-conferencia-a-comunidad-cas-udd\/#respond"]}]},{"@type":"WebPage","@id":"https:\/\/medicina.udd.cl\/centro-medicina-regenerativa\/noticias\/2013\/05\/06\/experto-en-biosimilares-ofrece-conferencia-a-comunidad-cas-udd\/","url":"https:\/\/medicina.udd.cl\/centro-medicina-regenerativa\/noticias\/2013\/05\/06\/experto-en-biosimilares-ofrece-conferencia-a-comunidad-cas-udd\/","name":"Experto en biosimilares ofrece conferencia a comunidad CAS-UDD - Centro de Medicina Regenerativa","isPartOf":{"@id":"https:\/\/medicina.udd.cl\/centro-medicina-regenerativa\/#website"},"datePublished":"2013-05-06T13:08:24+00:00","dateModified":"2014-04-07T18:26:41+00:00","author":{"@id":"https:\/\/medicina.udd.cl\/centro-medicina-regenerativa\/#\/schema\/person\/f7abfa784c86da427e89287831f96ab7"},"breadcrumb":{"@id":"https:\/\/medicina.udd.cl\/centro-medicina-regenerativa\/noticias\/2013\/05\/06\/experto-en-biosimilares-ofrece-conferencia-a-comunidad-cas-udd\/#breadcrumb"},"inLanguage":"es","potentialAction":[{"@type":"ReadAction","target":["https:\/\/medicina.udd.cl\/centro-medicina-regenerativa\/noticias\/2013\/05\/06\/experto-en-biosimilares-ofrece-conferencia-a-comunidad-cas-udd\/"]}]},{"@type":"BreadcrumbList","@id":"https:\/\/medicina.udd.cl\/centro-medicina-regenerativa\/noticias\/2013\/05\/06\/experto-en-biosimilares-ofrece-conferencia-a-comunidad-cas-udd\/#breadcrumb","itemListElement":[{"@type":"ListItem","position":1,"name":"Inicio","item":"https:\/\/medicina.udd.cl\/centro-medicina-regenerativa\/"},{"@type":"ListItem","position":2,"name":"Experto en biosimilares ofrece conferencia a comunidad CAS-UDD"}]},{"@type":"WebSite","@id":"https:\/\/medicina.udd.cl\/centro-medicina-regenerativa\/#website","url":"https:\/\/medicina.udd.cl\/centro-medicina-regenerativa\/","name":"Centro de Medicina Regenerativa","description":"","inLanguage":"es"},{"@type":"Person","@id":"https:\/\/medicina.udd.cl\/centro-medicina-regenerativa\/#\/schema\/person\/f7abfa784c86da427e89287831f96ab7","name":"admin","image":{"@type":"ImageObject","inLanguage":"es","@id":"https:\/\/medicina.udd.cl\/centro-medicina-regenerativa\/#\/schema\/person\/image\/","url":"https:\/\/secure.gravatar.com\/avatar\/3cb6da298954dfb54457c0910b8c9ca010abd8d87a60f7d701b6ce4254e1c642?s=96&d=mm&r=g","contentUrl":"https:\/\/secure.gravatar.com\/avatar\/3cb6da298954dfb54457c0910b8c9ca010abd8d87a60f7d701b6ce4254e1c642?s=96&d=mm&r=g","caption":"admin"},"url":"https:\/\/medicina.udd.cl\/centro-medicina-regenerativa\/noticias\/author\/admin\/"}]}},"featured_image_url":null,"_links":{"self":[{"href":"https:\/\/medicina.udd.cl\/centro-medicina-regenerativa\/wp-json\/wp\/v2\/posts\/748","targetHints":{"allow":["GET"]}}],"collection":[{"href":"https:\/\/medicina.udd.cl\/centro-medicina-regenerativa\/wp-json\/wp\/v2\/posts"}],"about":[{"href":"https:\/\/medicina.udd.cl\/centro-medicina-regenerativa\/wp-json\/wp\/v2\/types\/post"}],"author":[{"embeddable":true,"href":"https:\/\/medicina.udd.cl\/centro-medicina-regenerativa\/wp-json\/wp\/v2\/users\/1"}],"replies":[{"embeddable":true,"href":"https:\/\/medicina.udd.cl\/centro-medicina-regenerativa\/wp-json\/wp\/v2\/comments?post=748"}],"version-history":[{"count":4,"href":"https:\/\/medicina.udd.cl\/centro-medicina-regenerativa\/wp-json\/wp\/v2\/posts\/748\/revisions"}],"predecessor-version":[{"id":1365,"href":"https:\/\/medicina.udd.cl\/centro-medicina-regenerativa\/wp-json\/wp\/v2\/posts\/748\/revisions\/1365"}],"wp:attachment":[{"href":"https:\/\/medicina.udd.cl\/centro-medicina-regenerativa\/wp-json\/wp\/v2\/media?parent=748"}],"wp:term":[{"taxonomy":"category","embeddable":true,"href":"https:\/\/medicina.udd.cl\/centro-medicina-regenerativa\/wp-json\/wp\/v2\/categories?post=748"},{"taxonomy":"post_tag","embeddable":true,"href":"https:\/\/medicina.udd.cl\/centro-medicina-regenerativa\/wp-json\/wp\/v2\/tags?post=748"}],"curies":[{"name":"wp","href":"https:\/\/api.w.org\/{rel}","templated":true}]}}