{"id":757,"date":"2013-05-23T16:48:38","date_gmt":"2013-05-23T20:48:38","guid":{"rendered":"http:\/\/medicina.udd.cl\/instituto-ciencias\/?p=757"},"modified":"2013-10-24T15:45:31","modified_gmt":"2013-10-24T18:45:31","slug":"doctora-campodonico-participa-en-actividades-en-argentina-y-brasil","status":"publish","type":"post","link":"https:\/\/medicina.udd.cl\/centro-medicina-regenerativa\/noticias\/2013\/05\/23\/doctora-campodonico-participa-en-actividades-en-argentina-y-brasil\/","title":{"rendered":"Doctora Campod\u00f3nico participa en actividades en Argentina y Brasil"},"content":{"rendered":"<p><a href=\"http:\/\/medicina.udd.cl\/instituto-ciencias\/files\/2011\/09\/pao-septiembre2011.jpg\"><img loading=\"lazy\" decoding=\"async\" class=\"aligncenter size-thumbnail wp-image-506\" alt=\"Doctoras Campod\u00f3nico y Gacit\u00faa\" src=\"http:\/\/medicina.udd.cl\/instituto-ciencias\/files\/2011\/09\/pao-septiembre2011-150x150.jpg\" width=\"150\" height=\"150\" srcset=\"https:\/\/medicina.udd.cl\/centro-medicina-regenerativa\/files\/2011\/09\/pao-septiembre2011-150x150.jpg 150w, https:\/\/medicina.udd.cl\/centro-medicina-regenerativa\/files\/2011\/09\/pao-septiembre2011-62x62.jpg 62w, https:\/\/medicina.udd.cl\/centro-medicina-regenerativa\/files\/2011\/09\/pao-septiembre2011-300x300.jpg 300w, https:\/\/medicina.udd.cl\/centro-medicina-regenerativa\/files\/2011\/09\/pao-septiembre2011-126x126.jpg 126w\" sizes=\"auto, (max-width: 150px) 100vw, 150px\" \/><\/a><\/p>\n<p>La docente e investigadora del Instituto de Ciencias de la Facultad de Medicina, particip\u00f3 activamente en encuentros internacionales en el \u00e1rea de la F\u00edsico-Qu\u00edmica Org\u00e1nica y Qu\u00edmica Verde, realizados en Brasil y Argentina, respectivamente.<\/p>\n<p>Paola Campod\u00f3nico \u00a0es Doctora en Ciencias con Menci\u00f3n en Qu\u00edmica y Profesor Asociado del N\u00facleo Cient\u00edfico Milenio, Centro Interdisciplinario de L\u00edquidos I\u00f3nicos Santiago (CILIS).<\/p>\n<p><strong>Brasil<\/strong><\/p>\n<p>La docente del curso de Qu\u00edmica General y Qu\u00edmica Org\u00e1nica de la carrera de Medicina de la Facultad y miembro del Claustro Acad\u00e9mico de la Universidad de Chile es directora de tesis de pre y postgrados, adem\u00e1s de patrocinar en la actualidad el postdoctorado de la Dra. Marcela Gazit\u00faa. Ambas investigadoras asistieron a la XII Conferencia Latinoamericana en Qu\u00edmica-F\u00edsica Org\u00e1nica, que se desarroll\u00f3 en Foz de Iguaz\u00fa, Brasil. En esta reuni\u00f3n la Dra. Gazit\u00faa present\u00f3 parte de su trabajo postdoctoral titulado:<\/p>\n<p>&#8211;\u00a0\u00a0\u00a0\u00a0\u00a0\u00a0\u00a0\u00a0\u00a0 \u201cSolvent effect on ionic liquids of 2,4-dinitrobenzenesulfonyl chloride\u201d. Marcela Gazit\u00faa<strong>,<\/strong> Ricardo Tapia,Renato Contreras y Paola R. Campod\u00f3nico.<\/p>\n<p>Adem\u00e1s de los trabajos de investigaci\u00f3n derivados de: a) Tesis Doctoral de la Licenciada Jazm\u00edn Alarc\u00f3n (quien realiz\u00f3 su tesis de pre-grado y actualmente estudiante de Doctorado de la Dra. Campod\u00f3nico) y b) del Licenciado Sebasti\u00e1n Fuentes (quien realiz\u00f3 su Tesis de Licenciatura con la Dra. Campod\u00f3nico). Estos trabajos titulados como:<\/p>\n<p>&#8211;\u00a0\u00a0\u00a0\u00a0\u00a0\u00a0\u00a0\u00a0\u00a0 \u00a0\u201cActivation parameters on ionic liquids based on nucleophilic aromatic substitutions\u201d. Jazm\u00edn Alarc\u00f3n-Esp\u00f3sito, Rodrigo Ormaz\u00e1bal-Toledo, Renato Contreras y Paola R. Campod\u00f3nico.<\/p>\n<p>&#8211;\u00a0\u00a0\u00a0\u00a0\u00a0\u00a0\u00a0\u00a0\u00a0 \u201cExperimental and theoretical study on solvent effect towards substitution nucleophilic aromatic reactions based on N-nucleophiles\u201d. Sebastian Gallardo-Fuentes, Marcela Gazit\u00faa, Renato Contreras y Paola R. Campod\u00f3nico.<\/p>\n<p><strong>Argentina<\/strong><\/p>\n<p><strong><\/strong>Posteriormente, la Dra. Campod\u00f3nico viaj\u00f3 a Santa Fe, Argentina, donde represent\u00f3 a nuestro pa\u00eds en el IV Taller Latinoamericano de Qu\u00edmica Verde, cuyo eje central es aprender de la filosof\u00eda que basada en el esfuerzo colectivo tiene como objetivo reducir al m\u00ednimo, o de ser posible eliminar por completo la contaminaci\u00f3n desde su inicio: mediante el uso de procesos \u201climpios\u201d, evitando al m\u00e1ximo el desperdicio o uso indiscriminado de materias primas no renovables, as\u00ed como el empleo de materiales peligrosos o contaminantes en la elaboraci\u00f3n de productos qu\u00edmicos \u201climpios\u201d, que no atenten contra la salud o el ambiente.<\/p>\n<p><strong>Chile<\/strong><\/p>\n<p>Con la experiencia adquirida por la Dra. Campod\u00f3nico y otros investigadores de la Iniciativa N\u00facleo Milenio \u201cCILIS\u201d, trabajar\u00e1 pr\u00f3ximamente en un Proyecto de Capacitaci\u00f3n en Qu\u00edmica Verde de profesores de Ense\u00f1anza Media a trav\u00e9s de un convenio establecido entre la Fundaci\u00f3n Bel\u00e9n Educa y la Iniciativa Cient\u00edfica Milenio \u201cCILIS\u201d. Esta capacitaci\u00f3n tiene por objetivo contribuir al cambio de mentalidad y entendimiento de la Qu\u00edmica Verde, por medio de la incorporaci\u00f3n de los conceptos de la Qu\u00edmica Verde y proponer cambios en los planes curriculares de ense\u00f1anza media en el pa\u00eds.<\/p>\n","protected":false},"excerpt":{"rendered":"<p>Paola Campod\u00f3nico (PhD) es docente e investigadora del Instituto de Ciencias de la Facultad de Medicina CAS-UDD.<\/p>\n","protected":false},"author":1,"featured_media":506,"comment_status":"open","ping_status":"open","sticky":false,"template":"","format":"standard","meta":{"footnotes":""},"categories":[4],"tags":[],"class_list":["post-757","post","type-post","status-publish","format-standard","has-post-thumbnail","hentry","category-noticias"],"yoast_head":"<!-- This site is optimized with the Yoast SEO plugin v26.9 - https:\/\/yoast.com\/product\/yoast-seo-wordpress\/ -->\n<title>Doctora Campod\u00f3nico participa en actividades en Argentina y Brasil - Centro de Medicina Regenerativa<\/title>\n<meta name=\"robots\" content=\"index, follow, max-snippet:-1, max-image-preview:large, max-video-preview:-1\" \/>\n<link rel=\"canonical\" href=\"https:\/\/medicina.udd.cl\/centro-medicina-regenerativa\/noticias\/2013\/05\/23\/doctora-campodonico-participa-en-actividades-en-argentina-y-brasil\/\" \/>\n<meta property=\"og:locale\" content=\"es_ES\" \/>\n<meta property=\"og:type\" content=\"article\" \/>\n<meta property=\"og:title\" content=\"Doctora Campod\u00f3nico participa en actividades en Argentina y Brasil - Centro de Medicina Regenerativa\" \/>\n<meta property=\"og:description\" content=\"Paola Campod\u00f3nico (PhD) es docente e investigadora del Instituto de Ciencias de la Facultad de Medicina CAS-UDD.\" \/>\n<meta property=\"og:url\" content=\"https:\/\/medicina.udd.cl\/centro-medicina-regenerativa\/noticias\/2013\/05\/23\/doctora-campodonico-participa-en-actividades-en-argentina-y-brasil\/\" \/>\n<meta property=\"og:site_name\" content=\"Centro de Medicina Regenerativa\" \/>\n<meta property=\"article:published_time\" content=\"2013-05-23T20:48:38+00:00\" \/>\n<meta property=\"article:modified_time\" content=\"2013-10-24T18:45:31+00:00\" \/>\n<meta property=\"og:image\" content=\"https:\/\/medicina.udd.cl\/centro-medicina-regenerativa\/files\/2011\/09\/pao-septiembre2011-1024x768.jpg\" \/>\n\t<meta property=\"og:image:width\" content=\"1024\" \/>\n\t<meta property=\"og:image:height\" content=\"768\" \/>\n\t<meta property=\"og:image:type\" content=\"image\/jpeg\" \/>\n<meta name=\"author\" content=\"admin\" \/>\n<meta name=\"twitter:label1\" content=\"Escrito por\" \/>\n\t<meta name=\"twitter:data1\" content=\"admin\" \/>\n\t<meta name=\"twitter:label2\" content=\"Tiempo de lectura\" \/>\n\t<meta name=\"twitter:data2\" content=\"3 minutos\" \/>\n<script type=\"application\/ld+json\" class=\"yoast-schema-graph\">{\"@context\":\"https:\/\/schema.org\",\"@graph\":[{\"@type\":\"Article\",\"@id\":\"https:\/\/medicina.udd.cl\/centro-medicina-regenerativa\/noticias\/2013\/05\/23\/doctora-campodonico-participa-en-actividades-en-argentina-y-brasil\/#article\",\"isPartOf\":{\"@id\":\"https:\/\/medicina.udd.cl\/centro-medicina-regenerativa\/noticias\/2013\/05\/23\/doctora-campodonico-participa-en-actividades-en-argentina-y-brasil\/\"},\"author\":{\"name\":\"admin\",\"@id\":\"https:\/\/medicina.udd.cl\/centro-medicina-regenerativa\/#\/schema\/person\/f7abfa784c86da427e89287831f96ab7\"},\"headline\":\"Doctora Campod\u00f3nico participa en actividades en Argentina y Brasil\",\"datePublished\":\"2013-05-23T20:48:38+00:00\",\"dateModified\":\"2013-10-24T18:45:31+00:00\",\"mainEntityOfPage\":{\"@id\":\"https:\/\/medicina.udd.cl\/centro-medicina-regenerativa\/noticias\/2013\/05\/23\/doctora-campodonico-participa-en-actividades-en-argentina-y-brasil\/\"},\"wordCount\":520,\"commentCount\":0,\"image\":{\"@id\":\"https:\/\/medicina.udd.cl\/centro-medicina-regenerativa\/noticias\/2013\/05\/23\/doctora-campodonico-participa-en-actividades-en-argentina-y-brasil\/#primaryimage\"},\"thumbnailUrl\":\"https:\/\/medicina.udd.cl\/centro-medicina-regenerativa\/files\/2011\/09\/pao-septiembre2011.jpg\",\"articleSection\":[\"Noticias\"],\"inLanguage\":\"es\",\"potentialAction\":[{\"@type\":\"CommentAction\",\"name\":\"Comment\",\"target\":[\"https:\/\/medicina.udd.cl\/centro-medicina-regenerativa\/noticias\/2013\/05\/23\/doctora-campodonico-participa-en-actividades-en-argentina-y-brasil\/#respond\"]}]},{\"@type\":\"WebPage\",\"@id\":\"https:\/\/medicina.udd.cl\/centro-medicina-regenerativa\/noticias\/2013\/05\/23\/doctora-campodonico-participa-en-actividades-en-argentina-y-brasil\/\",\"url\":\"https:\/\/medicina.udd.cl\/centro-medicina-regenerativa\/noticias\/2013\/05\/23\/doctora-campodonico-participa-en-actividades-en-argentina-y-brasil\/\",\"name\":\"Doctora Campod\u00f3nico participa en actividades en Argentina y Brasil - Centro de Medicina Regenerativa\",\"isPartOf\":{\"@id\":\"https:\/\/medicina.udd.cl\/centro-medicina-regenerativa\/#website\"},\"primaryImageOfPage\":{\"@id\":\"https:\/\/medicina.udd.cl\/centro-medicina-regenerativa\/noticias\/2013\/05\/23\/doctora-campodonico-participa-en-actividades-en-argentina-y-brasil\/#primaryimage\"},\"image\":{\"@id\":\"https:\/\/medicina.udd.cl\/centro-medicina-regenerativa\/noticias\/2013\/05\/23\/doctora-campodonico-participa-en-actividades-en-argentina-y-brasil\/#primaryimage\"},\"thumbnailUrl\":\"https:\/\/medicina.udd.cl\/centro-medicina-regenerativa\/files\/2011\/09\/pao-septiembre2011.jpg\",\"datePublished\":\"2013-05-23T20:48:38+00:00\",\"dateModified\":\"2013-10-24T18:45:31+00:00\",\"author\":{\"@id\":\"https:\/\/medicina.udd.cl\/centro-medicina-regenerativa\/#\/schema\/person\/f7abfa784c86da427e89287831f96ab7\"},\"breadcrumb\":{\"@id\":\"https:\/\/medicina.udd.cl\/centro-medicina-regenerativa\/noticias\/2013\/05\/23\/doctora-campodonico-participa-en-actividades-en-argentina-y-brasil\/#breadcrumb\"},\"inLanguage\":\"es\",\"potentialAction\":[{\"@type\":\"ReadAction\",\"target\":[\"https:\/\/medicina.udd.cl\/centro-medicina-regenerativa\/noticias\/2013\/05\/23\/doctora-campodonico-participa-en-actividades-en-argentina-y-brasil\/\"]}]},{\"@type\":\"ImageObject\",\"inLanguage\":\"es\",\"@id\":\"https:\/\/medicina.udd.cl\/centro-medicina-regenerativa\/noticias\/2013\/05\/23\/doctora-campodonico-participa-en-actividades-en-argentina-y-brasil\/#primaryimage\",\"url\":\"https:\/\/medicina.udd.cl\/centro-medicina-regenerativa\/files\/2011\/09\/pao-septiembre2011.jpg\",\"contentUrl\":\"https:\/\/medicina.udd.cl\/centro-medicina-regenerativa\/files\/2011\/09\/pao-septiembre2011.jpg\",\"width\":3264,\"height\":2448},{\"@type\":\"BreadcrumbList\",\"@id\":\"https:\/\/medicina.udd.cl\/centro-medicina-regenerativa\/noticias\/2013\/05\/23\/doctora-campodonico-participa-en-actividades-en-argentina-y-brasil\/#breadcrumb\",\"itemListElement\":[{\"@type\":\"ListItem\",\"position\":1,\"name\":\"Inicio\",\"item\":\"https:\/\/medicina.udd.cl\/centro-medicina-regenerativa\/\"},{\"@type\":\"ListItem\",\"position\":2,\"name\":\"Doctora Campod\u00f3nico participa en actividades en Argentina y Brasil\"}]},{\"@type\":\"WebSite\",\"@id\":\"https:\/\/medicina.udd.cl\/centro-medicina-regenerativa\/#website\",\"url\":\"https:\/\/medicina.udd.cl\/centro-medicina-regenerativa\/\",\"name\":\"Centro de Medicina Regenerativa\",\"description\":\"\",\"inLanguage\":\"es\"},{\"@type\":\"Person\",\"@id\":\"https:\/\/medicina.udd.cl\/centro-medicina-regenerativa\/#\/schema\/person\/f7abfa784c86da427e89287831f96ab7\",\"name\":\"admin\",\"image\":{\"@type\":\"ImageObject\",\"inLanguage\":\"es\",\"@id\":\"https:\/\/medicina.udd.cl\/centro-medicina-regenerativa\/#\/schema\/person\/image\/\",\"url\":\"https:\/\/secure.gravatar.com\/avatar\/3cb6da298954dfb54457c0910b8c9ca010abd8d87a60f7d701b6ce4254e1c642?s=96&d=mm&r=g\",\"contentUrl\":\"https:\/\/secure.gravatar.com\/avatar\/3cb6da298954dfb54457c0910b8c9ca010abd8d87a60f7d701b6ce4254e1c642?s=96&d=mm&r=g\",\"caption\":\"admin\"},\"url\":\"https:\/\/medicina.udd.cl\/centro-medicina-regenerativa\/noticias\/author\/admin\/\"}]}<\/script>\n<!-- \/ Yoast SEO plugin. -->","yoast_head_json":{"title":"Doctora Campod\u00f3nico participa en actividades en Argentina y Brasil - Centro de Medicina Regenerativa","robots":{"index":"index","follow":"follow","max-snippet":"max-snippet:-1","max-image-preview":"max-image-preview:large","max-video-preview":"max-video-preview:-1"},"canonical":"https:\/\/medicina.udd.cl\/centro-medicina-regenerativa\/noticias\/2013\/05\/23\/doctora-campodonico-participa-en-actividades-en-argentina-y-brasil\/","og_locale":"es_ES","og_type":"article","og_title":"Doctora Campod\u00f3nico participa en actividades en Argentina y Brasil - Centro de Medicina Regenerativa","og_description":"Paola Campod\u00f3nico (PhD) es docente e investigadora del Instituto de Ciencias de la Facultad de Medicina CAS-UDD.","og_url":"https:\/\/medicina.udd.cl\/centro-medicina-regenerativa\/noticias\/2013\/05\/23\/doctora-campodonico-participa-en-actividades-en-argentina-y-brasil\/","og_site_name":"Centro de Medicina Regenerativa","article_published_time":"2013-05-23T20:48:38+00:00","article_modified_time":"2013-10-24T18:45:31+00:00","og_image":[{"width":1024,"height":768,"url":"https:\/\/medicina.udd.cl\/centro-medicina-regenerativa\/files\/2011\/09\/pao-septiembre2011-1024x768.jpg","type":"image\/jpeg"}],"author":"admin","twitter_misc":{"Escrito por":"admin","Tiempo de lectura":"3 minutos"},"schema":{"@context":"https:\/\/schema.org","@graph":[{"@type":"Article","@id":"https:\/\/medicina.udd.cl\/centro-medicina-regenerativa\/noticias\/2013\/05\/23\/doctora-campodonico-participa-en-actividades-en-argentina-y-brasil\/#article","isPartOf":{"@id":"https:\/\/medicina.udd.cl\/centro-medicina-regenerativa\/noticias\/2013\/05\/23\/doctora-campodonico-participa-en-actividades-en-argentina-y-brasil\/"},"author":{"name":"admin","@id":"https:\/\/medicina.udd.cl\/centro-medicina-regenerativa\/#\/schema\/person\/f7abfa784c86da427e89287831f96ab7"},"headline":"Doctora Campod\u00f3nico participa en actividades en Argentina y Brasil","datePublished":"2013-05-23T20:48:38+00:00","dateModified":"2013-10-24T18:45:31+00:00","mainEntityOfPage":{"@id":"https:\/\/medicina.udd.cl\/centro-medicina-regenerativa\/noticias\/2013\/05\/23\/doctora-campodonico-participa-en-actividades-en-argentina-y-brasil\/"},"wordCount":520,"commentCount":0,"image":{"@id":"https:\/\/medicina.udd.cl\/centro-medicina-regenerativa\/noticias\/2013\/05\/23\/doctora-campodonico-participa-en-actividades-en-argentina-y-brasil\/#primaryimage"},"thumbnailUrl":"https:\/\/medicina.udd.cl\/centro-medicina-regenerativa\/files\/2011\/09\/pao-septiembre2011.jpg","articleSection":["Noticias"],"inLanguage":"es","potentialAction":[{"@type":"CommentAction","name":"Comment","target":["https:\/\/medicina.udd.cl\/centro-medicina-regenerativa\/noticias\/2013\/05\/23\/doctora-campodonico-participa-en-actividades-en-argentina-y-brasil\/#respond"]}]},{"@type":"WebPage","@id":"https:\/\/medicina.udd.cl\/centro-medicina-regenerativa\/noticias\/2013\/05\/23\/doctora-campodonico-participa-en-actividades-en-argentina-y-brasil\/","url":"https:\/\/medicina.udd.cl\/centro-medicina-regenerativa\/noticias\/2013\/05\/23\/doctora-campodonico-participa-en-actividades-en-argentina-y-brasil\/","name":"Doctora Campod\u00f3nico participa en actividades en Argentina y Brasil - Centro de Medicina Regenerativa","isPartOf":{"@id":"https:\/\/medicina.udd.cl\/centro-medicina-regenerativa\/#website"},"primaryImageOfPage":{"@id":"https:\/\/medicina.udd.cl\/centro-medicina-regenerativa\/noticias\/2013\/05\/23\/doctora-campodonico-participa-en-actividades-en-argentina-y-brasil\/#primaryimage"},"image":{"@id":"https:\/\/medicina.udd.cl\/centro-medicina-regenerativa\/noticias\/2013\/05\/23\/doctora-campodonico-participa-en-actividades-en-argentina-y-brasil\/#primaryimage"},"thumbnailUrl":"https:\/\/medicina.udd.cl\/centro-medicina-regenerativa\/files\/2011\/09\/pao-septiembre2011.jpg","datePublished":"2013-05-23T20:48:38+00:00","dateModified":"2013-10-24T18:45:31+00:00","author":{"@id":"https:\/\/medicina.udd.cl\/centro-medicina-regenerativa\/#\/schema\/person\/f7abfa784c86da427e89287831f96ab7"},"breadcrumb":{"@id":"https:\/\/medicina.udd.cl\/centro-medicina-regenerativa\/noticias\/2013\/05\/23\/doctora-campodonico-participa-en-actividades-en-argentina-y-brasil\/#breadcrumb"},"inLanguage":"es","potentialAction":[{"@type":"ReadAction","target":["https:\/\/medicina.udd.cl\/centro-medicina-regenerativa\/noticias\/2013\/05\/23\/doctora-campodonico-participa-en-actividades-en-argentina-y-brasil\/"]}]},{"@type":"ImageObject","inLanguage":"es","@id":"https:\/\/medicina.udd.cl\/centro-medicina-regenerativa\/noticias\/2013\/05\/23\/doctora-campodonico-participa-en-actividades-en-argentina-y-brasil\/#primaryimage","url":"https:\/\/medicina.udd.cl\/centro-medicina-regenerativa\/files\/2011\/09\/pao-septiembre2011.jpg","contentUrl":"https:\/\/medicina.udd.cl\/centro-medicina-regenerativa\/files\/2011\/09\/pao-septiembre2011.jpg","width":3264,"height":2448},{"@type":"BreadcrumbList","@id":"https:\/\/medicina.udd.cl\/centro-medicina-regenerativa\/noticias\/2013\/05\/23\/doctora-campodonico-participa-en-actividades-en-argentina-y-brasil\/#breadcrumb","itemListElement":[{"@type":"ListItem","position":1,"name":"Inicio","item":"https:\/\/medicina.udd.cl\/centro-medicina-regenerativa\/"},{"@type":"ListItem","position":2,"name":"Doctora Campod\u00f3nico participa en actividades en Argentina y Brasil"}]},{"@type":"WebSite","@id":"https:\/\/medicina.udd.cl\/centro-medicina-regenerativa\/#website","url":"https:\/\/medicina.udd.cl\/centro-medicina-regenerativa\/","name":"Centro de Medicina Regenerativa","description":"","inLanguage":"es"},{"@type":"Person","@id":"https:\/\/medicina.udd.cl\/centro-medicina-regenerativa\/#\/schema\/person\/f7abfa784c86da427e89287831f96ab7","name":"admin","image":{"@type":"ImageObject","inLanguage":"es","@id":"https:\/\/medicina.udd.cl\/centro-medicina-regenerativa\/#\/schema\/person\/image\/","url":"https:\/\/secure.gravatar.com\/avatar\/3cb6da298954dfb54457c0910b8c9ca010abd8d87a60f7d701b6ce4254e1c642?s=96&d=mm&r=g","contentUrl":"https:\/\/secure.gravatar.com\/avatar\/3cb6da298954dfb54457c0910b8c9ca010abd8d87a60f7d701b6ce4254e1c642?s=96&d=mm&r=g","caption":"admin"},"url":"https:\/\/medicina.udd.cl\/centro-medicina-regenerativa\/noticias\/author\/admin\/"}]}},"featured_image_url":"https:\/\/medicina.udd.cl\/centro-medicina-regenerativa\/files\/2011\/09\/pao-septiembre2011.jpg","_links":{"self":[{"href":"https:\/\/medicina.udd.cl\/centro-medicina-regenerativa\/wp-json\/wp\/v2\/posts\/757","targetHints":{"allow":["GET"]}}],"collection":[{"href":"https:\/\/medicina.udd.cl\/centro-medicina-regenerativa\/wp-json\/wp\/v2\/posts"}],"about":[{"href":"https:\/\/medicina.udd.cl\/centro-medicina-regenerativa\/wp-json\/wp\/v2\/types\/post"}],"author":[{"embeddable":true,"href":"https:\/\/medicina.udd.cl\/centro-medicina-regenerativa\/wp-json\/wp\/v2\/users\/1"}],"replies":[{"embeddable":true,"href":"https:\/\/medicina.udd.cl\/centro-medicina-regenerativa\/wp-json\/wp\/v2\/comments?post=757"}],"version-history":[{"count":12,"href":"https:\/\/medicina.udd.cl\/centro-medicina-regenerativa\/wp-json\/wp\/v2\/posts\/757\/revisions"}],"predecessor-version":[{"id":1175,"href":"https:\/\/medicina.udd.cl\/centro-medicina-regenerativa\/wp-json\/wp\/v2\/posts\/757\/revisions\/1175"}],"wp:featuredmedia":[{"embeddable":true,"href":"https:\/\/medicina.udd.cl\/centro-medicina-regenerativa\/wp-json\/wp\/v2\/media\/506"}],"wp:attachment":[{"href":"https:\/\/medicina.udd.cl\/centro-medicina-regenerativa\/wp-json\/wp\/v2\/media?parent=757"}],"wp:term":[{"taxonomy":"category","embeddable":true,"href":"https:\/\/medicina.udd.cl\/centro-medicina-regenerativa\/wp-json\/wp\/v2\/categories?post=757"},{"taxonomy":"post_tag","embeddable":true,"href":"https:\/\/medicina.udd.cl\/centro-medicina-regenerativa\/wp-json\/wp\/v2\/tags?post=757"}],"curies":[{"name":"wp","href":"https:\/\/api.w.org\/{rel}","templated":true}]}}