{"id":765,"date":"2013-06-20T14:30:05","date_gmt":"2013-06-20T18:30:05","guid":{"rendered":"http:\/\/medicina.udd.cl\/instituto-ciencias\/?p=765"},"modified":"2013-06-20T14:30:05","modified_gmt":"2013-06-20T18:30:05","slug":"destacada-participacion-de-traumatologos-udd-en-congreso-europeo","status":"publish","type":"post","link":"https:\/\/medicina.udd.cl\/centro-medicina-regenerativa\/noticias\/2013\/06\/20\/destacada-participacion-de-traumatologos-udd-en-congreso-europeo\/","title":{"rendered":"Destacada participaci\u00f3n de traumat\u00f3logos UDD en Congreso Europeo"},"content":{"rendered":"<div id=\"gallery-1\" class=\"carousel slide carousel-gallery\" data-ride=\"false\" data-interval=\"false\"><div class=\"carousel-inner\" role=\"listbox\"><figure class=\"carousel-item active\"><img loading=\"lazy\" decoding=\"async\" width=\"886\" height=\"534\" src=\"https:\/\/medicina.udd.cl\/centro-medicina-regenerativa\/files\/2013\/06\/Presentacion-del-doctor-Alex-Vaisman-800x450.jpg\" class=\"attachment-landscape_952 size-landscape_952 lazyload\" alt=\"\" sizes=\"auto, (max-width: 886px) 100vw, 886px\" data-src=\"https:\/\/medicina.udd.cl\/centro-medicina-regenerativa\/files\/2013\/06\/Presentacion-del-doctor-Alex-Vaisman.jpg\" data-srcset=\"https:\/\/medicina.udd.cl\/centro-medicina-regenerativa\/files\/2013\/06\/Presentacion-del-doctor-Alex-Vaisman.jpg 1263w, https:\/\/medicina.udd.cl\/centro-medicina-regenerativa\/files\/2013\/06\/Presentacion-del-doctor-Alex-Vaisman-300x181.jpg 300w, https:\/\/medicina.udd.cl\/centro-medicina-regenerativa\/files\/2013\/06\/Presentacion-del-doctor-Alex-Vaisman-768x463.jpg 768w, https:\/\/medicina.udd.cl\/centro-medicina-regenerativa\/files\/2013\/06\/Presentacion-del-doctor-Alex-Vaisman-1024x617.jpg 1024w, https:\/\/medicina.udd.cl\/centro-medicina-regenerativa\/files\/2013\/06\/Presentacion-del-doctor-Alex-Vaisman-960x578.jpg 960w\" \/><\/figure><figure class=\"carousel-item\"><img loading=\"lazy\" decoding=\"async\" width=\"712\" height=\"534\" src=\"https:\/\/medicina.udd.cl\/centro-medicina-regenerativa\/files\/2013\/06\/Doctores-Rafel-Calvo-David-Figueroa-y-Maximiliano-Espinosa-800x450.jpg\" class=\"attachment-landscape_952 size-landscape_952 lazyload\" alt=\"\" sizes=\"auto, (max-width: 712px) 100vw, 712px\" data-src=\"https:\/\/medicina.udd.cl\/centro-medicina-regenerativa\/files\/2013\/06\/Doctores-Rafel-Calvo-David-Figueroa-y-Maximiliano-Espinosa.jpg\" data-srcset=\"https:\/\/medicina.udd.cl\/centro-medicina-regenerativa\/files\/2013\/06\/Doctores-Rafel-Calvo-David-Figueroa-y-Maximiliano-Espinosa.jpg 3264w, https:\/\/medicina.udd.cl\/centro-medicina-regenerativa\/files\/2013\/06\/Doctores-Rafel-Calvo-David-Figueroa-y-Maximiliano-Espinosa-300x225.jpg 300w, https:\/\/medicina.udd.cl\/centro-medicina-regenerativa\/files\/2013\/06\/Doctores-Rafel-Calvo-David-Figueroa-y-Maximiliano-Espinosa-768x576.jpg 768w, https:\/\/medicina.udd.cl\/centro-medicina-regenerativa\/files\/2013\/06\/Doctores-Rafel-Calvo-David-Figueroa-y-Maximiliano-Espinosa-1024x768.jpg 1024w, https:\/\/medicina.udd.cl\/centro-medicina-regenerativa\/files\/2013\/06\/Doctores-Rafel-Calvo-David-Figueroa-y-Maximiliano-Espinosa-960x720.jpg 960w\" \/><\/figure><\/div><footer class=\"carousel-footer\"><div class=\"carousel-counter\"><span class=\"carousel-counter-current\"><\/span> \/ <span class=\"carousel-counter-total\"><\/span><\/div><a class=\"carousel-control-prev\" href=\"#gallery-1\" role=\"button\" data-slide=\"prev\"><svg aria-hidden=\"true\" class=\"svg-chevron-left-dims\"><use xlink:href='https:\/\/medicina.udd.cl\/centro-medicina-regenerativa\/wp-content\/themes\/facultades-2018\/assets\/img\/svg\/dist\/main.svg?version=1695853099#chevron-left'><\/use><\/svg><span class=\"sr-only\">Anterior<\/span><\/a><a class=\"carousel-control-next\" href=\"#gallery-1\" role=\"button\" data-slide=\"next\"><svg aria-hidden=\"true\" class=\"svg-chevron-right-dims\"><use xlink:href='https:\/\/medicina.udd.cl\/centro-medicina-regenerativa\/wp-content\/themes\/facultades-2018\/assets\/img\/svg\/dist\/main.svg?version=1695853099#chevron-right'><\/use><\/svg><span class=\"sr-only\">Siguiente<\/span><\/a><\/footer><\/div>\n<p>En medio de la ola de protestas que durante dos semanas vivi\u00f3 Estambul, la capital de Turqu\u00eda tuvo un espacio para el mundo cient\u00edfico. Cientos de especialistas, entre ellos\u00a0cuatro docentes de la Universidad del Desarrollo, participaron en el 14\u00b0 congreso de la\u00a0<a href=\"https:\/\/www.efort.org\/\">Federaci\u00f3n Europea de Asociaciones Nacionales de Ortopedia y Traumatolog\u00eda<\/a> (EFORT, por sus siglas en ingl\u00e9s), que se desarroll\u00f3 entre el 5 y 8 de junio.<\/p>\n<p>Por tercer a\u00f1o, el\u00a0<a href=\"http:\/\/www.alemana.cl\/especialidades\/traumatologia\/trauma001.html\">Departamento de Traumatolog\u00eda<\/a> en conjunto con el\u00a0<a href=\"http:\/\/medicina.udd.cl\/instituto-ciencias\/\">Instituto de Ciencias<\/a> de la\u00a0Facultad de Medicina Cl\u00ednica Alemana Universidad del Desarrollo\u00a0presentaron sus estudios en este congreso. En esta ocasi\u00f3n, fueron dos investigaciones ligadas a las lesiones de cart\u00edlago y articulaciones.<\/p>\n<p>Seg\u00fan explica el\u00a0doctor David Figueroa (jefe de la\u00a0<a href=\"http:\/\/www.alemana.cl\/especialidades\/traumatologia\/trauma006.html\">Unidad de Rodilla y Artroscop\u00eda<\/a> de la Cl\u00ednica Alemana), uno de los estudios \u201ceval\u00faa la viabilidad y capacidad de proliferaci\u00f3n del cart\u00edlago en injertos frescos crioconservados durante el tiempo, lo que tendr\u00eda una gran aplicabilidad en la pr\u00e1ctica cl\u00ednica\u201d.<\/p>\n<p>En los \u00faltimos meses, el Departamento de Traumatolog\u00eda ha participado en otros congresos internacionales, como el de la<a href=\"http:\/\/www.aaos.org\/\">Academia Americana de Cirujanos Ortop\u00e9dicos<\/a>, el Congreso Americano de Cirug\u00eda Artrosc\u00f3pica y el congreso de la\u00a0<a href=\"http:\/\/www.isakos.com\/\">Sociedad Internacional de Artroscop\u00eda Rodilla y Medicina Deportiva<\/a>.<\/p>\n<p>\u201cEstamos en muy buen nivel en medicina y traumatolog\u00eda, somos competitivos. Hemos logrado una relaci\u00f3n m\u00e1s horizontal con profesores de Estados Unidos y Francia, y hemos estado presentes como pa\u00eds potencia en estos congresos\u201d, dice el\u00a0doctor Alex Vaisman, miembro del Departamento de Traumatolog\u00eda.<\/p>\n","protected":false},"excerpt":{"rendered":"<p>Especialistas presentaron dos trabajos desarrollados junto al Instituto de Ciencias de la Facultad de Medicina CAS-UDD.<\/p>\n","protected":false},"author":1,"featured_media":0,"comment_status":"open","ping_status":"open","sticky":false,"template":"","format":"standard","meta":{"footnotes":""},"categories":[4],"tags":[],"class_list":["post-765","post","type-post","status-publish","format-standard","hentry","category-noticias"],"yoast_head":"<!-- This site is optimized with the Yoast SEO plugin v26.9 - https:\/\/yoast.com\/product\/yoast-seo-wordpress\/ -->\n<title>Destacada participaci\u00f3n de traumat\u00f3logos UDD en Congreso Europeo - Centro de Medicina Regenerativa<\/title>\n<meta name=\"robots\" content=\"index, follow, max-snippet:-1, max-image-preview:large, max-video-preview:-1\" \/>\n<link rel=\"canonical\" href=\"https:\/\/medicina.udd.cl\/centro-medicina-regenerativa\/noticias\/2013\/06\/20\/destacada-participacion-de-traumatologos-udd-en-congreso-europeo\/\" \/>\n<meta property=\"og:locale\" content=\"es_ES\" \/>\n<meta property=\"og:type\" content=\"article\" \/>\n<meta property=\"og:title\" content=\"Destacada participaci\u00f3n de traumat\u00f3logos UDD en Congreso Europeo - Centro de Medicina Regenerativa\" \/>\n<meta property=\"og:description\" content=\"Especialistas presentaron dos trabajos desarrollados junto al Instituto de Ciencias de la Facultad de Medicina CAS-UDD.\" \/>\n<meta property=\"og:url\" content=\"https:\/\/medicina.udd.cl\/centro-medicina-regenerativa\/noticias\/2013\/06\/20\/destacada-participacion-de-traumatologos-udd-en-congreso-europeo\/\" \/>\n<meta property=\"og:site_name\" content=\"Centro de Medicina Regenerativa\" \/>\n<meta property=\"article:published_time\" content=\"2013-06-20T18:30:05+00:00\" \/>\n<meta property=\"og:image\" content=\"https:\/\/medicina.udd.cl\/centro-medicina-regenerativa\/files\/2013\/06\/Presentacion-del-doctor-Alex-Vaisman-800x450.jpg\" \/>\n<meta name=\"author\" content=\"admin\" \/>\n<meta name=\"twitter:label1\" content=\"Escrito por\" \/>\n\t<meta name=\"twitter:data1\" content=\"admin\" \/>\n\t<meta name=\"twitter:label2\" content=\"Tiempo de lectura\" \/>\n\t<meta name=\"twitter:data2\" content=\"1 minuto\" \/>\n<script type=\"application\/ld+json\" class=\"yoast-schema-graph\">{\"@context\":\"https:\/\/schema.org\",\"@graph\":[{\"@type\":\"Article\",\"@id\":\"https:\/\/medicina.udd.cl\/centro-medicina-regenerativa\/noticias\/2013\/06\/20\/destacada-participacion-de-traumatologos-udd-en-congreso-europeo\/#article\",\"isPartOf\":{\"@id\":\"https:\/\/medicina.udd.cl\/centro-medicina-regenerativa\/noticias\/2013\/06\/20\/destacada-participacion-de-traumatologos-udd-en-congreso-europeo\/\"},\"author\":{\"name\":\"admin\",\"@id\":\"https:\/\/medicina.udd.cl\/centro-medicina-regenerativa\/#\/schema\/person\/f7abfa784c86da427e89287831f96ab7\"},\"headline\":\"Destacada participaci\u00f3n de traumat\u00f3logos UDD en Congreso Europeo\",\"datePublished\":\"2013-06-20T18:30:05+00:00\",\"mainEntityOfPage\":{\"@id\":\"https:\/\/medicina.udd.cl\/centro-medicina-regenerativa\/noticias\/2013\/06\/20\/destacada-participacion-de-traumatologos-udd-en-congreso-europeo\/\"},\"wordCount\":282,\"commentCount\":0,\"articleSection\":[\"Noticias\"],\"inLanguage\":\"es\",\"potentialAction\":[{\"@type\":\"CommentAction\",\"name\":\"Comment\",\"target\":[\"https:\/\/medicina.udd.cl\/centro-medicina-regenerativa\/noticias\/2013\/06\/20\/destacada-participacion-de-traumatologos-udd-en-congreso-europeo\/#respond\"]}]},{\"@type\":\"WebPage\",\"@id\":\"https:\/\/medicina.udd.cl\/centro-medicina-regenerativa\/noticias\/2013\/06\/20\/destacada-participacion-de-traumatologos-udd-en-congreso-europeo\/\",\"url\":\"https:\/\/medicina.udd.cl\/centro-medicina-regenerativa\/noticias\/2013\/06\/20\/destacada-participacion-de-traumatologos-udd-en-congreso-europeo\/\",\"name\":\"Destacada participaci\u00f3n de traumat\u00f3logos UDD en Congreso Europeo - Centro de Medicina Regenerativa\",\"isPartOf\":{\"@id\":\"https:\/\/medicina.udd.cl\/centro-medicina-regenerativa\/#website\"},\"datePublished\":\"2013-06-20T18:30:05+00:00\",\"author\":{\"@id\":\"https:\/\/medicina.udd.cl\/centro-medicina-regenerativa\/#\/schema\/person\/f7abfa784c86da427e89287831f96ab7\"},\"breadcrumb\":{\"@id\":\"https:\/\/medicina.udd.cl\/centro-medicina-regenerativa\/noticias\/2013\/06\/20\/destacada-participacion-de-traumatologos-udd-en-congreso-europeo\/#breadcrumb\"},\"inLanguage\":\"es\",\"potentialAction\":[{\"@type\":\"ReadAction\",\"target\":[\"https:\/\/medicina.udd.cl\/centro-medicina-regenerativa\/noticias\/2013\/06\/20\/destacada-participacion-de-traumatologos-udd-en-congreso-europeo\/\"]}]},{\"@type\":\"BreadcrumbList\",\"@id\":\"https:\/\/medicina.udd.cl\/centro-medicina-regenerativa\/noticias\/2013\/06\/20\/destacada-participacion-de-traumatologos-udd-en-congreso-europeo\/#breadcrumb\",\"itemListElement\":[{\"@type\":\"ListItem\",\"position\":1,\"name\":\"Inicio\",\"item\":\"https:\/\/medicina.udd.cl\/centro-medicina-regenerativa\/\"},{\"@type\":\"ListItem\",\"position\":2,\"name\":\"Destacada participaci\u00f3n de traumat\u00f3logos UDD en Congreso Europeo\"}]},{\"@type\":\"WebSite\",\"@id\":\"https:\/\/medicina.udd.cl\/centro-medicina-regenerativa\/#website\",\"url\":\"https:\/\/medicina.udd.cl\/centro-medicina-regenerativa\/\",\"name\":\"Centro de Medicina Regenerativa\",\"description\":\"\",\"inLanguage\":\"es\"},{\"@type\":\"Person\",\"@id\":\"https:\/\/medicina.udd.cl\/centro-medicina-regenerativa\/#\/schema\/person\/f7abfa784c86da427e89287831f96ab7\",\"name\":\"admin\",\"image\":{\"@type\":\"ImageObject\",\"inLanguage\":\"es\",\"@id\":\"https:\/\/medicina.udd.cl\/centro-medicina-regenerativa\/#\/schema\/person\/image\/\",\"url\":\"https:\/\/secure.gravatar.com\/avatar\/3cb6da298954dfb54457c0910b8c9ca010abd8d87a60f7d701b6ce4254e1c642?s=96&d=mm&r=g\",\"contentUrl\":\"https:\/\/secure.gravatar.com\/avatar\/3cb6da298954dfb54457c0910b8c9ca010abd8d87a60f7d701b6ce4254e1c642?s=96&d=mm&r=g\",\"caption\":\"admin\"},\"url\":\"https:\/\/medicina.udd.cl\/centro-medicina-regenerativa\/noticias\/author\/admin\/\"}]}<\/script>\n<!-- \/ Yoast SEO plugin. -->","yoast_head_json":{"title":"Destacada participaci\u00f3n de traumat\u00f3logos UDD en Congreso Europeo - Centro de Medicina Regenerativa","robots":{"index":"index","follow":"follow","max-snippet":"max-snippet:-1","max-image-preview":"max-image-preview:large","max-video-preview":"max-video-preview:-1"},"canonical":"https:\/\/medicina.udd.cl\/centro-medicina-regenerativa\/noticias\/2013\/06\/20\/destacada-participacion-de-traumatologos-udd-en-congreso-europeo\/","og_locale":"es_ES","og_type":"article","og_title":"Destacada participaci\u00f3n de traumat\u00f3logos UDD en Congreso Europeo - Centro de Medicina Regenerativa","og_description":"Especialistas presentaron dos trabajos desarrollados junto al Instituto de Ciencias de la Facultad de Medicina CAS-UDD.","og_url":"https:\/\/medicina.udd.cl\/centro-medicina-regenerativa\/noticias\/2013\/06\/20\/destacada-participacion-de-traumatologos-udd-en-congreso-europeo\/","og_site_name":"Centro de Medicina Regenerativa","article_published_time":"2013-06-20T18:30:05+00:00","og_image":[{"url":"https:\/\/medicina.udd.cl\/centro-medicina-regenerativa\/files\/2013\/06\/Presentacion-del-doctor-Alex-Vaisman-800x450.jpg","type":"","width":"","height":""}],"author":"admin","twitter_misc":{"Escrito por":"admin","Tiempo de lectura":"1 minuto"},"schema":{"@context":"https:\/\/schema.org","@graph":[{"@type":"Article","@id":"https:\/\/medicina.udd.cl\/centro-medicina-regenerativa\/noticias\/2013\/06\/20\/destacada-participacion-de-traumatologos-udd-en-congreso-europeo\/#article","isPartOf":{"@id":"https:\/\/medicina.udd.cl\/centro-medicina-regenerativa\/noticias\/2013\/06\/20\/destacada-participacion-de-traumatologos-udd-en-congreso-europeo\/"},"author":{"name":"admin","@id":"https:\/\/medicina.udd.cl\/centro-medicina-regenerativa\/#\/schema\/person\/f7abfa784c86da427e89287831f96ab7"},"headline":"Destacada participaci\u00f3n de traumat\u00f3logos UDD en Congreso Europeo","datePublished":"2013-06-20T18:30:05+00:00","mainEntityOfPage":{"@id":"https:\/\/medicina.udd.cl\/centro-medicina-regenerativa\/noticias\/2013\/06\/20\/destacada-participacion-de-traumatologos-udd-en-congreso-europeo\/"},"wordCount":282,"commentCount":0,"articleSection":["Noticias"],"inLanguage":"es","potentialAction":[{"@type":"CommentAction","name":"Comment","target":["https:\/\/medicina.udd.cl\/centro-medicina-regenerativa\/noticias\/2013\/06\/20\/destacada-participacion-de-traumatologos-udd-en-congreso-europeo\/#respond"]}]},{"@type":"WebPage","@id":"https:\/\/medicina.udd.cl\/centro-medicina-regenerativa\/noticias\/2013\/06\/20\/destacada-participacion-de-traumatologos-udd-en-congreso-europeo\/","url":"https:\/\/medicina.udd.cl\/centro-medicina-regenerativa\/noticias\/2013\/06\/20\/destacada-participacion-de-traumatologos-udd-en-congreso-europeo\/","name":"Destacada participaci\u00f3n de traumat\u00f3logos UDD en Congreso Europeo - Centro de Medicina Regenerativa","isPartOf":{"@id":"https:\/\/medicina.udd.cl\/centro-medicina-regenerativa\/#website"},"datePublished":"2013-06-20T18:30:05+00:00","author":{"@id":"https:\/\/medicina.udd.cl\/centro-medicina-regenerativa\/#\/schema\/person\/f7abfa784c86da427e89287831f96ab7"},"breadcrumb":{"@id":"https:\/\/medicina.udd.cl\/centro-medicina-regenerativa\/noticias\/2013\/06\/20\/destacada-participacion-de-traumatologos-udd-en-congreso-europeo\/#breadcrumb"},"inLanguage":"es","potentialAction":[{"@type":"ReadAction","target":["https:\/\/medicina.udd.cl\/centro-medicina-regenerativa\/noticias\/2013\/06\/20\/destacada-participacion-de-traumatologos-udd-en-congreso-europeo\/"]}]},{"@type":"BreadcrumbList","@id":"https:\/\/medicina.udd.cl\/centro-medicina-regenerativa\/noticias\/2013\/06\/20\/destacada-participacion-de-traumatologos-udd-en-congreso-europeo\/#breadcrumb","itemListElement":[{"@type":"ListItem","position":1,"name":"Inicio","item":"https:\/\/medicina.udd.cl\/centro-medicina-regenerativa\/"},{"@type":"ListItem","position":2,"name":"Destacada participaci\u00f3n de traumat\u00f3logos UDD en Congreso Europeo"}]},{"@type":"WebSite","@id":"https:\/\/medicina.udd.cl\/centro-medicina-regenerativa\/#website","url":"https:\/\/medicina.udd.cl\/centro-medicina-regenerativa\/","name":"Centro de Medicina Regenerativa","description":"","inLanguage":"es"},{"@type":"Person","@id":"https:\/\/medicina.udd.cl\/centro-medicina-regenerativa\/#\/schema\/person\/f7abfa784c86da427e89287831f96ab7","name":"admin","image":{"@type":"ImageObject","inLanguage":"es","@id":"https:\/\/medicina.udd.cl\/centro-medicina-regenerativa\/#\/schema\/person\/image\/","url":"https:\/\/secure.gravatar.com\/avatar\/3cb6da298954dfb54457c0910b8c9ca010abd8d87a60f7d701b6ce4254e1c642?s=96&d=mm&r=g","contentUrl":"https:\/\/secure.gravatar.com\/avatar\/3cb6da298954dfb54457c0910b8c9ca010abd8d87a60f7d701b6ce4254e1c642?s=96&d=mm&r=g","caption":"admin"},"url":"https:\/\/medicina.udd.cl\/centro-medicina-regenerativa\/noticias\/author\/admin\/"}]}},"featured_image_url":null,"_links":{"self":[{"href":"https:\/\/medicina.udd.cl\/centro-medicina-regenerativa\/wp-json\/wp\/v2\/posts\/765","targetHints":{"allow":["GET"]}}],"collection":[{"href":"https:\/\/medicina.udd.cl\/centro-medicina-regenerativa\/wp-json\/wp\/v2\/posts"}],"about":[{"href":"https:\/\/medicina.udd.cl\/centro-medicina-regenerativa\/wp-json\/wp\/v2\/types\/post"}],"author":[{"embeddable":true,"href":"https:\/\/medicina.udd.cl\/centro-medicina-regenerativa\/wp-json\/wp\/v2\/users\/1"}],"replies":[{"embeddable":true,"href":"https:\/\/medicina.udd.cl\/centro-medicina-regenerativa\/wp-json\/wp\/v2\/comments?post=765"}],"version-history":[{"count":1,"href":"https:\/\/medicina.udd.cl\/centro-medicina-regenerativa\/wp-json\/wp\/v2\/posts\/765\/revisions"}],"predecessor-version":[{"id":768,"href":"https:\/\/medicina.udd.cl\/centro-medicina-regenerativa\/wp-json\/wp\/v2\/posts\/765\/revisions\/768"}],"wp:attachment":[{"href":"https:\/\/medicina.udd.cl\/centro-medicina-regenerativa\/wp-json\/wp\/v2\/media?parent=765"}],"wp:term":[{"taxonomy":"category","embeddable":true,"href":"https:\/\/medicina.udd.cl\/centro-medicina-regenerativa\/wp-json\/wp\/v2\/categories?post=765"},{"taxonomy":"post_tag","embeddable":true,"href":"https:\/\/medicina.udd.cl\/centro-medicina-regenerativa\/wp-json\/wp\/v2\/tags?post=765"}],"curies":[{"name":"wp","href":"https:\/\/api.w.org\/{rel}","templated":true}]}}