{"id":140,"date":"2013-12-11T16:26:34","date_gmt":"2013-12-11T19:26:34","guid":{"rendered":"http:\/\/medicina.udd.cl\/instituto-neurociencias-salud-mental\/?p=140"},"modified":"2014-01-02T16:31:08","modified_gmt":"2014-01-02T19:31:08","slug":"facultad-de-medicina-cas-udd-lanza-su-primer-programa-de-doctorado","status":"publish","type":"post","link":"https:\/\/medicina.udd.cl\/centro-neurociencias\/noticias\/2013\/12\/11\/facultad-de-medicina-cas-udd-lanza-su-primer-programa-de-doctorado\/","title":{"rendered":"Facultad de Medicina CAS-UDD lanza su primer programa de Doctorado"},"content":{"rendered":"<div class=\"gallery gallery-post\" id=\"gallery-140-1\"><div class=\"gallery-post-feature gallery-item\"><\/div><div class=\"gallery-carousel\"><div id=\"nav-post-gallery-gallery-140-1\" class=\"crsl-nav\"><a href=\"#\" class=\"previous icon icon-caret-left\"><\/a><a href=\"#\" class=\"next icon icon-caret-right\"><\/a><\/div><div id=\"post-gallery-gallery-140-1\" class=\"crsl-items\" data-navigation=\"nav-post-gallery-gallery-140-1\" data-crsl='{ \"visible\": 4, \"itemMargin\": 10 }'><div class=\"crsl-wrap\"><figure class=\"gallery-item crsl-item crsl-active\"><a href=\"https:\/\/medicina.udd.cl\/centro-neurociencias\/files\/2014\/01\/Lanzamiento-Doctorado-en-Ciencias-M\u00e9dicas-660x430.jpg\" title=\"Lanzamiento Doctorado en Ciencias M\u00e9dicas\" class=\"gallery-thumb\" id=\"thumbnail-141-0\" data-full-url=\"https:\/\/medicina.udd.cl\/centro-neurociencias\/files\/2014\/01\/Lanzamiento-Doctorado-en-Ciencias-M\u00e9dicas.jpg\"><img decoding=\"async\" src=\"https:\/\/medicina.udd.cl\/centro-neurociencias\/files\/2014\/01\/Lanzamiento-Doctorado-en-Ciencias-M\u00e9dicas-125x80.jpg\" class=\"full-width\" alt=\"Lanzamiento Doctorado en Ciencias M\u00e9dicas\"><\/a><\/figure><figure class=\"gallery-item crsl-item\"><a href=\"https:\/\/medicina.udd.cl\/centro-neurociencias\/files\/2014\/01\/Lanzamiento-Doctorado-en-Ciencias-M\u00e9dicas-1-660x430.jpg\" title=\"Lanzamiento Doctorado en Ciencias M\u00e9dicas (1)\" class=\"gallery-thumb\" id=\"thumbnail-142-1\" data-full-url=\"https:\/\/medicina.udd.cl\/centro-neurociencias\/files\/2014\/01\/Lanzamiento-Doctorado-en-Ciencias-M\u00e9dicas-1.jpg\"><img decoding=\"async\" src=\"https:\/\/medicina.udd.cl\/centro-neurociencias\/files\/2014\/01\/Lanzamiento-Doctorado-en-Ciencias-M\u00e9dicas-1-125x80.jpg\" class=\"full-width\" alt=\"Lanzamiento Doctorado en Ciencias M\u00e9dicas (1)\"><\/a><\/figure><figure class=\"gallery-item crsl-item\"><a href=\"https:\/\/medicina.udd.cl\/centro-neurociencias\/files\/2014\/01\/Lanzamiento-Doctorado-en-Ciencias-M\u00e9dicas-2-660x430.jpg\" title=\"Lanzamiento Doctorado en Ciencias M\u00e9dicas (2)\" class=\"gallery-thumb\" id=\"thumbnail-143-2\" data-full-url=\"https:\/\/medicina.udd.cl\/centro-neurociencias\/files\/2014\/01\/Lanzamiento-Doctorado-en-Ciencias-M\u00e9dicas-2.jpg\"><img decoding=\"async\" src=\"https:\/\/medicina.udd.cl\/centro-neurociencias\/files\/2014\/01\/Lanzamiento-Doctorado-en-Ciencias-M\u00e9dicas-2-125x80.jpg\" class=\"full-width\" alt=\"Lanzamiento Doctorado en Ciencias M\u00e9dicas (2)\"><\/a><\/figure><figure class=\"gallery-item crsl-item\"><a href=\"https:\/\/medicina.udd.cl\/centro-neurociencias\/files\/2014\/01\/Lanzamiento-Doctorado-en-Ciencias-M\u00e9dicas-3-660x430.jpg\" title=\"Lanzamiento Doctorado en Ciencias M\u00e9dicas (3)\" class=\"gallery-thumb\" id=\"thumbnail-144-3\" data-full-url=\"https:\/\/medicina.udd.cl\/centro-neurociencias\/files\/2014\/01\/Lanzamiento-Doctorado-en-Ciencias-M\u00e9dicas-3.jpg\"><img decoding=\"async\" src=\"https:\/\/medicina.udd.cl\/centro-neurociencias\/files\/2014\/01\/Lanzamiento-Doctorado-en-Ciencias-M\u00e9dicas-3-125x80.jpg\" class=\"full-width\" alt=\"Lanzamiento Doctorado en Ciencias M\u00e9dicas (3)\"><\/a><\/figure><figure class=\"gallery-item crsl-item\"><a href=\"https:\/\/medicina.udd.cl\/centro-neurociencias\/files\/2014\/01\/Lanzamiento-Doctorado-en-Ciencias-M\u00e9dicas-4-660x430.jpg\" title=\"Lanzamiento Doctorado en Ciencias M\u00e9dicas (4)\" class=\"gallery-thumb\" id=\"thumbnail-145-4\" data-full-url=\"https:\/\/medicina.udd.cl\/centro-neurociencias\/files\/2014\/01\/Lanzamiento-Doctorado-en-Ciencias-M\u00e9dicas-4.jpg\"><img decoding=\"async\" src=\"https:\/\/medicina.udd.cl\/centro-neurociencias\/files\/2014\/01\/Lanzamiento-Doctorado-en-Ciencias-M\u00e9dicas-4-125x80.jpg\" class=\"full-width\" alt=\"Lanzamiento Doctorado en Ciencias M\u00e9dicas (4)\"><\/a><\/figure><figure class=\"gallery-item crsl-item\"><a href=\"https:\/\/medicina.udd.cl\/centro-neurociencias\/files\/2014\/01\/Lanzamiento-Doctorado-en-Ciencias-M\u00e9dicas-5-660x430.jpg\" title=\"Lanzamiento Doctorado en Ciencias M\u00e9dicas (5)\" class=\"gallery-thumb\" id=\"thumbnail-146-5\" data-full-url=\"https:\/\/medicina.udd.cl\/centro-neurociencias\/files\/2014\/01\/Lanzamiento-Doctorado-en-Ciencias-M\u00e9dicas-5.jpg\"><img decoding=\"async\" src=\"https:\/\/medicina.udd.cl\/centro-neurociencias\/files\/2014\/01\/Lanzamiento-Doctorado-en-Ciencias-M\u00e9dicas-5-125x80.jpg\" class=\"full-width\" alt=\"Lanzamiento Doctorado en Ciencias M\u00e9dicas (5)\"><\/a><\/figure><figure class=\"gallery-item crsl-item\"><a href=\"https:\/\/medicina.udd.cl\/centro-neurociencias\/files\/2014\/01\/Lanzamiento-Doctorado-en-Ciencias-M\u00e9dicas-6-660x430.jpg\" title=\"Lanzamiento Doctorado en Ciencias M\u00e9dicas (6)\" class=\"gallery-thumb\" id=\"thumbnail-147-6\" data-full-url=\"https:\/\/medicina.udd.cl\/centro-neurociencias\/files\/2014\/01\/Lanzamiento-Doctorado-en-Ciencias-M\u00e9dicas-6.jpg\"><img decoding=\"async\" src=\"https:\/\/medicina.udd.cl\/centro-neurociencias\/files\/2014\/01\/Lanzamiento-Doctorado-en-Ciencias-M\u00e9dicas-6-125x80.jpg\" class=\"full-width\" alt=\"Lanzamiento Doctorado en Ciencias M\u00e9dicas (6)\"><\/a><\/figure><figure class=\"gallery-item crsl-item\"><a href=\"https:\/\/medicina.udd.cl\/centro-neurociencias\/files\/2014\/01\/Lanzamiento-Doctorado-en-Ciencias-M\u00e9dicas-7-660x430.jpg\" title=\"Lanzamiento Doctorado en Ciencias M\u00e9dicas (7)\" class=\"gallery-thumb\" id=\"thumbnail-148-7\" data-full-url=\"https:\/\/medicina.udd.cl\/centro-neurociencias\/files\/2014\/01\/Lanzamiento-Doctorado-en-Ciencias-M\u00e9dicas-7.jpg\"><img decoding=\"async\" src=\"https:\/\/medicina.udd.cl\/centro-neurociencias\/files\/2014\/01\/Lanzamiento-Doctorado-en-Ciencias-M\u00e9dicas-7-125x80.jpg\" class=\"full-width\" alt=\"Lanzamiento Doctorado en Ciencias M\u00e9dicas (7)\"><\/a><\/figure><\/div><\/div><\/div><\/div>\n<p>En una ceremonia encabezada por el rector de la\u00a0<strong>Universidad del Desarrollo<\/strong>,\u00a0<strong>Federico Vald\u00e9s<\/strong>, se realiz\u00f3 el lanzamiento de los dos nuevos programas de doctorado que la instituci\u00f3n incorpora a su oferta de postgrados para el 2014.<\/p>\n<p>Uno de ellos es el\u00a0<strong>Doctorado en Ciencias M\u00e9dicas de la Facultad de Medicina CAS-UDD<\/strong>, cuyo objetivo principal es formar investigadores aut\u00f3nomos, de alto nivel, en el campo de las ciencias de la salud y la enfermedad.<\/p>\n<p>Tiene una duraci\u00f3n de cuatro a\u00f1os y es de dedicaci\u00f3n exclusiva. Consiste en un a\u00f1o de preparaci\u00f3n te\u00f3rico-pr\u00e1ctica y tres a\u00f1os de ejecuci\u00f3n de la tesis doctoral, que es una investigaci\u00f3n original dentro de las l\u00edneas de investigaci\u00f3n definidas por la Facultad.<\/p>\n<p>Seg\u00fan cuenta el\u00a0<strong>doctor Jorge Urz\u00faa, vicedecano de Investigaci\u00f3n<\/strong>\u00a0de la Facultad\u00a0 y director del programa, \u201ceste doctorado es un programa flexible, individualizado, que responde a la gran capacidad de investigaci\u00f3n generada en la Facultad de Medicina\u201d.<\/p>\n<p>Este es el primer programa de doctorado de la Facultad de Medicina y, de acuerdo a lo planteado por el\u00a0<strong>decano, doctor Pablo Vial<\/strong>, se enmarca en \u201cnuestro objetivo de llevar ciencia a las personas, a trav\u00e9s de tratamientos, productos, servicios y propuestas innovadoras que permitan mejorar la salud de la comunidad\u201d.<\/p>\n<p>En este contexto, Federico Vald\u00e9s enfatiz\u00f3 que \u201ceste doctorado es el primero en su tipo en Chile y su principal caracter\u00edstica es que es multidisciplinario y demuestra que esta Facultad es protagonista en el desarrollo de las ciencias y la investigaci\u00f3n en Chile\u201d.<\/p>\n<p>A esto, agreg\u00f3 que \u201cla Facultad ha alcanzado madurez cient\u00edfica y tiene una masa cr\u00edtica de investigadores que respalda esta nueva oferta acad\u00e9mica\u201d.<\/p>\n<p>Durante la ceremonia, adem\u00e1s, se realiz\u00f3 el lanzamiento del\u00a0<strong>Doctorado en Ciencias de la Complejidad Social<\/strong>\u00a0de la\u00a0<a href=\"http:\/\/gobierno.udd.cl\/\"><strong>Facultad de Gobierno<\/strong><\/a>, programa de naturaleza interdisciplinaria con una fuerte formaci\u00f3n en metodolog\u00edas cuantitativas, orientado a la investigaci\u00f3n de problemas complejos de la realidad social contempor\u00e1nea.<\/p>\n<p>De este modo, ambos programas tienen un alto grado de innovaci\u00f3n y con un gran potencial para desarrollar conocimiento relevante para el bienestar y desarrollo del pa\u00eds y de la sociedad en general.<\/p>\n<p>Para mayor informaci\u00f3n sobre el Doctorado en Ciencias M\u00e9dicas,\u00a0<a href=\"http:\/\/medicina.udd.cl\/postgrado\/doctorado-en-ciencias-medicas\/\"><strong>ingresar aqu\u00ed.<\/strong><\/a><\/p>\n","protected":false},"excerpt":{"rendered":"<p>Su objetivo es formar investigadores aut\u00f3nomos, de alto nivel, en el campo de las ciencias de la salud y la enfermedad.<\/p>\n","protected":false},"author":42,"featured_media":142,"comment_status":"open","ping_status":"open","sticky":false,"template":"","format":"standard","meta":{"footnotes":""},"categories":[4],"tags":[],"class_list":["post-140","post","type-post","status-publish","format-standard","has-post-thumbnail","hentry","category-noticias"],"yoast_head":"<!-- This site is optimized with the Yoast SEO plugin v26.9 - https:\/\/yoast.com\/product\/yoast-seo-wordpress\/ -->\n<title>Facultad de Medicina CAS-UDD lanza su primer programa de Doctorado - Centro de Neurociencias<\/title>\n<meta name=\"robots\" content=\"index, follow, max-snippet:-1, max-image-preview:large, max-video-preview:-1\" \/>\n<link rel=\"canonical\" href=\"https:\/\/medicina.udd.cl\/centro-neurociencias\/noticias\/2013\/12\/11\/facultad-de-medicina-cas-udd-lanza-su-primer-programa-de-doctorado\/\" \/>\n<meta property=\"og:locale\" content=\"es_ES\" \/>\n<meta property=\"og:type\" content=\"article\" \/>\n<meta property=\"og:title\" content=\"Facultad de Medicina CAS-UDD lanza su primer programa de Doctorado - Centro de Neurociencias\" \/>\n<meta property=\"og:description\" content=\"Su objetivo es formar investigadores aut\u00f3nomos, de alto nivel, en el campo de las ciencias de la salud y la enfermedad.\" \/>\n<meta property=\"og:url\" content=\"https:\/\/medicina.udd.cl\/centro-neurociencias\/noticias\/2013\/12\/11\/facultad-de-medicina-cas-udd-lanza-su-primer-programa-de-doctorado\/\" \/>\n<meta property=\"og:site_name\" content=\"Centro de Neurociencias\" \/>\n<meta property=\"article:published_time\" content=\"2013-12-11T19:26:34+00:00\" \/>\n<meta property=\"article:modified_time\" content=\"2014-01-02T19:31:08+00:00\" \/>\n<meta property=\"og:image\" content=\"https:\/\/medicina.udd.cl\/centro-neurociencias\/files\/2014\/01\/Lanzamiento-Doctorado-en-Ciencias-M\u00e9dicas-1.jpg\" \/>\n\t<meta property=\"og:image:width\" content=\"675\" \/>\n\t<meta property=\"og:image:height\" content=\"450\" \/>\n\t<meta property=\"og:image:type\" content=\"image\/jpeg\" \/>\n<meta name=\"twitter:label1\" content=\"Escrito por\" \/>\n\t<meta name=\"twitter:data1\" content=\"\" \/>\n\t<meta name=\"twitter:label2\" content=\"Tiempo de lectura\" \/>\n\t<meta name=\"twitter:data2\" content=\"2 minutos\" \/>\n<script type=\"application\/ld+json\" class=\"yoast-schema-graph\">{\"@context\":\"https:\/\/schema.org\",\"@graph\":[{\"@type\":\"Article\",\"@id\":\"https:\/\/medicina.udd.cl\/centro-neurociencias\/noticias\/2013\/12\/11\/facultad-de-medicina-cas-udd-lanza-su-primer-programa-de-doctorado\/#article\",\"isPartOf\":{\"@id\":\"https:\/\/medicina.udd.cl\/centro-neurociencias\/noticias\/2013\/12\/11\/facultad-de-medicina-cas-udd-lanza-su-primer-programa-de-doctorado\/\"},\"author\":{\"name\":\"\",\"@id\":\"\"},\"headline\":\"Facultad de Medicina CAS-UDD lanza su primer programa de Doctorado\",\"datePublished\":\"2013-12-11T19:26:34+00:00\",\"dateModified\":\"2014-01-02T19:31:08+00:00\",\"mainEntityOfPage\":{\"@id\":\"https:\/\/medicina.udd.cl\/centro-neurociencias\/noticias\/2013\/12\/11\/facultad-de-medicina-cas-udd-lanza-su-primer-programa-de-doctorado\/\"},\"wordCount\":406,\"commentCount\":0,\"image\":{\"@id\":\"https:\/\/medicina.udd.cl\/centro-neurociencias\/noticias\/2013\/12\/11\/facultad-de-medicina-cas-udd-lanza-su-primer-programa-de-doctorado\/#primaryimage\"},\"thumbnailUrl\":\"https:\/\/medicina.udd.cl\/centro-neurociencias\/files\/2014\/01\/Lanzamiento-Doctorado-en-Ciencias-M\u00e9dicas-1.jpg\",\"articleSection\":[\"Noticias\"],\"inLanguage\":\"es\",\"potentialAction\":[{\"@type\":\"CommentAction\",\"name\":\"Comment\",\"target\":[\"https:\/\/medicina.udd.cl\/centro-neurociencias\/noticias\/2013\/12\/11\/facultad-de-medicina-cas-udd-lanza-su-primer-programa-de-doctorado\/#respond\"]}]},{\"@type\":\"WebPage\",\"@id\":\"https:\/\/medicina.udd.cl\/centro-neurociencias\/noticias\/2013\/12\/11\/facultad-de-medicina-cas-udd-lanza-su-primer-programa-de-doctorado\/\",\"url\":\"https:\/\/medicina.udd.cl\/centro-neurociencias\/noticias\/2013\/12\/11\/facultad-de-medicina-cas-udd-lanza-su-primer-programa-de-doctorado\/\",\"name\":\"Facultad de Medicina CAS-UDD lanza su primer programa de Doctorado - Centro de Neurociencias\",\"isPartOf\":{\"@id\":\"https:\/\/medicina.udd.cl\/centro-neurociencias\/#website\"},\"primaryImageOfPage\":{\"@id\":\"https:\/\/medicina.udd.cl\/centro-neurociencias\/noticias\/2013\/12\/11\/facultad-de-medicina-cas-udd-lanza-su-primer-programa-de-doctorado\/#primaryimage\"},\"image\":{\"@id\":\"https:\/\/medicina.udd.cl\/centro-neurociencias\/noticias\/2013\/12\/11\/facultad-de-medicina-cas-udd-lanza-su-primer-programa-de-doctorado\/#primaryimage\"},\"thumbnailUrl\":\"https:\/\/medicina.udd.cl\/centro-neurociencias\/files\/2014\/01\/Lanzamiento-Doctorado-en-Ciencias-M\u00e9dicas-1.jpg\",\"datePublished\":\"2013-12-11T19:26:34+00:00\",\"dateModified\":\"2014-01-02T19:31:08+00:00\",\"author\":{\"@id\":\"\"},\"breadcrumb\":{\"@id\":\"https:\/\/medicina.udd.cl\/centro-neurociencias\/noticias\/2013\/12\/11\/facultad-de-medicina-cas-udd-lanza-su-primer-programa-de-doctorado\/#breadcrumb\"},\"inLanguage\":\"es\",\"potentialAction\":[{\"@type\":\"ReadAction\",\"target\":[\"https:\/\/medicina.udd.cl\/centro-neurociencias\/noticias\/2013\/12\/11\/facultad-de-medicina-cas-udd-lanza-su-primer-programa-de-doctorado\/\"]}]},{\"@type\":\"ImageObject\",\"inLanguage\":\"es\",\"@id\":\"https:\/\/medicina.udd.cl\/centro-neurociencias\/noticias\/2013\/12\/11\/facultad-de-medicina-cas-udd-lanza-su-primer-programa-de-doctorado\/#primaryimage\",\"url\":\"https:\/\/medicina.udd.cl\/centro-neurociencias\/files\/2014\/01\/Lanzamiento-Doctorado-en-Ciencias-M\u00e9dicas-1.jpg\",\"contentUrl\":\"https:\/\/medicina.udd.cl\/centro-neurociencias\/files\/2014\/01\/Lanzamiento-Doctorado-en-Ciencias-M\u00e9dicas-1.jpg\",\"width\":675,\"height\":450},{\"@type\":\"BreadcrumbList\",\"@id\":\"https:\/\/medicina.udd.cl\/centro-neurociencias\/noticias\/2013\/12\/11\/facultad-de-medicina-cas-udd-lanza-su-primer-programa-de-doctorado\/#breadcrumb\",\"itemListElement\":[{\"@type\":\"ListItem\",\"position\":1,\"name\":\"Facultad de Medicina\",\"item\":\"https:\/\/medicina.udd.cl\"},{\"@type\":\"ListItem\",\"position\":2,\"name\":\"ICIM\",\"item\":\"http:\/\/medicina.udd.cl\/icim\/\"},{\"@type\":\"ListItem\",\"position\":3,\"name\":\"Centro de Neurociencias\",\"item\":\"https:\/\/medicina.udd.cl\/centro-neurociencias\"},{\"@type\":\"ListItem\",\"position\":4,\"name\":\"Facultad de Medicina CAS-UDD lanza su primer programa de Doctorado\"}]},{\"@type\":\"WebSite\",\"@id\":\"https:\/\/medicina.udd.cl\/centro-neurociencias\/#website\",\"url\":\"https:\/\/medicina.udd.cl\/centro-neurociencias\/\",\"name\":\"Centro de Neurociencias\",\"description\":\"Otro blog m\u00e1s de Medicina\",\"potentialAction\":[{\"@type\":\"SearchAction\",\"target\":{\"@type\":\"EntryPoint\",\"urlTemplate\":\"https:\/\/medicina.udd.cl\/centro-neurociencias\/?s={search_term_string}\"},\"query-input\":{\"@type\":\"PropertyValueSpecification\",\"valueRequired\":true,\"valueName\":\"search_term_string\"}}],\"inLanguage\":\"es\"},{\"@type\":\"Person\",\"@id\":\"\",\"url\":\"https:\/\/medicina.udd.cl\/centro-neurociencias\/noticias\/author\/\"}]}<\/script>\n<!-- \/ Yoast SEO plugin. -->","yoast_head_json":{"title":"Facultad de Medicina CAS-UDD lanza su primer programa de Doctorado - Centro de Neurociencias","robots":{"index":"index","follow":"follow","max-snippet":"max-snippet:-1","max-image-preview":"max-image-preview:large","max-video-preview":"max-video-preview:-1"},"canonical":"https:\/\/medicina.udd.cl\/centro-neurociencias\/noticias\/2013\/12\/11\/facultad-de-medicina-cas-udd-lanza-su-primer-programa-de-doctorado\/","og_locale":"es_ES","og_type":"article","og_title":"Facultad de Medicina CAS-UDD lanza su primer programa de Doctorado - Centro de Neurociencias","og_description":"Su objetivo es formar investigadores aut\u00f3nomos, de alto nivel, en el campo de las ciencias de la salud y la enfermedad.","og_url":"https:\/\/medicina.udd.cl\/centro-neurociencias\/noticias\/2013\/12\/11\/facultad-de-medicina-cas-udd-lanza-su-primer-programa-de-doctorado\/","og_site_name":"Centro de Neurociencias","article_published_time":"2013-12-11T19:26:34+00:00","article_modified_time":"2014-01-02T19:31:08+00:00","og_image":[{"width":675,"height":450,"url":"https:\/\/medicina.udd.cl\/centro-neurociencias\/files\/2014\/01\/Lanzamiento-Doctorado-en-Ciencias-M\u00e9dicas-1.jpg","type":"image\/jpeg"}],"twitter_misc":{"Escrito por":"","Tiempo de lectura":"2 minutos"},"schema":{"@context":"https:\/\/schema.org","@graph":[{"@type":"Article","@id":"https:\/\/medicina.udd.cl\/centro-neurociencias\/noticias\/2013\/12\/11\/facultad-de-medicina-cas-udd-lanza-su-primer-programa-de-doctorado\/#article","isPartOf":{"@id":"https:\/\/medicina.udd.cl\/centro-neurociencias\/noticias\/2013\/12\/11\/facultad-de-medicina-cas-udd-lanza-su-primer-programa-de-doctorado\/"},"author":{"name":"","@id":""},"headline":"Facultad de Medicina CAS-UDD lanza su primer programa de Doctorado","datePublished":"2013-12-11T19:26:34+00:00","dateModified":"2014-01-02T19:31:08+00:00","mainEntityOfPage":{"@id":"https:\/\/medicina.udd.cl\/centro-neurociencias\/noticias\/2013\/12\/11\/facultad-de-medicina-cas-udd-lanza-su-primer-programa-de-doctorado\/"},"wordCount":406,"commentCount":0,"image":{"@id":"https:\/\/medicina.udd.cl\/centro-neurociencias\/noticias\/2013\/12\/11\/facultad-de-medicina-cas-udd-lanza-su-primer-programa-de-doctorado\/#primaryimage"},"thumbnailUrl":"https:\/\/medicina.udd.cl\/centro-neurociencias\/files\/2014\/01\/Lanzamiento-Doctorado-en-Ciencias-M\u00e9dicas-1.jpg","articleSection":["Noticias"],"inLanguage":"es","potentialAction":[{"@type":"CommentAction","name":"Comment","target":["https:\/\/medicina.udd.cl\/centro-neurociencias\/noticias\/2013\/12\/11\/facultad-de-medicina-cas-udd-lanza-su-primer-programa-de-doctorado\/#respond"]}]},{"@type":"WebPage","@id":"https:\/\/medicina.udd.cl\/centro-neurociencias\/noticias\/2013\/12\/11\/facultad-de-medicina-cas-udd-lanza-su-primer-programa-de-doctorado\/","url":"https:\/\/medicina.udd.cl\/centro-neurociencias\/noticias\/2013\/12\/11\/facultad-de-medicina-cas-udd-lanza-su-primer-programa-de-doctorado\/","name":"Facultad de Medicina CAS-UDD lanza su primer programa de Doctorado - Centro de Neurociencias","isPartOf":{"@id":"https:\/\/medicina.udd.cl\/centro-neurociencias\/#website"},"primaryImageOfPage":{"@id":"https:\/\/medicina.udd.cl\/centro-neurociencias\/noticias\/2013\/12\/11\/facultad-de-medicina-cas-udd-lanza-su-primer-programa-de-doctorado\/#primaryimage"},"image":{"@id":"https:\/\/medicina.udd.cl\/centro-neurociencias\/noticias\/2013\/12\/11\/facultad-de-medicina-cas-udd-lanza-su-primer-programa-de-doctorado\/#primaryimage"},"thumbnailUrl":"https:\/\/medicina.udd.cl\/centro-neurociencias\/files\/2014\/01\/Lanzamiento-Doctorado-en-Ciencias-M\u00e9dicas-1.jpg","datePublished":"2013-12-11T19:26:34+00:00","dateModified":"2014-01-02T19:31:08+00:00","author":{"@id":""},"breadcrumb":{"@id":"https:\/\/medicina.udd.cl\/centro-neurociencias\/noticias\/2013\/12\/11\/facultad-de-medicina-cas-udd-lanza-su-primer-programa-de-doctorado\/#breadcrumb"},"inLanguage":"es","potentialAction":[{"@type":"ReadAction","target":["https:\/\/medicina.udd.cl\/centro-neurociencias\/noticias\/2013\/12\/11\/facultad-de-medicina-cas-udd-lanza-su-primer-programa-de-doctorado\/"]}]},{"@type":"ImageObject","inLanguage":"es","@id":"https:\/\/medicina.udd.cl\/centro-neurociencias\/noticias\/2013\/12\/11\/facultad-de-medicina-cas-udd-lanza-su-primer-programa-de-doctorado\/#primaryimage","url":"https:\/\/medicina.udd.cl\/centro-neurociencias\/files\/2014\/01\/Lanzamiento-Doctorado-en-Ciencias-M\u00e9dicas-1.jpg","contentUrl":"https:\/\/medicina.udd.cl\/centro-neurociencias\/files\/2014\/01\/Lanzamiento-Doctorado-en-Ciencias-M\u00e9dicas-1.jpg","width":675,"height":450},{"@type":"BreadcrumbList","@id":"https:\/\/medicina.udd.cl\/centro-neurociencias\/noticias\/2013\/12\/11\/facultad-de-medicina-cas-udd-lanza-su-primer-programa-de-doctorado\/#breadcrumb","itemListElement":[{"@type":"ListItem","position":1,"name":"Facultad de Medicina","item":"https:\/\/medicina.udd.cl"},{"@type":"ListItem","position":2,"name":"ICIM","item":"http:\/\/medicina.udd.cl\/icim\/"},{"@type":"ListItem","position":3,"name":"Centro de Neurociencias","item":"https:\/\/medicina.udd.cl\/centro-neurociencias"},{"@type":"ListItem","position":4,"name":"Facultad de Medicina CAS-UDD lanza su primer programa de Doctorado"}]},{"@type":"WebSite","@id":"https:\/\/medicina.udd.cl\/centro-neurociencias\/#website","url":"https:\/\/medicina.udd.cl\/centro-neurociencias\/","name":"Centro de Neurociencias","description":"Otro blog m\u00e1s de Medicina","potentialAction":[{"@type":"SearchAction","target":{"@type":"EntryPoint","urlTemplate":"https:\/\/medicina.udd.cl\/centro-neurociencias\/?s={search_term_string}"},"query-input":{"@type":"PropertyValueSpecification","valueRequired":true,"valueName":"search_term_string"}}],"inLanguage":"es"},{"@type":"Person","@id":"","url":"https:\/\/medicina.udd.cl\/centro-neurociencias\/noticias\/author\/"}]}},"_links":{"self":[{"href":"https:\/\/medicina.udd.cl\/centro-neurociencias\/wp-json\/wp\/v2\/posts\/140","targetHints":{"allow":["GET"]}}],"collection":[{"href":"https:\/\/medicina.udd.cl\/centro-neurociencias\/wp-json\/wp\/v2\/posts"}],"about":[{"href":"https:\/\/medicina.udd.cl\/centro-neurociencias\/wp-json\/wp\/v2\/types\/post"}],"author":[{"embeddable":true,"href":"https:\/\/medicina.udd.cl\/centro-neurociencias\/wp-json\/wp\/v2\/users\/42"}],"replies":[{"embeddable":true,"href":"https:\/\/medicina.udd.cl\/centro-neurociencias\/wp-json\/wp\/v2\/comments?post=140"}],"version-history":[{"count":3,"href":"https:\/\/medicina.udd.cl\/centro-neurociencias\/wp-json\/wp\/v2\/posts\/140\/revisions"}],"predecessor-version":[{"id":151,"href":"https:\/\/medicina.udd.cl\/centro-neurociencias\/wp-json\/wp\/v2\/posts\/140\/revisions\/151"}],"wp:featuredmedia":[{"embeddable":true,"href":"https:\/\/medicina.udd.cl\/centro-neurociencias\/wp-json\/wp\/v2\/media\/142"}],"wp:attachment":[{"href":"https:\/\/medicina.udd.cl\/centro-neurociencias\/wp-json\/wp\/v2\/media?parent=140"}],"wp:term":[{"taxonomy":"category","embeddable":true,"href":"https:\/\/medicina.udd.cl\/centro-neurociencias\/wp-json\/wp\/v2\/categories?post=140"},{"taxonomy":"post_tag","embeddable":true,"href":"https:\/\/medicina.udd.cl\/centro-neurociencias\/wp-json\/wp\/v2\/tags?post=140"}],"curies":[{"name":"wp","href":"https:\/\/api.w.org\/{rel}","templated":true}]}}