{"id":38,"date":"2010-06-14T11:07:32","date_gmt":"2010-06-14T15:07:32","guid":{"rendered":"http:\/\/medicina.udd.cl\/instituto-neurociencias-salud-publica\/2010\/06\/14\/dr-fernando-vergara\/"},"modified":"2010-06-14T11:35:44","modified_gmt":"2010-06-14T15:35:44","slug":"dr-fernando-vergara","status":"publish","type":"post","link":"https:\/\/medicina.udd.cl\/centro-neurociencias\/noticias\/2010\/06\/14\/dr-fernando-vergara\/","title":{"rendered":"Dr. Fernando Vergara"},"content":{"rendered":"<p style=\"text-align: justify\"><a href=\"http:\/\/medicina.udd.cl\/instituto-neurociencias-salud-publica\/files\/2010\/04\/17-Vergara.jpg\"><img loading=\"lazy\" decoding=\"async\" class=\"alignleft size-full wp-image-32\" title=\"17 Vergara\" src=\"http:\/\/medicina.udd.cl\/instituto-neurociencias-salud-publica\/files\/2010\/04\/17-Vergara.jpg\" alt=\"\" width=\"150\" height=\"207\" \/><\/a>El Dr. Vergara estudi\u00f3 Medicina en la Universidad de Chile donde se recibi\u00f3 como neur\u00f3logo en el Hospital del Salvador bajo la tutor\u00eda de Enrique Uiberall, en 1971. Luego se fue a Estados Unidos a realizar un postgrado en el departamento de Neurolog\u00eda de la Universidad de Cornell, en Nueva York, para luego volver a Chile a trabajar desde 1073 en el Hospital de El Salvador, donde fueron sus inicios.<\/p>\n<p style=\"text-align: justify\">A parte de la docencia, en 1988 fue nombrado jefe de servivio del \u00e1rea de Neurolog\u00eda del Hospital S\u00f3tero del R\u00edo y profesor asociado de la Pontificia \u00a0Universidad Cat\u00f3lica de Chile. Diez a\u00f1os despu\u00e9s, fue nombrado profesor titular de Neurolog\u00eda de la Universidad de Los Andes.<\/p>\n<p style=\"text-align: justify\">Desde hace m\u00e1s de 20 a\u00f1os que forma parte del equipo de Neurolog\u00eda de Cl\u00ednica Alemana y, desde su creaci\u00f3n, e docente de la Facultad de Medicina. Adem\u00e1s, fue nombrado maestro de la Neurolog\u00eda por la Sociedad de Neurolog\u00eda, Psiquiatr\u00eda y Neurocirug\u00eda.<\/p>\n<p style=\"text-align: justify\">No cabe duda que sus a\u00f1os dedicado a la docencia y a la investigaci\u00f3n fueron m\u00e9ritos m\u00e1s que suficientes para que fuera nombrado director del Instituto de Neurociencias y Salud Mental.<\/p>\n<p style=\"text-align: justify\"><strong>\u00bfQu\u00e9 significa para usted liderar este instituto?<\/strong><\/p>\n<p style=\"text-align: justify\">Para m\u00ed la creaci\u00f3n de este centro de investigaci\u00f3n es, sin lugar a dudas, la culminaci\u00f3n de una larga carrera. Adem\u00e1s creo que el instituto va a ser un legado muy importante, ya que la tendencia mundial es a tener centros interdisciplinarios como el que estamos formando.<\/p>\n<p style=\"text-align: justify\"><strong>\u00bfC\u00f3mo parte la creaci\u00f3n de este instituto?<\/strong><\/p>\n<p style=\"text-align: justify\">Desde hace un tiempo en el equipo de Neurolog\u00eda de Cl\u00ednica Alemana se ven\u00eda estudiando \u00a0la posibilidad de crear un centro de este tipo y se decidi\u00f3 que la mejor estrategia era hacerlo bajo el alero de la Facultad de Medicina. Esto porque el instituto de Neurociencias implica investigaci\u00f3n y docencia como fines fundamentales a la asistencia de un rol adjunto.<\/p>\n<p style=\"text-align: justify\"><strong>\u00bfCu\u00e1les ser\u00e1n sus principales funciones?<\/strong><\/p>\n<p style=\"text-align: justify\">Este centro realizar\u00e1 investigaci\u00f3n en el \u00e1rea de la neurolog\u00eda, psiquiatr\u00eda, neurocirug\u00eda y sicolog\u00eda de manera coordinada que le permitir\u00e1 establecer investigaciones transversales. Adem\u00e1s, el instituto establecer\u00e1 Protocolos de Procedimientos Cl\u00edninos, dictar\u00e1 cursos de pre y post grado y formar\u00e1 a especialistas que contribuyan a los objetivos sanitarios del pa\u00eds.<\/p>\n<p style=\"text-align: justify\"><strong>\u00bfCu\u00e1les cree que son, a su juicio, las fortalezas del centro?<\/strong><\/p>\n<p style=\"text-align: justify\">Primero que la Cl\u00ednica Alemana cuenta con el grupo de neur\u00f3logos m\u00e1s fuerte de Chile y con distinguidos profesionales de las distintas \u00e1reas quienes formar\u00e1n el centro. Segundo, que la cl\u00ednica tiene la tecnolog\u00eda de punta que hoy se usa en cualquier parte del mundo, por lo tanto, no tenemos nada que envidiar y nos pone en una s\u00f3lida posici\u00f3n. Y, por \u00faltimo, contamos con el apoyo de los profesionales del Hospital Padre Hurtado que nos permite contar con un n\u00famero mayor de casos a estudiar.<\/p>\n<p style=\"text-align: justify\">\u00a0<strong>La importancia de la Neurociencia:<\/strong><\/p>\n<p style=\"text-align: justify\">El campo donde se ha desarrollado m\u00e1s la medicina durante este \u00faltimo tiempo es la neurociencia. Enfermedades como el Alzhermer, Parkinson, depresi\u00f3n, enfermedades cerebrovasculares y adicciones, son algunas de las patolog\u00edas que han experimentado un progresivo aumento en los \u00faltimos a\u00f1os. El impacto de las enfermedades neurol\u00f3gicas y mentales significan un 35% del costo de la salud en Chile.Estos argumentos hacen m\u00e1s que necesario que los docentes y alumnos de la Facultad de Medicina cuenten con un centro especializado en este tema.<\/p>\n<p style=\"text-align: justify\">\u00abQuiero que el instituto llegue a ser un centro de excelencia en atenci\u00f3n y desarrollo del programa con pacientes de Parkinson y Alzheimer\u00bb, explica el Dr. Vergara.<\/p>\n<p style=\"text-align: justify\">Es por esto que el instituto, adem\u00e1s de poner el \u00e9nfasis en la investigaci\u00f3n, crear\u00e1 un centro integral de atenci\u00f3n de personas con Parkinson y otro para personas con Alzeheimer. Estos centros contar\u00e1n con equipos multidisciplinarios -tales como terapeutas ocupacionales, fonoaudi\u00f3logos, sic\u00f3logos, etc- al servicio de la comunidad.<\/p>\n<p style=\"text-align: justify\">El primer centro estar\u00e1 a cargo del Dr. Pedro Chana, neur\u00f3logo con sub-especialidad en Parkinson y movimientos anormales y, el segundo, lo liderar\u00e1 la Dra. Andrea Slachevsy, neur\u00f3loga de Cl\u00ednica Alemana.<\/p>\n<p style=\"text-align: justify\"><strong>\u00bfQu\u00e9 otras actividades realizar\u00e1 el instituto?<\/strong><\/p>\n<p style=\"text-align: justify\">Actualmente el Dr. Mario Campero se encuentra realizando la primera investigaci\u00f3n bajo el alero de Instituto y de la cual es financiada por el NIH de Estados Unidos. Adem\u00e1s, queremos dictar un mag\u00edster en neurolog\u00eda cl\u00ednica en conjunto con la Universidad de Chile.<\/p>\n<p style=\"text-align: justify\">Por otra parte, el Dr. Pablo Lavados, estar\u00e1 a cargo de la investigaci\u00f3n en el \u00e1rea de enfermedades cerebro vasculares.<\/p>\n<p style=\"text-align: justify\">El equipo organizador del Instituto de Neurociencias estar\u00e1 constituido por el Dr. Fernando Vergara, el Dr. Arnold Hoppe, el Dr. Pedro Chana y el Dr. Alejandro de Marinis. La primera reuni\u00f3n apliada se realiz\u00f3 el 1 de diciembre de 2008 en la Facultad de Medicina.<\/p>\n","protected":false},"excerpt":{"rendered":"<p>Entrevista al Dr. Fernando Vergara durante el inicio del instituto en 2008. Publicada en la Revista Academia de la Facultad de Medicina CAS-UDD.<\/p>\n","protected":false},"author":1,"featured_media":0,"comment_status":"open","ping_status":"open","sticky":false,"template":"","format":"standard","meta":{"footnotes":""},"categories":[4],"tags":[],"class_list":["post-38","post","type-post","status-publish","format-standard","hentry","category-noticias"],"yoast_head":"<!-- This site is optimized with the Yoast SEO plugin v26.9 - https:\/\/yoast.com\/product\/yoast-seo-wordpress\/ -->\n<title>Dr. Fernando Vergara - Centro de Neurociencias<\/title>\n<meta name=\"robots\" content=\"index, follow, max-snippet:-1, max-image-preview:large, max-video-preview:-1\" \/>\n<link rel=\"canonical\" href=\"https:\/\/medicina.udd.cl\/centro-neurociencias\/noticias\/2010\/06\/14\/dr-fernando-vergara\/\" \/>\n<meta property=\"og:locale\" content=\"es_ES\" \/>\n<meta property=\"og:type\" content=\"article\" \/>\n<meta property=\"og:title\" content=\"Dr. Fernando Vergara - Centro de Neurociencias\" \/>\n<meta property=\"og:description\" content=\"Entrevista al Dr. Fernando Vergara durante el inicio del instituto en 2008. Publicada en la Revista Academia de la Facultad de Medicina CAS-UDD.\" \/>\n<meta property=\"og:url\" content=\"https:\/\/medicina.udd.cl\/centro-neurociencias\/noticias\/2010\/06\/14\/dr-fernando-vergara\/\" \/>\n<meta property=\"og:site_name\" content=\"Centro de Neurociencias\" \/>\n<meta property=\"article:published_time\" content=\"2010-06-14T15:07:32+00:00\" \/>\n<meta property=\"article:modified_time\" content=\"2010-06-14T15:35:44+00:00\" \/>\n<meta property=\"og:image\" content=\"http:\/\/medicina.udd.cl\/instituto-neurociencias-salud-publica\/files\/2010\/04\/17-Vergara.jpg\" \/>\n<meta name=\"author\" content=\"admin\" \/>\n<meta name=\"twitter:label1\" content=\"Escrito por\" \/>\n\t<meta name=\"twitter:data1\" content=\"admin\" \/>\n\t<meta name=\"twitter:label2\" content=\"Tiempo de lectura\" \/>\n\t<meta name=\"twitter:data2\" content=\"4 minutos\" \/>\n<script type=\"application\/ld+json\" class=\"yoast-schema-graph\">{\"@context\":\"https:\/\/schema.org\",\"@graph\":[{\"@type\":\"Article\",\"@id\":\"https:\/\/medicina.udd.cl\/centro-neurociencias\/noticias\/2010\/06\/14\/dr-fernando-vergara\/#article\",\"isPartOf\":{\"@id\":\"https:\/\/medicina.udd.cl\/centro-neurociencias\/noticias\/2010\/06\/14\/dr-fernando-vergara\/\"},\"author\":{\"name\":\"admin\",\"@id\":\"https:\/\/medicina.udd.cl\/centro-neurociencias\/#\/schema\/person\/f7abfa784c86da427e89287831f96ab7\"},\"headline\":\"Dr. Fernando Vergara\",\"datePublished\":\"2010-06-14T15:07:32+00:00\",\"dateModified\":\"2010-06-14T15:35:44+00:00\",\"mainEntityOfPage\":{\"@id\":\"https:\/\/medicina.udd.cl\/centro-neurociencias\/noticias\/2010\/06\/14\/dr-fernando-vergara\/\"},\"wordCount\":844,\"commentCount\":0,\"image\":{\"@id\":\"https:\/\/medicina.udd.cl\/centro-neurociencias\/noticias\/2010\/06\/14\/dr-fernando-vergara\/#primaryimage\"},\"thumbnailUrl\":\"http:\/\/medicina.udd.cl\/instituto-neurociencias-salud-publica\/files\/2010\/04\/17-Vergara.jpg\",\"articleSection\":[\"Noticias\"],\"inLanguage\":\"es\",\"potentialAction\":[{\"@type\":\"CommentAction\",\"name\":\"Comment\",\"target\":[\"https:\/\/medicina.udd.cl\/centro-neurociencias\/noticias\/2010\/06\/14\/dr-fernando-vergara\/#respond\"]}]},{\"@type\":\"WebPage\",\"@id\":\"https:\/\/medicina.udd.cl\/centro-neurociencias\/noticias\/2010\/06\/14\/dr-fernando-vergara\/\",\"url\":\"https:\/\/medicina.udd.cl\/centro-neurociencias\/noticias\/2010\/06\/14\/dr-fernando-vergara\/\",\"name\":\"Dr. Fernando Vergara - Centro de Neurociencias\",\"isPartOf\":{\"@id\":\"https:\/\/medicina.udd.cl\/centro-neurociencias\/#website\"},\"primaryImageOfPage\":{\"@id\":\"https:\/\/medicina.udd.cl\/centro-neurociencias\/noticias\/2010\/06\/14\/dr-fernando-vergara\/#primaryimage\"},\"image\":{\"@id\":\"https:\/\/medicina.udd.cl\/centro-neurociencias\/noticias\/2010\/06\/14\/dr-fernando-vergara\/#primaryimage\"},\"thumbnailUrl\":\"http:\/\/medicina.udd.cl\/instituto-neurociencias-salud-publica\/files\/2010\/04\/17-Vergara.jpg\",\"datePublished\":\"2010-06-14T15:07:32+00:00\",\"dateModified\":\"2010-06-14T15:35:44+00:00\",\"author\":{\"@id\":\"https:\/\/medicina.udd.cl\/centro-neurociencias\/#\/schema\/person\/f7abfa784c86da427e89287831f96ab7\"},\"breadcrumb\":{\"@id\":\"https:\/\/medicina.udd.cl\/centro-neurociencias\/noticias\/2010\/06\/14\/dr-fernando-vergara\/#breadcrumb\"},\"inLanguage\":\"es\",\"potentialAction\":[{\"@type\":\"ReadAction\",\"target\":[\"https:\/\/medicina.udd.cl\/centro-neurociencias\/noticias\/2010\/06\/14\/dr-fernando-vergara\/\"]}]},{\"@type\":\"ImageObject\",\"inLanguage\":\"es\",\"@id\":\"https:\/\/medicina.udd.cl\/centro-neurociencias\/noticias\/2010\/06\/14\/dr-fernando-vergara\/#primaryimage\",\"url\":\"http:\/\/medicina.udd.cl\/instituto-neurociencias-salud-publica\/files\/2010\/04\/17-Vergara.jpg\",\"contentUrl\":\"http:\/\/medicina.udd.cl\/instituto-neurociencias-salud-publica\/files\/2010\/04\/17-Vergara.jpg\"},{\"@type\":\"BreadcrumbList\",\"@id\":\"https:\/\/medicina.udd.cl\/centro-neurociencias\/noticias\/2010\/06\/14\/dr-fernando-vergara\/#breadcrumb\",\"itemListElement\":[{\"@type\":\"ListItem\",\"position\":1,\"name\":\"Facultad de Medicina\",\"item\":\"https:\/\/medicina.udd.cl\"},{\"@type\":\"ListItem\",\"position\":2,\"name\":\"ICIM\",\"item\":\"http:\/\/medicina.udd.cl\/icim\/\"},{\"@type\":\"ListItem\",\"position\":3,\"name\":\"Centro de Neurociencias\",\"item\":\"https:\/\/medicina.udd.cl\/centro-neurociencias\"},{\"@type\":\"ListItem\",\"position\":4,\"name\":\"Dr. Fernando Vergara\"}]},{\"@type\":\"WebSite\",\"@id\":\"https:\/\/medicina.udd.cl\/centro-neurociencias\/#website\",\"url\":\"https:\/\/medicina.udd.cl\/centro-neurociencias\/\",\"name\":\"Centro de Neurociencias\",\"description\":\"Otro blog m\u00e1s de Medicina\",\"potentialAction\":[{\"@type\":\"SearchAction\",\"target\":{\"@type\":\"EntryPoint\",\"urlTemplate\":\"https:\/\/medicina.udd.cl\/centro-neurociencias\/?s={search_term_string}\"},\"query-input\":{\"@type\":\"PropertyValueSpecification\",\"valueRequired\":true,\"valueName\":\"search_term_string\"}}],\"inLanguage\":\"es\"},{\"@type\":\"Person\",\"@id\":\"https:\/\/medicina.udd.cl\/centro-neurociencias\/#\/schema\/person\/f7abfa784c86da427e89287831f96ab7\",\"name\":\"admin\",\"image\":{\"@type\":\"ImageObject\",\"inLanguage\":\"es\",\"@id\":\"https:\/\/medicina.udd.cl\/centro-neurociencias\/#\/schema\/person\/image\/\",\"url\":\"https:\/\/secure.gravatar.com\/avatar\/3cb6da298954dfb54457c0910b8c9ca010abd8d87a60f7d701b6ce4254e1c642?s=96&d=mm&r=g\",\"contentUrl\":\"https:\/\/secure.gravatar.com\/avatar\/3cb6da298954dfb54457c0910b8c9ca010abd8d87a60f7d701b6ce4254e1c642?s=96&d=mm&r=g\",\"caption\":\"admin\"},\"url\":\"https:\/\/medicina.udd.cl\/centro-neurociencias\/noticias\/author\/admin\/\"}]}<\/script>\n<!-- \/ Yoast SEO plugin. -->","yoast_head_json":{"title":"Dr. Fernando Vergara - Centro de Neurociencias","robots":{"index":"index","follow":"follow","max-snippet":"max-snippet:-1","max-image-preview":"max-image-preview:large","max-video-preview":"max-video-preview:-1"},"canonical":"https:\/\/medicina.udd.cl\/centro-neurociencias\/noticias\/2010\/06\/14\/dr-fernando-vergara\/","og_locale":"es_ES","og_type":"article","og_title":"Dr. Fernando Vergara - Centro de Neurociencias","og_description":"Entrevista al Dr. Fernando Vergara durante el inicio del instituto en 2008. Publicada en la Revista Academia de la Facultad de Medicina CAS-UDD.","og_url":"https:\/\/medicina.udd.cl\/centro-neurociencias\/noticias\/2010\/06\/14\/dr-fernando-vergara\/","og_site_name":"Centro de Neurociencias","article_published_time":"2010-06-14T15:07:32+00:00","article_modified_time":"2010-06-14T15:35:44+00:00","og_image":[{"url":"http:\/\/medicina.udd.cl\/instituto-neurociencias-salud-publica\/files\/2010\/04\/17-Vergara.jpg","type":"","width":"","height":""}],"author":"admin","twitter_misc":{"Escrito por":"admin","Tiempo de lectura":"4 minutos"},"schema":{"@context":"https:\/\/schema.org","@graph":[{"@type":"Article","@id":"https:\/\/medicina.udd.cl\/centro-neurociencias\/noticias\/2010\/06\/14\/dr-fernando-vergara\/#article","isPartOf":{"@id":"https:\/\/medicina.udd.cl\/centro-neurociencias\/noticias\/2010\/06\/14\/dr-fernando-vergara\/"},"author":{"name":"admin","@id":"https:\/\/medicina.udd.cl\/centro-neurociencias\/#\/schema\/person\/f7abfa784c86da427e89287831f96ab7"},"headline":"Dr. Fernando Vergara","datePublished":"2010-06-14T15:07:32+00:00","dateModified":"2010-06-14T15:35:44+00:00","mainEntityOfPage":{"@id":"https:\/\/medicina.udd.cl\/centro-neurociencias\/noticias\/2010\/06\/14\/dr-fernando-vergara\/"},"wordCount":844,"commentCount":0,"image":{"@id":"https:\/\/medicina.udd.cl\/centro-neurociencias\/noticias\/2010\/06\/14\/dr-fernando-vergara\/#primaryimage"},"thumbnailUrl":"http:\/\/medicina.udd.cl\/instituto-neurociencias-salud-publica\/files\/2010\/04\/17-Vergara.jpg","articleSection":["Noticias"],"inLanguage":"es","potentialAction":[{"@type":"CommentAction","name":"Comment","target":["https:\/\/medicina.udd.cl\/centro-neurociencias\/noticias\/2010\/06\/14\/dr-fernando-vergara\/#respond"]}]},{"@type":"WebPage","@id":"https:\/\/medicina.udd.cl\/centro-neurociencias\/noticias\/2010\/06\/14\/dr-fernando-vergara\/","url":"https:\/\/medicina.udd.cl\/centro-neurociencias\/noticias\/2010\/06\/14\/dr-fernando-vergara\/","name":"Dr. Fernando Vergara - Centro de Neurociencias","isPartOf":{"@id":"https:\/\/medicina.udd.cl\/centro-neurociencias\/#website"},"primaryImageOfPage":{"@id":"https:\/\/medicina.udd.cl\/centro-neurociencias\/noticias\/2010\/06\/14\/dr-fernando-vergara\/#primaryimage"},"image":{"@id":"https:\/\/medicina.udd.cl\/centro-neurociencias\/noticias\/2010\/06\/14\/dr-fernando-vergara\/#primaryimage"},"thumbnailUrl":"http:\/\/medicina.udd.cl\/instituto-neurociencias-salud-publica\/files\/2010\/04\/17-Vergara.jpg","datePublished":"2010-06-14T15:07:32+00:00","dateModified":"2010-06-14T15:35:44+00:00","author":{"@id":"https:\/\/medicina.udd.cl\/centro-neurociencias\/#\/schema\/person\/f7abfa784c86da427e89287831f96ab7"},"breadcrumb":{"@id":"https:\/\/medicina.udd.cl\/centro-neurociencias\/noticias\/2010\/06\/14\/dr-fernando-vergara\/#breadcrumb"},"inLanguage":"es","potentialAction":[{"@type":"ReadAction","target":["https:\/\/medicina.udd.cl\/centro-neurociencias\/noticias\/2010\/06\/14\/dr-fernando-vergara\/"]}]},{"@type":"ImageObject","inLanguage":"es","@id":"https:\/\/medicina.udd.cl\/centro-neurociencias\/noticias\/2010\/06\/14\/dr-fernando-vergara\/#primaryimage","url":"http:\/\/medicina.udd.cl\/instituto-neurociencias-salud-publica\/files\/2010\/04\/17-Vergara.jpg","contentUrl":"http:\/\/medicina.udd.cl\/instituto-neurociencias-salud-publica\/files\/2010\/04\/17-Vergara.jpg"},{"@type":"BreadcrumbList","@id":"https:\/\/medicina.udd.cl\/centro-neurociencias\/noticias\/2010\/06\/14\/dr-fernando-vergara\/#breadcrumb","itemListElement":[{"@type":"ListItem","position":1,"name":"Facultad de Medicina","item":"https:\/\/medicina.udd.cl"},{"@type":"ListItem","position":2,"name":"ICIM","item":"http:\/\/medicina.udd.cl\/icim\/"},{"@type":"ListItem","position":3,"name":"Centro de Neurociencias","item":"https:\/\/medicina.udd.cl\/centro-neurociencias"},{"@type":"ListItem","position":4,"name":"Dr. Fernando Vergara"}]},{"@type":"WebSite","@id":"https:\/\/medicina.udd.cl\/centro-neurociencias\/#website","url":"https:\/\/medicina.udd.cl\/centro-neurociencias\/","name":"Centro de Neurociencias","description":"Otro blog m\u00e1s de Medicina","potentialAction":[{"@type":"SearchAction","target":{"@type":"EntryPoint","urlTemplate":"https:\/\/medicina.udd.cl\/centro-neurociencias\/?s={search_term_string}"},"query-input":{"@type":"PropertyValueSpecification","valueRequired":true,"valueName":"search_term_string"}}],"inLanguage":"es"},{"@type":"Person","@id":"https:\/\/medicina.udd.cl\/centro-neurociencias\/#\/schema\/person\/f7abfa784c86da427e89287831f96ab7","name":"admin","image":{"@type":"ImageObject","inLanguage":"es","@id":"https:\/\/medicina.udd.cl\/centro-neurociencias\/#\/schema\/person\/image\/","url":"https:\/\/secure.gravatar.com\/avatar\/3cb6da298954dfb54457c0910b8c9ca010abd8d87a60f7d701b6ce4254e1c642?s=96&d=mm&r=g","contentUrl":"https:\/\/secure.gravatar.com\/avatar\/3cb6da298954dfb54457c0910b8c9ca010abd8d87a60f7d701b6ce4254e1c642?s=96&d=mm&r=g","caption":"admin"},"url":"https:\/\/medicina.udd.cl\/centro-neurociencias\/noticias\/author\/admin\/"}]}},"_links":{"self":[{"href":"https:\/\/medicina.udd.cl\/centro-neurociencias\/wp-json\/wp\/v2\/posts\/38","targetHints":{"allow":["GET"]}}],"collection":[{"href":"https:\/\/medicina.udd.cl\/centro-neurociencias\/wp-json\/wp\/v2\/posts"}],"about":[{"href":"https:\/\/medicina.udd.cl\/centro-neurociencias\/wp-json\/wp\/v2\/types\/post"}],"author":[{"embeddable":true,"href":"https:\/\/medicina.udd.cl\/centro-neurociencias\/wp-json\/wp\/v2\/users\/1"}],"replies":[{"embeddable":true,"href":"https:\/\/medicina.udd.cl\/centro-neurociencias\/wp-json\/wp\/v2\/comments?post=38"}],"version-history":[{"count":4,"href":"https:\/\/medicina.udd.cl\/centro-neurociencias\/wp-json\/wp\/v2\/posts\/38\/revisions"}],"predecessor-version":[{"id":42,"href":"https:\/\/medicina.udd.cl\/centro-neurociencias\/wp-json\/wp\/v2\/posts\/38\/revisions\/42"}],"wp:attachment":[{"href":"https:\/\/medicina.udd.cl\/centro-neurociencias\/wp-json\/wp\/v2\/media?parent=38"}],"wp:term":[{"taxonomy":"category","embeddable":true,"href":"https:\/\/medicina.udd.cl\/centro-neurociencias\/wp-json\/wp\/v2\/categories?post=38"},{"taxonomy":"post_tag","embeddable":true,"href":"https:\/\/medicina.udd.cl\/centro-neurociencias\/wp-json\/wp\/v2\/tags?post=38"}],"curies":[{"name":"wp","href":"https:\/\/api.w.org\/{rel}","templated":true}]}}