{"id":65,"date":"2012-10-09T10:22:24","date_gmt":"2012-10-09T13:22:24","guid":{"rendered":"http:\/\/medicina.udd.cl\/instituto-neurociencias-salud-mental\/?p=65"},"modified":"2012-10-09T10:24:22","modified_gmt":"2012-10-09T13:24:22","slug":"investigadores-aseguran-que-las-neuronas-tienen-un-reloj-interno","status":"publish","type":"post","link":"https:\/\/medicina.udd.cl\/centro-neurociencias\/noticias\/2012\/10\/09\/investigadores-aseguran-que-las-neuronas-tienen-un-reloj-interno\/","title":{"rendered":"Investigadores aseguran que las neuronas tienen un reloj interno"},"content":{"rendered":"<p>Un equipo internacional de investigaci\u00f3n, en el que participa el Institut Cavanilles de la Universitat de Valencia, descubri\u00f3 que la selecci\u00f3n natural por la que sobreviven las neuronas de segunda generaci\u00f3n en el cerebro no depende del contacto que establezcan con neuronas iniciales, como se pensaba, sino de su propio reloj interno.<\/p>\n<p>Este dato \u2013seg\u00fan publica hoy el diario espa\u00f1ol \u201cEl Pa\u00eds\u201d- \u00a0pone en duda la explicaci\u00f3n m\u00e1s cl\u00e1sica sobre la forma en que se determina el n\u00famero de c\u00e9lulas neuronales, una de las grandes cuestiones de la biolog\u00eda del cerebro humano.<\/p>\n<p><a href=\"http:\/\/medicina.udd.cl\/instituto-neurociencias-salud-mental\/files\/2012\/10\/neuronasfull.jpg\"><img loading=\"lazy\" decoding=\"async\" class=\"alignleft size-full wp-image-66\" title=\"neuronasfull\" src=\"http:\/\/medicina.udd.cl\/instituto-neurociencias-salud-mental\/files\/2012\/10\/neuronasfull.jpg\" alt=\"\" width=\"400\" height=\"300\" srcset=\"https:\/\/medicina.udd.cl\/centro-neurociencias\/files\/2012\/10\/neuronasfull.jpg 500w, https:\/\/medicina.udd.cl\/centro-neurociencias\/files\/2012\/10\/neuronasfull-300x225.jpg 300w\" sizes=\"auto, (max-width: 400px) 100vw, 400px\" \/><\/a><\/p>\n<p>Las implicaciones de este descubrimiento son importantes, ya que las interneuronas juegan un papel cr\u00edtico en la fisiolog\u00eda de la corteza del cerebro. Su alteraci\u00f3n se ha relacionado con la aparici\u00f3n de enfermedades neurol\u00f3gicas como epilepsia, esquizofrenia y enfermedad de Alzheimer. Por tanto, un mayor conocimiento de su funcionamiento, conlleva un mejor entendimiento de la fisiopatolog\u00eda del cerebro y la posibilidad del dise\u00f1o y utilizaci\u00f3n de nuevas medidas terap\u00e9uticas.<\/p>\n<p>El trabajo est\u00e1 dirigido por el neurobi\u00f3logo mexicano y Premio Pr\u00edncipe de Asturias de Investigaci\u00f3n Cient\u00edfica Arturo \u00c1lvarez-Buylla (University of California) y se realiza en colaboraci\u00f3n con el equipo del catedr\u00e1tico de Biolog\u00eda Celular Jos\u00e9 Manuel Garc\u00eda Verdugo (Universitat de Valencia).<\/p>\n<p>La toma de decisiones por parte de nuestro cerebro es el resultado del establecimiento de se\u00f1ales excitadoras e inhibidoras, cuya interacci\u00f3n da lugar a procesos muy complejos en la corteza cerebral. Los circuitos inhibitorios de esta zona est\u00e1n formados por interneuronas (neuronas que comunican a las neuronas sensoriales con las motoras), procedentes de otras c\u00e9lulas precursoras que se eliminan durante el desarrollo postnatal.<\/p>\n<p>Conocer c\u00f3mo se determina el n\u00famero final de neuronas en el cerebro de un individuo es algo fundamental para la neurociencia, ya que es bien sabido que durante la etapa embrionaria existe una sobreproducci\u00f3n de este tipo de c\u00e9lulas.<\/p>\n<p>Hasta ahora se pensaba que la muerte de determinadas poblaciones neuronales se deb\u00eda a la competencia de \u00e9stas por se\u00f1ales tr\u00f3ficas extr\u00ednsecas (la denominada <em>hip\u00f3tesis neurotr\u00f3fica<\/em>). Sin embargo, en este trabajo se desvela que el control de algunas poblaciones neuronales se debe a se\u00f1ales intr\u00ednsecas de estas neuronas, independientemente de las condiciones de su entorno.<\/p>\n<p>En el estudio con el modelo animal publicado en la revista cient\u00edfica Nature, los autores describen c\u00f3mo hasta un 40% de las interneuronas corticales del cerebro del rat\u00f3n son eliminadas durante los primeros d\u00edas de vida. \u201cPero la importancia de este descubrimiento \u2013comenta J.M. Garc\u00eda Verdugo- radica en que esta cronolog\u00eda se repite independientemente del entorno de se\u00f1ales a las que las c\u00e9lulas est\u00e9n expuestas\u201d.<\/p>\n<p>(Fuente: Diario \u201cEl Pa\u00eds\u201d de Espa\u00f1a)<\/p>\n","protected":false},"excerpt":{"rendered":"<p>El n\u00famero de algunas poblaciones neuronales responder\u00eda a un mecanismo independiente del entorno, durante el desarrollo del embri\u00f3n. <\/p>\n","protected":false},"author":1,"featured_media":0,"comment_status":"open","ping_status":"open","sticky":false,"template":"","format":"standard","meta":{"footnotes":""},"categories":[4],"tags":[],"class_list":["post-65","post","type-post","status-publish","format-standard","hentry","category-noticias"],"yoast_head":"<!-- This site is optimized with the Yoast SEO plugin v26.9 - https:\/\/yoast.com\/product\/yoast-seo-wordpress\/ -->\n<title>Investigadores aseguran que las neuronas tienen un reloj interno - Centro de Neurociencias<\/title>\n<meta name=\"robots\" content=\"index, follow, max-snippet:-1, max-image-preview:large, max-video-preview:-1\" \/>\n<link rel=\"canonical\" href=\"https:\/\/medicina.udd.cl\/centro-neurociencias\/noticias\/2012\/10\/09\/investigadores-aseguran-que-las-neuronas-tienen-un-reloj-interno\/\" \/>\n<meta property=\"og:locale\" content=\"es_ES\" \/>\n<meta property=\"og:type\" content=\"article\" \/>\n<meta property=\"og:title\" content=\"Investigadores aseguran que las neuronas tienen un reloj interno - Centro de Neurociencias\" \/>\n<meta property=\"og:description\" content=\"El n\u00famero de algunas poblaciones neuronales responder\u00eda a un mecanismo independiente del entorno, durante el desarrollo del embri\u00f3n.\" \/>\n<meta property=\"og:url\" content=\"https:\/\/medicina.udd.cl\/centro-neurociencias\/noticias\/2012\/10\/09\/investigadores-aseguran-que-las-neuronas-tienen-un-reloj-interno\/\" \/>\n<meta property=\"og:site_name\" content=\"Centro de Neurociencias\" \/>\n<meta property=\"article:published_time\" content=\"2012-10-09T13:22:24+00:00\" \/>\n<meta property=\"article:modified_time\" content=\"2012-10-09T13:24:22+00:00\" \/>\n<meta property=\"og:image\" content=\"http:\/\/medicina.udd.cl\/instituto-neurociencias-salud-mental\/files\/2012\/10\/neuronasfull.jpg\" \/>\n<meta name=\"author\" content=\"admin\" \/>\n<meta name=\"twitter:label1\" content=\"Escrito por\" \/>\n\t<meta name=\"twitter:data1\" content=\"admin\" \/>\n\t<meta name=\"twitter:label2\" content=\"Tiempo de lectura\" \/>\n\t<meta name=\"twitter:data2\" content=\"2 minutos\" \/>\n<script type=\"application\/ld+json\" class=\"yoast-schema-graph\">{\"@context\":\"https:\/\/schema.org\",\"@graph\":[{\"@type\":\"Article\",\"@id\":\"https:\/\/medicina.udd.cl\/centro-neurociencias\/noticias\/2012\/10\/09\/investigadores-aseguran-que-las-neuronas-tienen-un-reloj-interno\/#article\",\"isPartOf\":{\"@id\":\"https:\/\/medicina.udd.cl\/centro-neurociencias\/noticias\/2012\/10\/09\/investigadores-aseguran-que-las-neuronas-tienen-un-reloj-interno\/\"},\"author\":{\"name\":\"admin\",\"@id\":\"https:\/\/medicina.udd.cl\/centro-neurociencias\/#\/schema\/person\/f7abfa784c86da427e89287831f96ab7\"},\"headline\":\"Investigadores aseguran que las neuronas tienen un reloj interno\",\"datePublished\":\"2012-10-09T13:22:24+00:00\",\"dateModified\":\"2012-10-09T13:24:22+00:00\",\"mainEntityOfPage\":{\"@id\":\"https:\/\/medicina.udd.cl\/centro-neurociencias\/noticias\/2012\/10\/09\/investigadores-aseguran-que-las-neuronas-tienen-un-reloj-interno\/\"},\"wordCount\":496,\"commentCount\":0,\"image\":{\"@id\":\"https:\/\/medicina.udd.cl\/centro-neurociencias\/noticias\/2012\/10\/09\/investigadores-aseguran-que-las-neuronas-tienen-un-reloj-interno\/#primaryimage\"},\"thumbnailUrl\":\"http:\/\/medicina.udd.cl\/instituto-neurociencias-salud-mental\/files\/2012\/10\/neuronasfull.jpg\",\"articleSection\":[\"Noticias\"],\"inLanguage\":\"es\",\"potentialAction\":[{\"@type\":\"CommentAction\",\"name\":\"Comment\",\"target\":[\"https:\/\/medicina.udd.cl\/centro-neurociencias\/noticias\/2012\/10\/09\/investigadores-aseguran-que-las-neuronas-tienen-un-reloj-interno\/#respond\"]}]},{\"@type\":\"WebPage\",\"@id\":\"https:\/\/medicina.udd.cl\/centro-neurociencias\/noticias\/2012\/10\/09\/investigadores-aseguran-que-las-neuronas-tienen-un-reloj-interno\/\",\"url\":\"https:\/\/medicina.udd.cl\/centro-neurociencias\/noticias\/2012\/10\/09\/investigadores-aseguran-que-las-neuronas-tienen-un-reloj-interno\/\",\"name\":\"Investigadores aseguran que las neuronas tienen un reloj interno - Centro de Neurociencias\",\"isPartOf\":{\"@id\":\"https:\/\/medicina.udd.cl\/centro-neurociencias\/#website\"},\"primaryImageOfPage\":{\"@id\":\"https:\/\/medicina.udd.cl\/centro-neurociencias\/noticias\/2012\/10\/09\/investigadores-aseguran-que-las-neuronas-tienen-un-reloj-interno\/#primaryimage\"},\"image\":{\"@id\":\"https:\/\/medicina.udd.cl\/centro-neurociencias\/noticias\/2012\/10\/09\/investigadores-aseguran-que-las-neuronas-tienen-un-reloj-interno\/#primaryimage\"},\"thumbnailUrl\":\"http:\/\/medicina.udd.cl\/instituto-neurociencias-salud-mental\/files\/2012\/10\/neuronasfull.jpg\",\"datePublished\":\"2012-10-09T13:22:24+00:00\",\"dateModified\":\"2012-10-09T13:24:22+00:00\",\"author\":{\"@id\":\"https:\/\/medicina.udd.cl\/centro-neurociencias\/#\/schema\/person\/f7abfa784c86da427e89287831f96ab7\"},\"breadcrumb\":{\"@id\":\"https:\/\/medicina.udd.cl\/centro-neurociencias\/noticias\/2012\/10\/09\/investigadores-aseguran-que-las-neuronas-tienen-un-reloj-interno\/#breadcrumb\"},\"inLanguage\":\"es\",\"potentialAction\":[{\"@type\":\"ReadAction\",\"target\":[\"https:\/\/medicina.udd.cl\/centro-neurociencias\/noticias\/2012\/10\/09\/investigadores-aseguran-que-las-neuronas-tienen-un-reloj-interno\/\"]}]},{\"@type\":\"ImageObject\",\"inLanguage\":\"es\",\"@id\":\"https:\/\/medicina.udd.cl\/centro-neurociencias\/noticias\/2012\/10\/09\/investigadores-aseguran-que-las-neuronas-tienen-un-reloj-interno\/#primaryimage\",\"url\":\"http:\/\/medicina.udd.cl\/instituto-neurociencias-salud-mental\/files\/2012\/10\/neuronasfull.jpg\",\"contentUrl\":\"http:\/\/medicina.udd.cl\/instituto-neurociencias-salud-mental\/files\/2012\/10\/neuronasfull.jpg\"},{\"@type\":\"BreadcrumbList\",\"@id\":\"https:\/\/medicina.udd.cl\/centro-neurociencias\/noticias\/2012\/10\/09\/investigadores-aseguran-que-las-neuronas-tienen-un-reloj-interno\/#breadcrumb\",\"itemListElement\":[{\"@type\":\"ListItem\",\"position\":1,\"name\":\"Facultad de Medicina\",\"item\":\"https:\/\/medicina.udd.cl\"},{\"@type\":\"ListItem\",\"position\":2,\"name\":\"ICIM\",\"item\":\"http:\/\/medicina.udd.cl\/icim\/\"},{\"@type\":\"ListItem\",\"position\":3,\"name\":\"Centro de Neurociencias\",\"item\":\"https:\/\/medicina.udd.cl\/centro-neurociencias\"},{\"@type\":\"ListItem\",\"position\":4,\"name\":\"Investigadores aseguran que las neuronas tienen un reloj interno\"}]},{\"@type\":\"WebSite\",\"@id\":\"https:\/\/medicina.udd.cl\/centro-neurociencias\/#website\",\"url\":\"https:\/\/medicina.udd.cl\/centro-neurociencias\/\",\"name\":\"Centro de Neurociencias\",\"description\":\"Otro blog m\u00e1s de Medicina\",\"potentialAction\":[{\"@type\":\"SearchAction\",\"target\":{\"@type\":\"EntryPoint\",\"urlTemplate\":\"https:\/\/medicina.udd.cl\/centro-neurociencias\/?s={search_term_string}\"},\"query-input\":{\"@type\":\"PropertyValueSpecification\",\"valueRequired\":true,\"valueName\":\"search_term_string\"}}],\"inLanguage\":\"es\"},{\"@type\":\"Person\",\"@id\":\"https:\/\/medicina.udd.cl\/centro-neurociencias\/#\/schema\/person\/f7abfa784c86da427e89287831f96ab7\",\"name\":\"admin\",\"image\":{\"@type\":\"ImageObject\",\"inLanguage\":\"es\",\"@id\":\"https:\/\/medicina.udd.cl\/centro-neurociencias\/#\/schema\/person\/image\/\",\"url\":\"https:\/\/secure.gravatar.com\/avatar\/3cb6da298954dfb54457c0910b8c9ca010abd8d87a60f7d701b6ce4254e1c642?s=96&d=mm&r=g\",\"contentUrl\":\"https:\/\/secure.gravatar.com\/avatar\/3cb6da298954dfb54457c0910b8c9ca010abd8d87a60f7d701b6ce4254e1c642?s=96&d=mm&r=g\",\"caption\":\"admin\"},\"url\":\"https:\/\/medicina.udd.cl\/centro-neurociencias\/noticias\/author\/admin\/\"}]}<\/script>\n<!-- \/ Yoast SEO plugin. -->","yoast_head_json":{"title":"Investigadores aseguran que las neuronas tienen un reloj interno - Centro de Neurociencias","robots":{"index":"index","follow":"follow","max-snippet":"max-snippet:-1","max-image-preview":"max-image-preview:large","max-video-preview":"max-video-preview:-1"},"canonical":"https:\/\/medicina.udd.cl\/centro-neurociencias\/noticias\/2012\/10\/09\/investigadores-aseguran-que-las-neuronas-tienen-un-reloj-interno\/","og_locale":"es_ES","og_type":"article","og_title":"Investigadores aseguran que las neuronas tienen un reloj interno - Centro de Neurociencias","og_description":"El n\u00famero de algunas poblaciones neuronales responder\u00eda a un mecanismo independiente del entorno, durante el desarrollo del embri\u00f3n.","og_url":"https:\/\/medicina.udd.cl\/centro-neurociencias\/noticias\/2012\/10\/09\/investigadores-aseguran-que-las-neuronas-tienen-un-reloj-interno\/","og_site_name":"Centro de Neurociencias","article_published_time":"2012-10-09T13:22:24+00:00","article_modified_time":"2012-10-09T13:24:22+00:00","og_image":[{"url":"http:\/\/medicina.udd.cl\/instituto-neurociencias-salud-mental\/files\/2012\/10\/neuronasfull.jpg","type":"","width":"","height":""}],"author":"admin","twitter_misc":{"Escrito por":"admin","Tiempo de lectura":"2 minutos"},"schema":{"@context":"https:\/\/schema.org","@graph":[{"@type":"Article","@id":"https:\/\/medicina.udd.cl\/centro-neurociencias\/noticias\/2012\/10\/09\/investigadores-aseguran-que-las-neuronas-tienen-un-reloj-interno\/#article","isPartOf":{"@id":"https:\/\/medicina.udd.cl\/centro-neurociencias\/noticias\/2012\/10\/09\/investigadores-aseguran-que-las-neuronas-tienen-un-reloj-interno\/"},"author":{"name":"admin","@id":"https:\/\/medicina.udd.cl\/centro-neurociencias\/#\/schema\/person\/f7abfa784c86da427e89287831f96ab7"},"headline":"Investigadores aseguran que las neuronas tienen un reloj interno","datePublished":"2012-10-09T13:22:24+00:00","dateModified":"2012-10-09T13:24:22+00:00","mainEntityOfPage":{"@id":"https:\/\/medicina.udd.cl\/centro-neurociencias\/noticias\/2012\/10\/09\/investigadores-aseguran-que-las-neuronas-tienen-un-reloj-interno\/"},"wordCount":496,"commentCount":0,"image":{"@id":"https:\/\/medicina.udd.cl\/centro-neurociencias\/noticias\/2012\/10\/09\/investigadores-aseguran-que-las-neuronas-tienen-un-reloj-interno\/#primaryimage"},"thumbnailUrl":"http:\/\/medicina.udd.cl\/instituto-neurociencias-salud-mental\/files\/2012\/10\/neuronasfull.jpg","articleSection":["Noticias"],"inLanguage":"es","potentialAction":[{"@type":"CommentAction","name":"Comment","target":["https:\/\/medicina.udd.cl\/centro-neurociencias\/noticias\/2012\/10\/09\/investigadores-aseguran-que-las-neuronas-tienen-un-reloj-interno\/#respond"]}]},{"@type":"WebPage","@id":"https:\/\/medicina.udd.cl\/centro-neurociencias\/noticias\/2012\/10\/09\/investigadores-aseguran-que-las-neuronas-tienen-un-reloj-interno\/","url":"https:\/\/medicina.udd.cl\/centro-neurociencias\/noticias\/2012\/10\/09\/investigadores-aseguran-que-las-neuronas-tienen-un-reloj-interno\/","name":"Investigadores aseguran que las neuronas tienen un reloj interno - Centro de Neurociencias","isPartOf":{"@id":"https:\/\/medicina.udd.cl\/centro-neurociencias\/#website"},"primaryImageOfPage":{"@id":"https:\/\/medicina.udd.cl\/centro-neurociencias\/noticias\/2012\/10\/09\/investigadores-aseguran-que-las-neuronas-tienen-un-reloj-interno\/#primaryimage"},"image":{"@id":"https:\/\/medicina.udd.cl\/centro-neurociencias\/noticias\/2012\/10\/09\/investigadores-aseguran-que-las-neuronas-tienen-un-reloj-interno\/#primaryimage"},"thumbnailUrl":"http:\/\/medicina.udd.cl\/instituto-neurociencias-salud-mental\/files\/2012\/10\/neuronasfull.jpg","datePublished":"2012-10-09T13:22:24+00:00","dateModified":"2012-10-09T13:24:22+00:00","author":{"@id":"https:\/\/medicina.udd.cl\/centro-neurociencias\/#\/schema\/person\/f7abfa784c86da427e89287831f96ab7"},"breadcrumb":{"@id":"https:\/\/medicina.udd.cl\/centro-neurociencias\/noticias\/2012\/10\/09\/investigadores-aseguran-que-las-neuronas-tienen-un-reloj-interno\/#breadcrumb"},"inLanguage":"es","potentialAction":[{"@type":"ReadAction","target":["https:\/\/medicina.udd.cl\/centro-neurociencias\/noticias\/2012\/10\/09\/investigadores-aseguran-que-las-neuronas-tienen-un-reloj-interno\/"]}]},{"@type":"ImageObject","inLanguage":"es","@id":"https:\/\/medicina.udd.cl\/centro-neurociencias\/noticias\/2012\/10\/09\/investigadores-aseguran-que-las-neuronas-tienen-un-reloj-interno\/#primaryimage","url":"http:\/\/medicina.udd.cl\/instituto-neurociencias-salud-mental\/files\/2012\/10\/neuronasfull.jpg","contentUrl":"http:\/\/medicina.udd.cl\/instituto-neurociencias-salud-mental\/files\/2012\/10\/neuronasfull.jpg"},{"@type":"BreadcrumbList","@id":"https:\/\/medicina.udd.cl\/centro-neurociencias\/noticias\/2012\/10\/09\/investigadores-aseguran-que-las-neuronas-tienen-un-reloj-interno\/#breadcrumb","itemListElement":[{"@type":"ListItem","position":1,"name":"Facultad de Medicina","item":"https:\/\/medicina.udd.cl"},{"@type":"ListItem","position":2,"name":"ICIM","item":"http:\/\/medicina.udd.cl\/icim\/"},{"@type":"ListItem","position":3,"name":"Centro de Neurociencias","item":"https:\/\/medicina.udd.cl\/centro-neurociencias"},{"@type":"ListItem","position":4,"name":"Investigadores aseguran que las neuronas tienen un reloj interno"}]},{"@type":"WebSite","@id":"https:\/\/medicina.udd.cl\/centro-neurociencias\/#website","url":"https:\/\/medicina.udd.cl\/centro-neurociencias\/","name":"Centro de Neurociencias","description":"Otro blog m\u00e1s de Medicina","potentialAction":[{"@type":"SearchAction","target":{"@type":"EntryPoint","urlTemplate":"https:\/\/medicina.udd.cl\/centro-neurociencias\/?s={search_term_string}"},"query-input":{"@type":"PropertyValueSpecification","valueRequired":true,"valueName":"search_term_string"}}],"inLanguage":"es"},{"@type":"Person","@id":"https:\/\/medicina.udd.cl\/centro-neurociencias\/#\/schema\/person\/f7abfa784c86da427e89287831f96ab7","name":"admin","image":{"@type":"ImageObject","inLanguage":"es","@id":"https:\/\/medicina.udd.cl\/centro-neurociencias\/#\/schema\/person\/image\/","url":"https:\/\/secure.gravatar.com\/avatar\/3cb6da298954dfb54457c0910b8c9ca010abd8d87a60f7d701b6ce4254e1c642?s=96&d=mm&r=g","contentUrl":"https:\/\/secure.gravatar.com\/avatar\/3cb6da298954dfb54457c0910b8c9ca010abd8d87a60f7d701b6ce4254e1c642?s=96&d=mm&r=g","caption":"admin"},"url":"https:\/\/medicina.udd.cl\/centro-neurociencias\/noticias\/author\/admin\/"}]}},"_links":{"self":[{"href":"https:\/\/medicina.udd.cl\/centro-neurociencias\/wp-json\/wp\/v2\/posts\/65","targetHints":{"allow":["GET"]}}],"collection":[{"href":"https:\/\/medicina.udd.cl\/centro-neurociencias\/wp-json\/wp\/v2\/posts"}],"about":[{"href":"https:\/\/medicina.udd.cl\/centro-neurociencias\/wp-json\/wp\/v2\/types\/post"}],"author":[{"embeddable":true,"href":"https:\/\/medicina.udd.cl\/centro-neurociencias\/wp-json\/wp\/v2\/users\/1"}],"replies":[{"embeddable":true,"href":"https:\/\/medicina.udd.cl\/centro-neurociencias\/wp-json\/wp\/v2\/comments?post=65"}],"version-history":[{"count":4,"href":"https:\/\/medicina.udd.cl\/centro-neurociencias\/wp-json\/wp\/v2\/posts\/65\/revisions"}],"predecessor-version":[{"id":70,"href":"https:\/\/medicina.udd.cl\/centro-neurociencias\/wp-json\/wp\/v2\/posts\/65\/revisions\/70"}],"wp:attachment":[{"href":"https:\/\/medicina.udd.cl\/centro-neurociencias\/wp-json\/wp\/v2\/media?parent=65"}],"wp:term":[{"taxonomy":"category","embeddable":true,"href":"https:\/\/medicina.udd.cl\/centro-neurociencias\/wp-json\/wp\/v2\/categories?post=65"},{"taxonomy":"post_tag","embeddable":true,"href":"https:\/\/medicina.udd.cl\/centro-neurociencias\/wp-json\/wp\/v2\/tags?post=65"}],"curies":[{"name":"wp","href":"https:\/\/api.w.org\/{rel}","templated":true}]}}