{"id":71,"date":"2012-10-10T10:59:06","date_gmt":"2012-10-10T13:59:06","guid":{"rendered":"http:\/\/medicina.udd.cl\/instituto-neurociencias-salud-mental\/?p=71"},"modified":"2012-10-10T11:05:33","modified_gmt":"2012-10-10T14:05:33","slug":"10-de-octubre-dia-mundial-de-la-salud-mental","status":"publish","type":"post","link":"https:\/\/medicina.udd.cl\/centro-neurociencias\/noticias\/2012\/10\/10\/10-de-octubre-dia-mundial-de-la-salud-mental\/","title":{"rendered":"10 de octubre: D\u00eda Mundial de la Salud Mental"},"content":{"rendered":"<p>Cada a\u00f1o el 10 de octubre tiene lugar el D\u00eda Mundial de la Salud Mental, que este a\u00f1o est\u00e1 dedicado a la depresi\u00f3n. Seg\u00fan estudios de la Organizaci\u00f3n Mundial de la Salud (OMS) y la World Federation for Mental Health, (WFMH) el trastorno afecta a millones de personas de las m\u00e1s diversas edades y niveles socioecon\u00f3micos del planeta.<\/p>\n<p>El objetivo central de dichas instituciones es difundir el concepto de que la recuperaci\u00f3n es posible, ya que es una enfermedad tratable. Y esta afirmaci\u00f3n es v\u00e1lida tanto en pa\u00edses desarrollados como en los de ingresos medios y bajos, pero que requieren de informaci\u00f3n concreta para instituir campa\u00f1as a nivel nacional.<\/p>\n<p><a href=\"http:\/\/medicina.udd.cl\/instituto-neurociencias-salud-mental\/files\/2012\/10\/diasaludmental.jpg\"><img loading=\"lazy\" decoding=\"async\" class=\"alignleft size-full wp-image-72\" title=\"diasaludmental\" src=\"http:\/\/medicina.udd.cl\/instituto-neurociencias-salud-mental\/files\/2012\/10\/diasaludmental.jpg\" alt=\"\" width=\"240\" height=\"180\" srcset=\"https:\/\/medicina.udd.cl\/centro-neurociencias\/files\/2012\/10\/diasaludmental.jpg 400w, https:\/\/medicina.udd.cl\/centro-neurociencias\/files\/2012\/10\/diasaludmental-300x225.jpg 300w\" sizes=\"auto, (max-width: 240px) 100vw, 240px\" \/><\/a><\/p>\n<p>La WFMH, hace \u00e9nfasis en que la situaci\u00f3n econ\u00f3mica ha generado m\u00e1s desempleo y mayor inseguridad. A menores o inexistentes formas de realizaci\u00f3n individual, familiar, grupal y social, la depresi\u00f3n se incrementa.<\/p>\n<p>El D\u00eda Mundial de la Salud Mental, apunta a estimular a los gobiernos y a la poblaci\u00f3n para que enfrente la depresi\u00f3n como una enfermedad, la cual est\u00e1 ampliamente diseminada y afecta a los individuos, sus familias y pares.<\/p>\n<p>En este sentido, la OMS pretende que la gente observe los s\u00edntomas de un trastorno depresivo pues estima que actualmente hay, por lo menos, 350 millones de personas afectadas a nivel mundial y que en el a\u00f1o 2030 puede convertirse en la primera enfermedad mental que afectar\u00e1 a la poblaci\u00f3n.<\/p>\n<p>La OMS, argumenta que en la Encuesta Mundial de Salud Mental llevada a cabo en 17 pa\u00edses, durante el a\u00f1o 2012, se encontr\u00f3 que en promedio 1 de cada 20 personas report\u00f3 haber tenido un episodio depresivo. Los trastornos depresivos comienzan con frecuencia a una temprana edad; reducen el funcionamiento de los sujetos y frecuentemente son peri\u00f3dicos. Por estas razones, insiste la OMS, la depresi\u00f3n se encuentra cerca de los primeros lugares de la lista de enfermedades que incapacitan a las personas para realizar diversas actividades.<\/p>\n<p>La depresi\u00f3n se presenta con una notable p\u00e9rdida de \u00e1nimo, inter\u00e9s, placer, energ\u00eda, con sentimientos de culpa y baja autoestima, alteraciones de sue\u00f1o, apetito y baja o reducida concentraci\u00f3n. Estos s\u00edntomas pueden volverse cr\u00f3nicos o recurrentes. No olvidemos que en casos severos, se llega al suicidio. En la encuesta que se realiz\u00f3, tambi\u00e9n observaron que se pierden casi un mill\u00f3n de vidas al a\u00f1o por suicidio, lo cual se traduce en aproximadamente 3000 suicidios por d\u00eda. Por cada suicida, existen 20 o m\u00e1s sujetos que intentan terminar con su vida.<\/p>\n<p>(Fuente: Diario \u201cEl Universal\u201d de M\u00e9xico)<\/p>\n","protected":false},"excerpt":{"rendered":"<p>Este a\u00f1o  est\u00e1 dedicado a la depresi\u00f3n, enfermedad que afecta a 350 millones de personas en el  planeta.  <\/p>\n","protected":false},"author":1,"featured_media":0,"comment_status":"open","ping_status":"open","sticky":false,"template":"","format":"standard","meta":{"footnotes":""},"categories":[4],"tags":[],"class_list":["post-71","post","type-post","status-publish","format-standard","hentry","category-noticias"],"yoast_head":"<!-- This site is optimized with the Yoast SEO plugin v26.9 - https:\/\/yoast.com\/product\/yoast-seo-wordpress\/ -->\n<title>10 de octubre: D\u00eda Mundial de la Salud Mental - Centro de Neurociencias<\/title>\n<meta name=\"robots\" content=\"index, follow, max-snippet:-1, max-image-preview:large, max-video-preview:-1\" \/>\n<link rel=\"canonical\" href=\"https:\/\/medicina.udd.cl\/centro-neurociencias\/noticias\/2012\/10\/10\/10-de-octubre-dia-mundial-de-la-salud-mental\/\" \/>\n<meta property=\"og:locale\" content=\"es_ES\" \/>\n<meta property=\"og:type\" content=\"article\" \/>\n<meta property=\"og:title\" content=\"10 de octubre: D\u00eda Mundial de la Salud Mental - Centro de Neurociencias\" \/>\n<meta property=\"og:description\" content=\"Este a\u00f1o est\u00e1 dedicado a la depresi\u00f3n, enfermedad que afecta a 350 millones de personas en el planeta.\" \/>\n<meta property=\"og:url\" content=\"https:\/\/medicina.udd.cl\/centro-neurociencias\/noticias\/2012\/10\/10\/10-de-octubre-dia-mundial-de-la-salud-mental\/\" \/>\n<meta property=\"og:site_name\" content=\"Centro de Neurociencias\" \/>\n<meta property=\"article:published_time\" content=\"2012-10-10T13:59:06+00:00\" \/>\n<meta property=\"article:modified_time\" content=\"2012-10-10T14:05:33+00:00\" \/>\n<meta property=\"og:image\" content=\"http:\/\/medicina.udd.cl\/instituto-neurociencias-salud-mental\/files\/2012\/10\/diasaludmental.jpg\" \/>\n<meta name=\"author\" content=\"admin\" \/>\n<meta name=\"twitter:label1\" content=\"Escrito por\" \/>\n\t<meta name=\"twitter:data1\" content=\"admin\" \/>\n\t<meta name=\"twitter:label2\" content=\"Tiempo de lectura\" \/>\n\t<meta name=\"twitter:data2\" content=\"2 minutos\" \/>\n<script type=\"application\/ld+json\" class=\"yoast-schema-graph\">{\"@context\":\"https:\/\/schema.org\",\"@graph\":[{\"@type\":\"Article\",\"@id\":\"https:\/\/medicina.udd.cl\/centro-neurociencias\/noticias\/2012\/10\/10\/10-de-octubre-dia-mundial-de-la-salud-mental\/#article\",\"isPartOf\":{\"@id\":\"https:\/\/medicina.udd.cl\/centro-neurociencias\/noticias\/2012\/10\/10\/10-de-octubre-dia-mundial-de-la-salud-mental\/\"},\"author\":{\"name\":\"admin\",\"@id\":\"https:\/\/medicina.udd.cl\/centro-neurociencias\/#\/schema\/person\/f7abfa784c86da427e89287831f96ab7\"},\"headline\":\"10 de octubre: D\u00eda Mundial de la Salud Mental\",\"datePublished\":\"2012-10-10T13:59:06+00:00\",\"dateModified\":\"2012-10-10T14:05:33+00:00\",\"mainEntityOfPage\":{\"@id\":\"https:\/\/medicina.udd.cl\/centro-neurociencias\/noticias\/2012\/10\/10\/10-de-octubre-dia-mundial-de-la-salud-mental\/\"},\"wordCount\":455,\"commentCount\":0,\"image\":{\"@id\":\"https:\/\/medicina.udd.cl\/centro-neurociencias\/noticias\/2012\/10\/10\/10-de-octubre-dia-mundial-de-la-salud-mental\/#primaryimage\"},\"thumbnailUrl\":\"http:\/\/medicina.udd.cl\/instituto-neurociencias-salud-mental\/files\/2012\/10\/diasaludmental.jpg\",\"articleSection\":[\"Noticias\"],\"inLanguage\":\"es\",\"potentialAction\":[{\"@type\":\"CommentAction\",\"name\":\"Comment\",\"target\":[\"https:\/\/medicina.udd.cl\/centro-neurociencias\/noticias\/2012\/10\/10\/10-de-octubre-dia-mundial-de-la-salud-mental\/#respond\"]}]},{\"@type\":\"WebPage\",\"@id\":\"https:\/\/medicina.udd.cl\/centro-neurociencias\/noticias\/2012\/10\/10\/10-de-octubre-dia-mundial-de-la-salud-mental\/\",\"url\":\"https:\/\/medicina.udd.cl\/centro-neurociencias\/noticias\/2012\/10\/10\/10-de-octubre-dia-mundial-de-la-salud-mental\/\",\"name\":\"10 de octubre: D\u00eda Mundial de la Salud Mental - Centro de Neurociencias\",\"isPartOf\":{\"@id\":\"https:\/\/medicina.udd.cl\/centro-neurociencias\/#website\"},\"primaryImageOfPage\":{\"@id\":\"https:\/\/medicina.udd.cl\/centro-neurociencias\/noticias\/2012\/10\/10\/10-de-octubre-dia-mundial-de-la-salud-mental\/#primaryimage\"},\"image\":{\"@id\":\"https:\/\/medicina.udd.cl\/centro-neurociencias\/noticias\/2012\/10\/10\/10-de-octubre-dia-mundial-de-la-salud-mental\/#primaryimage\"},\"thumbnailUrl\":\"http:\/\/medicina.udd.cl\/instituto-neurociencias-salud-mental\/files\/2012\/10\/diasaludmental.jpg\",\"datePublished\":\"2012-10-10T13:59:06+00:00\",\"dateModified\":\"2012-10-10T14:05:33+00:00\",\"author\":{\"@id\":\"https:\/\/medicina.udd.cl\/centro-neurociencias\/#\/schema\/person\/f7abfa784c86da427e89287831f96ab7\"},\"breadcrumb\":{\"@id\":\"https:\/\/medicina.udd.cl\/centro-neurociencias\/noticias\/2012\/10\/10\/10-de-octubre-dia-mundial-de-la-salud-mental\/#breadcrumb\"},\"inLanguage\":\"es\",\"potentialAction\":[{\"@type\":\"ReadAction\",\"target\":[\"https:\/\/medicina.udd.cl\/centro-neurociencias\/noticias\/2012\/10\/10\/10-de-octubre-dia-mundial-de-la-salud-mental\/\"]}]},{\"@type\":\"ImageObject\",\"inLanguage\":\"es\",\"@id\":\"https:\/\/medicina.udd.cl\/centro-neurociencias\/noticias\/2012\/10\/10\/10-de-octubre-dia-mundial-de-la-salud-mental\/#primaryimage\",\"url\":\"http:\/\/medicina.udd.cl\/instituto-neurociencias-salud-mental\/files\/2012\/10\/diasaludmental.jpg\",\"contentUrl\":\"http:\/\/medicina.udd.cl\/instituto-neurociencias-salud-mental\/files\/2012\/10\/diasaludmental.jpg\"},{\"@type\":\"BreadcrumbList\",\"@id\":\"https:\/\/medicina.udd.cl\/centro-neurociencias\/noticias\/2012\/10\/10\/10-de-octubre-dia-mundial-de-la-salud-mental\/#breadcrumb\",\"itemListElement\":[{\"@type\":\"ListItem\",\"position\":1,\"name\":\"Facultad de Medicina\",\"item\":\"https:\/\/medicina.udd.cl\"},{\"@type\":\"ListItem\",\"position\":2,\"name\":\"ICIM\",\"item\":\"http:\/\/medicina.udd.cl\/icim\/\"},{\"@type\":\"ListItem\",\"position\":3,\"name\":\"Centro de Neurociencias\",\"item\":\"https:\/\/medicina.udd.cl\/centro-neurociencias\"},{\"@type\":\"ListItem\",\"position\":4,\"name\":\"10 de octubre: D\u00eda Mundial de la Salud Mental\"}]},{\"@type\":\"WebSite\",\"@id\":\"https:\/\/medicina.udd.cl\/centro-neurociencias\/#website\",\"url\":\"https:\/\/medicina.udd.cl\/centro-neurociencias\/\",\"name\":\"Centro de Neurociencias\",\"description\":\"Otro blog m\u00e1s de Medicina\",\"potentialAction\":[{\"@type\":\"SearchAction\",\"target\":{\"@type\":\"EntryPoint\",\"urlTemplate\":\"https:\/\/medicina.udd.cl\/centro-neurociencias\/?s={search_term_string}\"},\"query-input\":{\"@type\":\"PropertyValueSpecification\",\"valueRequired\":true,\"valueName\":\"search_term_string\"}}],\"inLanguage\":\"es\"},{\"@type\":\"Person\",\"@id\":\"https:\/\/medicina.udd.cl\/centro-neurociencias\/#\/schema\/person\/f7abfa784c86da427e89287831f96ab7\",\"name\":\"admin\",\"image\":{\"@type\":\"ImageObject\",\"inLanguage\":\"es\",\"@id\":\"https:\/\/medicina.udd.cl\/centro-neurociencias\/#\/schema\/person\/image\/\",\"url\":\"https:\/\/secure.gravatar.com\/avatar\/3cb6da298954dfb54457c0910b8c9ca010abd8d87a60f7d701b6ce4254e1c642?s=96&d=mm&r=g\",\"contentUrl\":\"https:\/\/secure.gravatar.com\/avatar\/3cb6da298954dfb54457c0910b8c9ca010abd8d87a60f7d701b6ce4254e1c642?s=96&d=mm&r=g\",\"caption\":\"admin\"},\"url\":\"https:\/\/medicina.udd.cl\/centro-neurociencias\/noticias\/author\/admin\/\"}]}<\/script>\n<!-- \/ Yoast SEO plugin. -->","yoast_head_json":{"title":"10 de octubre: D\u00eda Mundial de la Salud Mental - Centro de Neurociencias","robots":{"index":"index","follow":"follow","max-snippet":"max-snippet:-1","max-image-preview":"max-image-preview:large","max-video-preview":"max-video-preview:-1"},"canonical":"https:\/\/medicina.udd.cl\/centro-neurociencias\/noticias\/2012\/10\/10\/10-de-octubre-dia-mundial-de-la-salud-mental\/","og_locale":"es_ES","og_type":"article","og_title":"10 de octubre: D\u00eda Mundial de la Salud Mental - Centro de Neurociencias","og_description":"Este a\u00f1o est\u00e1 dedicado a la depresi\u00f3n, enfermedad que afecta a 350 millones de personas en el planeta.","og_url":"https:\/\/medicina.udd.cl\/centro-neurociencias\/noticias\/2012\/10\/10\/10-de-octubre-dia-mundial-de-la-salud-mental\/","og_site_name":"Centro de Neurociencias","article_published_time":"2012-10-10T13:59:06+00:00","article_modified_time":"2012-10-10T14:05:33+00:00","og_image":[{"url":"http:\/\/medicina.udd.cl\/instituto-neurociencias-salud-mental\/files\/2012\/10\/diasaludmental.jpg","type":"","width":"","height":""}],"author":"admin","twitter_misc":{"Escrito por":"admin","Tiempo de lectura":"2 minutos"},"schema":{"@context":"https:\/\/schema.org","@graph":[{"@type":"Article","@id":"https:\/\/medicina.udd.cl\/centro-neurociencias\/noticias\/2012\/10\/10\/10-de-octubre-dia-mundial-de-la-salud-mental\/#article","isPartOf":{"@id":"https:\/\/medicina.udd.cl\/centro-neurociencias\/noticias\/2012\/10\/10\/10-de-octubre-dia-mundial-de-la-salud-mental\/"},"author":{"name":"admin","@id":"https:\/\/medicina.udd.cl\/centro-neurociencias\/#\/schema\/person\/f7abfa784c86da427e89287831f96ab7"},"headline":"10 de octubre: D\u00eda Mundial de la Salud Mental","datePublished":"2012-10-10T13:59:06+00:00","dateModified":"2012-10-10T14:05:33+00:00","mainEntityOfPage":{"@id":"https:\/\/medicina.udd.cl\/centro-neurociencias\/noticias\/2012\/10\/10\/10-de-octubre-dia-mundial-de-la-salud-mental\/"},"wordCount":455,"commentCount":0,"image":{"@id":"https:\/\/medicina.udd.cl\/centro-neurociencias\/noticias\/2012\/10\/10\/10-de-octubre-dia-mundial-de-la-salud-mental\/#primaryimage"},"thumbnailUrl":"http:\/\/medicina.udd.cl\/instituto-neurociencias-salud-mental\/files\/2012\/10\/diasaludmental.jpg","articleSection":["Noticias"],"inLanguage":"es","potentialAction":[{"@type":"CommentAction","name":"Comment","target":["https:\/\/medicina.udd.cl\/centro-neurociencias\/noticias\/2012\/10\/10\/10-de-octubre-dia-mundial-de-la-salud-mental\/#respond"]}]},{"@type":"WebPage","@id":"https:\/\/medicina.udd.cl\/centro-neurociencias\/noticias\/2012\/10\/10\/10-de-octubre-dia-mundial-de-la-salud-mental\/","url":"https:\/\/medicina.udd.cl\/centro-neurociencias\/noticias\/2012\/10\/10\/10-de-octubre-dia-mundial-de-la-salud-mental\/","name":"10 de octubre: D\u00eda Mundial de la Salud Mental - Centro de Neurociencias","isPartOf":{"@id":"https:\/\/medicina.udd.cl\/centro-neurociencias\/#website"},"primaryImageOfPage":{"@id":"https:\/\/medicina.udd.cl\/centro-neurociencias\/noticias\/2012\/10\/10\/10-de-octubre-dia-mundial-de-la-salud-mental\/#primaryimage"},"image":{"@id":"https:\/\/medicina.udd.cl\/centro-neurociencias\/noticias\/2012\/10\/10\/10-de-octubre-dia-mundial-de-la-salud-mental\/#primaryimage"},"thumbnailUrl":"http:\/\/medicina.udd.cl\/instituto-neurociencias-salud-mental\/files\/2012\/10\/diasaludmental.jpg","datePublished":"2012-10-10T13:59:06+00:00","dateModified":"2012-10-10T14:05:33+00:00","author":{"@id":"https:\/\/medicina.udd.cl\/centro-neurociencias\/#\/schema\/person\/f7abfa784c86da427e89287831f96ab7"},"breadcrumb":{"@id":"https:\/\/medicina.udd.cl\/centro-neurociencias\/noticias\/2012\/10\/10\/10-de-octubre-dia-mundial-de-la-salud-mental\/#breadcrumb"},"inLanguage":"es","potentialAction":[{"@type":"ReadAction","target":["https:\/\/medicina.udd.cl\/centro-neurociencias\/noticias\/2012\/10\/10\/10-de-octubre-dia-mundial-de-la-salud-mental\/"]}]},{"@type":"ImageObject","inLanguage":"es","@id":"https:\/\/medicina.udd.cl\/centro-neurociencias\/noticias\/2012\/10\/10\/10-de-octubre-dia-mundial-de-la-salud-mental\/#primaryimage","url":"http:\/\/medicina.udd.cl\/instituto-neurociencias-salud-mental\/files\/2012\/10\/diasaludmental.jpg","contentUrl":"http:\/\/medicina.udd.cl\/instituto-neurociencias-salud-mental\/files\/2012\/10\/diasaludmental.jpg"},{"@type":"BreadcrumbList","@id":"https:\/\/medicina.udd.cl\/centro-neurociencias\/noticias\/2012\/10\/10\/10-de-octubre-dia-mundial-de-la-salud-mental\/#breadcrumb","itemListElement":[{"@type":"ListItem","position":1,"name":"Facultad de Medicina","item":"https:\/\/medicina.udd.cl"},{"@type":"ListItem","position":2,"name":"ICIM","item":"http:\/\/medicina.udd.cl\/icim\/"},{"@type":"ListItem","position":3,"name":"Centro de Neurociencias","item":"https:\/\/medicina.udd.cl\/centro-neurociencias"},{"@type":"ListItem","position":4,"name":"10 de octubre: D\u00eda Mundial de la Salud Mental"}]},{"@type":"WebSite","@id":"https:\/\/medicina.udd.cl\/centro-neurociencias\/#website","url":"https:\/\/medicina.udd.cl\/centro-neurociencias\/","name":"Centro de Neurociencias","description":"Otro blog m\u00e1s de Medicina","potentialAction":[{"@type":"SearchAction","target":{"@type":"EntryPoint","urlTemplate":"https:\/\/medicina.udd.cl\/centro-neurociencias\/?s={search_term_string}"},"query-input":{"@type":"PropertyValueSpecification","valueRequired":true,"valueName":"search_term_string"}}],"inLanguage":"es"},{"@type":"Person","@id":"https:\/\/medicina.udd.cl\/centro-neurociencias\/#\/schema\/person\/f7abfa784c86da427e89287831f96ab7","name":"admin","image":{"@type":"ImageObject","inLanguage":"es","@id":"https:\/\/medicina.udd.cl\/centro-neurociencias\/#\/schema\/person\/image\/","url":"https:\/\/secure.gravatar.com\/avatar\/3cb6da298954dfb54457c0910b8c9ca010abd8d87a60f7d701b6ce4254e1c642?s=96&d=mm&r=g","contentUrl":"https:\/\/secure.gravatar.com\/avatar\/3cb6da298954dfb54457c0910b8c9ca010abd8d87a60f7d701b6ce4254e1c642?s=96&d=mm&r=g","caption":"admin"},"url":"https:\/\/medicina.udd.cl\/centro-neurociencias\/noticias\/author\/admin\/"}]}},"_links":{"self":[{"href":"https:\/\/medicina.udd.cl\/centro-neurociencias\/wp-json\/wp\/v2\/posts\/71","targetHints":{"allow":["GET"]}}],"collection":[{"href":"https:\/\/medicina.udd.cl\/centro-neurociencias\/wp-json\/wp\/v2\/posts"}],"about":[{"href":"https:\/\/medicina.udd.cl\/centro-neurociencias\/wp-json\/wp\/v2\/types\/post"}],"author":[{"embeddable":true,"href":"https:\/\/medicina.udd.cl\/centro-neurociencias\/wp-json\/wp\/v2\/users\/1"}],"replies":[{"embeddable":true,"href":"https:\/\/medicina.udd.cl\/centro-neurociencias\/wp-json\/wp\/v2\/comments?post=71"}],"version-history":[{"count":4,"href":"https:\/\/medicina.udd.cl\/centro-neurociencias\/wp-json\/wp\/v2\/posts\/71\/revisions"}],"predecessor-version":[{"id":76,"href":"https:\/\/medicina.udd.cl\/centro-neurociencias\/wp-json\/wp\/v2\/posts\/71\/revisions\/76"}],"wp:attachment":[{"href":"https:\/\/medicina.udd.cl\/centro-neurociencias\/wp-json\/wp\/v2\/media?parent=71"}],"wp:term":[{"taxonomy":"category","embeddable":true,"href":"https:\/\/medicina.udd.cl\/centro-neurociencias\/wp-json\/wp\/v2\/categories?post=71"},{"taxonomy":"post_tag","embeddable":true,"href":"https:\/\/medicina.udd.cl\/centro-neurociencias\/wp-json\/wp\/v2\/tags?post=71"}],"curies":[{"name":"wp","href":"https:\/\/api.w.org\/{rel}","templated":true}]}}