{"id":79,"date":"2012-10-12T09:33:05","date_gmt":"2012-10-12T12:33:05","guid":{"rendered":"http:\/\/medicina.udd.cl\/instituto-neurociencias-salud-mental\/?p=79"},"modified":"2013-08-20T15:42:33","modified_gmt":"2013-08-20T19:42:33","slug":"estudio-revela-aumento-de-ataques-cerebrales-en-menores-de-55-anos","status":"publish","type":"post","link":"https:\/\/medicina.udd.cl\/centro-neurociencias\/noticias\/2012\/10\/12\/estudio-revela-aumento-de-ataques-cerebrales-en-menores-de-55-anos\/","title":{"rendered":"Estudio revela aumento de ataques cerebrales en menores de 55 a\u00f1os"},"content":{"rendered":"<p><a href=\"http:\/\/medicina.udd.cl\/instituto-neurociencias-salud-mental\/files\/2012\/10\/accidentecerebral1.jpg\"><img loading=\"lazy\" decoding=\"async\" class=\"alignright size-thumbnail wp-image-80\" alt=\"accidentecerebral\" src=\"http:\/\/medicina.udd.cl\/instituto-neurociencias-salud-mental\/files\/2012\/10\/accidentecerebral1-150x150.jpg\" width=\"150\" height=\"150\" srcset=\"https:\/\/medicina.udd.cl\/centro-neurociencias\/files\/2012\/10\/accidentecerebral1-150x150.jpg 150w, https:\/\/medicina.udd.cl\/centro-neurociencias\/files\/2012\/10\/accidentecerebral1-62x62.jpg 62w, https:\/\/medicina.udd.cl\/centro-neurociencias\/files\/2012\/10\/accidentecerebral1-126x126.jpg 126w, https:\/\/medicina.udd.cl\/centro-neurociencias\/files\/2012\/10\/accidentecerebral1.jpg 300w\" sizes=\"auto, (max-width: 150px) 100vw, 150px\" \/><\/a>El a\u00f1o pasado, un estudio de los Centros para el Control y Prevenci\u00f3n de Enfermedades de EE.UU. revel\u00f3 un aumento en la prevalencia de las hospitalizaciones por accidentes cerebrovasculares en adolescentes y adultos j\u00f3venes. De acuerdo con las cifras, entre 1995 y 2008 aumentaron hasta en 37% las hospitalizaciones por esta causa en personas entre 15 y 44 a\u00f1os.<\/p>\n<p>Ahora, un nuevo informe, publicado en la revista Neurology, ha revelado que la edad promedio en la que las personas sufrieron un accidente cerebrovascular en EE.UU. se redujo de 71 a\u00f1os en 1993 a 69 a\u00f1os en 2005. Y que el mayor salto est\u00e1 en los menores de 55, donde la cifra casi se duplic\u00f3: pasaron del 13 % en 1993 al 19% en 2005.<\/p>\n<p>Las razones de esta tendencia podr\u00edan ser un aumento de los factores de riesgo, como la diabetes, la obesidad y el colesterol alto, dijo el autor del estudio Brett Kissela, de la U. de Cincinnati y miembro de la Academia Americana de Neurolog\u00eda, quien agreg\u00f3 que si estos factores ya est\u00e1n presentes a los 20 a\u00f1os, no es extra\u00f1o \u201ctener un derrame cerebral a una edad m\u00e1s joven tambi\u00e9n\u201d, dijo en Europa Press.<\/p>\n<p>Otro factor que podr\u00eda incidir en el fen\u00f3meno es la existencia de una mejor tecnolog\u00eda de im\u00e1genes cerebrales capaz de detectar peque\u00f1as apoplej\u00edas. Algo que no ocurr\u00eda con frecuencia hace una d\u00e9cada, cuando los m\u00e9dicos no sospechaban de estos casos en pacientes j\u00f3venes y las resonancias magn\u00e9ticas eran escasas, dicen los expertos.<\/p>\n<p>Kissela dice que el estudio es de gran preocupaci\u00f3n para la salud p\u00fablica, ya que los accidentes cerebrovasculares en personas j\u00f3venes se traducen en un aumento del n\u00famero de pacientes afectados por una discapacidad de por vida.<\/p>\n<p>(Fuente: La Tercera.com)<\/p>\n","protected":false},"excerpt":{"rendered":"<p>Academia Am\u00e9rica de Neurolog\u00eda dice que en 12 a\u00f1os pasaron del 13 % a 19%.<\/p>\n","protected":false},"author":1,"featured_media":0,"comment_status":"open","ping_status":"open","sticky":false,"template":"","format":"standard","meta":{"footnotes":""},"categories":[4],"tags":[],"class_list":["post-79","post","type-post","status-publish","format-standard","hentry","category-noticias"],"yoast_head":"<!-- This site is optimized with the Yoast SEO plugin v26.9 - https:\/\/yoast.com\/product\/yoast-seo-wordpress\/ -->\n<title>Estudio revela aumento de ataques cerebrales en menores de 55 a\u00f1os - Centro de Neurociencias<\/title>\n<meta name=\"robots\" content=\"index, follow, max-snippet:-1, max-image-preview:large, max-video-preview:-1\" \/>\n<link rel=\"canonical\" href=\"https:\/\/medicina.udd.cl\/centro-neurociencias\/noticias\/2012\/10\/12\/estudio-revela-aumento-de-ataques-cerebrales-en-menores-de-55-anos\/\" \/>\n<meta property=\"og:locale\" content=\"es_ES\" \/>\n<meta property=\"og:type\" content=\"article\" \/>\n<meta property=\"og:title\" content=\"Estudio revela aumento de ataques cerebrales en menores de 55 a\u00f1os - Centro de Neurociencias\" \/>\n<meta property=\"og:description\" content=\"Academia Am\u00e9rica de Neurolog\u00eda dice que en 12 a\u00f1os pasaron del 13 % a 19%.\" \/>\n<meta property=\"og:url\" content=\"https:\/\/medicina.udd.cl\/centro-neurociencias\/noticias\/2012\/10\/12\/estudio-revela-aumento-de-ataques-cerebrales-en-menores-de-55-anos\/\" \/>\n<meta property=\"og:site_name\" content=\"Centro de Neurociencias\" \/>\n<meta property=\"article:published_time\" content=\"2012-10-12T12:33:05+00:00\" \/>\n<meta property=\"article:modified_time\" content=\"2013-08-20T19:42:33+00:00\" \/>\n<meta property=\"og:image\" content=\"http:\/\/medicina.udd.cl\/instituto-neurociencias-salud-mental\/files\/2012\/10\/accidentecerebral1-150x150.jpg\" \/>\n<meta name=\"author\" content=\"admin\" \/>\n<meta name=\"twitter:label1\" content=\"Escrito por\" \/>\n\t<meta name=\"twitter:data1\" content=\"admin\" \/>\n\t<meta name=\"twitter:label2\" content=\"Tiempo de lectura\" \/>\n\t<meta name=\"twitter:data2\" content=\"2 minutos\" \/>\n<script type=\"application\/ld+json\" class=\"yoast-schema-graph\">{\"@context\":\"https:\/\/schema.org\",\"@graph\":[{\"@type\":\"Article\",\"@id\":\"https:\/\/medicina.udd.cl\/centro-neurociencias\/noticias\/2012\/10\/12\/estudio-revela-aumento-de-ataques-cerebrales-en-menores-de-55-anos\/#article\",\"isPartOf\":{\"@id\":\"https:\/\/medicina.udd.cl\/centro-neurociencias\/noticias\/2012\/10\/12\/estudio-revela-aumento-de-ataques-cerebrales-en-menores-de-55-anos\/\"},\"author\":{\"name\":\"admin\",\"@id\":\"https:\/\/medicina.udd.cl\/centro-neurociencias\/#\/schema\/person\/f7abfa784c86da427e89287831f96ab7\"},\"headline\":\"Estudio revela aumento de ataques cerebrales en menores de 55 a\u00f1os\",\"datePublished\":\"2012-10-12T12:33:05+00:00\",\"dateModified\":\"2013-08-20T19:42:33+00:00\",\"mainEntityOfPage\":{\"@id\":\"https:\/\/medicina.udd.cl\/centro-neurociencias\/noticias\/2012\/10\/12\/estudio-revela-aumento-de-ataques-cerebrales-en-menores-de-55-anos\/\"},\"wordCount\":315,\"commentCount\":0,\"image\":{\"@id\":\"https:\/\/medicina.udd.cl\/centro-neurociencias\/noticias\/2012\/10\/12\/estudio-revela-aumento-de-ataques-cerebrales-en-menores-de-55-anos\/#primaryimage\"},\"thumbnailUrl\":\"http:\/\/medicina.udd.cl\/instituto-neurociencias-salud-mental\/files\/2012\/10\/accidentecerebral1-150x150.jpg\",\"articleSection\":[\"Noticias\"],\"inLanguage\":\"es\",\"potentialAction\":[{\"@type\":\"CommentAction\",\"name\":\"Comment\",\"target\":[\"https:\/\/medicina.udd.cl\/centro-neurociencias\/noticias\/2012\/10\/12\/estudio-revela-aumento-de-ataques-cerebrales-en-menores-de-55-anos\/#respond\"]}]},{\"@type\":\"WebPage\",\"@id\":\"https:\/\/medicina.udd.cl\/centro-neurociencias\/noticias\/2012\/10\/12\/estudio-revela-aumento-de-ataques-cerebrales-en-menores-de-55-anos\/\",\"url\":\"https:\/\/medicina.udd.cl\/centro-neurociencias\/noticias\/2012\/10\/12\/estudio-revela-aumento-de-ataques-cerebrales-en-menores-de-55-anos\/\",\"name\":\"Estudio revela aumento de ataques cerebrales en menores de 55 a\u00f1os - Centro de Neurociencias\",\"isPartOf\":{\"@id\":\"https:\/\/medicina.udd.cl\/centro-neurociencias\/#website\"},\"primaryImageOfPage\":{\"@id\":\"https:\/\/medicina.udd.cl\/centro-neurociencias\/noticias\/2012\/10\/12\/estudio-revela-aumento-de-ataques-cerebrales-en-menores-de-55-anos\/#primaryimage\"},\"image\":{\"@id\":\"https:\/\/medicina.udd.cl\/centro-neurociencias\/noticias\/2012\/10\/12\/estudio-revela-aumento-de-ataques-cerebrales-en-menores-de-55-anos\/#primaryimage\"},\"thumbnailUrl\":\"http:\/\/medicina.udd.cl\/instituto-neurociencias-salud-mental\/files\/2012\/10\/accidentecerebral1-150x150.jpg\",\"datePublished\":\"2012-10-12T12:33:05+00:00\",\"dateModified\":\"2013-08-20T19:42:33+00:00\",\"author\":{\"@id\":\"https:\/\/medicina.udd.cl\/centro-neurociencias\/#\/schema\/person\/f7abfa784c86da427e89287831f96ab7\"},\"breadcrumb\":{\"@id\":\"https:\/\/medicina.udd.cl\/centro-neurociencias\/noticias\/2012\/10\/12\/estudio-revela-aumento-de-ataques-cerebrales-en-menores-de-55-anos\/#breadcrumb\"},\"inLanguage\":\"es\",\"potentialAction\":[{\"@type\":\"ReadAction\",\"target\":[\"https:\/\/medicina.udd.cl\/centro-neurociencias\/noticias\/2012\/10\/12\/estudio-revela-aumento-de-ataques-cerebrales-en-menores-de-55-anos\/\"]}]},{\"@type\":\"ImageObject\",\"inLanguage\":\"es\",\"@id\":\"https:\/\/medicina.udd.cl\/centro-neurociencias\/noticias\/2012\/10\/12\/estudio-revela-aumento-de-ataques-cerebrales-en-menores-de-55-anos\/#primaryimage\",\"url\":\"http:\/\/medicina.udd.cl\/instituto-neurociencias-salud-mental\/files\/2012\/10\/accidentecerebral1-150x150.jpg\",\"contentUrl\":\"http:\/\/medicina.udd.cl\/instituto-neurociencias-salud-mental\/files\/2012\/10\/accidentecerebral1-150x150.jpg\"},{\"@type\":\"BreadcrumbList\",\"@id\":\"https:\/\/medicina.udd.cl\/centro-neurociencias\/noticias\/2012\/10\/12\/estudio-revela-aumento-de-ataques-cerebrales-en-menores-de-55-anos\/#breadcrumb\",\"itemListElement\":[{\"@type\":\"ListItem\",\"position\":1,\"name\":\"Facultad de Medicina\",\"item\":\"https:\/\/medicina.udd.cl\"},{\"@type\":\"ListItem\",\"position\":2,\"name\":\"ICIM\",\"item\":\"http:\/\/medicina.udd.cl\/icim\/\"},{\"@type\":\"ListItem\",\"position\":3,\"name\":\"Centro de Neurociencias\",\"item\":\"https:\/\/medicina.udd.cl\/centro-neurociencias\"},{\"@type\":\"ListItem\",\"position\":4,\"name\":\"Estudio revela aumento de ataques cerebrales en menores de 55 a\u00f1os\"}]},{\"@type\":\"WebSite\",\"@id\":\"https:\/\/medicina.udd.cl\/centro-neurociencias\/#website\",\"url\":\"https:\/\/medicina.udd.cl\/centro-neurociencias\/\",\"name\":\"Centro de Neurociencias\",\"description\":\"Otro blog m\u00e1s de Medicina\",\"potentialAction\":[{\"@type\":\"SearchAction\",\"target\":{\"@type\":\"EntryPoint\",\"urlTemplate\":\"https:\/\/medicina.udd.cl\/centro-neurociencias\/?s={search_term_string}\"},\"query-input\":{\"@type\":\"PropertyValueSpecification\",\"valueRequired\":true,\"valueName\":\"search_term_string\"}}],\"inLanguage\":\"es\"},{\"@type\":\"Person\",\"@id\":\"https:\/\/medicina.udd.cl\/centro-neurociencias\/#\/schema\/person\/f7abfa784c86da427e89287831f96ab7\",\"name\":\"admin\",\"image\":{\"@type\":\"ImageObject\",\"inLanguage\":\"es\",\"@id\":\"https:\/\/medicina.udd.cl\/centro-neurociencias\/#\/schema\/person\/image\/\",\"url\":\"https:\/\/secure.gravatar.com\/avatar\/3cb6da298954dfb54457c0910b8c9ca010abd8d87a60f7d701b6ce4254e1c642?s=96&d=mm&r=g\",\"contentUrl\":\"https:\/\/secure.gravatar.com\/avatar\/3cb6da298954dfb54457c0910b8c9ca010abd8d87a60f7d701b6ce4254e1c642?s=96&d=mm&r=g\",\"caption\":\"admin\"},\"url\":\"https:\/\/medicina.udd.cl\/centro-neurociencias\/noticias\/author\/admin\/\"}]}<\/script>\n<!-- \/ Yoast SEO plugin. -->","yoast_head_json":{"title":"Estudio revela aumento de ataques cerebrales en menores de 55 a\u00f1os - Centro de Neurociencias","robots":{"index":"index","follow":"follow","max-snippet":"max-snippet:-1","max-image-preview":"max-image-preview:large","max-video-preview":"max-video-preview:-1"},"canonical":"https:\/\/medicina.udd.cl\/centro-neurociencias\/noticias\/2012\/10\/12\/estudio-revela-aumento-de-ataques-cerebrales-en-menores-de-55-anos\/","og_locale":"es_ES","og_type":"article","og_title":"Estudio revela aumento de ataques cerebrales en menores de 55 a\u00f1os - Centro de Neurociencias","og_description":"Academia Am\u00e9rica de Neurolog\u00eda dice que en 12 a\u00f1os pasaron del 13 % a 19%.","og_url":"https:\/\/medicina.udd.cl\/centro-neurociencias\/noticias\/2012\/10\/12\/estudio-revela-aumento-de-ataques-cerebrales-en-menores-de-55-anos\/","og_site_name":"Centro de Neurociencias","article_published_time":"2012-10-12T12:33:05+00:00","article_modified_time":"2013-08-20T19:42:33+00:00","og_image":[{"url":"http:\/\/medicina.udd.cl\/instituto-neurociencias-salud-mental\/files\/2012\/10\/accidentecerebral1-150x150.jpg","type":"","width":"","height":""}],"author":"admin","twitter_misc":{"Escrito por":"admin","Tiempo de lectura":"2 minutos"},"schema":{"@context":"https:\/\/schema.org","@graph":[{"@type":"Article","@id":"https:\/\/medicina.udd.cl\/centro-neurociencias\/noticias\/2012\/10\/12\/estudio-revela-aumento-de-ataques-cerebrales-en-menores-de-55-anos\/#article","isPartOf":{"@id":"https:\/\/medicina.udd.cl\/centro-neurociencias\/noticias\/2012\/10\/12\/estudio-revela-aumento-de-ataques-cerebrales-en-menores-de-55-anos\/"},"author":{"name":"admin","@id":"https:\/\/medicina.udd.cl\/centro-neurociencias\/#\/schema\/person\/f7abfa784c86da427e89287831f96ab7"},"headline":"Estudio revela aumento de ataques cerebrales en menores de 55 a\u00f1os","datePublished":"2012-10-12T12:33:05+00:00","dateModified":"2013-08-20T19:42:33+00:00","mainEntityOfPage":{"@id":"https:\/\/medicina.udd.cl\/centro-neurociencias\/noticias\/2012\/10\/12\/estudio-revela-aumento-de-ataques-cerebrales-en-menores-de-55-anos\/"},"wordCount":315,"commentCount":0,"image":{"@id":"https:\/\/medicina.udd.cl\/centro-neurociencias\/noticias\/2012\/10\/12\/estudio-revela-aumento-de-ataques-cerebrales-en-menores-de-55-anos\/#primaryimage"},"thumbnailUrl":"http:\/\/medicina.udd.cl\/instituto-neurociencias-salud-mental\/files\/2012\/10\/accidentecerebral1-150x150.jpg","articleSection":["Noticias"],"inLanguage":"es","potentialAction":[{"@type":"CommentAction","name":"Comment","target":["https:\/\/medicina.udd.cl\/centro-neurociencias\/noticias\/2012\/10\/12\/estudio-revela-aumento-de-ataques-cerebrales-en-menores-de-55-anos\/#respond"]}]},{"@type":"WebPage","@id":"https:\/\/medicina.udd.cl\/centro-neurociencias\/noticias\/2012\/10\/12\/estudio-revela-aumento-de-ataques-cerebrales-en-menores-de-55-anos\/","url":"https:\/\/medicina.udd.cl\/centro-neurociencias\/noticias\/2012\/10\/12\/estudio-revela-aumento-de-ataques-cerebrales-en-menores-de-55-anos\/","name":"Estudio revela aumento de ataques cerebrales en menores de 55 a\u00f1os - Centro de Neurociencias","isPartOf":{"@id":"https:\/\/medicina.udd.cl\/centro-neurociencias\/#website"},"primaryImageOfPage":{"@id":"https:\/\/medicina.udd.cl\/centro-neurociencias\/noticias\/2012\/10\/12\/estudio-revela-aumento-de-ataques-cerebrales-en-menores-de-55-anos\/#primaryimage"},"image":{"@id":"https:\/\/medicina.udd.cl\/centro-neurociencias\/noticias\/2012\/10\/12\/estudio-revela-aumento-de-ataques-cerebrales-en-menores-de-55-anos\/#primaryimage"},"thumbnailUrl":"http:\/\/medicina.udd.cl\/instituto-neurociencias-salud-mental\/files\/2012\/10\/accidentecerebral1-150x150.jpg","datePublished":"2012-10-12T12:33:05+00:00","dateModified":"2013-08-20T19:42:33+00:00","author":{"@id":"https:\/\/medicina.udd.cl\/centro-neurociencias\/#\/schema\/person\/f7abfa784c86da427e89287831f96ab7"},"breadcrumb":{"@id":"https:\/\/medicina.udd.cl\/centro-neurociencias\/noticias\/2012\/10\/12\/estudio-revela-aumento-de-ataques-cerebrales-en-menores-de-55-anos\/#breadcrumb"},"inLanguage":"es","potentialAction":[{"@type":"ReadAction","target":["https:\/\/medicina.udd.cl\/centro-neurociencias\/noticias\/2012\/10\/12\/estudio-revela-aumento-de-ataques-cerebrales-en-menores-de-55-anos\/"]}]},{"@type":"ImageObject","inLanguage":"es","@id":"https:\/\/medicina.udd.cl\/centro-neurociencias\/noticias\/2012\/10\/12\/estudio-revela-aumento-de-ataques-cerebrales-en-menores-de-55-anos\/#primaryimage","url":"http:\/\/medicina.udd.cl\/instituto-neurociencias-salud-mental\/files\/2012\/10\/accidentecerebral1-150x150.jpg","contentUrl":"http:\/\/medicina.udd.cl\/instituto-neurociencias-salud-mental\/files\/2012\/10\/accidentecerebral1-150x150.jpg"},{"@type":"BreadcrumbList","@id":"https:\/\/medicina.udd.cl\/centro-neurociencias\/noticias\/2012\/10\/12\/estudio-revela-aumento-de-ataques-cerebrales-en-menores-de-55-anos\/#breadcrumb","itemListElement":[{"@type":"ListItem","position":1,"name":"Facultad de Medicina","item":"https:\/\/medicina.udd.cl"},{"@type":"ListItem","position":2,"name":"ICIM","item":"http:\/\/medicina.udd.cl\/icim\/"},{"@type":"ListItem","position":3,"name":"Centro de Neurociencias","item":"https:\/\/medicina.udd.cl\/centro-neurociencias"},{"@type":"ListItem","position":4,"name":"Estudio revela aumento de ataques cerebrales en menores de 55 a\u00f1os"}]},{"@type":"WebSite","@id":"https:\/\/medicina.udd.cl\/centro-neurociencias\/#website","url":"https:\/\/medicina.udd.cl\/centro-neurociencias\/","name":"Centro de Neurociencias","description":"Otro blog m\u00e1s de Medicina","potentialAction":[{"@type":"SearchAction","target":{"@type":"EntryPoint","urlTemplate":"https:\/\/medicina.udd.cl\/centro-neurociencias\/?s={search_term_string}"},"query-input":{"@type":"PropertyValueSpecification","valueRequired":true,"valueName":"search_term_string"}}],"inLanguage":"es"},{"@type":"Person","@id":"https:\/\/medicina.udd.cl\/centro-neurociencias\/#\/schema\/person\/f7abfa784c86da427e89287831f96ab7","name":"admin","image":{"@type":"ImageObject","inLanguage":"es","@id":"https:\/\/medicina.udd.cl\/centro-neurociencias\/#\/schema\/person\/image\/","url":"https:\/\/secure.gravatar.com\/avatar\/3cb6da298954dfb54457c0910b8c9ca010abd8d87a60f7d701b6ce4254e1c642?s=96&d=mm&r=g","contentUrl":"https:\/\/secure.gravatar.com\/avatar\/3cb6da298954dfb54457c0910b8c9ca010abd8d87a60f7d701b6ce4254e1c642?s=96&d=mm&r=g","caption":"admin"},"url":"https:\/\/medicina.udd.cl\/centro-neurociencias\/noticias\/author\/admin\/"}]}},"_links":{"self":[{"href":"https:\/\/medicina.udd.cl\/centro-neurociencias\/wp-json\/wp\/v2\/posts\/79","targetHints":{"allow":["GET"]}}],"collection":[{"href":"https:\/\/medicina.udd.cl\/centro-neurociencias\/wp-json\/wp\/v2\/posts"}],"about":[{"href":"https:\/\/medicina.udd.cl\/centro-neurociencias\/wp-json\/wp\/v2\/types\/post"}],"author":[{"embeddable":true,"href":"https:\/\/medicina.udd.cl\/centro-neurociencias\/wp-json\/wp\/v2\/users\/1"}],"replies":[{"embeddable":true,"href":"https:\/\/medicina.udd.cl\/centro-neurociencias\/wp-json\/wp\/v2\/comments?post=79"}],"version-history":[{"count":8,"href":"https:\/\/medicina.udd.cl\/centro-neurociencias\/wp-json\/wp\/v2\/posts\/79\/revisions"}],"predecessor-version":[{"id":119,"href":"https:\/\/medicina.udd.cl\/centro-neurociencias\/wp-json\/wp\/v2\/posts\/79\/revisions\/119"}],"wp:attachment":[{"href":"https:\/\/medicina.udd.cl\/centro-neurociencias\/wp-json\/wp\/v2\/media?parent=79"}],"wp:term":[{"taxonomy":"category","embeddable":true,"href":"https:\/\/medicina.udd.cl\/centro-neurociencias\/wp-json\/wp\/v2\/categories?post=79"},{"taxonomy":"post_tag","embeddable":true,"href":"https:\/\/medicina.udd.cl\/centro-neurociencias\/wp-json\/wp\/v2\/tags?post=79"}],"curies":[{"name":"wp","href":"https:\/\/api.w.org\/{rel}","templated":true}]}}