{"id":1340,"date":"2021-09-01T15:27:00","date_gmt":"2021-09-01T15:27:00","guid":{"rendered":"https:\/\/medicina.udd.cl\/doctorado\/?p=1340"},"modified":"2021-09-01T15:27:00","modified_gmt":"2021-09-01T15:27:00","slug":"udd-recibe-validacion-del-isp-para-realizar-vigilancia-genomica-del-sars-cov-2","status":"publish","type":"post","link":"https:\/\/medicina.udd.cl\/doctorado\/2021\/09\/01\/udd-recibe-validacion-del-isp-para-realizar-vigilancia-genomica-del-sars-cov-2\/","title":{"rendered":"UDD recibe validaci\u00f3n del ISP para realizar vigilancia gen\u00f3mica del SARS-CoV-2"},"content":{"rendered":"\n<div class=\"wp-block-image\"><figure class=\"aligncenter size-large\"><img loading=\"lazy\" decoding=\"async\" width=\"1024\" height=\"682\" src=\"http:\/\/medicina.udd.cl\/doctorado\/files\/2021\/07\/inicio-plan-de-aceleracion-secuenciacion-sars-cov-2-3-1024x682.jpeg\" alt=\"\" class=\"wp-image-1309\" srcset=\"https:\/\/medicina.udd.cl\/doctorado\/files\/2021\/07\/inicio-plan-de-aceleracion-secuenciacion-sars-cov-2-3-1024x682.jpeg 1024w, https:\/\/medicina.udd.cl\/doctorado\/files\/2021\/07\/inicio-plan-de-aceleracion-secuenciacion-sars-cov-2-3-300x200.jpeg 300w, https:\/\/medicina.udd.cl\/doctorado\/files\/2021\/07\/inicio-plan-de-aceleracion-secuenciacion-sars-cov-2-3-768x512.jpeg 768w, https:\/\/medicina.udd.cl\/doctorado\/files\/2021\/07\/inicio-plan-de-aceleracion-secuenciacion-sars-cov-2-3.jpeg 1280w\" sizes=\"auto, (max-width: 1024px) 100vw, 1024px\" \/><\/figure><\/div>\n\n\n\n<p>El Ministerio de Ciencia, Tecnolog\u00eda, Conocimiento e Innovaci\u00f3n confirm\u00f3 que el Instituto de Ciencias e Innovaci\u00f3n en Medicina (ICIM) consigui\u00f3 la validaci\u00f3n del Instituto de Salud P\u00fablica (ISP) para realizar vigilancia gen\u00f3mica del SARS-CoV-2, con lo que se proyecta secuenciar de 48 a 96 muestras semanales en los laboratorios de la Universidad del Desarrollo (UDD), con el fin de detectar variantes del virus en Chile.<\/p>\n\n\n\n<p>En una primera etapa, se analizaron 50 muestras hist\u00f3ricas del ICIM, que debieron ser enviadas al ISP para su validaci\u00f3n, pues es el organismo encargado de determinar si las secuencias que se est\u00e1n realizando cumplen con los est\u00e1ndares. En el fondo, \u201cdeb\u00edamos demostrar que no s\u00f3lo contamos con el equipamiento, sino que tambi\u00e9n somos competentes en procesar un n\u00famero importante de muestras y obtener los resultados esperados\u201d, se\u00f1al\u00f3 Gonzalo Encina, investigador a cargo de la secuenciaci\u00f3n en los laboratorios UDD.<\/p>\n\n\n\n<p>En este sentido, explica que el proceso consisti\u00f3 en \u201cextraer los \u00e1cidos nucleicos de estas muestras, secuenciarlas con tecnolog\u00eda Illumina y analizar los datos obtenidos, los que fueron entregados al ISP para su revisi\u00f3n. Esta validaci\u00f3n de la capacidad de secuenciaci\u00f3n de genomas virales y del an\u00e1lisis bioinform\u00e1tico de las secuencias confirma la expertise cient\u00edfica y t\u00e9cnica con que cuenta el ICIM, que se ha puesto al servicio de la autoridad sanitaria para apoyar el plan nacional de Vigilancia Gen\u00f3mica del SARS-CoV-2\u201d.<\/p>\n\n\n\n<p>De este modo, el ICIM comenzar\u00e1 a recibir muestras de acuerdo a los criterios definidos por el Ministerio de Salud, aumentando la capacidad nacional para la secuenciaci\u00f3n gen\u00f3mica del coronavirus, \u201clo que permite no s\u00f3lo detectar variantes que est\u00e9n circulando o hayan ingresado a nuestro pa\u00eds, sino que tambi\u00e9n descubrir nuevas variantes que puedan ir surgiendo, algo fundamental para el control de la pandemia en nuestro pa\u00eds\u201d, finaliz\u00f3 Encina.<\/p>\n\n\n\n<p>Cabe destacar que el equipo a cargo de realizar secuenciaci\u00f3n en los laboratorios del ICIM es liderado por los investigadores Gonzalo Encina, Cecilia Vial, Ricardo Armisen, Carolina Ram\u00edrez y Alejandro Blanco, que con el apoyo de un importante grupo de profesionales han montado las t\u00e9cnicas y llevado a cabo todos los procedimientos necesarios para realizar vigilancia gen\u00f3mica en la UDD.<\/p>\n","protected":false},"excerpt":{"rendered":"<p>El Ministerio de Ciencia, Tecnolog\u00eda, Conocimiento e Innovaci\u00f3n confirm\u00f3 que el Instituto de Ciencias e Innovaci\u00f3n en Medicina (ICIM) consigui\u00f3 la validaci\u00f3n del Instituto de Salud P\u00fablica (ISP) para realizar vigilancia gen\u00f3mica del SARS-CoV-2, con lo que se proyecta secuenciar de 48 a 96 muestras semanales en los laboratorios de la Universidad del Desarrollo (UDD), [&hellip;]<\/p>\n","protected":false},"author":0,"featured_media":1309,"comment_status":"open","ping_status":"open","sticky":false,"template":"","format":"standard","meta":{"footnotes":""},"categories":[13],"tags":[],"class_list":["post-1340","post","type-post","status-publish","format-standard","has-post-thumbnail","hentry","category-noticias-es"],"yoast_head":"<!-- This site is optimized with the Yoast SEO plugin v26.9 - https:\/\/yoast.com\/product\/yoast-seo-wordpress\/ -->\n<title>UDD recibe validaci\u00f3n del ISP para realizar vigilancia gen\u00f3mica del SARS-CoV-2 - Doctorado en Ciencias e Innovaci\u00f3n en Medicina<\/title>\n<meta name=\"robots\" content=\"noindex, follow, max-snippet:-1, max-image-preview:large, max-video-preview:-1\" \/>\n<meta property=\"og:locale\" content=\"es_ES\" \/>\n<meta property=\"og:type\" content=\"article\" \/>\n<meta property=\"og:title\" content=\"UDD recibe validaci\u00f3n del ISP para realizar vigilancia gen\u00f3mica del SARS-CoV-2 - Doctorado en Ciencias e Innovaci\u00f3n en Medicina\" \/>\n<meta property=\"og:description\" content=\"El Ministerio de Ciencia, Tecnolog\u00eda, Conocimiento e Innovaci\u00f3n confirm\u00f3 que el Instituto de Ciencias e Innovaci\u00f3n en Medicina (ICIM) consigui\u00f3 la validaci\u00f3n del Instituto de Salud P\u00fablica (ISP) para realizar vigilancia gen\u00f3mica del SARS-CoV-2, con lo que se proyecta secuenciar de 48 a 96 muestras semanales en los laboratorios de la Universidad del Desarrollo (UDD), [&hellip;]\" \/>\n<meta property=\"og:url\" content=\"https:\/\/medicina.udd.cl\/doctorado\/2021\/09\/01\/udd-recibe-validacion-del-isp-para-realizar-vigilancia-genomica-del-sars-cov-2\/\" \/>\n<meta property=\"og:site_name\" content=\"Doctorado en Ciencias e Innovaci\u00f3n en Medicina\" \/>\n<meta property=\"article:published_time\" content=\"2021-09-01T15:27:00+00:00\" \/>\n<meta property=\"og:image\" content=\"https:\/\/medicina.udd.cl\/doctorado\/files\/2021\/07\/inicio-plan-de-aceleracion-secuenciacion-sars-cov-2-3.jpeg\" \/>\n\t<meta property=\"og:image:width\" content=\"1280\" \/>\n\t<meta property=\"og:image:height\" content=\"853\" \/>\n\t<meta property=\"og:image:type\" content=\"image\/jpeg\" \/>\n<meta name=\"twitter:card\" content=\"summary_large_image\" \/>\n<meta name=\"twitter:label1\" content=\"Tiempo de lectura\" \/>\n\t<meta name=\"twitter:data1\" content=\"2 minutos\" \/>\n<script type=\"application\/ld+json\" class=\"yoast-schema-graph\">{\"@context\":\"https:\/\/schema.org\",\"@graph\":[{\"@type\":\"Article\",\"@id\":\"https:\/\/medicina.udd.cl\/doctorado\/2021\/09\/01\/udd-recibe-validacion-del-isp-para-realizar-vigilancia-genomica-del-sars-cov-2\/#article\",\"isPartOf\":{\"@id\":\"https:\/\/medicina.udd.cl\/doctorado\/2021\/09\/01\/udd-recibe-validacion-del-isp-para-realizar-vigilancia-genomica-del-sars-cov-2\/\"},\"author\":{\"name\":\"\",\"@id\":\"\"},\"headline\":\"UDD recibe validaci\u00f3n del ISP para realizar vigilancia gen\u00f3mica del SARS-CoV-2\",\"datePublished\":\"2021-09-01T15:27:00+00:00\",\"mainEntityOfPage\":{\"@id\":\"https:\/\/medicina.udd.cl\/doctorado\/2021\/09\/01\/udd-recibe-validacion-del-isp-para-realizar-vigilancia-genomica-del-sars-cov-2\/\"},\"wordCount\":402,\"commentCount\":0,\"image\":{\"@id\":\"https:\/\/medicina.udd.cl\/doctorado\/2021\/09\/01\/udd-recibe-validacion-del-isp-para-realizar-vigilancia-genomica-del-sars-cov-2\/#primaryimage\"},\"thumbnailUrl\":\"https:\/\/medicina.udd.cl\/doctorado\/files\/2021\/07\/inicio-plan-de-aceleracion-secuenciacion-sars-cov-2-3.jpeg\",\"articleSection\":[\"noticias\"],\"inLanguage\":\"es\",\"potentialAction\":[{\"@type\":\"CommentAction\",\"name\":\"Comment\",\"target\":[\"https:\/\/medicina.udd.cl\/doctorado\/2021\/09\/01\/udd-recibe-validacion-del-isp-para-realizar-vigilancia-genomica-del-sars-cov-2\/#respond\"]}]},{\"@type\":\"WebPage\",\"@id\":\"https:\/\/medicina.udd.cl\/doctorado\/2021\/09\/01\/udd-recibe-validacion-del-isp-para-realizar-vigilancia-genomica-del-sars-cov-2\/\",\"url\":\"https:\/\/medicina.udd.cl\/doctorado\/2021\/09\/01\/udd-recibe-validacion-del-isp-para-realizar-vigilancia-genomica-del-sars-cov-2\/\",\"name\":\"UDD recibe validaci\u00f3n del ISP para realizar vigilancia gen\u00f3mica del SARS-CoV-2 - Doctorado en Ciencias e Innovaci\u00f3n en Medicina\",\"isPartOf\":{\"@id\":\"https:\/\/medicina.udd.cl\/doctorado\/#website\"},\"primaryImageOfPage\":{\"@id\":\"https:\/\/medicina.udd.cl\/doctorado\/2021\/09\/01\/udd-recibe-validacion-del-isp-para-realizar-vigilancia-genomica-del-sars-cov-2\/#primaryimage\"},\"image\":{\"@id\":\"https:\/\/medicina.udd.cl\/doctorado\/2021\/09\/01\/udd-recibe-validacion-del-isp-para-realizar-vigilancia-genomica-del-sars-cov-2\/#primaryimage\"},\"thumbnailUrl\":\"https:\/\/medicina.udd.cl\/doctorado\/files\/2021\/07\/inicio-plan-de-aceleracion-secuenciacion-sars-cov-2-3.jpeg\",\"datePublished\":\"2021-09-01T15:27:00+00:00\",\"author\":{\"@id\":\"\"},\"inLanguage\":\"es\",\"potentialAction\":[{\"@type\":\"ReadAction\",\"target\":[\"https:\/\/medicina.udd.cl\/doctorado\/2021\/09\/01\/udd-recibe-validacion-del-isp-para-realizar-vigilancia-genomica-del-sars-cov-2\/\"]}]},{\"@type\":\"ImageObject\",\"inLanguage\":\"es\",\"@id\":\"https:\/\/medicina.udd.cl\/doctorado\/2021\/09\/01\/udd-recibe-validacion-del-isp-para-realizar-vigilancia-genomica-del-sars-cov-2\/#primaryimage\",\"url\":\"https:\/\/medicina.udd.cl\/doctorado\/files\/2021\/07\/inicio-plan-de-aceleracion-secuenciacion-sars-cov-2-3.jpeg\",\"contentUrl\":\"https:\/\/medicina.udd.cl\/doctorado\/files\/2021\/07\/inicio-plan-de-aceleracion-secuenciacion-sars-cov-2-3.jpeg\",\"width\":1280,\"height\":853},{\"@type\":\"WebSite\",\"@id\":\"https:\/\/medicina.udd.cl\/doctorado\/#website\",\"url\":\"https:\/\/medicina.udd.cl\/doctorado\/\",\"name\":\"Doctorado en Ciencias e Innovaci\u00f3n en Medicina\",\"description\":\"\",\"inLanguage\":\"es\"}]}<\/script>\n<!-- \/ Yoast SEO plugin. -->","yoast_head_json":{"title":"UDD recibe validaci\u00f3n del ISP para realizar vigilancia gen\u00f3mica del SARS-CoV-2 - Doctorado en Ciencias e Innovaci\u00f3n en Medicina","robots":{"index":"noindex","follow":"follow","max-snippet":"max-snippet:-1","max-image-preview":"max-image-preview:large","max-video-preview":"max-video-preview:-1"},"og_locale":"es_ES","og_type":"article","og_title":"UDD recibe validaci\u00f3n del ISP para realizar vigilancia gen\u00f3mica del SARS-CoV-2 - Doctorado en Ciencias e Innovaci\u00f3n en Medicina","og_description":"El Ministerio de Ciencia, Tecnolog\u00eda, Conocimiento e Innovaci\u00f3n confirm\u00f3 que el Instituto de Ciencias e Innovaci\u00f3n en Medicina (ICIM) consigui\u00f3 la validaci\u00f3n del Instituto de Salud P\u00fablica (ISP) para realizar vigilancia gen\u00f3mica del SARS-CoV-2, con lo que se proyecta secuenciar de 48 a 96 muestras semanales en los laboratorios de la Universidad del Desarrollo (UDD), [&hellip;]","og_url":"https:\/\/medicina.udd.cl\/doctorado\/2021\/09\/01\/udd-recibe-validacion-del-isp-para-realizar-vigilancia-genomica-del-sars-cov-2\/","og_site_name":"Doctorado en Ciencias e Innovaci\u00f3n en Medicina","article_published_time":"2021-09-01T15:27:00+00:00","og_image":[{"width":1280,"height":853,"url":"https:\/\/medicina.udd.cl\/doctorado\/files\/2021\/07\/inicio-plan-de-aceleracion-secuenciacion-sars-cov-2-3.jpeg","type":"image\/jpeg"}],"twitter_card":"summary_large_image","twitter_misc":{"Tiempo de lectura":"2 minutos"},"schema":{"@context":"https:\/\/schema.org","@graph":[{"@type":"Article","@id":"https:\/\/medicina.udd.cl\/doctorado\/2021\/09\/01\/udd-recibe-validacion-del-isp-para-realizar-vigilancia-genomica-del-sars-cov-2\/#article","isPartOf":{"@id":"https:\/\/medicina.udd.cl\/doctorado\/2021\/09\/01\/udd-recibe-validacion-del-isp-para-realizar-vigilancia-genomica-del-sars-cov-2\/"},"author":{"name":"","@id":""},"headline":"UDD recibe validaci\u00f3n del ISP para realizar vigilancia gen\u00f3mica del SARS-CoV-2","datePublished":"2021-09-01T15:27:00+00:00","mainEntityOfPage":{"@id":"https:\/\/medicina.udd.cl\/doctorado\/2021\/09\/01\/udd-recibe-validacion-del-isp-para-realizar-vigilancia-genomica-del-sars-cov-2\/"},"wordCount":402,"commentCount":0,"image":{"@id":"https:\/\/medicina.udd.cl\/doctorado\/2021\/09\/01\/udd-recibe-validacion-del-isp-para-realizar-vigilancia-genomica-del-sars-cov-2\/#primaryimage"},"thumbnailUrl":"https:\/\/medicina.udd.cl\/doctorado\/files\/2021\/07\/inicio-plan-de-aceleracion-secuenciacion-sars-cov-2-3.jpeg","articleSection":["noticias"],"inLanguage":"es","potentialAction":[{"@type":"CommentAction","name":"Comment","target":["https:\/\/medicina.udd.cl\/doctorado\/2021\/09\/01\/udd-recibe-validacion-del-isp-para-realizar-vigilancia-genomica-del-sars-cov-2\/#respond"]}]},{"@type":"WebPage","@id":"https:\/\/medicina.udd.cl\/doctorado\/2021\/09\/01\/udd-recibe-validacion-del-isp-para-realizar-vigilancia-genomica-del-sars-cov-2\/","url":"https:\/\/medicina.udd.cl\/doctorado\/2021\/09\/01\/udd-recibe-validacion-del-isp-para-realizar-vigilancia-genomica-del-sars-cov-2\/","name":"UDD recibe validaci\u00f3n del ISP para realizar vigilancia gen\u00f3mica del SARS-CoV-2 - Doctorado en Ciencias e Innovaci\u00f3n en Medicina","isPartOf":{"@id":"https:\/\/medicina.udd.cl\/doctorado\/#website"},"primaryImageOfPage":{"@id":"https:\/\/medicina.udd.cl\/doctorado\/2021\/09\/01\/udd-recibe-validacion-del-isp-para-realizar-vigilancia-genomica-del-sars-cov-2\/#primaryimage"},"image":{"@id":"https:\/\/medicina.udd.cl\/doctorado\/2021\/09\/01\/udd-recibe-validacion-del-isp-para-realizar-vigilancia-genomica-del-sars-cov-2\/#primaryimage"},"thumbnailUrl":"https:\/\/medicina.udd.cl\/doctorado\/files\/2021\/07\/inicio-plan-de-aceleracion-secuenciacion-sars-cov-2-3.jpeg","datePublished":"2021-09-01T15:27:00+00:00","author":{"@id":""},"inLanguage":"es","potentialAction":[{"@type":"ReadAction","target":["https:\/\/medicina.udd.cl\/doctorado\/2021\/09\/01\/udd-recibe-validacion-del-isp-para-realizar-vigilancia-genomica-del-sars-cov-2\/"]}]},{"@type":"ImageObject","inLanguage":"es","@id":"https:\/\/medicina.udd.cl\/doctorado\/2021\/09\/01\/udd-recibe-validacion-del-isp-para-realizar-vigilancia-genomica-del-sars-cov-2\/#primaryimage","url":"https:\/\/medicina.udd.cl\/doctorado\/files\/2021\/07\/inicio-plan-de-aceleracion-secuenciacion-sars-cov-2-3.jpeg","contentUrl":"https:\/\/medicina.udd.cl\/doctorado\/files\/2021\/07\/inicio-plan-de-aceleracion-secuenciacion-sars-cov-2-3.jpeg","width":1280,"height":853},{"@type":"WebSite","@id":"https:\/\/medicina.udd.cl\/doctorado\/#website","url":"https:\/\/medicina.udd.cl\/doctorado\/","name":"Doctorado en Ciencias e Innovaci\u00f3n en Medicina","description":"","inLanguage":"es"}]}},"featured_image_url":"https:\/\/medicina.udd.cl\/doctorado\/files\/2021\/07\/inicio-plan-de-aceleracion-secuenciacion-sars-cov-2-3.jpeg","_links":{"self":[{"href":"https:\/\/medicina.udd.cl\/doctorado\/wp-json\/wp\/v2\/posts\/1340","targetHints":{"allow":["GET"]}}],"collection":[{"href":"https:\/\/medicina.udd.cl\/doctorado\/wp-json\/wp\/v2\/posts"}],"about":[{"href":"https:\/\/medicina.udd.cl\/doctorado\/wp-json\/wp\/v2\/types\/post"}],"replies":[{"embeddable":true,"href":"https:\/\/medicina.udd.cl\/doctorado\/wp-json\/wp\/v2\/comments?post=1340"}],"version-history":[{"count":0,"href":"https:\/\/medicina.udd.cl\/doctorado\/wp-json\/wp\/v2\/posts\/1340\/revisions"}],"wp:featuredmedia":[{"embeddable":true,"href":"https:\/\/medicina.udd.cl\/doctorado\/wp-json\/wp\/v2\/media\/1309"}],"wp:attachment":[{"href":"https:\/\/medicina.udd.cl\/doctorado\/wp-json\/wp\/v2\/media?parent=1340"}],"wp:term":[{"taxonomy":"category","embeddable":true,"href":"https:\/\/medicina.udd.cl\/doctorado\/wp-json\/wp\/v2\/categories?post=1340"},{"taxonomy":"post_tag","embeddable":true,"href":"https:\/\/medicina.udd.cl\/doctorado\/wp-json\/wp\/v2\/tags?post=1340"}],"curies":[{"name":"wp","href":"https:\/\/api.w.org\/{rel}","templated":true}]}}