{"id":1,"date":"2011-10-04T13:44:13","date_gmt":"2011-10-04T13:44:13","guid":{"rendered":"http:\/\/medicina.udd.cl\/egresados\/?p=1"},"modified":"2011-11-16T10:52:42","modified_gmt":"2011-11-16T13:52:42","slug":"hola-mundo","status":"publish","type":"post","link":"https:\/\/medicina.udd.cl\/egresados\/noticias\/2011\/10\/04\/hola-mundo\/","title":{"rendered":"Ex alumna y su trabajo en Fundaci\u00f3n \u201cLeche para Hait\u00ed\u201d"},"content":{"rendered":"<p style=\"text-align: left;\"><a href=\"http:\/\/medicina.udd.cl\/egresados\/files\/2011\/10\/carolina-garc\u00e9s.jpg\" class=\"thickbox\"><img loading=\"lazy\" decoding=\"async\" class=\"alignleft size-medium wp-image-169\" title=\"carolina garc\u00e9s\" src=\"http:\/\/medicina.udd.cl\/egresados\/files\/2011\/10\/carolina-garc\u00e9s-300x280.jpg\" alt=\"\" width=\"300\" height=\"280\" \/><\/a>La Dra. Carolina Garc\u00e9s es ex alumna de la\u00a0<a rel=\"External\" class=\"out\" href=\"http:\/\/medicina.udd.cl\/\">Facultad de Medicina Cl\u00ednica Alemana Universidad del Desarrollo<\/a> y actualmente becada en Psiquiatr\u00eda infanto juvenil. Viaj\u00f3 el 2009 para realizar un voluntariado en el consultorio de Puerto Pr\u00edncipe, en Hait\u00ed, a trav\u00e9s de la Fundaci\u00f3n \u201c<a class=\"out\" rel=\"External\" href=\"http:\/\/www.americasolidaria.org\/\" target=\"_blank\">Am\u00e9rica Solidaria<\/a>\u201d. Su estad\u00eda fue de 6 meses, donde lo experimentado dio un vuelco en 180 grados a su vida.<\/p>\n<p style=\"text-align: justify;\">Si bien, durante la carrera estuvo relacionada al trabajo social en campamentos, al egresar conoci\u00f3 m\u00e1s de cerca la realidad haitiana a trav\u00e9s de los relatos de la Dra. Carmen Lagos y el Dr. Pablo Sandoval, quienes ya hab\u00edan comenzado con un Programa de desnutrici\u00f3n infantil\u2026 la situaci\u00f3n a la que se enfrent\u00f3 fue muy distinta a la imagen que preconcebida.<\/p>\n<p style=\"text-align: justify;\">Los cifras hablan de un Hait\u00ed con tres m\u00e9dicos por 10.000 habitantes como promedio y servicios de salud para s\u00f3lo la mitad de la poblaci\u00f3n. Una esperanza de vida de 61 a\u00f1os y un cuarto de los partos atendidos por personal capacitado. Adem\u00e1s, 12 de cada 100 ni\u00f1os no alcanzar\u00edan a cumplir los 5 a\u00f1os (en Chile la tasa de mortalidad infantil se podr\u00eda entender como menos de 1 por cada 100).<\/p>\n<p style=\"text-align: justify;\"><em>\u201cCre\u00ed poder imaginar que un ni\u00f1o de 6 meses -por la falta de lactancia materna y de suplementos adecuados- pesara lo mismo que un reci\u00e9n nacido normal (3,5 kg)\u2026 Pero cuando enfrent\u00e9 la desnutrici\u00f3n d\u00eda a d\u00eda, cuando ten\u00eda que elegir pacientes para atender de una interminable fila que llevaban horas esperando en los flacos brazos de sus padres que miraban entre asustados y resignados\u2026 qued\u00e9 perpleja\u201d<\/em>,\u00a0recuerda la profesional de la salud.<\/p>\n<p style=\"text-align: justify;\"><a href=\"http:\/\/medicina.udd.cl\/egresados\/files\/2011\/10\/ni\u00f1os-haiti.jpg\" class=\"thickbox\"><img loading=\"lazy\" decoding=\"async\" class=\"alignright size-medium wp-image-67\" title=\"ni\u00f1os haiti\" src=\"http:\/\/medicina.udd.cl\/egresados\/files\/2011\/10\/ni\u00f1os-haiti-300x225.jpg\" alt=\"\" width=\"300\" height=\"225\" srcset=\"https:\/\/medicina.udd.cl\/egresados\/files\/2011\/10\/ni\u00f1os-haiti-300x225.jpg 300w, https:\/\/medicina.udd.cl\/egresados\/files\/2011\/10\/ni\u00f1os-haiti.jpg 720w\" sizes=\"auto, (max-width: 300px) 100vw, 300px\" \/><\/a>Los voluntarios tuvieron que enfrentarse a historias de madres que por su propia desnutrici\u00f3n, escasos suplementos nutritivos durante el embarazo, hemorragia aguda postparto o desconocimiento de porqu\u00e9 y c\u00f3mo realizar una adecuada lactancia materna, remplazaban la leche por lo que tuviesen a mano -fuera caf\u00e9 oagua con az\u00facar- \u00a0satisfaciendo el hambre a ratos.<\/p>\n<p style=\"text-align: justify;\">Observaron que a medida que mejoraban el estado nutricional de madres e hijos, a trav\u00e9s de las donaciones de leche, de la educaci\u00f3n sobre manejo del agua y lactancia,\u00a0fortalec\u00edan todos sus sistemas, permiti\u00e9ndoles a muchos poder empezar a caminar o hablar, mejorando el v\u00ednculo con su familia y recuperando todo el retraso que pose\u00edan.<\/p>\n<p style=\"text-align: justify;\">Carolina cuenta la reflexi\u00f3n que le dej\u00f3 esta experiencia en Hait\u00ed:\u00a0<em>\u201c\u00a1Ten\u00edamos que continuar con el programa de desnutrici\u00f3n a toda costa! Ten\u00edamos a nuestro favor un equipo de voluntarios en terreno comprometido y conmovido a diario. Fue as\u00ed como volv\u00ed de Hait\u00ed con una mochila tan pesada como hermosa y gratificante, marcada por ideales y esperanza de poder mejorar las cosas\u201d.<\/em><\/p>\n<p style=\"text-align: justify;\">Con toda la fuerza y motivaci\u00f3n de un grupo de j\u00f3venes profesionales que, marcados por los rostros e historias que est\u00e1n detr\u00e1s de los \u00edndices de pobreza, nace la fundaci\u00f3n \u201c<a class=\"out\" rel=\"External\" href=\"http:\/\/www.lecheparahaiti.cl\/\" target=\"_blank\">Leche para Hait\u00ed<\/a>\u201d. Su misi\u00f3n es contribuir a la superaci\u00f3n de la desnutrici\u00f3n infantil en la isla y generar mayor conciencia en Chile sobre las carencias experimentadas en lugares como \u00e9ste.<\/p>\n<p style=\"text-align: justify;\">Finalmente, luego de un tiempo trabajando en la formaci\u00f3n legal de la instituci\u00f3n, el jueves 1 de septiembre de 2011, en la sala 5 del Cine Hoyts de la Reina, se llev\u00f3 a cabo el lanzamiento oficial de la Fundaci\u00f3n, oportunidad donde se present\u00f3 el documental \u201cLejos de Hait\u00ed\u201d.<\/p>\n","protected":false},"excerpt":{"rendered":"<p>Egresada de la primera generaci\u00f3n de la carrera de Medicina trabaja por los ni\u00f1os y ni\u00f1as con mala nutrici\u00f3n en Hait\u00ed.<\/p>\n","protected":false},"author":9192219,"featured_media":0,"comment_status":"open","ping_status":"open","sticky":false,"template":"","format":"standard","meta":{"footnotes":""},"categories":[4],"tags":[],"class_list":["post-1","post","type-post","status-publish","format-standard","hentry","category-noticias"],"yoast_head":"<!-- This site is optimized with the Yoast SEO plugin v26.9 - https:\/\/yoast.com\/product\/yoast-seo-wordpress\/ -->\n<title>Ex alumna y su trabajo en Fundaci\u00f3n \u201cLeche para Hait\u00ed\u201d - Red de Egresados<\/title>\n<meta name=\"robots\" content=\"index, follow, max-snippet:-1, max-image-preview:large, max-video-preview:-1\" \/>\n<link rel=\"canonical\" href=\"https:\/\/medicina.udd.cl\/egresados\/noticias\/2011\/10\/04\/hola-mundo\/\" \/>\n<meta property=\"og:locale\" content=\"es_ES\" \/>\n<meta property=\"og:type\" content=\"article\" \/>\n<meta property=\"og:title\" content=\"Ex alumna y su trabajo en Fundaci\u00f3n \u201cLeche para Hait\u00ed\u201d - Red de Egresados\" \/>\n<meta property=\"og:description\" content=\"Egresada de la primera generaci\u00f3n de la carrera de Medicina trabaja por los ni\u00f1os y ni\u00f1as con mala nutrici\u00f3n en Hait\u00ed.\" \/>\n<meta property=\"og:url\" content=\"https:\/\/medicina.udd.cl\/egresados\/noticias\/2011\/10\/04\/hola-mundo\/\" \/>\n<meta property=\"og:site_name\" content=\"Red de Egresados\" \/>\n<meta property=\"article:published_time\" content=\"2011-10-04T13:44:13+00:00\" \/>\n<meta property=\"article:modified_time\" content=\"2011-11-16T13:52:42+00:00\" \/>\n<meta name=\"author\" content=\"rbraidy\" \/>\n<meta name=\"twitter:label1\" content=\"Escrito por\" \/>\n\t<meta name=\"twitter:data1\" content=\"rbraidy\" \/>\n\t<meta name=\"twitter:label2\" content=\"Tiempo de lectura\" \/>\n\t<meta name=\"twitter:data2\" content=\"3 minutos\" \/>\n<script type=\"application\/ld+json\" class=\"yoast-schema-graph\">{\"@context\":\"https:\/\/schema.org\",\"@graph\":[{\"@type\":\"Article\",\"@id\":\"https:\/\/medicina.udd.cl\/egresados\/noticias\/2011\/10\/04\/hola-mundo\/#article\",\"isPartOf\":{\"@id\":\"https:\/\/medicina.udd.cl\/egresados\/noticias\/2011\/10\/04\/hola-mundo\/\"},\"author\":{\"name\":\"rbraidy\",\"@id\":\"https:\/\/medicina.udd.cl\/egresados\/#\/schema\/person\/dbc3705bf3a93e8be1ba6de0ef950341\"},\"headline\":\"Ex alumna y su trabajo en Fundaci\u00f3n \u201cLeche para Hait\u00ed\u201d\",\"datePublished\":\"2011-10-04T13:44:13+00:00\",\"dateModified\":\"2011-11-16T13:52:42+00:00\",\"mainEntityOfPage\":{\"@id\":\"https:\/\/medicina.udd.cl\/egresados\/noticias\/2011\/10\/04\/hola-mundo\/\"},\"wordCount\":598,\"commentCount\":0,\"articleSection\":[\"Noticias\"],\"inLanguage\":\"es\",\"potentialAction\":[{\"@type\":\"CommentAction\",\"name\":\"Comment\",\"target\":[\"https:\/\/medicina.udd.cl\/egresados\/noticias\/2011\/10\/04\/hola-mundo\/#respond\"]}]},{\"@type\":\"WebPage\",\"@id\":\"https:\/\/medicina.udd.cl\/egresados\/noticias\/2011\/10\/04\/hola-mundo\/\",\"url\":\"https:\/\/medicina.udd.cl\/egresados\/noticias\/2011\/10\/04\/hola-mundo\/\",\"name\":\"Ex alumna y su trabajo en Fundaci\u00f3n \u201cLeche para Hait\u00ed\u201d - Red de Egresados\",\"isPartOf\":{\"@id\":\"https:\/\/medicina.udd.cl\/egresados\/#website\"},\"datePublished\":\"2011-10-04T13:44:13+00:00\",\"dateModified\":\"2011-11-16T13:52:42+00:00\",\"author\":{\"@id\":\"https:\/\/medicina.udd.cl\/egresados\/#\/schema\/person\/dbc3705bf3a93e8be1ba6de0ef950341\"},\"breadcrumb\":{\"@id\":\"https:\/\/medicina.udd.cl\/egresados\/noticias\/2011\/10\/04\/hola-mundo\/#breadcrumb\"},\"inLanguage\":\"es\",\"potentialAction\":[{\"@type\":\"ReadAction\",\"target\":[\"https:\/\/medicina.udd.cl\/egresados\/noticias\/2011\/10\/04\/hola-mundo\/\"]}]},{\"@type\":\"BreadcrumbList\",\"@id\":\"https:\/\/medicina.udd.cl\/egresados\/noticias\/2011\/10\/04\/hola-mundo\/#breadcrumb\",\"itemListElement\":[{\"@type\":\"ListItem\",\"position\":1,\"name\":\"Home\",\"item\":\"https:\/\/medicina.udd.cl\/egresados\/\"},{\"@type\":\"ListItem\",\"position\":2,\"name\":\"Ex alumna y su trabajo en Fundaci\u00f3n \u201cLeche para Hait\u00ed\u201d\"}]},{\"@type\":\"WebSite\",\"@id\":\"https:\/\/medicina.udd.cl\/egresados\/#website\",\"url\":\"https:\/\/medicina.udd.cl\/egresados\/\",\"name\":\"Red de Egresados\",\"description\":\"Just another Medicina site\",\"potentialAction\":[{\"@type\":\"SearchAction\",\"target\":{\"@type\":\"EntryPoint\",\"urlTemplate\":\"https:\/\/medicina.udd.cl\/egresados\/?s={search_term_string}\"},\"query-input\":{\"@type\":\"PropertyValueSpecification\",\"valueRequired\":true,\"valueName\":\"search_term_string\"}}],\"inLanguage\":\"es\"},{\"@type\":\"Person\",\"@id\":\"https:\/\/medicina.udd.cl\/egresados\/#\/schema\/person\/dbc3705bf3a93e8be1ba6de0ef950341\",\"name\":\"rbraidy\",\"image\":{\"@type\":\"ImageObject\",\"inLanguage\":\"es\",\"@id\":\"https:\/\/medicina.udd.cl\/egresados\/#\/schema\/person\/image\/\",\"url\":\"https:\/\/secure.gravatar.com\/avatar\/0f8bc94637401590e45d2ce17eb65c274cb8870a219de6177f3f23e63fd8cdf3?s=96&d=mm&r=g\",\"contentUrl\":\"https:\/\/secure.gravatar.com\/avatar\/0f8bc94637401590e45d2ce17eb65c274cb8870a219de6177f3f23e63fd8cdf3?s=96&d=mm&r=g\",\"caption\":\"rbraidy\"},\"url\":\"https:\/\/medicina.udd.cl\/egresados\/noticias\/author\/rbraidy\/\"}]}<\/script>\n<!-- \/ Yoast SEO plugin. -->","yoast_head_json":{"title":"Ex alumna y su trabajo en Fundaci\u00f3n \u201cLeche para Hait\u00ed\u201d - Red de Egresados","robots":{"index":"index","follow":"follow","max-snippet":"max-snippet:-1","max-image-preview":"max-image-preview:large","max-video-preview":"max-video-preview:-1"},"canonical":"https:\/\/medicina.udd.cl\/egresados\/noticias\/2011\/10\/04\/hola-mundo\/","og_locale":"es_ES","og_type":"article","og_title":"Ex alumna y su trabajo en Fundaci\u00f3n \u201cLeche para Hait\u00ed\u201d - Red de Egresados","og_description":"Egresada de la primera generaci\u00f3n de la carrera de Medicina trabaja por los ni\u00f1os y ni\u00f1as con mala nutrici\u00f3n en Hait\u00ed.","og_url":"https:\/\/medicina.udd.cl\/egresados\/noticias\/2011\/10\/04\/hola-mundo\/","og_site_name":"Red de Egresados","article_published_time":"2011-10-04T13:44:13+00:00","article_modified_time":"2011-11-16T13:52:42+00:00","author":"rbraidy","twitter_misc":{"Escrito por":"rbraidy","Tiempo de lectura":"3 minutos"},"schema":{"@context":"https:\/\/schema.org","@graph":[{"@type":"Article","@id":"https:\/\/medicina.udd.cl\/egresados\/noticias\/2011\/10\/04\/hola-mundo\/#article","isPartOf":{"@id":"https:\/\/medicina.udd.cl\/egresados\/noticias\/2011\/10\/04\/hola-mundo\/"},"author":{"name":"rbraidy","@id":"https:\/\/medicina.udd.cl\/egresados\/#\/schema\/person\/dbc3705bf3a93e8be1ba6de0ef950341"},"headline":"Ex alumna y su trabajo en Fundaci\u00f3n \u201cLeche para Hait\u00ed\u201d","datePublished":"2011-10-04T13:44:13+00:00","dateModified":"2011-11-16T13:52:42+00:00","mainEntityOfPage":{"@id":"https:\/\/medicina.udd.cl\/egresados\/noticias\/2011\/10\/04\/hola-mundo\/"},"wordCount":598,"commentCount":0,"articleSection":["Noticias"],"inLanguage":"es","potentialAction":[{"@type":"CommentAction","name":"Comment","target":["https:\/\/medicina.udd.cl\/egresados\/noticias\/2011\/10\/04\/hola-mundo\/#respond"]}]},{"@type":"WebPage","@id":"https:\/\/medicina.udd.cl\/egresados\/noticias\/2011\/10\/04\/hola-mundo\/","url":"https:\/\/medicina.udd.cl\/egresados\/noticias\/2011\/10\/04\/hola-mundo\/","name":"Ex alumna y su trabajo en Fundaci\u00f3n \u201cLeche para Hait\u00ed\u201d - Red de Egresados","isPartOf":{"@id":"https:\/\/medicina.udd.cl\/egresados\/#website"},"datePublished":"2011-10-04T13:44:13+00:00","dateModified":"2011-11-16T13:52:42+00:00","author":{"@id":"https:\/\/medicina.udd.cl\/egresados\/#\/schema\/person\/dbc3705bf3a93e8be1ba6de0ef950341"},"breadcrumb":{"@id":"https:\/\/medicina.udd.cl\/egresados\/noticias\/2011\/10\/04\/hola-mundo\/#breadcrumb"},"inLanguage":"es","potentialAction":[{"@type":"ReadAction","target":["https:\/\/medicina.udd.cl\/egresados\/noticias\/2011\/10\/04\/hola-mundo\/"]}]},{"@type":"BreadcrumbList","@id":"https:\/\/medicina.udd.cl\/egresados\/noticias\/2011\/10\/04\/hola-mundo\/#breadcrumb","itemListElement":[{"@type":"ListItem","position":1,"name":"Home","item":"https:\/\/medicina.udd.cl\/egresados\/"},{"@type":"ListItem","position":2,"name":"Ex alumna y su trabajo en Fundaci\u00f3n \u201cLeche para Hait\u00ed\u201d"}]},{"@type":"WebSite","@id":"https:\/\/medicina.udd.cl\/egresados\/#website","url":"https:\/\/medicina.udd.cl\/egresados\/","name":"Red de Egresados","description":"Just another Medicina site","potentialAction":[{"@type":"SearchAction","target":{"@type":"EntryPoint","urlTemplate":"https:\/\/medicina.udd.cl\/egresados\/?s={search_term_string}"},"query-input":{"@type":"PropertyValueSpecification","valueRequired":true,"valueName":"search_term_string"}}],"inLanguage":"es"},{"@type":"Person","@id":"https:\/\/medicina.udd.cl\/egresados\/#\/schema\/person\/dbc3705bf3a93e8be1ba6de0ef950341","name":"rbraidy","image":{"@type":"ImageObject","inLanguage":"es","@id":"https:\/\/medicina.udd.cl\/egresados\/#\/schema\/person\/image\/","url":"https:\/\/secure.gravatar.com\/avatar\/0f8bc94637401590e45d2ce17eb65c274cb8870a219de6177f3f23e63fd8cdf3?s=96&d=mm&r=g","contentUrl":"https:\/\/secure.gravatar.com\/avatar\/0f8bc94637401590e45d2ce17eb65c274cb8870a219de6177f3f23e63fd8cdf3?s=96&d=mm&r=g","caption":"rbraidy"},"url":"https:\/\/medicina.udd.cl\/egresados\/noticias\/author\/rbraidy\/"}]}},"_links":{"self":[{"href":"https:\/\/medicina.udd.cl\/egresados\/wp-json\/wp\/v2\/posts\/1","targetHints":{"allow":["GET"]}}],"collection":[{"href":"https:\/\/medicina.udd.cl\/egresados\/wp-json\/wp\/v2\/posts"}],"about":[{"href":"https:\/\/medicina.udd.cl\/egresados\/wp-json\/wp\/v2\/types\/post"}],"author":[{"embeddable":true,"href":"https:\/\/medicina.udd.cl\/egresados\/wp-json\/wp\/v2\/users\/9192219"}],"replies":[{"embeddable":true,"href":"https:\/\/medicina.udd.cl\/egresados\/wp-json\/wp\/v2\/comments?post=1"}],"version-history":[{"count":6,"href":"https:\/\/medicina.udd.cl\/egresados\/wp-json\/wp\/v2\/posts\/1\/revisions"}],"predecessor-version":[{"id":171,"href":"https:\/\/medicina.udd.cl\/egresados\/wp-json\/wp\/v2\/posts\/1\/revisions\/171"}],"wp:attachment":[{"href":"https:\/\/medicina.udd.cl\/egresados\/wp-json\/wp\/v2\/media?parent=1"}],"wp:term":[{"taxonomy":"category","embeddable":true,"href":"https:\/\/medicina.udd.cl\/egresados\/wp-json\/wp\/v2\/categories?post=1"},{"taxonomy":"post_tag","embeddable":true,"href":"https:\/\/medicina.udd.cl\/egresados\/wp-json\/wp\/v2\/tags?post=1"}],"curies":[{"name":"wp","href":"https:\/\/api.w.org\/{rel}","templated":true}]}}