{"id":126,"date":"2011-11-15T13:16:00","date_gmt":"2011-11-15T16:16:00","guid":{"rendered":"http:\/\/medicina.udd.cl\/egresados\/?p=126"},"modified":"2011-11-15T14:57:23","modified_gmt":"2011-11-15T17:57:23","slug":"la-labor-de-los-egresados-en-los-consultorios-de-la-red-hph","status":"publish","type":"post","link":"https:\/\/medicina.udd.cl\/egresados\/noticias\/2011\/11\/15\/la-labor-de-los-egresados-en-los-consultorios-de-la-red-hph\/","title":{"rendered":"La labor de los egresados en los consultorios de la red HPH"},"content":{"rendered":"<p style=\"text-align: justify;\"><a href=\"http:\/\/medicina.udd.cl\/egresados\/files\/2011\/11\/Consultorio-La-Granja.jpg\" class=\"thickbox\"><img loading=\"lazy\" decoding=\"async\" class=\"alignleft size-medium wp-image-128\" title=\"Consultorio La Granja Sur\" src=\"http:\/\/medicina.udd.cl\/egresados\/files\/2011\/11\/Consultorio-La-Granja-300x199.jpg\" alt=\"\" width=\"300\" height=\"199\" \/><\/a>El consultorio La Granja Sur est\u00e1 ubicado en el sector suroriente de la capital, espec\u00edficamente en la comuna de La Granja. Es parte de la red asistencial de nuestro campo cl\u00ednico Hospital Padre Hurtado, junto a otros centros\u00a0de salud\u00a0de La Pintana y San Ram\u00f3n. Tiene una poblaci\u00f3n de usuarios inscritos en FONASA de 41.211 personas, de los cuales 19.742 es p\u00fablico femenino y 21.469 masculino. Adem\u00e1s, cuenta con un total de 97 funcionarios.<\/p>\n<p style=\"text-align: justify;\">En este centro de salud primaria recibe a los estudiantes de Medicina de la <a rel=\"External\" class=\"out\" href=\"http:\/\/medicina.udd.cl\/\">Facultad de Medicina Cl\u00ednica Alemana Universidad del Desarrollo<\/a>, quienes\u00a0cumplen su internado durante los dos \u00faltimos a\u00f1os de carrera. Adem\u00e1s, hay dos becados que realizan labores m\u00e9dicas.\u00a0<\/p>\n<p style=\"text-align: justify;\"><strong>La misi\u00f3n de los egresados<\/strong><\/p>\n<p style=\"text-align: justify;\"><a href=\"http:\/\/medicina.udd.cl\/egresados\/files\/2011\/11\/UDD-16-ago-1863.jpg\" class=\"thickbox\"><img loading=\"lazy\" decoding=\"async\" class=\"alignright size-thumbnail wp-image-133\" title=\"Daniela Silva\" src=\"http:\/\/medicina.udd.cl\/egresados\/files\/2011\/11\/UDD-16-ago-1863-150x150.jpg\" alt=\"\" width=\"160\" height=\"165\" \/><\/a>La\u00a0Doctora Daniela Silva\u00a0lleva tres meses trabajando en el consultorio La Granja, realiz\u00f3 su internado en este lugar y decidi\u00f3 quedarse\u00a0\u201c<em>Lo\u00a0 que me llev\u00f3 a seguir ac\u00e1 fue porque esta comuna a mi me dio las herramientas para desempe\u00f1arme como profesional de la salud, yo aprend\u00ed con esta comuna, con su gente de ac\u00e1, entonces ten\u00eda que devolverle la mano de alguna manera\u201d<\/em>, aclara.<\/p>\n<p style=\"text-align: justify;\">Al referirse a los conocimientos recibidos por la Facultad, Daniela comenta que\u00a0\u201c<em>la universidad entrega una excelente preparaci\u00f3n, lo hemos comentado con otros compa\u00f1eros de curso, notamos que podemos lograr en 12 minutos definir un cuadro de alg\u00fan paciente y eso es s\u00faper bueno\u201d<\/em>.<\/p>\n<p style=\"text-align: justify;\">Los propios internos de s\u00e9ptimo a\u00f1o han descubierto\u00a0esta teor\u00eda, pero m\u00e1s a\u00fan en la han visto en la\u00a0pr\u00e1ctica para cumplir\u00a0el objetivo de otorgar una atenci\u00f3n equitativa y de calidad, centrada en las personas y sus familias, enfocada en lo preventivo. Es la meta que est\u00e1 presente en el ADN de la formaci\u00f3n acad\u00e9mica.\u00a0<\/p>\n<p style=\"text-align: justify;\"><a href=\"http:\/\/medicina.udd.cl\/egresados\/files\/2011\/11\/Fernando.jpg\" class=\"thickbox\"><img loading=\"lazy\" decoding=\"async\" class=\"alignleft size-thumbnail wp-image-136\" title=\"Fernando\" src=\"http:\/\/medicina.udd.cl\/egresados\/files\/2011\/11\/Fernando-150x150.jpg\" alt=\"\" width=\"163\" height=\"167\" \/><\/a>Los ex alumnos tienen una opini\u00f3n muy similar. El Dr. Fernando Manr\u00edquez, m\u00e9dico general y encargado del \u00e1rea de Psiquiatr\u00eda en el CESFAM Gabriela Mistral\u00a0-otro de los consultorios de la red de salud asistencia del Hospital Padre Hurtado-\u00a0asegura que \u201clo importante es estar con la gente, que muchas veces viene con dolencias que no se encuentran en los libros. Estar en un consultorio va mucho m\u00e1s all\u00e1 de tener o no alg\u00fan conocimiento t\u00e9cnico, porque este se puede buscar\u201d. Adem\u00e1s, agrega que en el d\u00eda se atiende a una gran cantidad de p\u00fablico que no s\u00f3lo asiste por enfermedad, sino que tambi\u00e9n por los<strong><em> <\/em><\/strong>problemas sociales que trascienden al \u00e1rea de la salud. \u201cAqu\u00ed uno tiene que hacer de todo\u201d, enfatiza.<\/p>\n<p><strong>Internos como parte de la\u00a0comunidad<\/strong><\/p>\n<p style=\"text-align: justify;\">Las labores que se realizan en los consultorios son complejas y, por lo general, las necesidades no son mitigadas, pues los recursos son escasos. Sin embargo, es este mismo ambiente el que genera un aprendizaje trascendental para los estudiantes m\u00e1s all\u00e1 de las aulas.<\/p>\n<p style=\"text-align: justify;\">La convivencia en el d\u00eda a d\u00eda con los funcionarios forja un car\u00e1cter solidario que es primordial para la labor de un m\u00e9dico. En el internado, poco a poco se crea una relaci\u00f3n cercana, donde los estudiantes se transforman en un miembro m\u00e1s de ese sistema de atenci\u00f3n, ayudando a resolver problemas y emergencias con un criterio amplio y resolutivo y a la vez, se sienten acogidos por los mismos que trabajan en el consultorio.<\/p>\n<p style=\"text-align: justify;\">\u201cSe forma un ambiente muy grato, porque a uno lo integran, pasamos a ser parte del equipo. Te conocen las enfermeras, los pacientes, y como nos ven m\u00e1s j\u00f3venes nos tratan como los\u00a0 regalones\u201d,<strong><em> <\/em><\/strong>explican los internos.<\/p>\n<p style=\"text-align: justify;\">El trato cordial que tienen los internos UDD es reconocido por todos los funcionarios de los centros asistenciales. Por ejemplo, Francisco Vidal, mayordomo del Consultorio Gabriela Mistral, nos recalca que \u201cla experiencia ha sido excelente, los chicos son amables y atienden muy bien a la gente, hasta se encari\u00f1an con uno, hay varios que se van pero vuelven a saludar y otros se quedan trabajando aqu\u00ed, incluso armamos partidos de f\u00fatbol y juegan en nuestros equipos\u201d.<\/p>\n<p style=\"text-align: justify;\">Cuando se acaba el internado, muchos estudiantes optan por seguir en el servicio de atenci\u00f3n primaria. Es as\u00ed como llegan a formar parte del equipo de planta de los consultorios de la red asistencial, uno de los pasos m\u00e1s importantes que puede dar un m\u00e9dico al inicio de su carrera. Es el momento en que dejan de ser considerados como profesionales de paso por el centro de salud, recayendo en ellos una responsabilidad mayor.<\/p>\n","protected":false},"excerpt":{"rendered":"<p>Los consultorios de la red asistencial del Hospital Padre Hurtado reciben a nuestros egresados de Medicina. <\/p>\n","protected":false},"author":9192219,"featured_media":0,"comment_status":"open","ping_status":"open","sticky":false,"template":"","format":"standard","meta":{"footnotes":""},"categories":[4],"tags":[],"class_list":["post-126","post","type-post","status-publish","format-standard","hentry","category-noticias"],"yoast_head":"<!-- This site is optimized with the Yoast SEO plugin v26.9 - https:\/\/yoast.com\/product\/yoast-seo-wordpress\/ -->\n<title>La labor de los egresados en los consultorios de la red HPH - Red de Egresados<\/title>\n<meta name=\"robots\" content=\"index, follow, max-snippet:-1, max-image-preview:large, max-video-preview:-1\" \/>\n<link rel=\"canonical\" href=\"https:\/\/medicina.udd.cl\/egresados\/noticias\/2011\/11\/15\/la-labor-de-los-egresados-en-los-consultorios-de-la-red-hph\/\" \/>\n<meta property=\"og:locale\" content=\"es_ES\" \/>\n<meta property=\"og:type\" content=\"article\" \/>\n<meta property=\"og:title\" content=\"La labor de los egresados en los consultorios de la red HPH - Red de Egresados\" \/>\n<meta property=\"og:description\" content=\"Los consultorios de la red asistencial del Hospital Padre Hurtado reciben a nuestros egresados de Medicina.\" \/>\n<meta property=\"og:url\" content=\"https:\/\/medicina.udd.cl\/egresados\/noticias\/2011\/11\/15\/la-labor-de-los-egresados-en-los-consultorios-de-la-red-hph\/\" \/>\n<meta property=\"og:site_name\" content=\"Red de Egresados\" \/>\n<meta property=\"article:published_time\" content=\"2011-11-15T16:16:00+00:00\" \/>\n<meta property=\"article:modified_time\" content=\"2011-11-15T17:57:23+00:00\" \/>\n<meta property=\"og:image\" content=\"http:\/\/medicina.udd.cl\/egresados\/files\/2011\/11\/Consultorio-La-Granja-300x199.jpg\" \/>\n<meta name=\"author\" content=\"rbraidy\" \/>\n<meta name=\"twitter:label1\" content=\"Escrito por\" \/>\n\t<meta name=\"twitter:data1\" content=\"rbraidy\" \/>\n\t<meta name=\"twitter:label2\" content=\"Tiempo de lectura\" \/>\n\t<meta name=\"twitter:data2\" content=\"4 minutos\" \/>\n<script type=\"application\/ld+json\" class=\"yoast-schema-graph\">{\"@context\":\"https:\/\/schema.org\",\"@graph\":[{\"@type\":\"Article\",\"@id\":\"https:\/\/medicina.udd.cl\/egresados\/noticias\/2011\/11\/15\/la-labor-de-los-egresados-en-los-consultorios-de-la-red-hph\/#article\",\"isPartOf\":{\"@id\":\"https:\/\/medicina.udd.cl\/egresados\/noticias\/2011\/11\/15\/la-labor-de-los-egresados-en-los-consultorios-de-la-red-hph\/\"},\"author\":{\"name\":\"rbraidy\",\"@id\":\"https:\/\/medicina.udd.cl\/egresados\/#\/schema\/person\/dbc3705bf3a93e8be1ba6de0ef950341\"},\"headline\":\"La labor de los egresados en los consultorios de la red HPH\",\"datePublished\":\"2011-11-15T16:16:00+00:00\",\"dateModified\":\"2011-11-15T17:57:23+00:00\",\"mainEntityOfPage\":{\"@id\":\"https:\/\/medicina.udd.cl\/egresados\/noticias\/2011\/11\/15\/la-labor-de-los-egresados-en-los-consultorios-de-la-red-hph\/\"},\"wordCount\":782,\"commentCount\":0,\"image\":{\"@id\":\"https:\/\/medicina.udd.cl\/egresados\/noticias\/2011\/11\/15\/la-labor-de-los-egresados-en-los-consultorios-de-la-red-hph\/#primaryimage\"},\"thumbnailUrl\":\"http:\/\/medicina.udd.cl\/egresados\/files\/2011\/11\/Consultorio-La-Granja-300x199.jpg\",\"articleSection\":[\"Noticias\"],\"inLanguage\":\"es\",\"potentialAction\":[{\"@type\":\"CommentAction\",\"name\":\"Comment\",\"target\":[\"https:\/\/medicina.udd.cl\/egresados\/noticias\/2011\/11\/15\/la-labor-de-los-egresados-en-los-consultorios-de-la-red-hph\/#respond\"]}]},{\"@type\":\"WebPage\",\"@id\":\"https:\/\/medicina.udd.cl\/egresados\/noticias\/2011\/11\/15\/la-labor-de-los-egresados-en-los-consultorios-de-la-red-hph\/\",\"url\":\"https:\/\/medicina.udd.cl\/egresados\/noticias\/2011\/11\/15\/la-labor-de-los-egresados-en-los-consultorios-de-la-red-hph\/\",\"name\":\"La labor de los egresados en los consultorios de la red HPH - Red de Egresados\",\"isPartOf\":{\"@id\":\"https:\/\/medicina.udd.cl\/egresados\/#website\"},\"primaryImageOfPage\":{\"@id\":\"https:\/\/medicina.udd.cl\/egresados\/noticias\/2011\/11\/15\/la-labor-de-los-egresados-en-los-consultorios-de-la-red-hph\/#primaryimage\"},\"image\":{\"@id\":\"https:\/\/medicina.udd.cl\/egresados\/noticias\/2011\/11\/15\/la-labor-de-los-egresados-en-los-consultorios-de-la-red-hph\/#primaryimage\"},\"thumbnailUrl\":\"http:\/\/medicina.udd.cl\/egresados\/files\/2011\/11\/Consultorio-La-Granja-300x199.jpg\",\"datePublished\":\"2011-11-15T16:16:00+00:00\",\"dateModified\":\"2011-11-15T17:57:23+00:00\",\"author\":{\"@id\":\"https:\/\/medicina.udd.cl\/egresados\/#\/schema\/person\/dbc3705bf3a93e8be1ba6de0ef950341\"},\"breadcrumb\":{\"@id\":\"https:\/\/medicina.udd.cl\/egresados\/noticias\/2011\/11\/15\/la-labor-de-los-egresados-en-los-consultorios-de-la-red-hph\/#breadcrumb\"},\"inLanguage\":\"es\",\"potentialAction\":[{\"@type\":\"ReadAction\",\"target\":[\"https:\/\/medicina.udd.cl\/egresados\/noticias\/2011\/11\/15\/la-labor-de-los-egresados-en-los-consultorios-de-la-red-hph\/\"]}]},{\"@type\":\"ImageObject\",\"inLanguage\":\"es\",\"@id\":\"https:\/\/medicina.udd.cl\/egresados\/noticias\/2011\/11\/15\/la-labor-de-los-egresados-en-los-consultorios-de-la-red-hph\/#primaryimage\",\"url\":\"https:\/\/medicina.udd.cl\/egresados\/files\/2011\/11\/Consultorio-La-Granja.jpg\",\"contentUrl\":\"https:\/\/medicina.udd.cl\/egresados\/files\/2011\/11\/Consultorio-La-Granja.jpg\",\"width\":3267,\"height\":2178},{\"@type\":\"BreadcrumbList\",\"@id\":\"https:\/\/medicina.udd.cl\/egresados\/noticias\/2011\/11\/15\/la-labor-de-los-egresados-en-los-consultorios-de-la-red-hph\/#breadcrumb\",\"itemListElement\":[{\"@type\":\"ListItem\",\"position\":1,\"name\":\"Home\",\"item\":\"https:\/\/medicina.udd.cl\/egresados\/\"},{\"@type\":\"ListItem\",\"position\":2,\"name\":\"La labor de los egresados en los consultorios de la red HPH\"}]},{\"@type\":\"WebSite\",\"@id\":\"https:\/\/medicina.udd.cl\/egresados\/#website\",\"url\":\"https:\/\/medicina.udd.cl\/egresados\/\",\"name\":\"Red de Egresados\",\"description\":\"Just another Medicina site\",\"potentialAction\":[{\"@type\":\"SearchAction\",\"target\":{\"@type\":\"EntryPoint\",\"urlTemplate\":\"https:\/\/medicina.udd.cl\/egresados\/?s={search_term_string}\"},\"query-input\":{\"@type\":\"PropertyValueSpecification\",\"valueRequired\":true,\"valueName\":\"search_term_string\"}}],\"inLanguage\":\"es\"},{\"@type\":\"Person\",\"@id\":\"https:\/\/medicina.udd.cl\/egresados\/#\/schema\/person\/dbc3705bf3a93e8be1ba6de0ef950341\",\"name\":\"rbraidy\",\"image\":{\"@type\":\"ImageObject\",\"inLanguage\":\"es\",\"@id\":\"https:\/\/medicina.udd.cl\/egresados\/#\/schema\/person\/image\/\",\"url\":\"https:\/\/secure.gravatar.com\/avatar\/0f8bc94637401590e45d2ce17eb65c274cb8870a219de6177f3f23e63fd8cdf3?s=96&d=mm&r=g\",\"contentUrl\":\"https:\/\/secure.gravatar.com\/avatar\/0f8bc94637401590e45d2ce17eb65c274cb8870a219de6177f3f23e63fd8cdf3?s=96&d=mm&r=g\",\"caption\":\"rbraidy\"},\"url\":\"https:\/\/medicina.udd.cl\/egresados\/noticias\/author\/rbraidy\/\"}]}<\/script>\n<!-- \/ Yoast SEO plugin. -->","yoast_head_json":{"title":"La labor de los egresados en los consultorios de la red HPH - Red de Egresados","robots":{"index":"index","follow":"follow","max-snippet":"max-snippet:-1","max-image-preview":"max-image-preview:large","max-video-preview":"max-video-preview:-1"},"canonical":"https:\/\/medicina.udd.cl\/egresados\/noticias\/2011\/11\/15\/la-labor-de-los-egresados-en-los-consultorios-de-la-red-hph\/","og_locale":"es_ES","og_type":"article","og_title":"La labor de los egresados en los consultorios de la red HPH - Red de Egresados","og_description":"Los consultorios de la red asistencial del Hospital Padre Hurtado reciben a nuestros egresados de Medicina.","og_url":"https:\/\/medicina.udd.cl\/egresados\/noticias\/2011\/11\/15\/la-labor-de-los-egresados-en-los-consultorios-de-la-red-hph\/","og_site_name":"Red de Egresados","article_published_time":"2011-11-15T16:16:00+00:00","article_modified_time":"2011-11-15T17:57:23+00:00","og_image":[{"url":"http:\/\/medicina.udd.cl\/egresados\/files\/2011\/11\/Consultorio-La-Granja-300x199.jpg","type":"","width":"","height":""}],"author":"rbraidy","twitter_misc":{"Escrito por":"rbraidy","Tiempo de lectura":"4 minutos"},"schema":{"@context":"https:\/\/schema.org","@graph":[{"@type":"Article","@id":"https:\/\/medicina.udd.cl\/egresados\/noticias\/2011\/11\/15\/la-labor-de-los-egresados-en-los-consultorios-de-la-red-hph\/#article","isPartOf":{"@id":"https:\/\/medicina.udd.cl\/egresados\/noticias\/2011\/11\/15\/la-labor-de-los-egresados-en-los-consultorios-de-la-red-hph\/"},"author":{"name":"rbraidy","@id":"https:\/\/medicina.udd.cl\/egresados\/#\/schema\/person\/dbc3705bf3a93e8be1ba6de0ef950341"},"headline":"La labor de los egresados en los consultorios de la red HPH","datePublished":"2011-11-15T16:16:00+00:00","dateModified":"2011-11-15T17:57:23+00:00","mainEntityOfPage":{"@id":"https:\/\/medicina.udd.cl\/egresados\/noticias\/2011\/11\/15\/la-labor-de-los-egresados-en-los-consultorios-de-la-red-hph\/"},"wordCount":782,"commentCount":0,"image":{"@id":"https:\/\/medicina.udd.cl\/egresados\/noticias\/2011\/11\/15\/la-labor-de-los-egresados-en-los-consultorios-de-la-red-hph\/#primaryimage"},"thumbnailUrl":"http:\/\/medicina.udd.cl\/egresados\/files\/2011\/11\/Consultorio-La-Granja-300x199.jpg","articleSection":["Noticias"],"inLanguage":"es","potentialAction":[{"@type":"CommentAction","name":"Comment","target":["https:\/\/medicina.udd.cl\/egresados\/noticias\/2011\/11\/15\/la-labor-de-los-egresados-en-los-consultorios-de-la-red-hph\/#respond"]}]},{"@type":"WebPage","@id":"https:\/\/medicina.udd.cl\/egresados\/noticias\/2011\/11\/15\/la-labor-de-los-egresados-en-los-consultorios-de-la-red-hph\/","url":"https:\/\/medicina.udd.cl\/egresados\/noticias\/2011\/11\/15\/la-labor-de-los-egresados-en-los-consultorios-de-la-red-hph\/","name":"La labor de los egresados en los consultorios de la red HPH - Red de Egresados","isPartOf":{"@id":"https:\/\/medicina.udd.cl\/egresados\/#website"},"primaryImageOfPage":{"@id":"https:\/\/medicina.udd.cl\/egresados\/noticias\/2011\/11\/15\/la-labor-de-los-egresados-en-los-consultorios-de-la-red-hph\/#primaryimage"},"image":{"@id":"https:\/\/medicina.udd.cl\/egresados\/noticias\/2011\/11\/15\/la-labor-de-los-egresados-en-los-consultorios-de-la-red-hph\/#primaryimage"},"thumbnailUrl":"http:\/\/medicina.udd.cl\/egresados\/files\/2011\/11\/Consultorio-La-Granja-300x199.jpg","datePublished":"2011-11-15T16:16:00+00:00","dateModified":"2011-11-15T17:57:23+00:00","author":{"@id":"https:\/\/medicina.udd.cl\/egresados\/#\/schema\/person\/dbc3705bf3a93e8be1ba6de0ef950341"},"breadcrumb":{"@id":"https:\/\/medicina.udd.cl\/egresados\/noticias\/2011\/11\/15\/la-labor-de-los-egresados-en-los-consultorios-de-la-red-hph\/#breadcrumb"},"inLanguage":"es","potentialAction":[{"@type":"ReadAction","target":["https:\/\/medicina.udd.cl\/egresados\/noticias\/2011\/11\/15\/la-labor-de-los-egresados-en-los-consultorios-de-la-red-hph\/"]}]},{"@type":"ImageObject","inLanguage":"es","@id":"https:\/\/medicina.udd.cl\/egresados\/noticias\/2011\/11\/15\/la-labor-de-los-egresados-en-los-consultorios-de-la-red-hph\/#primaryimage","url":"https:\/\/medicina.udd.cl\/egresados\/files\/2011\/11\/Consultorio-La-Granja.jpg","contentUrl":"https:\/\/medicina.udd.cl\/egresados\/files\/2011\/11\/Consultorio-La-Granja.jpg","width":3267,"height":2178},{"@type":"BreadcrumbList","@id":"https:\/\/medicina.udd.cl\/egresados\/noticias\/2011\/11\/15\/la-labor-de-los-egresados-en-los-consultorios-de-la-red-hph\/#breadcrumb","itemListElement":[{"@type":"ListItem","position":1,"name":"Home","item":"https:\/\/medicina.udd.cl\/egresados\/"},{"@type":"ListItem","position":2,"name":"La labor de los egresados en los consultorios de la red HPH"}]},{"@type":"WebSite","@id":"https:\/\/medicina.udd.cl\/egresados\/#website","url":"https:\/\/medicina.udd.cl\/egresados\/","name":"Red de Egresados","description":"Just another Medicina site","potentialAction":[{"@type":"SearchAction","target":{"@type":"EntryPoint","urlTemplate":"https:\/\/medicina.udd.cl\/egresados\/?s={search_term_string}"},"query-input":{"@type":"PropertyValueSpecification","valueRequired":true,"valueName":"search_term_string"}}],"inLanguage":"es"},{"@type":"Person","@id":"https:\/\/medicina.udd.cl\/egresados\/#\/schema\/person\/dbc3705bf3a93e8be1ba6de0ef950341","name":"rbraidy","image":{"@type":"ImageObject","inLanguage":"es","@id":"https:\/\/medicina.udd.cl\/egresados\/#\/schema\/person\/image\/","url":"https:\/\/secure.gravatar.com\/avatar\/0f8bc94637401590e45d2ce17eb65c274cb8870a219de6177f3f23e63fd8cdf3?s=96&d=mm&r=g","contentUrl":"https:\/\/secure.gravatar.com\/avatar\/0f8bc94637401590e45d2ce17eb65c274cb8870a219de6177f3f23e63fd8cdf3?s=96&d=mm&r=g","caption":"rbraidy"},"url":"https:\/\/medicina.udd.cl\/egresados\/noticias\/author\/rbraidy\/"}]}},"_links":{"self":[{"href":"https:\/\/medicina.udd.cl\/egresados\/wp-json\/wp\/v2\/posts\/126","targetHints":{"allow":["GET"]}}],"collection":[{"href":"https:\/\/medicina.udd.cl\/egresados\/wp-json\/wp\/v2\/posts"}],"about":[{"href":"https:\/\/medicina.udd.cl\/egresados\/wp-json\/wp\/v2\/types\/post"}],"author":[{"embeddable":true,"href":"https:\/\/medicina.udd.cl\/egresados\/wp-json\/wp\/v2\/users\/9192219"}],"replies":[{"embeddable":true,"href":"https:\/\/medicina.udd.cl\/egresados\/wp-json\/wp\/v2\/comments?post=126"}],"version-history":[{"count":11,"href":"https:\/\/medicina.udd.cl\/egresados\/wp-json\/wp\/v2\/posts\/126\/revisions"}],"predecessor-version":[{"id":140,"href":"https:\/\/medicina.udd.cl\/egresados\/wp-json\/wp\/v2\/posts\/126\/revisions\/140"}],"wp:attachment":[{"href":"https:\/\/medicina.udd.cl\/egresados\/wp-json\/wp\/v2\/media?parent=126"}],"wp:term":[{"taxonomy":"category","embeddable":true,"href":"https:\/\/medicina.udd.cl\/egresados\/wp-json\/wp\/v2\/categories?post=126"},{"taxonomy":"post_tag","embeddable":true,"href":"https:\/\/medicina.udd.cl\/egresados\/wp-json\/wp\/v2\/tags?post=126"}],"curies":[{"name":"wp","href":"https:\/\/api.w.org\/{rel}","templated":true}]}}