{"id":172,"date":"2011-09-22T10:54:27","date_gmt":"2011-09-22T13:54:27","guid":{"rendered":"http:\/\/medicina.udd.cl\/egresados\/?p=172"},"modified":"2011-11-16T11:13:38","modified_gmt":"2011-11-16T14:13:38","slug":"ex-alumno-crea-su-propia-consulta-de-acupuntura","status":"publish","type":"post","link":"https:\/\/medicina.udd.cl\/egresados\/noticias\/2011\/09\/22\/ex-alumno-crea-su-propia-consulta-de-acupuntura\/","title":{"rendered":"Ex alumno crea su propia consulta de Acupuntura"},"content":{"rendered":"<p style=\"text-align: justify;\"><strong><a href=\"http:\/\/medicina.udd.cl\/egresados\/files\/2011\/11\/alumno-enfermer\u00eda.jpg\" class=\"thickbox\"><img loading=\"lazy\" decoding=\"async\" class=\"alignleft size-medium wp-image-173\" title=\"alumno enfermer\u00eda\" src=\"http:\/\/medicina.udd.cl\/egresados\/files\/2011\/11\/alumno-enfermer\u00eda-300x174.jpg\" alt=\"\" width=\"300\" height=\"174\" srcset=\"https:\/\/medicina.udd.cl\/egresados\/files\/2011\/11\/alumno-enfermer\u00eda-300x174.jpg 300w, https:\/\/medicina.udd.cl\/egresados\/files\/2011\/11\/alumno-enfermer\u00eda-768x446.jpg 768w, https:\/\/medicina.udd.cl\/egresados\/files\/2011\/11\/alumno-enfermer\u00eda-1024x595.jpg 1024w, https:\/\/medicina.udd.cl\/egresados\/files\/2011\/11\/alumno-enfermer\u00eda.jpg 1436w\" sizes=\"auto, (max-width: 300px) 100vw, 300px\" \/><\/a>Francisco Jorquera Mondaca <\/strong>acaba de finalizar sus estudios de Acupuntura, obteniendo el diploma de <strong>\u201cExperto en Acupuntura Natural y Est\u00e9tica\u201d.<\/strong> Ya instal\u00f3 su propia consulta y comenz\u00f3 a tratar pacientes por diversas dolencias. Paralelamente contin\u00faa con su trabajo como enfermero cl\u00ednico, que es lo siempre le llam\u00f3 m\u00e1s la atenci\u00f3n.<\/p>\n<p style=\"text-align: justify;\">Es egresado de la carrera de <a rel=\"External\" class=\"out\" href=\"http:\/\/medicina.udd.cl\/enfermeria-santiago\/\">Enfermer\u00eda<\/a> de la Facultad de Medicina Cl\u00ednica Alemana Universidad del Desarrollo y\u00a0se titul\u00f3 con distinci\u00f3n m\u00e1xima el a\u00f1o 2007. Desde<strong> <\/strong>entonces trabaja<strong> <\/strong>como enfermero cl\u00ednico en la Unidad de Cuidados Intensivos del Adulto\u00a0de Cl\u00ednica Alemana. Adem\u00e1s, ha trabajado como docente en Universidad\u00a0Tecnol\u00f3gica\u00a0de Chile INACAP (2008),\u00a0 docente y supervisor cl\u00ednico Universidad del Desarrollo (2009-2010), y desde este a\u00f1o, es enfermero de traslado aerom\u00e9dico \u00a0en AEROCARDAL (2011)<\/p>\n<p style=\"text-align: justify;\"><strong>Nuevos horizontes<\/strong><\/p>\n<p style=\"text-align: justify;\">La acupuntura es una t\u00e9cnica de medicina tradicional originaria de China que se trabaja con la inserci\u00f3n de agujas en el cuerpo con el objetivo de restaurar la salud y el bienestar en el paciente.<\/p>\n<p style=\"text-align: justify;\">Gracias a su apertura, en el a\u00f1o\u00a01979 la Organizaci\u00f3n Mundial de la Salud (OMS) reconoce a esta terapia como eficaz para el tratamiento de al menos 49 enfermedades y des\u00f3rdenes, lista que con el transcurso de los a\u00f1os e investigaciones cient\u00edficas se ha ampliado extensamente.<\/p>\n<p style=\"text-align: justify;\">A ra\u00edz de esto, Francisco cuenta que se acerc\u00f3 a la acupuntura porque desde siempre estuvo intrigado por esta medicina complementaria. Recuerda que a\u00f1os atr\u00e1s recibi\u00f3 el tratamiento con excelentes resultados y hace un tiempo se vio en la necesidad \u00a0de recurrir nuevamente a esta ciencia. <em>\u201cLa terapeuta fue justamente una colega enfermera y con su ayuda comenc\u00e9 a averiguar m\u00e1s sobre los beneficios del tratamiento. Finalmente tom\u00e9 la decisi\u00f3n de estudiar, y logr\u00e9 cumplir esta meta\u201d, <\/em>cuenta.<\/p>\n<p style=\"text-align: justify;\">Adem\u00e1s, agreg\u00f3 que\u00a0<em>\u201ctodo\u00a0nace a partir de querer entregar un tratamiento integral a los pacientes, complementando mi\u00a0visi\u00f3n\u00a0de enfermero con la medicina china. M\u00e1s que beneficios econ\u00f3micos,\u00a0esto me ha dado satisfacci\u00f3n personal\u00a0y tranquilidad espiritual\u201d.<\/em><\/p>\n<p style=\"text-align: justify;\">Luego de concluir sus estudios alternativos a la enfermer\u00eda comenz\u00f3 con una consulta y\u00a0 un sitio web. Para aliviar la sintomatolog\u00eda del paciente se trabaja en el arte de la respiraci\u00f3n y se hace un diagn\u00f3stico a\u00a0trav\u00e9s\u00a0del pulso (subconscientes). Francisco explica que <em>\u201cel objetivo es utilizar la m\u00ednima cantidad de agujas necesarias para lograr el mayor beneficio posible. El tratamiento y la duraci\u00f3n de \u00e9ste dependen del motivo de consulta, principalmente utilizo las\u00a0t\u00e9cnicas\u00a0de acupuntura, auriculoterapia, electroacupuntura, moxibusti\u00f3n y ventosas\u201d. <\/em><\/p>\n<p style=\"text-align: justify;\"><strong>La relaci\u00f3n con la Facultad<\/strong><\/p>\n<p style=\"text-align: justify;\">Francisco destaca que <em>\u201cen mis a\u00f1os de estudiante en la UDD sent\u00ed mucho apoyo, durante toda mi formaci\u00f3n siempre tuve la confianza y valoraci\u00f3n por parte de los docentes, esto me dio la seguridad para enfrentarme a la vida laboral y tener la inquietud de seguir perfeccion\u00e1ndome\u00bb.<\/em><\/p>\n<p style=\"text-align: justify;\">Reconoce que existe un sello que identifica a los alumnos que es <em>\u201cprincipalmente el emprendimiento y liderazgo\u201d. <\/em>Finalmente, el enfermero concluye enf\u00e1ticamente <em>\u201cla forma de lograr las metas que uno se propone es tener constancia y esfuerzo, pero lo m\u00e1s importante es mantener los pies bien puestos en la tierra, para no perder el norte\u201d.<\/em><\/p>\n","protected":false},"excerpt":{"rendered":"<p>Egresado de la carrera de Enfermer\u00eda emprende en terapia complementaria.<\/p>\n","protected":false},"author":9192219,"featured_media":0,"comment_status":"open","ping_status":"open","sticky":false,"template":"","format":"standard","meta":{"footnotes":""},"categories":[4],"tags":[],"class_list":["post-172","post","type-post","status-publish","format-standard","hentry","category-noticias"],"yoast_head":"<!-- This site is optimized with the Yoast SEO plugin v26.9 - https:\/\/yoast.com\/product\/yoast-seo-wordpress\/ -->\n<title>Ex alumno crea su propia consulta de Acupuntura - Red de Egresados<\/title>\n<meta name=\"robots\" content=\"index, follow, max-snippet:-1, max-image-preview:large, max-video-preview:-1\" \/>\n<link rel=\"canonical\" href=\"https:\/\/medicina.udd.cl\/egresados\/noticias\/2011\/09\/22\/ex-alumno-crea-su-propia-consulta-de-acupuntura\/\" \/>\n<meta property=\"og:locale\" content=\"es_ES\" \/>\n<meta property=\"og:type\" content=\"article\" \/>\n<meta property=\"og:title\" content=\"Ex alumno crea su propia consulta de Acupuntura - Red de Egresados\" \/>\n<meta property=\"og:description\" content=\"Egresado de la carrera de Enfermer\u00eda emprende en terapia complementaria.\" \/>\n<meta property=\"og:url\" content=\"https:\/\/medicina.udd.cl\/egresados\/noticias\/2011\/09\/22\/ex-alumno-crea-su-propia-consulta-de-acupuntura\/\" \/>\n<meta property=\"og:site_name\" content=\"Red de Egresados\" \/>\n<meta property=\"article:published_time\" content=\"2011-09-22T13:54:27+00:00\" \/>\n<meta property=\"article:modified_time\" content=\"2011-11-16T14:13:38+00:00\" \/>\n<meta name=\"author\" content=\"rbraidy\" \/>\n<meta name=\"twitter:label1\" content=\"Escrito por\" \/>\n\t<meta name=\"twitter:data1\" content=\"rbraidy\" \/>\n\t<meta name=\"twitter:label2\" content=\"Tiempo de lectura\" \/>\n\t<meta name=\"twitter:data2\" content=\"3 minutos\" \/>\n<script type=\"application\/ld+json\" class=\"yoast-schema-graph\">{\"@context\":\"https:\/\/schema.org\",\"@graph\":[{\"@type\":\"Article\",\"@id\":\"https:\/\/medicina.udd.cl\/egresados\/noticias\/2011\/09\/22\/ex-alumno-crea-su-propia-consulta-de-acupuntura\/#article\",\"isPartOf\":{\"@id\":\"https:\/\/medicina.udd.cl\/egresados\/noticias\/2011\/09\/22\/ex-alumno-crea-su-propia-consulta-de-acupuntura\/\"},\"author\":{\"name\":\"rbraidy\",\"@id\":\"https:\/\/medicina.udd.cl\/egresados\/#\/schema\/person\/dbc3705bf3a93e8be1ba6de0ef950341\"},\"headline\":\"Ex alumno crea su propia consulta de Acupuntura\",\"datePublished\":\"2011-09-22T13:54:27+00:00\",\"dateModified\":\"2011-11-16T14:13:38+00:00\",\"mainEntityOfPage\":{\"@id\":\"https:\/\/medicina.udd.cl\/egresados\/noticias\/2011\/09\/22\/ex-alumno-crea-su-propia-consulta-de-acupuntura\/\"},\"wordCount\":567,\"commentCount\":0,\"articleSection\":[\"Noticias\"],\"inLanguage\":\"es\",\"potentialAction\":[{\"@type\":\"CommentAction\",\"name\":\"Comment\",\"target\":[\"https:\/\/medicina.udd.cl\/egresados\/noticias\/2011\/09\/22\/ex-alumno-crea-su-propia-consulta-de-acupuntura\/#respond\"]}]},{\"@type\":\"WebPage\",\"@id\":\"https:\/\/medicina.udd.cl\/egresados\/noticias\/2011\/09\/22\/ex-alumno-crea-su-propia-consulta-de-acupuntura\/\",\"url\":\"https:\/\/medicina.udd.cl\/egresados\/noticias\/2011\/09\/22\/ex-alumno-crea-su-propia-consulta-de-acupuntura\/\",\"name\":\"Ex alumno crea su propia consulta de Acupuntura - Red de Egresados\",\"isPartOf\":{\"@id\":\"https:\/\/medicina.udd.cl\/egresados\/#website\"},\"datePublished\":\"2011-09-22T13:54:27+00:00\",\"dateModified\":\"2011-11-16T14:13:38+00:00\",\"author\":{\"@id\":\"https:\/\/medicina.udd.cl\/egresados\/#\/schema\/person\/dbc3705bf3a93e8be1ba6de0ef950341\"},\"breadcrumb\":{\"@id\":\"https:\/\/medicina.udd.cl\/egresados\/noticias\/2011\/09\/22\/ex-alumno-crea-su-propia-consulta-de-acupuntura\/#breadcrumb\"},\"inLanguage\":\"es\",\"potentialAction\":[{\"@type\":\"ReadAction\",\"target\":[\"https:\/\/medicina.udd.cl\/egresados\/noticias\/2011\/09\/22\/ex-alumno-crea-su-propia-consulta-de-acupuntura\/\"]}]},{\"@type\":\"BreadcrumbList\",\"@id\":\"https:\/\/medicina.udd.cl\/egresados\/noticias\/2011\/09\/22\/ex-alumno-crea-su-propia-consulta-de-acupuntura\/#breadcrumb\",\"itemListElement\":[{\"@type\":\"ListItem\",\"position\":1,\"name\":\"Home\",\"item\":\"https:\/\/medicina.udd.cl\/egresados\/\"},{\"@type\":\"ListItem\",\"position\":2,\"name\":\"Ex alumno crea su propia consulta de Acupuntura\"}]},{\"@type\":\"WebSite\",\"@id\":\"https:\/\/medicina.udd.cl\/egresados\/#website\",\"url\":\"https:\/\/medicina.udd.cl\/egresados\/\",\"name\":\"Red de Egresados\",\"description\":\"Just another Medicina site\",\"potentialAction\":[{\"@type\":\"SearchAction\",\"target\":{\"@type\":\"EntryPoint\",\"urlTemplate\":\"https:\/\/medicina.udd.cl\/egresados\/?s={search_term_string}\"},\"query-input\":{\"@type\":\"PropertyValueSpecification\",\"valueRequired\":true,\"valueName\":\"search_term_string\"}}],\"inLanguage\":\"es\"},{\"@type\":\"Person\",\"@id\":\"https:\/\/medicina.udd.cl\/egresados\/#\/schema\/person\/dbc3705bf3a93e8be1ba6de0ef950341\",\"name\":\"rbraidy\",\"image\":{\"@type\":\"ImageObject\",\"inLanguage\":\"es\",\"@id\":\"https:\/\/medicina.udd.cl\/egresados\/#\/schema\/person\/image\/\",\"url\":\"https:\/\/secure.gravatar.com\/avatar\/0f8bc94637401590e45d2ce17eb65c274cb8870a219de6177f3f23e63fd8cdf3?s=96&d=mm&r=g\",\"contentUrl\":\"https:\/\/secure.gravatar.com\/avatar\/0f8bc94637401590e45d2ce17eb65c274cb8870a219de6177f3f23e63fd8cdf3?s=96&d=mm&r=g\",\"caption\":\"rbraidy\"},\"url\":\"https:\/\/medicina.udd.cl\/egresados\/noticias\/author\/rbraidy\/\"}]}<\/script>\n<!-- \/ Yoast SEO plugin. -->","yoast_head_json":{"title":"Ex alumno crea su propia consulta de Acupuntura - Red de Egresados","robots":{"index":"index","follow":"follow","max-snippet":"max-snippet:-1","max-image-preview":"max-image-preview:large","max-video-preview":"max-video-preview:-1"},"canonical":"https:\/\/medicina.udd.cl\/egresados\/noticias\/2011\/09\/22\/ex-alumno-crea-su-propia-consulta-de-acupuntura\/","og_locale":"es_ES","og_type":"article","og_title":"Ex alumno crea su propia consulta de Acupuntura - Red de Egresados","og_description":"Egresado de la carrera de Enfermer\u00eda emprende en terapia complementaria.","og_url":"https:\/\/medicina.udd.cl\/egresados\/noticias\/2011\/09\/22\/ex-alumno-crea-su-propia-consulta-de-acupuntura\/","og_site_name":"Red de Egresados","article_published_time":"2011-09-22T13:54:27+00:00","article_modified_time":"2011-11-16T14:13:38+00:00","author":"rbraidy","twitter_misc":{"Escrito por":"rbraidy","Tiempo de lectura":"3 minutos"},"schema":{"@context":"https:\/\/schema.org","@graph":[{"@type":"Article","@id":"https:\/\/medicina.udd.cl\/egresados\/noticias\/2011\/09\/22\/ex-alumno-crea-su-propia-consulta-de-acupuntura\/#article","isPartOf":{"@id":"https:\/\/medicina.udd.cl\/egresados\/noticias\/2011\/09\/22\/ex-alumno-crea-su-propia-consulta-de-acupuntura\/"},"author":{"name":"rbraidy","@id":"https:\/\/medicina.udd.cl\/egresados\/#\/schema\/person\/dbc3705bf3a93e8be1ba6de0ef950341"},"headline":"Ex alumno crea su propia consulta de Acupuntura","datePublished":"2011-09-22T13:54:27+00:00","dateModified":"2011-11-16T14:13:38+00:00","mainEntityOfPage":{"@id":"https:\/\/medicina.udd.cl\/egresados\/noticias\/2011\/09\/22\/ex-alumno-crea-su-propia-consulta-de-acupuntura\/"},"wordCount":567,"commentCount":0,"articleSection":["Noticias"],"inLanguage":"es","potentialAction":[{"@type":"CommentAction","name":"Comment","target":["https:\/\/medicina.udd.cl\/egresados\/noticias\/2011\/09\/22\/ex-alumno-crea-su-propia-consulta-de-acupuntura\/#respond"]}]},{"@type":"WebPage","@id":"https:\/\/medicina.udd.cl\/egresados\/noticias\/2011\/09\/22\/ex-alumno-crea-su-propia-consulta-de-acupuntura\/","url":"https:\/\/medicina.udd.cl\/egresados\/noticias\/2011\/09\/22\/ex-alumno-crea-su-propia-consulta-de-acupuntura\/","name":"Ex alumno crea su propia consulta de Acupuntura - Red de Egresados","isPartOf":{"@id":"https:\/\/medicina.udd.cl\/egresados\/#website"},"datePublished":"2011-09-22T13:54:27+00:00","dateModified":"2011-11-16T14:13:38+00:00","author":{"@id":"https:\/\/medicina.udd.cl\/egresados\/#\/schema\/person\/dbc3705bf3a93e8be1ba6de0ef950341"},"breadcrumb":{"@id":"https:\/\/medicina.udd.cl\/egresados\/noticias\/2011\/09\/22\/ex-alumno-crea-su-propia-consulta-de-acupuntura\/#breadcrumb"},"inLanguage":"es","potentialAction":[{"@type":"ReadAction","target":["https:\/\/medicina.udd.cl\/egresados\/noticias\/2011\/09\/22\/ex-alumno-crea-su-propia-consulta-de-acupuntura\/"]}]},{"@type":"BreadcrumbList","@id":"https:\/\/medicina.udd.cl\/egresados\/noticias\/2011\/09\/22\/ex-alumno-crea-su-propia-consulta-de-acupuntura\/#breadcrumb","itemListElement":[{"@type":"ListItem","position":1,"name":"Home","item":"https:\/\/medicina.udd.cl\/egresados\/"},{"@type":"ListItem","position":2,"name":"Ex alumno crea su propia consulta de Acupuntura"}]},{"@type":"WebSite","@id":"https:\/\/medicina.udd.cl\/egresados\/#website","url":"https:\/\/medicina.udd.cl\/egresados\/","name":"Red de Egresados","description":"Just another Medicina site","potentialAction":[{"@type":"SearchAction","target":{"@type":"EntryPoint","urlTemplate":"https:\/\/medicina.udd.cl\/egresados\/?s={search_term_string}"},"query-input":{"@type":"PropertyValueSpecification","valueRequired":true,"valueName":"search_term_string"}}],"inLanguage":"es"},{"@type":"Person","@id":"https:\/\/medicina.udd.cl\/egresados\/#\/schema\/person\/dbc3705bf3a93e8be1ba6de0ef950341","name":"rbraidy","image":{"@type":"ImageObject","inLanguage":"es","@id":"https:\/\/medicina.udd.cl\/egresados\/#\/schema\/person\/image\/","url":"https:\/\/secure.gravatar.com\/avatar\/0f8bc94637401590e45d2ce17eb65c274cb8870a219de6177f3f23e63fd8cdf3?s=96&d=mm&r=g","contentUrl":"https:\/\/secure.gravatar.com\/avatar\/0f8bc94637401590e45d2ce17eb65c274cb8870a219de6177f3f23e63fd8cdf3?s=96&d=mm&r=g","caption":"rbraidy"},"url":"https:\/\/medicina.udd.cl\/egresados\/noticias\/author\/rbraidy\/"}]}},"_links":{"self":[{"href":"https:\/\/medicina.udd.cl\/egresados\/wp-json\/wp\/v2\/posts\/172","targetHints":{"allow":["GET"]}}],"collection":[{"href":"https:\/\/medicina.udd.cl\/egresados\/wp-json\/wp\/v2\/posts"}],"about":[{"href":"https:\/\/medicina.udd.cl\/egresados\/wp-json\/wp\/v2\/types\/post"}],"author":[{"embeddable":true,"href":"https:\/\/medicina.udd.cl\/egresados\/wp-json\/wp\/v2\/users\/9192219"}],"replies":[{"embeddable":true,"href":"https:\/\/medicina.udd.cl\/egresados\/wp-json\/wp\/v2\/comments?post=172"}],"version-history":[{"count":2,"href":"https:\/\/medicina.udd.cl\/egresados\/wp-json\/wp\/v2\/posts\/172\/revisions"}],"predecessor-version":[{"id":175,"href":"https:\/\/medicina.udd.cl\/egresados\/wp-json\/wp\/v2\/posts\/172\/revisions\/175"}],"wp:attachment":[{"href":"https:\/\/medicina.udd.cl\/egresados\/wp-json\/wp\/v2\/media?parent=172"}],"wp:term":[{"taxonomy":"category","embeddable":true,"href":"https:\/\/medicina.udd.cl\/egresados\/wp-json\/wp\/v2\/categories?post=172"},{"taxonomy":"post_tag","embeddable":true,"href":"https:\/\/medicina.udd.cl\/egresados\/wp-json\/wp\/v2\/tags?post=172"}],"curies":[{"name":"wp","href":"https:\/\/api.w.org\/{rel}","templated":true}]}}