{"id":202,"date":"2011-12-14T10:13:28","date_gmt":"2011-12-14T13:13:28","guid":{"rendered":"http:\/\/medicina.udd.cl\/egresados\/?p=202"},"modified":"2011-12-21T10:16:36","modified_gmt":"2011-12-21T13:16:36","slug":"primera-generacion-de-cirujanos-dentistas","status":"publish","type":"post","link":"https:\/\/medicina.udd.cl\/egresados\/noticias\/2011\/12\/14\/primera-generacion-de-cirujanos-dentistas\/","title":{"rendered":"Primera generaci\u00f3n de cirujanos dentistas"},"content":{"rendered":"<p style=\"text-align: justify;\">El pasado 12 de diciembre se realiz\u00f3 la ceremonia de titulaci\u00f3n de la primera generaci\u00f3n de cirujanos dentistas de la Facultad de Medicina Cl\u00ednica Alemana Universidad del Desarrollo.<\/p>\n<p style=\"text-align: justify;\">El inicio de la ceremonia estuvo a cargo del rector Federico Vald\u00e9s, quien record\u00f3 el crecimiento de la carrera y agradeci\u00f3 la confianza depositada. \u201cPara nosotros es un privilegio contar con nuestra primera generaci\u00f3n de odont\u00f3logos que crey\u00f3 en nuestro proyecto y que hoy se destacan por su emprendimiento, \u00e9tica y responsabilidad p\u00fablica\u201d, explic\u00f3.<\/p>\n<p style=\"text-align: justify;\">En el encuentro, el director de Cl\u00ednica UDD, Dr. Alfredo Gantz, aconsej\u00f3 a los profesionales a seguir el camino y la sabidur\u00eda que entreg\u00f3 Ernesto Silva Bafalluy. \u201cNuestra poblaci\u00f3n presenta distintos problemas de salud bucal, por lo que es necesario el trabajo de j\u00f3venes como ustedes, que ingresar\u00e1n al mercado laboral con determinaci\u00f3n, disciplina y perseverancia\u201d, recalc\u00f3.<\/p>\n<p style=\"text-align: justify;\"><strong>Alumnos destacados<\/strong><\/p>\n<p style=\"text-align: justify;\">La excelencia acad\u00e9mica es parte esencial de la formaci\u00f3n profesional, por lo que se hizo entrega del premio Universidad del Desarrollo a Natalia San Mart\u00edn, mejor alumna de la promoci\u00f3n.<\/p>\n<p style=\"text-align: justify;\">Por su parte, el Colegio de Dentistas de Chile acostumbra a entregar una distinci\u00f3n al egresado m\u00e1s connotado en el \u00e1mbito gremial. Para ello, el primer vicepresidente, Dr. Luis Felipe Jim\u00e9nez, entreg\u00f3 el diploma de distinci\u00f3n al alumno Rodrigo Valenzuela.<\/p>\n<p style=\"text-align: justify;\">Para finalizar, y en representaci\u00f3n de sus compa\u00f1eros, Claudia Torres se dirigi\u00f3 a sus familiares, amigos, docentes y autoridades que, entre emoci\u00f3n y risas, escucharon con atenci\u00f3n sus palabras. \u201cCuando reci\u00e9n ingresamos qui\u00e9n iba a pensar que s\u00f3lo trece lo \u00edbamos a lograr. Sin embargo, con perseverancia -y pese a la exigencia- lo logramos\u201d, expres\u00f3.<\/p>\n<div class=\"content-images entry-gallery\"><ul id=\"photos-entry\"><li id=\"image-0\"><img decoding=\"async\" src=\"https:\/\/medicina.udd.cl\/thumbnails\/index.php?src=wp-content\/uploads\/medicina\/blogs.dir\/41\/files\/2011\/12\/DSC_6434.jpg&amp;w=430&amp;h=270&amp;zc=1&amp;q=100\" alt=\"Cl\u00ednica UDD\" \/><h3>Cl\u00ednica UDD<\/h3><\/li><li id=\"image-1\"><img decoding=\"async\" src=\"https:\/\/medicina.udd.cl\/thumbnails\/index.php?src=wp-content\/uploads\/medicina\/blogs.dir\/41\/files\/2011\/12\/DSC_6369.jpg&amp;w=430&amp;h=270&amp;zc=1&amp;q=100\" alt=\"Alumnos titulados\" \/><h3>Alumnos titulados<\/h3><\/li><li id=\"image-2\"><img decoding=\"async\" src=\"https:\/\/medicina.udd.cl\/thumbnails\/index.php?src=wp-content\/uploads\/medicina\/blogs.dir\/41\/files\/2011\/12\/DSC_6201.jpg&amp;w=430&amp;h=270&amp;zc=1&amp;q=100\" alt=\"Rector Federico Vald\u00e9s\" \/><h3>Rector Federico Vald\u00e9s<\/h3><\/li><li id=\"image-3\"><img decoding=\"async\" src=\"https:\/\/medicina.udd.cl\/thumbnails\/index.php?src=wp-content\/uploads\/medicina\/blogs.dir\/41\/files\/2011\/12\/DSC_6247.jpg&amp;w=430&amp;h=270&amp;zc=1&amp;q=100\" alt=\"Dr. Alfredo Gantz\" \/><h3>Dr. Alfredo Gantz<\/h3><\/li><li id=\"image-4\"><img decoding=\"async\" src=\"https:\/\/medicina.udd.cl\/thumbnails\/index.php?src=wp-content\/uploads\/medicina\/blogs.dir\/41\/files\/2011\/12\/DSC_6131.jpg&amp;w=430&amp;h=270&amp;zc=1&amp;q=100\" alt=\"Primera generaci\u00f3n\" \/><h3>Primera generaci\u00f3n<\/h3><\/li><\/ul><ul class=\"paginate-gallery\"><li><a href=\"#image-0\" title=\"Cl\u00ednica UDD\">Cl\u00ednica UDD<\/a><\/li>\n<li><a href=\"#image-1\" title=\"Alumnos titulados\">Alumnos titulados<\/a><\/li>\n<li><a href=\"#image-2\" title=\"Rector Federico Vald\u00e9s\">Rector Federico Vald\u00e9s<\/a><\/li>\n<li><a href=\"#image-3\" title=\"Dr. Alfredo Gantz\">Dr. Alfredo Gantz<\/a><\/li>\n<li><a href=\"#image-4\" title=\"Primera generaci\u00f3n\">Primera generaci\u00f3n<\/a><\/li>\n<\/ul><\/div>\n","protected":false},"excerpt":{"rendered":"<p>La carrera de Odontolog\u00eda titul\u00f3 a sus primeros 13 profesionales en la Cl\u00ednica UDD, campo cl\u00ednico que los acogi\u00f3 durante sus \u00faltimos a\u00f1os de internado.<\/p>\n","protected":false},"author":9192219,"featured_media":0,"comment_status":"open","ping_status":"open","sticky":false,"template":"","format":"standard","meta":{"footnotes":""},"categories":[4],"tags":[],"class_list":["post-202","post","type-post","status-publish","format-standard","hentry","category-noticias"],"yoast_head":"<!-- This site is optimized with the Yoast SEO plugin v26.9 - https:\/\/yoast.com\/product\/yoast-seo-wordpress\/ -->\n<title>Primera generaci\u00f3n de cirujanos dentistas - Red de Egresados<\/title>\n<meta name=\"robots\" content=\"index, follow, max-snippet:-1, max-image-preview:large, max-video-preview:-1\" \/>\n<link rel=\"canonical\" href=\"https:\/\/medicina.udd.cl\/egresados\/noticias\/2011\/12\/14\/primera-generacion-de-cirujanos-dentistas\/\" \/>\n<meta property=\"og:locale\" content=\"es_ES\" \/>\n<meta property=\"og:type\" content=\"article\" \/>\n<meta property=\"og:title\" content=\"Primera generaci\u00f3n de cirujanos dentistas - Red de Egresados\" \/>\n<meta property=\"og:description\" content=\"La carrera de Odontolog\u00eda titul\u00f3 a sus primeros 13 profesionales en la Cl\u00ednica UDD, campo cl\u00ednico que los acogi\u00f3 durante sus \u00faltimos a\u00f1os de internado.\" \/>\n<meta property=\"og:url\" content=\"https:\/\/medicina.udd.cl\/egresados\/noticias\/2011\/12\/14\/primera-generacion-de-cirujanos-dentistas\/\" \/>\n<meta property=\"og:site_name\" content=\"Red de Egresados\" \/>\n<meta property=\"article:published_time\" content=\"2011-12-14T13:13:28+00:00\" \/>\n<meta property=\"article:modified_time\" content=\"2011-12-21T13:16:36+00:00\" \/>\n<meta name=\"author\" content=\"rbraidy\" \/>\n<meta name=\"twitter:label1\" content=\"Escrito por\" \/>\n\t<meta name=\"twitter:data1\" content=\"rbraidy\" \/>\n\t<meta name=\"twitter:label2\" content=\"Tiempo de lectura\" \/>\n\t<meta name=\"twitter:data2\" content=\"1 minuto\" \/>\n<script type=\"application\/ld+json\" class=\"yoast-schema-graph\">{\"@context\":\"https:\/\/schema.org\",\"@graph\":[{\"@type\":\"Article\",\"@id\":\"https:\/\/medicina.udd.cl\/egresados\/noticias\/2011\/12\/14\/primera-generacion-de-cirujanos-dentistas\/#article\",\"isPartOf\":{\"@id\":\"https:\/\/medicina.udd.cl\/egresados\/noticias\/2011\/12\/14\/primera-generacion-de-cirujanos-dentistas\/\"},\"author\":{\"name\":\"rbraidy\",\"@id\":\"https:\/\/medicina.udd.cl\/egresados\/#\/schema\/person\/dbc3705bf3a93e8be1ba6de0ef950341\"},\"headline\":\"Primera generaci\u00f3n de cirujanos dentistas\",\"datePublished\":\"2011-12-14T13:13:28+00:00\",\"dateModified\":\"2011-12-21T13:16:36+00:00\",\"mainEntityOfPage\":{\"@id\":\"https:\/\/medicina.udd.cl\/egresados\/noticias\/2011\/12\/14\/primera-generacion-de-cirujanos-dentistas\/\"},\"wordCount\":302,\"commentCount\":0,\"articleSection\":[\"Noticias\"],\"inLanguage\":\"es\",\"potentialAction\":[{\"@type\":\"CommentAction\",\"name\":\"Comment\",\"target\":[\"https:\/\/medicina.udd.cl\/egresados\/noticias\/2011\/12\/14\/primera-generacion-de-cirujanos-dentistas\/#respond\"]}]},{\"@type\":\"WebPage\",\"@id\":\"https:\/\/medicina.udd.cl\/egresados\/noticias\/2011\/12\/14\/primera-generacion-de-cirujanos-dentistas\/\",\"url\":\"https:\/\/medicina.udd.cl\/egresados\/noticias\/2011\/12\/14\/primera-generacion-de-cirujanos-dentistas\/\",\"name\":\"Primera generaci\u00f3n de cirujanos dentistas - Red de Egresados\",\"isPartOf\":{\"@id\":\"https:\/\/medicina.udd.cl\/egresados\/#website\"},\"datePublished\":\"2011-12-14T13:13:28+00:00\",\"dateModified\":\"2011-12-21T13:16:36+00:00\",\"author\":{\"@id\":\"https:\/\/medicina.udd.cl\/egresados\/#\/schema\/person\/dbc3705bf3a93e8be1ba6de0ef950341\"},\"breadcrumb\":{\"@id\":\"https:\/\/medicina.udd.cl\/egresados\/noticias\/2011\/12\/14\/primera-generacion-de-cirujanos-dentistas\/#breadcrumb\"},\"inLanguage\":\"es\",\"potentialAction\":[{\"@type\":\"ReadAction\",\"target\":[\"https:\/\/medicina.udd.cl\/egresados\/noticias\/2011\/12\/14\/primera-generacion-de-cirujanos-dentistas\/\"]}]},{\"@type\":\"BreadcrumbList\",\"@id\":\"https:\/\/medicina.udd.cl\/egresados\/noticias\/2011\/12\/14\/primera-generacion-de-cirujanos-dentistas\/#breadcrumb\",\"itemListElement\":[{\"@type\":\"ListItem\",\"position\":1,\"name\":\"Home\",\"item\":\"https:\/\/medicina.udd.cl\/egresados\/\"},{\"@type\":\"ListItem\",\"position\":2,\"name\":\"Primera generaci\u00f3n de cirujanos dentistas\"}]},{\"@type\":\"WebSite\",\"@id\":\"https:\/\/medicina.udd.cl\/egresados\/#website\",\"url\":\"https:\/\/medicina.udd.cl\/egresados\/\",\"name\":\"Red de Egresados\",\"description\":\"Just another Medicina site\",\"potentialAction\":[{\"@type\":\"SearchAction\",\"target\":{\"@type\":\"EntryPoint\",\"urlTemplate\":\"https:\/\/medicina.udd.cl\/egresados\/?s={search_term_string}\"},\"query-input\":{\"@type\":\"PropertyValueSpecification\",\"valueRequired\":true,\"valueName\":\"search_term_string\"}}],\"inLanguage\":\"es\"},{\"@type\":\"Person\",\"@id\":\"https:\/\/medicina.udd.cl\/egresados\/#\/schema\/person\/dbc3705bf3a93e8be1ba6de0ef950341\",\"name\":\"rbraidy\",\"image\":{\"@type\":\"ImageObject\",\"inLanguage\":\"es\",\"@id\":\"https:\/\/medicina.udd.cl\/egresados\/#\/schema\/person\/image\/\",\"url\":\"https:\/\/secure.gravatar.com\/avatar\/0f8bc94637401590e45d2ce17eb65c274cb8870a219de6177f3f23e63fd8cdf3?s=96&d=mm&r=g\",\"contentUrl\":\"https:\/\/secure.gravatar.com\/avatar\/0f8bc94637401590e45d2ce17eb65c274cb8870a219de6177f3f23e63fd8cdf3?s=96&d=mm&r=g\",\"caption\":\"rbraidy\"},\"url\":\"https:\/\/medicina.udd.cl\/egresados\/noticias\/author\/rbraidy\/\"}]}<\/script>\n<!-- \/ Yoast SEO plugin. -->","yoast_head_json":{"title":"Primera generaci\u00f3n de cirujanos dentistas - Red de Egresados","robots":{"index":"index","follow":"follow","max-snippet":"max-snippet:-1","max-image-preview":"max-image-preview:large","max-video-preview":"max-video-preview:-1"},"canonical":"https:\/\/medicina.udd.cl\/egresados\/noticias\/2011\/12\/14\/primera-generacion-de-cirujanos-dentistas\/","og_locale":"es_ES","og_type":"article","og_title":"Primera generaci\u00f3n de cirujanos dentistas - Red de Egresados","og_description":"La carrera de Odontolog\u00eda titul\u00f3 a sus primeros 13 profesionales en la Cl\u00ednica UDD, campo cl\u00ednico que los acogi\u00f3 durante sus \u00faltimos a\u00f1os de internado.","og_url":"https:\/\/medicina.udd.cl\/egresados\/noticias\/2011\/12\/14\/primera-generacion-de-cirujanos-dentistas\/","og_site_name":"Red de Egresados","article_published_time":"2011-12-14T13:13:28+00:00","article_modified_time":"2011-12-21T13:16:36+00:00","author":"rbraidy","twitter_misc":{"Escrito por":"rbraidy","Tiempo de lectura":"1 minuto"},"schema":{"@context":"https:\/\/schema.org","@graph":[{"@type":"Article","@id":"https:\/\/medicina.udd.cl\/egresados\/noticias\/2011\/12\/14\/primera-generacion-de-cirujanos-dentistas\/#article","isPartOf":{"@id":"https:\/\/medicina.udd.cl\/egresados\/noticias\/2011\/12\/14\/primera-generacion-de-cirujanos-dentistas\/"},"author":{"name":"rbraidy","@id":"https:\/\/medicina.udd.cl\/egresados\/#\/schema\/person\/dbc3705bf3a93e8be1ba6de0ef950341"},"headline":"Primera generaci\u00f3n de cirujanos dentistas","datePublished":"2011-12-14T13:13:28+00:00","dateModified":"2011-12-21T13:16:36+00:00","mainEntityOfPage":{"@id":"https:\/\/medicina.udd.cl\/egresados\/noticias\/2011\/12\/14\/primera-generacion-de-cirujanos-dentistas\/"},"wordCount":302,"commentCount":0,"articleSection":["Noticias"],"inLanguage":"es","potentialAction":[{"@type":"CommentAction","name":"Comment","target":["https:\/\/medicina.udd.cl\/egresados\/noticias\/2011\/12\/14\/primera-generacion-de-cirujanos-dentistas\/#respond"]}]},{"@type":"WebPage","@id":"https:\/\/medicina.udd.cl\/egresados\/noticias\/2011\/12\/14\/primera-generacion-de-cirujanos-dentistas\/","url":"https:\/\/medicina.udd.cl\/egresados\/noticias\/2011\/12\/14\/primera-generacion-de-cirujanos-dentistas\/","name":"Primera generaci\u00f3n de cirujanos dentistas - Red de Egresados","isPartOf":{"@id":"https:\/\/medicina.udd.cl\/egresados\/#website"},"datePublished":"2011-12-14T13:13:28+00:00","dateModified":"2011-12-21T13:16:36+00:00","author":{"@id":"https:\/\/medicina.udd.cl\/egresados\/#\/schema\/person\/dbc3705bf3a93e8be1ba6de0ef950341"},"breadcrumb":{"@id":"https:\/\/medicina.udd.cl\/egresados\/noticias\/2011\/12\/14\/primera-generacion-de-cirujanos-dentistas\/#breadcrumb"},"inLanguage":"es","potentialAction":[{"@type":"ReadAction","target":["https:\/\/medicina.udd.cl\/egresados\/noticias\/2011\/12\/14\/primera-generacion-de-cirujanos-dentistas\/"]}]},{"@type":"BreadcrumbList","@id":"https:\/\/medicina.udd.cl\/egresados\/noticias\/2011\/12\/14\/primera-generacion-de-cirujanos-dentistas\/#breadcrumb","itemListElement":[{"@type":"ListItem","position":1,"name":"Home","item":"https:\/\/medicina.udd.cl\/egresados\/"},{"@type":"ListItem","position":2,"name":"Primera generaci\u00f3n de cirujanos dentistas"}]},{"@type":"WebSite","@id":"https:\/\/medicina.udd.cl\/egresados\/#website","url":"https:\/\/medicina.udd.cl\/egresados\/","name":"Red de Egresados","description":"Just another Medicina site","potentialAction":[{"@type":"SearchAction","target":{"@type":"EntryPoint","urlTemplate":"https:\/\/medicina.udd.cl\/egresados\/?s={search_term_string}"},"query-input":{"@type":"PropertyValueSpecification","valueRequired":true,"valueName":"search_term_string"}}],"inLanguage":"es"},{"@type":"Person","@id":"https:\/\/medicina.udd.cl\/egresados\/#\/schema\/person\/dbc3705bf3a93e8be1ba6de0ef950341","name":"rbraidy","image":{"@type":"ImageObject","inLanguage":"es","@id":"https:\/\/medicina.udd.cl\/egresados\/#\/schema\/person\/image\/","url":"https:\/\/secure.gravatar.com\/avatar\/0f8bc94637401590e45d2ce17eb65c274cb8870a219de6177f3f23e63fd8cdf3?s=96&d=mm&r=g","contentUrl":"https:\/\/secure.gravatar.com\/avatar\/0f8bc94637401590e45d2ce17eb65c274cb8870a219de6177f3f23e63fd8cdf3?s=96&d=mm&r=g","caption":"rbraidy"},"url":"https:\/\/medicina.udd.cl\/egresados\/noticias\/author\/rbraidy\/"}]}},"_links":{"self":[{"href":"https:\/\/medicina.udd.cl\/egresados\/wp-json\/wp\/v2\/posts\/202","targetHints":{"allow":["GET"]}}],"collection":[{"href":"https:\/\/medicina.udd.cl\/egresados\/wp-json\/wp\/v2\/posts"}],"about":[{"href":"https:\/\/medicina.udd.cl\/egresados\/wp-json\/wp\/v2\/types\/post"}],"author":[{"embeddable":true,"href":"https:\/\/medicina.udd.cl\/egresados\/wp-json\/wp\/v2\/users\/9192219"}],"replies":[{"embeddable":true,"href":"https:\/\/medicina.udd.cl\/egresados\/wp-json\/wp\/v2\/comments?post=202"}],"version-history":[{"count":2,"href":"https:\/\/medicina.udd.cl\/egresados\/wp-json\/wp\/v2\/posts\/202\/revisions"}],"predecessor-version":[{"id":209,"href":"https:\/\/medicina.udd.cl\/egresados\/wp-json\/wp\/v2\/posts\/202\/revisions\/209"}],"wp:attachment":[{"href":"https:\/\/medicina.udd.cl\/egresados\/wp-json\/wp\/v2\/media?parent=202"}],"wp:term":[{"taxonomy":"category","embeddable":true,"href":"https:\/\/medicina.udd.cl\/egresados\/wp-json\/wp\/v2\/categories?post=202"},{"taxonomy":"post_tag","embeddable":true,"href":"https:\/\/medicina.udd.cl\/egresados\/wp-json\/wp\/v2\/tags?post=202"}],"curies":[{"name":"wp","href":"https:\/\/api.w.org\/{rel}","templated":true}]}}