{"id":1830,"date":"2013-09-09T08:34:42","date_gmt":"2013-09-09T12:34:42","guid":{"rendered":"http:\/\/medicina.udd.cl\/enfermeria-santiago\/?p=1830"},"modified":"2013-09-09T08:36:02","modified_gmt":"2013-09-09T12:36:02","slug":"estudiantes-de-enfermeria-visitan-ruka-tain-adkimn","status":"publish","type":"post","link":"https:\/\/medicina.udd.cl\/enfermeria-santiago\/noticias\/2013\/09\/09\/estudiantes-de-enfermeria-visitan-ruka-tain-adkimn\/","title":{"rendered":"Estudiantes de Enfermer\u00eda visitan Ruka Tain Adkimn"},"content":{"rendered":"<div id=\"gallery-1\" class=\"carousel slide carousel-gallery\" data-ride=\"false\" data-interval=\"false\"><div class=\"carousel-inner\" role=\"listbox\"><figure class=\"carousel-item active\"><img loading=\"lazy\" decoding=\"async\" width=\"712\" height=\"534\" src=\"https:\/\/medicina.udd.cl\/enfermeria-santiago\/files\/2013\/09\/Visita-de-estudiantes-de-Enfermer\u00eda-a-ruka.jpg\" class=\"attachment-landscape_952 size-landscape_952\" alt=\"\" srcset=\"https:\/\/medicina.udd.cl\/enfermeria-santiago\/files\/2013\/09\/Visita-de-estudiantes-de-Enfermer\u00eda-a-ruka.jpg 1349w, https:\/\/medicina.udd.cl\/enfermeria-santiago\/files\/2013\/09\/Visita-de-estudiantes-de-Enfermer\u00eda-a-ruka-300x225.jpg 300w, https:\/\/medicina.udd.cl\/enfermeria-santiago\/files\/2013\/09\/Visita-de-estudiantes-de-Enfermer\u00eda-a-ruka-768x576.jpg 768w, https:\/\/medicina.udd.cl\/enfermeria-santiago\/files\/2013\/09\/Visita-de-estudiantes-de-Enfermer\u00eda-a-ruka-1024x768.jpg 1024w, https:\/\/medicina.udd.cl\/enfermeria-santiago\/files\/2013\/09\/Visita-de-estudiantes-de-Enfermer\u00eda-a-ruka-960x720.jpg 960w\" sizes=\"auto, (max-width: 712px) 100vw, 712px\" \/><\/figure><figure class=\"carousel-item\"><img loading=\"lazy\" decoding=\"async\" width=\"712\" height=\"534\" src=\"https:\/\/medicina.udd.cl\/enfermeria-santiago\/files\/2013\/09\/Presentaci\u00f3n-de-Pedro-Valenzuela.jpg\" class=\"attachment-landscape_952 size-landscape_952\" alt=\"\" srcset=\"https:\/\/medicina.udd.cl\/enfermeria-santiago\/files\/2013\/09\/Presentaci\u00f3n-de-Pedro-Valenzuela.jpg 1349w, https:\/\/medicina.udd.cl\/enfermeria-santiago\/files\/2013\/09\/Presentaci\u00f3n-de-Pedro-Valenzuela-300x225.jpg 300w, https:\/\/medicina.udd.cl\/enfermeria-santiago\/files\/2013\/09\/Presentaci\u00f3n-de-Pedro-Valenzuela-768x576.jpg 768w, https:\/\/medicina.udd.cl\/enfermeria-santiago\/files\/2013\/09\/Presentaci\u00f3n-de-Pedro-Valenzuela-1024x768.jpg 1024w, https:\/\/medicina.udd.cl\/enfermeria-santiago\/files\/2013\/09\/Presentaci\u00f3n-de-Pedro-Valenzuela-960x720.jpg 960w\" sizes=\"auto, (max-width: 712px) 100vw, 712px\" \/><\/figure><figure class=\"carousel-item\"><img loading=\"lazy\" decoding=\"async\" width=\"712\" height=\"534\" src=\"https:\/\/medicina.udd.cl\/enfermeria-santiago\/files\/2013\/09\/Exposici\u00f3n-de-Mar\u00eda-Huaichaqueo.jpg\" class=\"attachment-landscape_952 size-landscape_952\" alt=\"\" srcset=\"https:\/\/medicina.udd.cl\/enfermeria-santiago\/files\/2013\/09\/Exposici\u00f3n-de-Mar\u00eda-Huaichaqueo.jpg 1349w, https:\/\/medicina.udd.cl\/enfermeria-santiago\/files\/2013\/09\/Exposici\u00f3n-de-Mar\u00eda-Huaichaqueo-300x225.jpg 300w, https:\/\/medicina.udd.cl\/enfermeria-santiago\/files\/2013\/09\/Exposici\u00f3n-de-Mar\u00eda-Huaichaqueo-768x576.jpg 768w, https:\/\/medicina.udd.cl\/enfermeria-santiago\/files\/2013\/09\/Exposici\u00f3n-de-Mar\u00eda-Huaichaqueo-1024x768.jpg 1024w, https:\/\/medicina.udd.cl\/enfermeria-santiago\/files\/2013\/09\/Exposici\u00f3n-de-Mar\u00eda-Huaichaqueo-960x720.jpg 960w\" sizes=\"auto, (max-width: 712px) 100vw, 712px\" \/><\/figure><\/div><footer class=\"carousel-footer\"><div class=\"carousel-counter\"><span class=\"carousel-counter-current\"><\/span> \/ <span class=\"carousel-counter-total\"><\/span><\/div><a class=\"carousel-control-prev\" href=\"#gallery-1\" role=\"button\" data-slide=\"prev\"><svg aria-hidden=\"true\" class=\"svg-chevron-left-dims\"><use xlink:href='https:\/\/medicina.udd.cl\/enfermeria-santiago\/wp-content\/themes\/facultades-2018\/assets\/img\/svg\/dist\/main.svg?version=1695853099#chevron-left'><\/use><\/svg><span class=\"sr-only\">Anterior<\/span><\/a><a class=\"carousel-control-next\" href=\"#gallery-1\" role=\"button\" data-slide=\"next\"><svg aria-hidden=\"true\" class=\"svg-chevron-right-dims\"><use xlink:href='https:\/\/medicina.udd.cl\/enfermeria-santiago\/wp-content\/themes\/facultades-2018\/assets\/img\/svg\/dist\/main.svg?version=1695853099#chevron-right'><\/use><\/svg><span class=\"sr-only\">Siguiente<\/span><\/a><\/footer><\/div>\n<p>Con el objetivo de conocer la cosmovisi\u00f3n Mapuche y su vinculaci\u00f3n a la Salud Intercultural,<strong> alumnos de Enfermer\u00eda de 2\u00b0 y 5\u00b0 a\u00f1o visitaron la ruka de la Asociaci\u00f3n Ind\u00edgena Mapuche Tain Adkimn<\/strong>, que es patrocinado por el Servicio de Salud Sur Oriente<\/p>\n<p>Los estudiantes del curso Enfermer\u00eda Familiar y de la Comunidad y del curso Menci\u00f3n Ambulatoria tuvieron la oportunidad de conocer los aspectos estructurales de este centro de atenci\u00f3n de medicina mapuche, y escucharon la exposici\u00f3n de miembros de la comunidad sobre la Aplicaci\u00f3n del Programa de Salud Intercultural.<\/p>\n<p>La actividad fue valorada por los alumnos como una instancia importante de di\u00e1logo cultural y enriquecedora desde la identificaci\u00f3n del rol del enfermero en lo que a salud intercultural compete.<\/p>\n<p>La ruka fue construida en 2005 en La Pintana, una de las comunas que cuenta con la mayor cantidad de comunidades mapuche.<\/p>\n","protected":false},"excerpt":{"rendered":"<p>Actividad se realiz\u00f3 para los cursos Enfermer\u00eda Familiar y de la Comunidad, y para el ramo Menci\u00f3n Ambulatoria.<\/p>\n","protected":false},"author":40,"featured_media":1831,"comment_status":"open","ping_status":"open","sticky":false,"template":"","format":"standard","meta":{"footnotes":""},"categories":[4],"tags":[],"class_list":["post-1830","post","type-post","status-publish","format-standard","has-post-thumbnail","hentry","category-noticias"],"yoast_head":"<!-- This site is optimized with the Yoast SEO plugin v26.9 - https:\/\/yoast.com\/product\/yoast-seo-wordpress\/ -->\n<title>Estudiantes de Enfermer\u00eda visitan Ruka Tain Adkimn - Enfermer\u00eda UDD<\/title>\n<meta name=\"robots\" content=\"index, follow, max-snippet:-1, max-image-preview:large, max-video-preview:-1\" \/>\n<link rel=\"canonical\" href=\"https:\/\/medicina.udd.cl\/enfermeria-santiago\/noticias\/2013\/09\/09\/estudiantes-de-enfermeria-visitan-ruka-tain-adkimn\/\" \/>\n<meta property=\"og:locale\" content=\"es_ES\" \/>\n<meta property=\"og:type\" content=\"article\" \/>\n<meta property=\"og:title\" content=\"Estudiantes de Enfermer\u00eda visitan Ruka Tain Adkimn - Enfermer\u00eda UDD\" \/>\n<meta property=\"og:description\" content=\"Actividad se realiz\u00f3 para los cursos Enfermer\u00eda Familiar y de la Comunidad, y para el ramo Menci\u00f3n Ambulatoria.\" \/>\n<meta property=\"og:url\" content=\"https:\/\/medicina.udd.cl\/enfermeria-santiago\/noticias\/2013\/09\/09\/estudiantes-de-enfermeria-visitan-ruka-tain-adkimn\/\" \/>\n<meta property=\"og:site_name\" content=\"Enfermer\u00eda UDD\" \/>\n<meta property=\"article:published_time\" content=\"2013-09-09T12:34:42+00:00\" \/>\n<meta property=\"article:modified_time\" content=\"2013-09-09T12:36:02+00:00\" \/>\n<meta property=\"og:image\" content=\"https:\/\/medicina.udd.cl\/enfermeria-santiago\/files\/2013\/09\/Visita-de-estudiantes-de-Enfermer\u00eda-a-ruka.jpg\" \/>\n\t<meta property=\"og:image:width\" content=\"1349\" \/>\n\t<meta property=\"og:image:height\" content=\"1012\" \/>\n\t<meta property=\"og:image:type\" content=\"image\/jpeg\" \/>\n<meta name=\"twitter:label1\" content=\"Escrito por\" \/>\n\t<meta name=\"twitter:data1\" content=\"\" \/>\n\t<meta name=\"twitter:label2\" content=\"Tiempo de lectura\" \/>\n\t<meta name=\"twitter:data2\" content=\"1 minuto\" \/>\n<script type=\"application\/ld+json\" class=\"yoast-schema-graph\">{\"@context\":\"https:\/\/schema.org\",\"@graph\":[{\"@type\":\"Article\",\"@id\":\"https:\/\/medicina.udd.cl\/enfermeria-santiago\/noticias\/2013\/09\/09\/estudiantes-de-enfermeria-visitan-ruka-tain-adkimn\/#article\",\"isPartOf\":{\"@id\":\"https:\/\/medicina.udd.cl\/enfermeria-santiago\/noticias\/2013\/09\/09\/estudiantes-de-enfermeria-visitan-ruka-tain-adkimn\/\"},\"author\":{\"name\":\"\",\"@id\":\"\"},\"headline\":\"Estudiantes de Enfermer\u00eda visitan Ruka Tain Adkimn\",\"datePublished\":\"2013-09-09T12:34:42+00:00\",\"dateModified\":\"2013-09-09T12:36:02+00:00\",\"mainEntityOfPage\":{\"@id\":\"https:\/\/medicina.udd.cl\/enfermeria-santiago\/noticias\/2013\/09\/09\/estudiantes-de-enfermeria-visitan-ruka-tain-adkimn\/\"},\"wordCount\":163,\"commentCount\":0,\"image\":{\"@id\":\"https:\/\/medicina.udd.cl\/enfermeria-santiago\/noticias\/2013\/09\/09\/estudiantes-de-enfermeria-visitan-ruka-tain-adkimn\/#primaryimage\"},\"thumbnailUrl\":\"https:\/\/medicina.udd.cl\/enfermeria-santiago\/files\/2013\/09\/Visita-de-estudiantes-de-Enfermer\u00eda-a-ruka.jpg\",\"articleSection\":[\"Noticias\"],\"inLanguage\":\"es\",\"potentialAction\":[{\"@type\":\"CommentAction\",\"name\":\"Comment\",\"target\":[\"https:\/\/medicina.udd.cl\/enfermeria-santiago\/noticias\/2013\/09\/09\/estudiantes-de-enfermeria-visitan-ruka-tain-adkimn\/#respond\"]}]},{\"@type\":\"WebPage\",\"@id\":\"https:\/\/medicina.udd.cl\/enfermeria-santiago\/noticias\/2013\/09\/09\/estudiantes-de-enfermeria-visitan-ruka-tain-adkimn\/\",\"url\":\"https:\/\/medicina.udd.cl\/enfermeria-santiago\/noticias\/2013\/09\/09\/estudiantes-de-enfermeria-visitan-ruka-tain-adkimn\/\",\"name\":\"Estudiantes de Enfermer\u00eda visitan Ruka Tain Adkimn - Enfermer\u00eda UDD\",\"isPartOf\":{\"@id\":\"https:\/\/medicina.udd.cl\/enfermeria-santiago\/#website\"},\"primaryImageOfPage\":{\"@id\":\"https:\/\/medicina.udd.cl\/enfermeria-santiago\/noticias\/2013\/09\/09\/estudiantes-de-enfermeria-visitan-ruka-tain-adkimn\/#primaryimage\"},\"image\":{\"@id\":\"https:\/\/medicina.udd.cl\/enfermeria-santiago\/noticias\/2013\/09\/09\/estudiantes-de-enfermeria-visitan-ruka-tain-adkimn\/#primaryimage\"},\"thumbnailUrl\":\"https:\/\/medicina.udd.cl\/enfermeria-santiago\/files\/2013\/09\/Visita-de-estudiantes-de-Enfermer\u00eda-a-ruka.jpg\",\"datePublished\":\"2013-09-09T12:34:42+00:00\",\"dateModified\":\"2013-09-09T12:36:02+00:00\",\"author\":{\"@id\":\"\"},\"breadcrumb\":{\"@id\":\"https:\/\/medicina.udd.cl\/enfermeria-santiago\/noticias\/2013\/09\/09\/estudiantes-de-enfermeria-visitan-ruka-tain-adkimn\/#breadcrumb\"},\"inLanguage\":\"es\",\"potentialAction\":[{\"@type\":\"ReadAction\",\"target\":[\"https:\/\/medicina.udd.cl\/enfermeria-santiago\/noticias\/2013\/09\/09\/estudiantes-de-enfermeria-visitan-ruka-tain-adkimn\/\"]}]},{\"@type\":\"ImageObject\",\"inLanguage\":\"es\",\"@id\":\"https:\/\/medicina.udd.cl\/enfermeria-santiago\/noticias\/2013\/09\/09\/estudiantes-de-enfermeria-visitan-ruka-tain-adkimn\/#primaryimage\",\"url\":\"https:\/\/medicina.udd.cl\/enfermeria-santiago\/files\/2013\/09\/Visita-de-estudiantes-de-Enfermer\u00eda-a-ruka.jpg\",\"contentUrl\":\"https:\/\/medicina.udd.cl\/enfermeria-santiago\/files\/2013\/09\/Visita-de-estudiantes-de-Enfermer\u00eda-a-ruka.jpg\",\"width\":1349,\"height\":1012},{\"@type\":\"BreadcrumbList\",\"@id\":\"https:\/\/medicina.udd.cl\/enfermeria-santiago\/noticias\/2013\/09\/09\/estudiantes-de-enfermeria-visitan-ruka-tain-adkimn\/#breadcrumb\",\"itemListElement\":[{\"@type\":\"ListItem\",\"position\":1,\"name\":\"Home\",\"item\":\"https:\/\/medicina.udd.cl\/enfermeria-santiago\/\"},{\"@type\":\"ListItem\",\"position\":2,\"name\":\"Estudiantes de Enfermer\u00eda visitan Ruka Tain Adkimn\"}]},{\"@type\":\"WebSite\",\"@id\":\"https:\/\/medicina.udd.cl\/enfermeria-santiago\/#website\",\"url\":\"https:\/\/medicina.udd.cl\/enfermeria-santiago\/\",\"name\":\"Enfermer\u00eda UDD\",\"description\":\"Facultad de Medicina Cl\u00ednica Alemana Universidad del Desarrollo\",\"inLanguage\":\"es\"},{\"@type\":\"Person\",\"@id\":\"\",\"url\":\"https:\/\/medicina.udd.cl\/enfermeria-santiago\/noticias\/author\/\"}]}<\/script>\n<!-- \/ Yoast SEO plugin. -->","yoast_head_json":{"title":"Estudiantes de Enfermer\u00eda visitan Ruka Tain Adkimn - Enfermer\u00eda UDD","robots":{"index":"index","follow":"follow","max-snippet":"max-snippet:-1","max-image-preview":"max-image-preview:large","max-video-preview":"max-video-preview:-1"},"canonical":"https:\/\/medicina.udd.cl\/enfermeria-santiago\/noticias\/2013\/09\/09\/estudiantes-de-enfermeria-visitan-ruka-tain-adkimn\/","og_locale":"es_ES","og_type":"article","og_title":"Estudiantes de Enfermer\u00eda visitan Ruka Tain Adkimn - Enfermer\u00eda UDD","og_description":"Actividad se realiz\u00f3 para los cursos Enfermer\u00eda Familiar y de la Comunidad, y para el ramo Menci\u00f3n Ambulatoria.","og_url":"https:\/\/medicina.udd.cl\/enfermeria-santiago\/noticias\/2013\/09\/09\/estudiantes-de-enfermeria-visitan-ruka-tain-adkimn\/","og_site_name":"Enfermer\u00eda UDD","article_published_time":"2013-09-09T12:34:42+00:00","article_modified_time":"2013-09-09T12:36:02+00:00","og_image":[{"width":1349,"height":1012,"url":"https:\/\/medicina.udd.cl\/enfermeria-santiago\/files\/2013\/09\/Visita-de-estudiantes-de-Enfermer\u00eda-a-ruka.jpg","type":"image\/jpeg"}],"twitter_misc":{"Escrito por":"","Tiempo de lectura":"1 minuto"},"schema":{"@context":"https:\/\/schema.org","@graph":[{"@type":"Article","@id":"https:\/\/medicina.udd.cl\/enfermeria-santiago\/noticias\/2013\/09\/09\/estudiantes-de-enfermeria-visitan-ruka-tain-adkimn\/#article","isPartOf":{"@id":"https:\/\/medicina.udd.cl\/enfermeria-santiago\/noticias\/2013\/09\/09\/estudiantes-de-enfermeria-visitan-ruka-tain-adkimn\/"},"author":{"name":"","@id":""},"headline":"Estudiantes de Enfermer\u00eda visitan Ruka Tain Adkimn","datePublished":"2013-09-09T12:34:42+00:00","dateModified":"2013-09-09T12:36:02+00:00","mainEntityOfPage":{"@id":"https:\/\/medicina.udd.cl\/enfermeria-santiago\/noticias\/2013\/09\/09\/estudiantes-de-enfermeria-visitan-ruka-tain-adkimn\/"},"wordCount":163,"commentCount":0,"image":{"@id":"https:\/\/medicina.udd.cl\/enfermeria-santiago\/noticias\/2013\/09\/09\/estudiantes-de-enfermeria-visitan-ruka-tain-adkimn\/#primaryimage"},"thumbnailUrl":"https:\/\/medicina.udd.cl\/enfermeria-santiago\/files\/2013\/09\/Visita-de-estudiantes-de-Enfermer\u00eda-a-ruka.jpg","articleSection":["Noticias"],"inLanguage":"es","potentialAction":[{"@type":"CommentAction","name":"Comment","target":["https:\/\/medicina.udd.cl\/enfermeria-santiago\/noticias\/2013\/09\/09\/estudiantes-de-enfermeria-visitan-ruka-tain-adkimn\/#respond"]}]},{"@type":"WebPage","@id":"https:\/\/medicina.udd.cl\/enfermeria-santiago\/noticias\/2013\/09\/09\/estudiantes-de-enfermeria-visitan-ruka-tain-adkimn\/","url":"https:\/\/medicina.udd.cl\/enfermeria-santiago\/noticias\/2013\/09\/09\/estudiantes-de-enfermeria-visitan-ruka-tain-adkimn\/","name":"Estudiantes de Enfermer\u00eda visitan Ruka Tain Adkimn - Enfermer\u00eda UDD","isPartOf":{"@id":"https:\/\/medicina.udd.cl\/enfermeria-santiago\/#website"},"primaryImageOfPage":{"@id":"https:\/\/medicina.udd.cl\/enfermeria-santiago\/noticias\/2013\/09\/09\/estudiantes-de-enfermeria-visitan-ruka-tain-adkimn\/#primaryimage"},"image":{"@id":"https:\/\/medicina.udd.cl\/enfermeria-santiago\/noticias\/2013\/09\/09\/estudiantes-de-enfermeria-visitan-ruka-tain-adkimn\/#primaryimage"},"thumbnailUrl":"https:\/\/medicina.udd.cl\/enfermeria-santiago\/files\/2013\/09\/Visita-de-estudiantes-de-Enfermer\u00eda-a-ruka.jpg","datePublished":"2013-09-09T12:34:42+00:00","dateModified":"2013-09-09T12:36:02+00:00","author":{"@id":""},"breadcrumb":{"@id":"https:\/\/medicina.udd.cl\/enfermeria-santiago\/noticias\/2013\/09\/09\/estudiantes-de-enfermeria-visitan-ruka-tain-adkimn\/#breadcrumb"},"inLanguage":"es","potentialAction":[{"@type":"ReadAction","target":["https:\/\/medicina.udd.cl\/enfermeria-santiago\/noticias\/2013\/09\/09\/estudiantes-de-enfermeria-visitan-ruka-tain-adkimn\/"]}]},{"@type":"ImageObject","inLanguage":"es","@id":"https:\/\/medicina.udd.cl\/enfermeria-santiago\/noticias\/2013\/09\/09\/estudiantes-de-enfermeria-visitan-ruka-tain-adkimn\/#primaryimage","url":"https:\/\/medicina.udd.cl\/enfermeria-santiago\/files\/2013\/09\/Visita-de-estudiantes-de-Enfermer\u00eda-a-ruka.jpg","contentUrl":"https:\/\/medicina.udd.cl\/enfermeria-santiago\/files\/2013\/09\/Visita-de-estudiantes-de-Enfermer\u00eda-a-ruka.jpg","width":1349,"height":1012},{"@type":"BreadcrumbList","@id":"https:\/\/medicina.udd.cl\/enfermeria-santiago\/noticias\/2013\/09\/09\/estudiantes-de-enfermeria-visitan-ruka-tain-adkimn\/#breadcrumb","itemListElement":[{"@type":"ListItem","position":1,"name":"Home","item":"https:\/\/medicina.udd.cl\/enfermeria-santiago\/"},{"@type":"ListItem","position":2,"name":"Estudiantes de Enfermer\u00eda visitan Ruka Tain Adkimn"}]},{"@type":"WebSite","@id":"https:\/\/medicina.udd.cl\/enfermeria-santiago\/#website","url":"https:\/\/medicina.udd.cl\/enfermeria-santiago\/","name":"Enfermer\u00eda UDD","description":"Facultad de Medicina Cl\u00ednica Alemana Universidad del Desarrollo","inLanguage":"es"},{"@type":"Person","@id":"","url":"https:\/\/medicina.udd.cl\/enfermeria-santiago\/noticias\/author\/"}]}},"featured_image_url":"https:\/\/medicina.udd.cl\/enfermeria-santiago\/files\/2013\/09\/Visita-de-estudiantes-de-Enfermer\u00eda-a-ruka.jpg","_links":{"self":[{"href":"https:\/\/medicina.udd.cl\/enfermeria-santiago\/wp-json\/wp\/v2\/posts\/1830","targetHints":{"allow":["GET"]}}],"collection":[{"href":"https:\/\/medicina.udd.cl\/enfermeria-santiago\/wp-json\/wp\/v2\/posts"}],"about":[{"href":"https:\/\/medicina.udd.cl\/enfermeria-santiago\/wp-json\/wp\/v2\/types\/post"}],"author":[{"embeddable":true,"href":"https:\/\/medicina.udd.cl\/enfermeria-santiago\/wp-json\/wp\/v2\/users\/40"}],"replies":[{"embeddable":true,"href":"https:\/\/medicina.udd.cl\/enfermeria-santiago\/wp-json\/wp\/v2\/comments?post=1830"}],"version-history":[{"count":2,"href":"https:\/\/medicina.udd.cl\/enfermeria-santiago\/wp-json\/wp\/v2\/posts\/1830\/revisions"}],"predecessor-version":[{"id":1835,"href":"https:\/\/medicina.udd.cl\/enfermeria-santiago\/wp-json\/wp\/v2\/posts\/1830\/revisions\/1835"}],"wp:featuredmedia":[{"embeddable":true,"href":"https:\/\/medicina.udd.cl\/enfermeria-santiago\/wp-json\/wp\/v2\/media\/1831"}],"wp:attachment":[{"href":"https:\/\/medicina.udd.cl\/enfermeria-santiago\/wp-json\/wp\/v2\/media?parent=1830"}],"wp:term":[{"taxonomy":"category","embeddable":true,"href":"https:\/\/medicina.udd.cl\/enfermeria-santiago\/wp-json\/wp\/v2\/categories?post=1830"},{"taxonomy":"post_tag","embeddable":true,"href":"https:\/\/medicina.udd.cl\/enfermeria-santiago\/wp-json\/wp\/v2\/tags?post=1830"}],"curies":[{"name":"wp","href":"https:\/\/api.w.org\/{rel}","templated":true}]}}