{"id":2249,"date":"2014-05-05T16:05:07","date_gmt":"2014-05-05T20:05:07","guid":{"rendered":"http:\/\/medicina.udd.cl\/enfermeria-santiago\/?p=2249"},"modified":"2014-05-05T16:08:13","modified_gmt":"2014-05-05T20:08:13","slug":"investigadora-udd-elegida-vicepresidenta-de-la-sociedad-chilena-de-epidemiologia","status":"publish","type":"post","link":"https:\/\/medicina.udd.cl\/enfermeria-santiago\/noticias\/2014\/05\/05\/investigadora-udd-elegida-vicepresidenta-de-la-sociedad-chilena-de-epidemiologia\/","title":{"rendered":"Investigadora UDD elegida vicepresidenta de la Sociedad Chilena de Epidemiolog\u00eda"},"content":{"rendered":"<p><a href=\"http:\/\/medicina.udd.cl\/enfermeria-santiago\/files\/2014\/05\/B\u00e1ltica-Cabieses.jpg\"><img loading=\"lazy\" decoding=\"async\" class=\"size-medium wp-image-2251 alignright\" alt=\"B\u00e1ltica Cabieses\" src=\"http:\/\/medicina.udd.cl\/enfermeria-santiago\/files\/2014\/05\/B\u00e1ltica-Cabieses-225x300.jpg\" width=\"225\" height=\"300\" srcset=\"https:\/\/medicina.udd.cl\/enfermeria-santiago\/files\/2014\/05\/B\u00e1ltica-Cabieses-225x300.jpg 225w, https:\/\/medicina.udd.cl\/enfermeria-santiago\/files\/2014\/05\/B\u00e1ltica-Cabieses.jpg 720w\" sizes=\"auto, (max-width: 225px) 100vw, 225px\" \/><\/a>La investigadora y docente de la\u00a0<a href=\"http:\/\/medicina.udd.cl\/\"><strong>Facultad de Medicina CAS-UDD<\/strong><\/a>,\u00a0<strong>Doctora B\u00e1ltica Cabieses<\/strong>, fue elegida como la nueva vicepresidenta de la\u00a0<a href=\"http:\/\/www.sochepi.cl\/\"><strong>Sociedad Chilena de Epidemiolog\u00eda (Sochepi)<\/strong><\/a>.<\/p>\n<p>La elecci\u00f3n se realiz\u00f3 en sesi\u00f3n de asamblea ordinaria el pasado 24 de abril, instancia en la que se defini\u00f3 \u2013por votaci\u00f3n de miembros activos\u2013 el nuevo directorio del organismo cient\u00edfico.<\/p>\n<p>La Sociedad Chilena de Epidemiolog\u00eda se cre\u00f3 en la d\u00e9cada de los noventa y dej\u00f3 de funcionar por varios a\u00f1os. El 2012 se inici\u00f3 su reactivaci\u00f3n legal, concret\u00e1ndose definitivamente con la elecci\u00f3n de este nuevo directorio.<\/p>\n<p>En este contexto, la PhD en Epidemiolog\u00eda Social y\u00a0coordinadora de Investigaci\u00f3n de la <a href=\"http:\/\/medicina.udd.cl\/enfermeria-santiago\/\"><strong>carrera de Enfermer\u00eda<\/strong><\/a>\u00a0, se desempe\u00f1\u00f3 anteriormente como secretaria ejecutiva del directorio de reactivaci\u00f3n, para ahora asumir este nuevo desaf\u00edo.<\/p>\n<p>A su vez, ha trabajado durante el \u00faltimo a\u00f1o en proyectos de investigaci\u00f3n de salud de inmigrantes en Chile con la presidenta electa, Muriel Ram\u00edrez, epidemi\u00f3loga de la\u00a0<a href=\"http:\/\/www.ucn.cl\/\"><strong>Universidad Cat\u00f3lica del Norte.<\/strong><\/a><\/p>\n<p>De este modo, cuenta que \u201ces una gran oportunidad formar parte de esta sociedad que, en el pasado, fue de gran importancia para la salud de Chile y que hoy enfrenta importantes desaf\u00edos de reposicionamiento y desarrollo\u201d. A esto, agrega que su gran motivaci\u00f3n es \u201cfortalecer la investigaci\u00f3n en Chile y su impacto real en la salud p\u00fablica\u201d.<\/p>\n<p>Adem\u00e1s de este nombramiento, B\u00e1ltica Cabieses fue invitada a formar parte del\u00a0<strong>Comit\u00e9 Asesor Interno<\/strong>\u00a0del\u00a0<strong><a href=\"http:\/\/www.conicyt.cl\/fonis\/\">Fondo Nacional de Investigaci\u00f3n en Salud (Fonis)<\/a><\/strong>. Conformado por seis investigadores de relevante trayectoria, tiene como objetivo apoyar la selecci\u00f3n, desarrollo y finalizaci\u00f3n de proyectos. \u201cFue un honor que me invitaran\u201d, enfatiza.<\/p>\n","protected":false},"excerpt":{"rendered":"<p>Se trata de B\u00e1ltica Cabieses quien, adem\u00e1s, fue invitada a formar parte del Comit\u00e9 Asesor Interno del Fondo Nacional de Investigaci\u00f3n en Salud (Fonis).<\/p>\n","protected":false},"author":42,"featured_media":2250,"comment_status":"open","ping_status":"open","sticky":false,"template":"","format":"standard","meta":{"footnotes":""},"categories":[4],"tags":[],"class_list":["post-2249","post","type-post","status-publish","format-standard","has-post-thumbnail","hentry","category-noticias"],"yoast_head":"<!-- This site is optimized with the Yoast SEO plugin v26.9 - https:\/\/yoast.com\/product\/yoast-seo-wordpress\/ -->\n<title>Investigadora UDD: vicepresidenta de la Sociedad Chilena de Epidemiolog\u00eda<\/title>\n<meta name=\"description\" content=\"Se trata de B\u00e1ltica Cabieses quien, adem\u00e1s, fue invitada a formar parte del Comit\u00e9 Asesor Interno del Fondo Nacional de Investigaci\u00f3n en Salud (Fonis).\" \/>\n<meta name=\"robots\" content=\"index, follow, max-snippet:-1, max-image-preview:large, max-video-preview:-1\" \/>\n<link rel=\"canonical\" href=\"https:\/\/medicina.udd.cl\/enfermeria-santiago\/noticias\/2014\/05\/05\/investigadora-udd-elegida-vicepresidenta-de-la-sociedad-chilena-de-epidemiologia\/\" \/>\n<meta property=\"og:locale\" content=\"es_ES\" \/>\n<meta property=\"og:type\" content=\"article\" \/>\n<meta property=\"og:title\" content=\"Investigadora UDD: vicepresidenta de la Sociedad Chilena de Epidemiolog\u00eda\" \/>\n<meta property=\"og:description\" content=\"Se trata de B\u00e1ltica Cabieses quien, adem\u00e1s, fue invitada a formar parte del Comit\u00e9 Asesor Interno del Fondo Nacional de Investigaci\u00f3n en Salud (Fonis).\" \/>\n<meta property=\"og:url\" content=\"https:\/\/medicina.udd.cl\/enfermeria-santiago\/noticias\/2014\/05\/05\/investigadora-udd-elegida-vicepresidenta-de-la-sociedad-chilena-de-epidemiologia\/\" \/>\n<meta property=\"og:site_name\" content=\"Enfermer\u00eda UDD\" \/>\n<meta property=\"article:published_time\" content=\"2014-05-05T20:05:07+00:00\" \/>\n<meta property=\"article:modified_time\" content=\"2014-05-05T20:08:13+00:00\" \/>\n<meta property=\"og:image\" content=\"https:\/\/medicina.udd.cl\/enfermeria-santiago\/files\/2014\/05\/B\u00e1ltica-Cabieses-PhD.jpg\" \/>\n\t<meta property=\"og:image:width\" content=\"580\" \/>\n\t<meta property=\"og:image:height\" content=\"538\" \/>\n\t<meta property=\"og:image:type\" content=\"image\/jpeg\" \/>\n<meta name=\"twitter:label1\" content=\"Escrito por\" \/>\n\t<meta name=\"twitter:data1\" content=\"\" \/>\n\t<meta name=\"twitter:label2\" content=\"Tiempo de lectura\" \/>\n\t<meta name=\"twitter:data2\" content=\"1 minuto\" \/>\n<script type=\"application\/ld+json\" class=\"yoast-schema-graph\">{\"@context\":\"https:\/\/schema.org\",\"@graph\":[{\"@type\":\"Article\",\"@id\":\"https:\/\/medicina.udd.cl\/enfermeria-santiago\/noticias\/2014\/05\/05\/investigadora-udd-elegida-vicepresidenta-de-la-sociedad-chilena-de-epidemiologia\/#article\",\"isPartOf\":{\"@id\":\"https:\/\/medicina.udd.cl\/enfermeria-santiago\/noticias\/2014\/05\/05\/investigadora-udd-elegida-vicepresidenta-de-la-sociedad-chilena-de-epidemiologia\/\"},\"author\":{\"name\":\"\",\"@id\":\"\"},\"headline\":\"Investigadora UDD elegida vicepresidenta de la Sociedad Chilena de Epidemiolog\u00eda\",\"datePublished\":\"2014-05-05T20:05:07+00:00\",\"dateModified\":\"2014-05-05T20:08:13+00:00\",\"mainEntityOfPage\":{\"@id\":\"https:\/\/medicina.udd.cl\/enfermeria-santiago\/noticias\/2014\/05\/05\/investigadora-udd-elegida-vicepresidenta-de-la-sociedad-chilena-de-epidemiologia\/\"},\"wordCount\":304,\"commentCount\":0,\"image\":{\"@id\":\"https:\/\/medicina.udd.cl\/enfermeria-santiago\/noticias\/2014\/05\/05\/investigadora-udd-elegida-vicepresidenta-de-la-sociedad-chilena-de-epidemiologia\/#primaryimage\"},\"thumbnailUrl\":\"https:\/\/medicina.udd.cl\/enfermeria-santiago\/files\/2014\/05\/B\u00e1ltica-Cabieses-PhD.jpg\",\"articleSection\":[\"Noticias\"],\"inLanguage\":\"es\",\"potentialAction\":[{\"@type\":\"CommentAction\",\"name\":\"Comment\",\"target\":[\"https:\/\/medicina.udd.cl\/enfermeria-santiago\/noticias\/2014\/05\/05\/investigadora-udd-elegida-vicepresidenta-de-la-sociedad-chilena-de-epidemiologia\/#respond\"]}]},{\"@type\":\"WebPage\",\"@id\":\"https:\/\/medicina.udd.cl\/enfermeria-santiago\/noticias\/2014\/05\/05\/investigadora-udd-elegida-vicepresidenta-de-la-sociedad-chilena-de-epidemiologia\/\",\"url\":\"https:\/\/medicina.udd.cl\/enfermeria-santiago\/noticias\/2014\/05\/05\/investigadora-udd-elegida-vicepresidenta-de-la-sociedad-chilena-de-epidemiologia\/\",\"name\":\"Investigadora UDD: vicepresidenta de la Sociedad Chilena de Epidemiolog\u00eda\",\"isPartOf\":{\"@id\":\"https:\/\/medicina.udd.cl\/enfermeria-santiago\/#website\"},\"primaryImageOfPage\":{\"@id\":\"https:\/\/medicina.udd.cl\/enfermeria-santiago\/noticias\/2014\/05\/05\/investigadora-udd-elegida-vicepresidenta-de-la-sociedad-chilena-de-epidemiologia\/#primaryimage\"},\"image\":{\"@id\":\"https:\/\/medicina.udd.cl\/enfermeria-santiago\/noticias\/2014\/05\/05\/investigadora-udd-elegida-vicepresidenta-de-la-sociedad-chilena-de-epidemiologia\/#primaryimage\"},\"thumbnailUrl\":\"https:\/\/medicina.udd.cl\/enfermeria-santiago\/files\/2014\/05\/B\u00e1ltica-Cabieses-PhD.jpg\",\"datePublished\":\"2014-05-05T20:05:07+00:00\",\"dateModified\":\"2014-05-05T20:08:13+00:00\",\"author\":{\"@id\":\"\"},\"description\":\"Se trata de B\u00e1ltica Cabieses quien, adem\u00e1s, fue invitada a formar parte del Comit\u00e9 Asesor Interno del Fondo Nacional de Investigaci\u00f3n en Salud (Fonis).\",\"breadcrumb\":{\"@id\":\"https:\/\/medicina.udd.cl\/enfermeria-santiago\/noticias\/2014\/05\/05\/investigadora-udd-elegida-vicepresidenta-de-la-sociedad-chilena-de-epidemiologia\/#breadcrumb\"},\"inLanguage\":\"es\",\"potentialAction\":[{\"@type\":\"ReadAction\",\"target\":[\"https:\/\/medicina.udd.cl\/enfermeria-santiago\/noticias\/2014\/05\/05\/investigadora-udd-elegida-vicepresidenta-de-la-sociedad-chilena-de-epidemiologia\/\"]}]},{\"@type\":\"ImageObject\",\"inLanguage\":\"es\",\"@id\":\"https:\/\/medicina.udd.cl\/enfermeria-santiago\/noticias\/2014\/05\/05\/investigadora-udd-elegida-vicepresidenta-de-la-sociedad-chilena-de-epidemiologia\/#primaryimage\",\"url\":\"https:\/\/medicina.udd.cl\/enfermeria-santiago\/files\/2014\/05\/B\u00e1ltica-Cabieses-PhD.jpg\",\"contentUrl\":\"https:\/\/medicina.udd.cl\/enfermeria-santiago\/files\/2014\/05\/B\u00e1ltica-Cabieses-PhD.jpg\",\"width\":580,\"height\":538},{\"@type\":\"BreadcrumbList\",\"@id\":\"https:\/\/medicina.udd.cl\/enfermeria-santiago\/noticias\/2014\/05\/05\/investigadora-udd-elegida-vicepresidenta-de-la-sociedad-chilena-de-epidemiologia\/#breadcrumb\",\"itemListElement\":[{\"@type\":\"ListItem\",\"position\":1,\"name\":\"Home\",\"item\":\"https:\/\/medicina.udd.cl\/enfermeria-santiago\/\"},{\"@type\":\"ListItem\",\"position\":2,\"name\":\"Investigadora UDD elegida vicepresidenta de la Sociedad Chilena de Epidemiolog\u00eda\"}]},{\"@type\":\"WebSite\",\"@id\":\"https:\/\/medicina.udd.cl\/enfermeria-santiago\/#website\",\"url\":\"https:\/\/medicina.udd.cl\/enfermeria-santiago\/\",\"name\":\"Enfermer\u00eda UDD\",\"description\":\"Facultad de Medicina Cl\u00ednica Alemana Universidad del Desarrollo\",\"inLanguage\":\"es\"},{\"@type\":\"Person\",\"@id\":\"\",\"url\":\"https:\/\/medicina.udd.cl\/enfermeria-santiago\/noticias\/author\/\"}]}<\/script>\n<!-- \/ Yoast SEO plugin. -->","yoast_head_json":{"title":"Investigadora UDD: vicepresidenta de la Sociedad Chilena de Epidemiolog\u00eda","description":"Se trata de B\u00e1ltica Cabieses quien, adem\u00e1s, fue invitada a formar parte del Comit\u00e9 Asesor Interno del Fondo Nacional de Investigaci\u00f3n en Salud (Fonis).","robots":{"index":"index","follow":"follow","max-snippet":"max-snippet:-1","max-image-preview":"max-image-preview:large","max-video-preview":"max-video-preview:-1"},"canonical":"https:\/\/medicina.udd.cl\/enfermeria-santiago\/noticias\/2014\/05\/05\/investigadora-udd-elegida-vicepresidenta-de-la-sociedad-chilena-de-epidemiologia\/","og_locale":"es_ES","og_type":"article","og_title":"Investigadora UDD: vicepresidenta de la Sociedad Chilena de Epidemiolog\u00eda","og_description":"Se trata de B\u00e1ltica Cabieses quien, adem\u00e1s, fue invitada a formar parte del Comit\u00e9 Asesor Interno del Fondo Nacional de Investigaci\u00f3n en Salud (Fonis).","og_url":"https:\/\/medicina.udd.cl\/enfermeria-santiago\/noticias\/2014\/05\/05\/investigadora-udd-elegida-vicepresidenta-de-la-sociedad-chilena-de-epidemiologia\/","og_site_name":"Enfermer\u00eda UDD","article_published_time":"2014-05-05T20:05:07+00:00","article_modified_time":"2014-05-05T20:08:13+00:00","og_image":[{"width":580,"height":538,"url":"https:\/\/medicina.udd.cl\/enfermeria-santiago\/files\/2014\/05\/B\u00e1ltica-Cabieses-PhD.jpg","type":"image\/jpeg"}],"twitter_misc":{"Escrito por":"","Tiempo de lectura":"1 minuto"},"schema":{"@context":"https:\/\/schema.org","@graph":[{"@type":"Article","@id":"https:\/\/medicina.udd.cl\/enfermeria-santiago\/noticias\/2014\/05\/05\/investigadora-udd-elegida-vicepresidenta-de-la-sociedad-chilena-de-epidemiologia\/#article","isPartOf":{"@id":"https:\/\/medicina.udd.cl\/enfermeria-santiago\/noticias\/2014\/05\/05\/investigadora-udd-elegida-vicepresidenta-de-la-sociedad-chilena-de-epidemiologia\/"},"author":{"name":"","@id":""},"headline":"Investigadora UDD elegida vicepresidenta de la Sociedad Chilena de Epidemiolog\u00eda","datePublished":"2014-05-05T20:05:07+00:00","dateModified":"2014-05-05T20:08:13+00:00","mainEntityOfPage":{"@id":"https:\/\/medicina.udd.cl\/enfermeria-santiago\/noticias\/2014\/05\/05\/investigadora-udd-elegida-vicepresidenta-de-la-sociedad-chilena-de-epidemiologia\/"},"wordCount":304,"commentCount":0,"image":{"@id":"https:\/\/medicina.udd.cl\/enfermeria-santiago\/noticias\/2014\/05\/05\/investigadora-udd-elegida-vicepresidenta-de-la-sociedad-chilena-de-epidemiologia\/#primaryimage"},"thumbnailUrl":"https:\/\/medicina.udd.cl\/enfermeria-santiago\/files\/2014\/05\/B\u00e1ltica-Cabieses-PhD.jpg","articleSection":["Noticias"],"inLanguage":"es","potentialAction":[{"@type":"CommentAction","name":"Comment","target":["https:\/\/medicina.udd.cl\/enfermeria-santiago\/noticias\/2014\/05\/05\/investigadora-udd-elegida-vicepresidenta-de-la-sociedad-chilena-de-epidemiologia\/#respond"]}]},{"@type":"WebPage","@id":"https:\/\/medicina.udd.cl\/enfermeria-santiago\/noticias\/2014\/05\/05\/investigadora-udd-elegida-vicepresidenta-de-la-sociedad-chilena-de-epidemiologia\/","url":"https:\/\/medicina.udd.cl\/enfermeria-santiago\/noticias\/2014\/05\/05\/investigadora-udd-elegida-vicepresidenta-de-la-sociedad-chilena-de-epidemiologia\/","name":"Investigadora UDD: vicepresidenta de la Sociedad Chilena de Epidemiolog\u00eda","isPartOf":{"@id":"https:\/\/medicina.udd.cl\/enfermeria-santiago\/#website"},"primaryImageOfPage":{"@id":"https:\/\/medicina.udd.cl\/enfermeria-santiago\/noticias\/2014\/05\/05\/investigadora-udd-elegida-vicepresidenta-de-la-sociedad-chilena-de-epidemiologia\/#primaryimage"},"image":{"@id":"https:\/\/medicina.udd.cl\/enfermeria-santiago\/noticias\/2014\/05\/05\/investigadora-udd-elegida-vicepresidenta-de-la-sociedad-chilena-de-epidemiologia\/#primaryimage"},"thumbnailUrl":"https:\/\/medicina.udd.cl\/enfermeria-santiago\/files\/2014\/05\/B\u00e1ltica-Cabieses-PhD.jpg","datePublished":"2014-05-05T20:05:07+00:00","dateModified":"2014-05-05T20:08:13+00:00","author":{"@id":""},"description":"Se trata de B\u00e1ltica Cabieses quien, adem\u00e1s, fue invitada a formar parte del Comit\u00e9 Asesor Interno del Fondo Nacional de Investigaci\u00f3n en Salud (Fonis).","breadcrumb":{"@id":"https:\/\/medicina.udd.cl\/enfermeria-santiago\/noticias\/2014\/05\/05\/investigadora-udd-elegida-vicepresidenta-de-la-sociedad-chilena-de-epidemiologia\/#breadcrumb"},"inLanguage":"es","potentialAction":[{"@type":"ReadAction","target":["https:\/\/medicina.udd.cl\/enfermeria-santiago\/noticias\/2014\/05\/05\/investigadora-udd-elegida-vicepresidenta-de-la-sociedad-chilena-de-epidemiologia\/"]}]},{"@type":"ImageObject","inLanguage":"es","@id":"https:\/\/medicina.udd.cl\/enfermeria-santiago\/noticias\/2014\/05\/05\/investigadora-udd-elegida-vicepresidenta-de-la-sociedad-chilena-de-epidemiologia\/#primaryimage","url":"https:\/\/medicina.udd.cl\/enfermeria-santiago\/files\/2014\/05\/B\u00e1ltica-Cabieses-PhD.jpg","contentUrl":"https:\/\/medicina.udd.cl\/enfermeria-santiago\/files\/2014\/05\/B\u00e1ltica-Cabieses-PhD.jpg","width":580,"height":538},{"@type":"BreadcrumbList","@id":"https:\/\/medicina.udd.cl\/enfermeria-santiago\/noticias\/2014\/05\/05\/investigadora-udd-elegida-vicepresidenta-de-la-sociedad-chilena-de-epidemiologia\/#breadcrumb","itemListElement":[{"@type":"ListItem","position":1,"name":"Home","item":"https:\/\/medicina.udd.cl\/enfermeria-santiago\/"},{"@type":"ListItem","position":2,"name":"Investigadora UDD elegida vicepresidenta de la Sociedad Chilena de Epidemiolog\u00eda"}]},{"@type":"WebSite","@id":"https:\/\/medicina.udd.cl\/enfermeria-santiago\/#website","url":"https:\/\/medicina.udd.cl\/enfermeria-santiago\/","name":"Enfermer\u00eda UDD","description":"Facultad de Medicina Cl\u00ednica Alemana Universidad del Desarrollo","inLanguage":"es"},{"@type":"Person","@id":"","url":"https:\/\/medicina.udd.cl\/enfermeria-santiago\/noticias\/author\/"}]}},"featured_image_url":"https:\/\/medicina.udd.cl\/enfermeria-santiago\/files\/2014\/05\/B\u00e1ltica-Cabieses-PhD.jpg","_links":{"self":[{"href":"https:\/\/medicina.udd.cl\/enfermeria-santiago\/wp-json\/wp\/v2\/posts\/2249","targetHints":{"allow":["GET"]}}],"collection":[{"href":"https:\/\/medicina.udd.cl\/enfermeria-santiago\/wp-json\/wp\/v2\/posts"}],"about":[{"href":"https:\/\/medicina.udd.cl\/enfermeria-santiago\/wp-json\/wp\/v2\/types\/post"}],"author":[{"embeddable":true,"href":"https:\/\/medicina.udd.cl\/enfermeria-santiago\/wp-json\/wp\/v2\/users\/42"}],"replies":[{"embeddable":true,"href":"https:\/\/medicina.udd.cl\/enfermeria-santiago\/wp-json\/wp\/v2\/comments?post=2249"}],"version-history":[{"count":5,"href":"https:\/\/medicina.udd.cl\/enfermeria-santiago\/wp-json\/wp\/v2\/posts\/2249\/revisions"}],"predecessor-version":[{"id":2256,"href":"https:\/\/medicina.udd.cl\/enfermeria-santiago\/wp-json\/wp\/v2\/posts\/2249\/revisions\/2256"}],"wp:featuredmedia":[{"embeddable":true,"href":"https:\/\/medicina.udd.cl\/enfermeria-santiago\/wp-json\/wp\/v2\/media\/2250"}],"wp:attachment":[{"href":"https:\/\/medicina.udd.cl\/enfermeria-santiago\/wp-json\/wp\/v2\/media?parent=2249"}],"wp:term":[{"taxonomy":"category","embeddable":true,"href":"https:\/\/medicina.udd.cl\/enfermeria-santiago\/wp-json\/wp\/v2\/categories?post=2249"},{"taxonomy":"post_tag","embeddable":true,"href":"https:\/\/medicina.udd.cl\/enfermeria-santiago\/wp-json\/wp\/v2\/tags?post=2249"}],"curies":[{"name":"wp","href":"https:\/\/api.w.org\/{rel}","templated":true}]}}