{"id":2780,"date":"2015-03-03T13:00:06","date_gmt":"2015-03-03T16:00:06","guid":{"rendered":"http:\/\/medicina.udd.cl\/enfermeria-santiago\/?p=2780"},"modified":"2015-03-03T13:00:06","modified_gmt":"2015-03-03T16:00:06","slug":"estudiantes-realizan-practicas-de-verano-en-chiloe-2015","status":"publish","type":"post","link":"https:\/\/medicina.udd.cl\/enfermeria-santiago\/noticias\/2015\/03\/03\/estudiantes-realizan-practicas-de-verano-en-chiloe-2015\/","title":{"rendered":"Estudiantes realizan Pr\u00e1cticas de Verano en Chilo\u00e9 2015"},"content":{"rendered":"<div id=\"gallery-1\" class=\"carousel slide carousel-gallery\" data-ride=\"false\" data-interval=\"false\"><div class=\"carousel-inner\" role=\"listbox\"><figure class=\"carousel-item active\"><img loading=\"lazy\" decoding=\"async\" width=\"736\" height=\"534\" src=\"https:\/\/medicina.udd.cl\/enfermeria-santiago\/files\/2015\/03\/Pr\u00e1cticas-Chilo\u00e9-2015-1.jpg\" class=\"attachment-landscape_952 size-landscape_952\" alt=\"\" srcset=\"https:\/\/medicina.udd.cl\/enfermeria-santiago\/files\/2015\/03\/Pr\u00e1cticas-Chilo\u00e9-2015-1.jpg 2592w, https:\/\/medicina.udd.cl\/enfermeria-santiago\/files\/2015\/03\/Pr\u00e1cticas-Chilo\u00e9-2015-1-300x218.jpg 300w, https:\/\/medicina.udd.cl\/enfermeria-santiago\/files\/2015\/03\/Pr\u00e1cticas-Chilo\u00e9-2015-1-768x557.jpg 768w, https:\/\/medicina.udd.cl\/enfermeria-santiago\/files\/2015\/03\/Pr\u00e1cticas-Chilo\u00e9-2015-1-1024x743.jpg 1024w, https:\/\/medicina.udd.cl\/enfermeria-santiago\/files\/2015\/03\/Pr\u00e1cticas-Chilo\u00e9-2015-1-87x62.jpg 87w, https:\/\/medicina.udd.cl\/enfermeria-santiago\/files\/2015\/03\/Pr\u00e1cticas-Chilo\u00e9-2015-1-960x696.jpg 960w\" sizes=\"auto, (max-width: 736px) 100vw, 736px\" \/><\/figure><figure class=\"carousel-item\"><img loading=\"lazy\" decoding=\"async\" width=\"580\" height=\"534\" src=\"https:\/\/medicina.udd.cl\/enfermeria-santiago\/files\/2015\/03\/Pr\u00e1cticas-Chilo\u00e9-2015-2.jpg\" class=\"attachment-landscape_952 size-landscape_952\" alt=\"\" srcset=\"https:\/\/medicina.udd.cl\/enfermeria-santiago\/files\/2015\/03\/Pr\u00e1cticas-Chilo\u00e9-2015-2.jpg 960w, https:\/\/medicina.udd.cl\/enfermeria-santiago\/files\/2015\/03\/Pr\u00e1cticas-Chilo\u00e9-2015-2-300x276.jpg 300w, https:\/\/medicina.udd.cl\/enfermeria-santiago\/files\/2015\/03\/Pr\u00e1cticas-Chilo\u00e9-2015-2-768x707.jpg 768w\" sizes=\"auto, (max-width: 580px) 100vw, 580px\" \/><\/figure><figure class=\"carousel-item\"><img loading=\"lazy\" decoding=\"async\" width=\"523\" height=\"534\" src=\"https:\/\/medicina.udd.cl\/enfermeria-santiago\/files\/2015\/03\/Pr\u00e1cticas-Chilo\u00e9-2015-3.jpg\" class=\"attachment-landscape_952 size-landscape_952\" alt=\"\" srcset=\"https:\/\/medicina.udd.cl\/enfermeria-santiago\/files\/2015\/03\/Pr\u00e1cticas-Chilo\u00e9-2015-3.jpg 760w, https:\/\/medicina.udd.cl\/enfermeria-santiago\/files\/2015\/03\/Pr\u00e1cticas-Chilo\u00e9-2015-3-294x300.jpg 294w, https:\/\/medicina.udd.cl\/enfermeria-santiago\/files\/2015\/03\/Pr\u00e1cticas-Chilo\u00e9-2015-3-62x62.jpg 62w\" sizes=\"auto, (max-width: 523px) 100vw, 523px\" \/><\/figure><figure class=\"carousel-item\"><img loading=\"lazy\" decoding=\"async\" width=\"789\" height=\"534\" src=\"https:\/\/medicina.udd.cl\/enfermeria-santiago\/files\/2015\/03\/Pr\u00e1cticas-Chilo\u00e9-2015-4.jpg\" class=\"attachment-landscape_952 size-landscape_952\" alt=\"\" srcset=\"https:\/\/medicina.udd.cl\/enfermeria-santiago\/files\/2015\/03\/Pr\u00e1cticas-Chilo\u00e9-2015-4.jpg 2173w, https:\/\/medicina.udd.cl\/enfermeria-santiago\/files\/2015\/03\/Pr\u00e1cticas-Chilo\u00e9-2015-4-300x203.jpg 300w, https:\/\/medicina.udd.cl\/enfermeria-santiago\/files\/2015\/03\/Pr\u00e1cticas-Chilo\u00e9-2015-4-768x520.jpg 768w, https:\/\/medicina.udd.cl\/enfermeria-santiago\/files\/2015\/03\/Pr\u00e1cticas-Chilo\u00e9-2015-4-1024x693.jpg 1024w, https:\/\/medicina.udd.cl\/enfermeria-santiago\/files\/2015\/03\/Pr\u00e1cticas-Chilo\u00e9-2015-4-960x650.jpg 960w\" sizes=\"auto, (max-width: 789px) 100vw, 789px\" \/><\/figure><figure class=\"carousel-item\"><img loading=\"lazy\" decoding=\"async\" width=\"715\" height=\"534\" src=\"https:\/\/medicina.udd.cl\/enfermeria-santiago\/files\/2015\/03\/Pr\u00e1cticas-Chilo\u00e9-2015-5.jpg\" class=\"attachment-landscape_952 size-landscape_952\" alt=\"\" srcset=\"https:\/\/medicina.udd.cl\/enfermeria-santiago\/files\/2015\/03\/Pr\u00e1cticas-Chilo\u00e9-2015-5.jpg 2592w, https:\/\/medicina.udd.cl\/enfermeria-santiago\/files\/2015\/03\/Pr\u00e1cticas-Chilo\u00e9-2015-5-300x224.jpg 300w, https:\/\/medicina.udd.cl\/enfermeria-santiago\/files\/2015\/03\/Pr\u00e1cticas-Chilo\u00e9-2015-5-768x574.jpg 768w, https:\/\/medicina.udd.cl\/enfermeria-santiago\/files\/2015\/03\/Pr\u00e1cticas-Chilo\u00e9-2015-5-1024x765.jpg 1024w, https:\/\/medicina.udd.cl\/enfermeria-santiago\/files\/2015\/03\/Pr\u00e1cticas-Chilo\u00e9-2015-5-960x717.jpg 960w\" sizes=\"auto, (max-width: 715px) 100vw, 715px\" \/><\/figure><figure class=\"carousel-item\"><img loading=\"lazy\" decoding=\"async\" width=\"722\" height=\"534\" src=\"https:\/\/medicina.udd.cl\/enfermeria-santiago\/files\/2015\/03\/Pr\u00e1cticas-Chilo\u00e9-2015-6.jpg\" class=\"attachment-landscape_952 size-landscape_952\" alt=\"\" srcset=\"https:\/\/medicina.udd.cl\/enfermeria-santiago\/files\/2015\/03\/Pr\u00e1cticas-Chilo\u00e9-2015-6.jpg 1865w, https:\/\/medicina.udd.cl\/enfermeria-santiago\/files\/2015\/03\/Pr\u00e1cticas-Chilo\u00e9-2015-6-300x222.jpg 300w, https:\/\/medicina.udd.cl\/enfermeria-santiago\/files\/2015\/03\/Pr\u00e1cticas-Chilo\u00e9-2015-6-768x568.jpg 768w, https:\/\/medicina.udd.cl\/enfermeria-santiago\/files\/2015\/03\/Pr\u00e1cticas-Chilo\u00e9-2015-6-1024x758.jpg 1024w, https:\/\/medicina.udd.cl\/enfermeria-santiago\/files\/2015\/03\/Pr\u00e1cticas-Chilo\u00e9-2015-6-960x710.jpg 960w\" sizes=\"auto, (max-width: 722px) 100vw, 722px\" \/><\/figure><figure class=\"carousel-item\"><img loading=\"lazy\" decoding=\"async\" width=\"715\" height=\"534\" src=\"https:\/\/medicina.udd.cl\/enfermeria-santiago\/files\/2015\/03\/Pr\u00e1cticas-Chilo\u00e9-2015-7.jpg\" class=\"attachment-landscape_952 size-landscape_952\" alt=\"\" srcset=\"https:\/\/medicina.udd.cl\/enfermeria-santiago\/files\/2015\/03\/Pr\u00e1cticas-Chilo\u00e9-2015-7.jpg 2592w, https:\/\/medicina.udd.cl\/enfermeria-santiago\/files\/2015\/03\/Pr\u00e1cticas-Chilo\u00e9-2015-7-300x224.jpg 300w, https:\/\/medicina.udd.cl\/enfermeria-santiago\/files\/2015\/03\/Pr\u00e1cticas-Chilo\u00e9-2015-7-768x574.jpg 768w, https:\/\/medicina.udd.cl\/enfermeria-santiago\/files\/2015\/03\/Pr\u00e1cticas-Chilo\u00e9-2015-7-1024x765.jpg 1024w, https:\/\/medicina.udd.cl\/enfermeria-santiago\/files\/2015\/03\/Pr\u00e1cticas-Chilo\u00e9-2015-7-960x717.jpg 960w\" sizes=\"auto, (max-width: 715px) 100vw, 715px\" \/><\/figure><figure class=\"carousel-item\"><img loading=\"lazy\" decoding=\"async\" width=\"686\" height=\"534\" src=\"https:\/\/medicina.udd.cl\/enfermeria-santiago\/files\/2015\/03\/Pr\u00e1cticas-Chilo\u00e9-2015-8.jpg\" class=\"attachment-landscape_952 size-landscape_952\" alt=\"\" srcset=\"https:\/\/medicina.udd.cl\/enfermeria-santiago\/files\/2015\/03\/Pr\u00e1cticas-Chilo\u00e9-2015-8.jpg 1057w, https:\/\/medicina.udd.cl\/enfermeria-santiago\/files\/2015\/03\/Pr\u00e1cticas-Chilo\u00e9-2015-8-300x234.jpg 300w, https:\/\/medicina.udd.cl\/enfermeria-santiago\/files\/2015\/03\/Pr\u00e1cticas-Chilo\u00e9-2015-8-768x598.jpg 768w, https:\/\/medicina.udd.cl\/enfermeria-santiago\/files\/2015\/03\/Pr\u00e1cticas-Chilo\u00e9-2015-8-1024x797.jpg 1024w, https:\/\/medicina.udd.cl\/enfermeria-santiago\/files\/2015\/03\/Pr\u00e1cticas-Chilo\u00e9-2015-8-960x747.jpg 960w\" sizes=\"auto, (max-width: 686px) 100vw, 686px\" \/><\/figure><\/div><footer class=\"carousel-footer\"><div class=\"carousel-counter\"><span class=\"carousel-counter-current\"><\/span> \/ <span class=\"carousel-counter-total\"><\/span><\/div><a class=\"carousel-control-prev\" href=\"#gallery-1\" role=\"button\" data-slide=\"prev\"><svg aria-hidden=\"true\" class=\"svg-chevron-left-dims\"><use xlink:href='https:\/\/medicina.udd.cl\/enfermeria-santiago\/wp-content\/themes\/facultades-2018\/assets\/img\/svg\/dist\/main.svg?version=1695853099#chevron-left'><\/use><\/svg><span class=\"sr-only\">Anterior<\/span><\/a><a class=\"carousel-control-next\" href=\"#gallery-1\" role=\"button\" data-slide=\"next\"><svg aria-hidden=\"true\" class=\"svg-chevron-right-dims\"><use xlink:href='https:\/\/medicina.udd.cl\/enfermeria-santiago\/wp-content\/themes\/facultades-2018\/assets\/img\/svg\/dist\/main.svg?version=1695853099#chevron-right'><\/use><\/svg><span class=\"sr-only\">Siguiente<\/span><\/a><\/footer><\/div>\n<p>Un total de 17 estudiantes de 4to y 5to a\u00f1o de Nutrici\u00f3n, Tecnolog\u00eda M\u00e9dica, Enfermer\u00eda, Medicina y Odontolog\u00eda fueron parte de la 4ta versi\u00f3n de las Pr\u00e1cticas de Verano en Chilo\u00e9 que organiza la Facultad de Medicina CAS-UDD en el mes de febrero.<\/p>\n<p>Los alumnos realizaron atenciones de salud y actividades de promoci\u00f3n y prevenci\u00f3n en Centros de Atenci\u00f3n Primaria en Quemchi, Puqueldon, Quell\u00f3n y Dalcahue. Todas las localidades presentan una distribuci\u00f3n de la poblaci\u00f3n predominantemente rural, con una importante riqueza patrimonial e hist\u00f3rica.<\/p>\n<p>Durante los 10 d\u00edas en pr\u00e1ctica, los estudiantes tuvieron la posibilidad de realizar actividades asistenciales y comunitarias, tales como atenci\u00f3n en box a lo largo del ciclo vital, operativos en terreno, rondas m\u00e9dicas, charlas educativas a la poblaci\u00f3n, visitas domiciliarias e infantiles y, finalmente, apoyo en labores administrativas.<\/p>\n<p><i>\u201cLo m\u00e1s importante fue lograr ver en terreno la realidad de las comunas m\u00e1s aisladas y la necesidad de profesionales que se evidencia para lograr solucionar los problemas de salud de la poblaci\u00f3n m\u00e1s vulnerable\u201d, <\/i>coment\u00f3 un estudiante de Enfermer\u00eda en la \u00faltima jornada de reflexi\u00f3n de las pr\u00e1cticas. Mientras que un alumno de Medicina recomend\u00f3 a sus compa\u00f1eros no perderse esta oportunidad porque<i> \u201c<\/i><i>s\u00f3lo cuando lo viviste puedes entender lo mucho que te servir\u00e1 para el resto de tu vida profesional y personal\u201d.<\/i><\/p>\n<p>Las convocatorias para las Pr\u00e1cticas de Chilo\u00e9 2016 se realizar\u00e1 el segundo semestre de este a\u00f1o.<\/p>\n<p>&nbsp;<\/p>\n","protected":false},"excerpt":{"rendered":"<p>Grupos interdisciplinarios trabajaron en los Centro de Salud Familiar de Quemchi, Puqueldon, Quell\u00f3n y Dalcahue.<\/p>\n","protected":false},"author":40,"featured_media":2781,"comment_status":"open","ping_status":"open","sticky":false,"template":"","format":"standard","meta":{"footnotes":""},"categories":[4],"tags":[],"class_list":["post-2780","post","type-post","status-publish","format-standard","has-post-thumbnail","hentry","category-noticias"],"yoast_head":"<!-- This site is optimized with the Yoast SEO plugin v26.9 - https:\/\/yoast.com\/product\/yoast-seo-wordpress\/ -->\n<title>Estudiantes realizan Pr\u00e1cticas de Verano en Chilo\u00e9 2015 - Enfermer\u00eda UDD<\/title>\n<meta name=\"robots\" content=\"index, follow, max-snippet:-1, max-image-preview:large, max-video-preview:-1\" \/>\n<link rel=\"canonical\" href=\"https:\/\/medicina.udd.cl\/enfermeria-santiago\/noticias\/2015\/03\/03\/estudiantes-realizan-practicas-de-verano-en-chiloe-2015\/\" \/>\n<meta property=\"og:locale\" content=\"es_ES\" \/>\n<meta property=\"og:type\" content=\"article\" \/>\n<meta property=\"og:title\" content=\"Estudiantes realizan Pr\u00e1cticas de Verano en Chilo\u00e9 2015 - Enfermer\u00eda UDD\" \/>\n<meta property=\"og:description\" content=\"Grupos interdisciplinarios trabajaron en los Centro de Salud Familiar de Quemchi, Puqueldon, Quell\u00f3n y Dalcahue.\" \/>\n<meta property=\"og:url\" content=\"https:\/\/medicina.udd.cl\/enfermeria-santiago\/noticias\/2015\/03\/03\/estudiantes-realizan-practicas-de-verano-en-chiloe-2015\/\" \/>\n<meta property=\"og:site_name\" content=\"Enfermer\u00eda UDD\" \/>\n<meta property=\"article:published_time\" content=\"2015-03-03T16:00:06+00:00\" \/>\n<meta property=\"og:image\" content=\"https:\/\/medicina.udd.cl\/enfermeria-santiago\/files\/2015\/03\/Pr\u00e1cticas-Chilo\u00e9-2015-1.jpg\" \/>\n\t<meta property=\"og:image:width\" content=\"2592\" \/>\n\t<meta property=\"og:image:height\" content=\"1880\" \/>\n\t<meta property=\"og:image:type\" content=\"image\/jpeg\" \/>\n<meta name=\"twitter:label1\" content=\"Escrito por\" \/>\n\t<meta name=\"twitter:data1\" content=\"\" \/>\n\t<meta name=\"twitter:label2\" content=\"Tiempo de lectura\" \/>\n\t<meta name=\"twitter:data2\" content=\"1 minuto\" \/>\n<script type=\"application\/ld+json\" class=\"yoast-schema-graph\">{\"@context\":\"https:\/\/schema.org\",\"@graph\":[{\"@type\":\"Article\",\"@id\":\"https:\/\/medicina.udd.cl\/enfermeria-santiago\/noticias\/2015\/03\/03\/estudiantes-realizan-practicas-de-verano-en-chiloe-2015\/#article\",\"isPartOf\":{\"@id\":\"https:\/\/medicina.udd.cl\/enfermeria-santiago\/noticias\/2015\/03\/03\/estudiantes-realizan-practicas-de-verano-en-chiloe-2015\/\"},\"author\":{\"name\":\"\",\"@id\":\"\"},\"headline\":\"Estudiantes realizan Pr\u00e1cticas de Verano en Chilo\u00e9 2015\",\"datePublished\":\"2015-03-03T16:00:06+00:00\",\"mainEntityOfPage\":{\"@id\":\"https:\/\/medicina.udd.cl\/enfermeria-santiago\/noticias\/2015\/03\/03\/estudiantes-realizan-practicas-de-verano-en-chiloe-2015\/\"},\"wordCount\":271,\"commentCount\":0,\"image\":{\"@id\":\"https:\/\/medicina.udd.cl\/enfermeria-santiago\/noticias\/2015\/03\/03\/estudiantes-realizan-practicas-de-verano-en-chiloe-2015\/#primaryimage\"},\"thumbnailUrl\":\"https:\/\/medicina.udd.cl\/enfermeria-santiago\/files\/2015\/03\/Pr\u00e1cticas-Chilo\u00e9-2015-1.jpg\",\"articleSection\":[\"Noticias\"],\"inLanguage\":\"es\",\"potentialAction\":[{\"@type\":\"CommentAction\",\"name\":\"Comment\",\"target\":[\"https:\/\/medicina.udd.cl\/enfermeria-santiago\/noticias\/2015\/03\/03\/estudiantes-realizan-practicas-de-verano-en-chiloe-2015\/#respond\"]}]},{\"@type\":\"WebPage\",\"@id\":\"https:\/\/medicina.udd.cl\/enfermeria-santiago\/noticias\/2015\/03\/03\/estudiantes-realizan-practicas-de-verano-en-chiloe-2015\/\",\"url\":\"https:\/\/medicina.udd.cl\/enfermeria-santiago\/noticias\/2015\/03\/03\/estudiantes-realizan-practicas-de-verano-en-chiloe-2015\/\",\"name\":\"Estudiantes realizan Pr\u00e1cticas de Verano en Chilo\u00e9 2015 - Enfermer\u00eda UDD\",\"isPartOf\":{\"@id\":\"https:\/\/medicina.udd.cl\/enfermeria-santiago\/#website\"},\"primaryImageOfPage\":{\"@id\":\"https:\/\/medicina.udd.cl\/enfermeria-santiago\/noticias\/2015\/03\/03\/estudiantes-realizan-practicas-de-verano-en-chiloe-2015\/#primaryimage\"},\"image\":{\"@id\":\"https:\/\/medicina.udd.cl\/enfermeria-santiago\/noticias\/2015\/03\/03\/estudiantes-realizan-practicas-de-verano-en-chiloe-2015\/#primaryimage\"},\"thumbnailUrl\":\"https:\/\/medicina.udd.cl\/enfermeria-santiago\/files\/2015\/03\/Pr\u00e1cticas-Chilo\u00e9-2015-1.jpg\",\"datePublished\":\"2015-03-03T16:00:06+00:00\",\"author\":{\"@id\":\"\"},\"breadcrumb\":{\"@id\":\"https:\/\/medicina.udd.cl\/enfermeria-santiago\/noticias\/2015\/03\/03\/estudiantes-realizan-practicas-de-verano-en-chiloe-2015\/#breadcrumb\"},\"inLanguage\":\"es\",\"potentialAction\":[{\"@type\":\"ReadAction\",\"target\":[\"https:\/\/medicina.udd.cl\/enfermeria-santiago\/noticias\/2015\/03\/03\/estudiantes-realizan-practicas-de-verano-en-chiloe-2015\/\"]}]},{\"@type\":\"ImageObject\",\"inLanguage\":\"es\",\"@id\":\"https:\/\/medicina.udd.cl\/enfermeria-santiago\/noticias\/2015\/03\/03\/estudiantes-realizan-practicas-de-verano-en-chiloe-2015\/#primaryimage\",\"url\":\"https:\/\/medicina.udd.cl\/enfermeria-santiago\/files\/2015\/03\/Pr\u00e1cticas-Chilo\u00e9-2015-1.jpg\",\"contentUrl\":\"https:\/\/medicina.udd.cl\/enfermeria-santiago\/files\/2015\/03\/Pr\u00e1cticas-Chilo\u00e9-2015-1.jpg\",\"width\":2592,\"height\":1880},{\"@type\":\"BreadcrumbList\",\"@id\":\"https:\/\/medicina.udd.cl\/enfermeria-santiago\/noticias\/2015\/03\/03\/estudiantes-realizan-practicas-de-verano-en-chiloe-2015\/#breadcrumb\",\"itemListElement\":[{\"@type\":\"ListItem\",\"position\":1,\"name\":\"Home\",\"item\":\"https:\/\/medicina.udd.cl\/enfermeria-santiago\/\"},{\"@type\":\"ListItem\",\"position\":2,\"name\":\"Estudiantes realizan Pr\u00e1cticas de Verano en Chilo\u00e9 2015\"}]},{\"@type\":\"WebSite\",\"@id\":\"https:\/\/medicina.udd.cl\/enfermeria-santiago\/#website\",\"url\":\"https:\/\/medicina.udd.cl\/enfermeria-santiago\/\",\"name\":\"Enfermer\u00eda UDD\",\"description\":\"Facultad de Medicina Cl\u00ednica Alemana Universidad del Desarrollo\",\"inLanguage\":\"es\"},{\"@type\":\"Person\",\"@id\":\"\",\"url\":\"https:\/\/medicina.udd.cl\/enfermeria-santiago\/noticias\/author\/\"}]}<\/script>\n<!-- \/ Yoast SEO plugin. -->","yoast_head_json":{"title":"Estudiantes realizan Pr\u00e1cticas de Verano en Chilo\u00e9 2015 - Enfermer\u00eda UDD","robots":{"index":"index","follow":"follow","max-snippet":"max-snippet:-1","max-image-preview":"max-image-preview:large","max-video-preview":"max-video-preview:-1"},"canonical":"https:\/\/medicina.udd.cl\/enfermeria-santiago\/noticias\/2015\/03\/03\/estudiantes-realizan-practicas-de-verano-en-chiloe-2015\/","og_locale":"es_ES","og_type":"article","og_title":"Estudiantes realizan Pr\u00e1cticas de Verano en Chilo\u00e9 2015 - Enfermer\u00eda UDD","og_description":"Grupos interdisciplinarios trabajaron en los Centro de Salud Familiar de Quemchi, Puqueldon, Quell\u00f3n y Dalcahue.","og_url":"https:\/\/medicina.udd.cl\/enfermeria-santiago\/noticias\/2015\/03\/03\/estudiantes-realizan-practicas-de-verano-en-chiloe-2015\/","og_site_name":"Enfermer\u00eda UDD","article_published_time":"2015-03-03T16:00:06+00:00","og_image":[{"width":2592,"height":1880,"url":"https:\/\/medicina.udd.cl\/enfermeria-santiago\/files\/2015\/03\/Pr\u00e1cticas-Chilo\u00e9-2015-1.jpg","type":"image\/jpeg"}],"twitter_misc":{"Escrito por":"","Tiempo de lectura":"1 minuto"},"schema":{"@context":"https:\/\/schema.org","@graph":[{"@type":"Article","@id":"https:\/\/medicina.udd.cl\/enfermeria-santiago\/noticias\/2015\/03\/03\/estudiantes-realizan-practicas-de-verano-en-chiloe-2015\/#article","isPartOf":{"@id":"https:\/\/medicina.udd.cl\/enfermeria-santiago\/noticias\/2015\/03\/03\/estudiantes-realizan-practicas-de-verano-en-chiloe-2015\/"},"author":{"name":"","@id":""},"headline":"Estudiantes realizan Pr\u00e1cticas de Verano en Chilo\u00e9 2015","datePublished":"2015-03-03T16:00:06+00:00","mainEntityOfPage":{"@id":"https:\/\/medicina.udd.cl\/enfermeria-santiago\/noticias\/2015\/03\/03\/estudiantes-realizan-practicas-de-verano-en-chiloe-2015\/"},"wordCount":271,"commentCount":0,"image":{"@id":"https:\/\/medicina.udd.cl\/enfermeria-santiago\/noticias\/2015\/03\/03\/estudiantes-realizan-practicas-de-verano-en-chiloe-2015\/#primaryimage"},"thumbnailUrl":"https:\/\/medicina.udd.cl\/enfermeria-santiago\/files\/2015\/03\/Pr\u00e1cticas-Chilo\u00e9-2015-1.jpg","articleSection":["Noticias"],"inLanguage":"es","potentialAction":[{"@type":"CommentAction","name":"Comment","target":["https:\/\/medicina.udd.cl\/enfermeria-santiago\/noticias\/2015\/03\/03\/estudiantes-realizan-practicas-de-verano-en-chiloe-2015\/#respond"]}]},{"@type":"WebPage","@id":"https:\/\/medicina.udd.cl\/enfermeria-santiago\/noticias\/2015\/03\/03\/estudiantes-realizan-practicas-de-verano-en-chiloe-2015\/","url":"https:\/\/medicina.udd.cl\/enfermeria-santiago\/noticias\/2015\/03\/03\/estudiantes-realizan-practicas-de-verano-en-chiloe-2015\/","name":"Estudiantes realizan Pr\u00e1cticas de Verano en Chilo\u00e9 2015 - Enfermer\u00eda UDD","isPartOf":{"@id":"https:\/\/medicina.udd.cl\/enfermeria-santiago\/#website"},"primaryImageOfPage":{"@id":"https:\/\/medicina.udd.cl\/enfermeria-santiago\/noticias\/2015\/03\/03\/estudiantes-realizan-practicas-de-verano-en-chiloe-2015\/#primaryimage"},"image":{"@id":"https:\/\/medicina.udd.cl\/enfermeria-santiago\/noticias\/2015\/03\/03\/estudiantes-realizan-practicas-de-verano-en-chiloe-2015\/#primaryimage"},"thumbnailUrl":"https:\/\/medicina.udd.cl\/enfermeria-santiago\/files\/2015\/03\/Pr\u00e1cticas-Chilo\u00e9-2015-1.jpg","datePublished":"2015-03-03T16:00:06+00:00","author":{"@id":""},"breadcrumb":{"@id":"https:\/\/medicina.udd.cl\/enfermeria-santiago\/noticias\/2015\/03\/03\/estudiantes-realizan-practicas-de-verano-en-chiloe-2015\/#breadcrumb"},"inLanguage":"es","potentialAction":[{"@type":"ReadAction","target":["https:\/\/medicina.udd.cl\/enfermeria-santiago\/noticias\/2015\/03\/03\/estudiantes-realizan-practicas-de-verano-en-chiloe-2015\/"]}]},{"@type":"ImageObject","inLanguage":"es","@id":"https:\/\/medicina.udd.cl\/enfermeria-santiago\/noticias\/2015\/03\/03\/estudiantes-realizan-practicas-de-verano-en-chiloe-2015\/#primaryimage","url":"https:\/\/medicina.udd.cl\/enfermeria-santiago\/files\/2015\/03\/Pr\u00e1cticas-Chilo\u00e9-2015-1.jpg","contentUrl":"https:\/\/medicina.udd.cl\/enfermeria-santiago\/files\/2015\/03\/Pr\u00e1cticas-Chilo\u00e9-2015-1.jpg","width":2592,"height":1880},{"@type":"BreadcrumbList","@id":"https:\/\/medicina.udd.cl\/enfermeria-santiago\/noticias\/2015\/03\/03\/estudiantes-realizan-practicas-de-verano-en-chiloe-2015\/#breadcrumb","itemListElement":[{"@type":"ListItem","position":1,"name":"Home","item":"https:\/\/medicina.udd.cl\/enfermeria-santiago\/"},{"@type":"ListItem","position":2,"name":"Estudiantes realizan Pr\u00e1cticas de Verano en Chilo\u00e9 2015"}]},{"@type":"WebSite","@id":"https:\/\/medicina.udd.cl\/enfermeria-santiago\/#website","url":"https:\/\/medicina.udd.cl\/enfermeria-santiago\/","name":"Enfermer\u00eda UDD","description":"Facultad de Medicina Cl\u00ednica Alemana Universidad del Desarrollo","inLanguage":"es"},{"@type":"Person","@id":"","url":"https:\/\/medicina.udd.cl\/enfermeria-santiago\/noticias\/author\/"}]}},"featured_image_url":"https:\/\/medicina.udd.cl\/enfermeria-santiago\/files\/2015\/03\/Pr\u00e1cticas-Chilo\u00e9-2015-1.jpg","_links":{"self":[{"href":"https:\/\/medicina.udd.cl\/enfermeria-santiago\/wp-json\/wp\/v2\/posts\/2780","targetHints":{"allow":["GET"]}}],"collection":[{"href":"https:\/\/medicina.udd.cl\/enfermeria-santiago\/wp-json\/wp\/v2\/posts"}],"about":[{"href":"https:\/\/medicina.udd.cl\/enfermeria-santiago\/wp-json\/wp\/v2\/types\/post"}],"author":[{"embeddable":true,"href":"https:\/\/medicina.udd.cl\/enfermeria-santiago\/wp-json\/wp\/v2\/users\/40"}],"replies":[{"embeddable":true,"href":"https:\/\/medicina.udd.cl\/enfermeria-santiago\/wp-json\/wp\/v2\/comments?post=2780"}],"version-history":[{"count":2,"href":"https:\/\/medicina.udd.cl\/enfermeria-santiago\/wp-json\/wp\/v2\/posts\/2780\/revisions"}],"predecessor-version":[{"id":2791,"href":"https:\/\/medicina.udd.cl\/enfermeria-santiago\/wp-json\/wp\/v2\/posts\/2780\/revisions\/2791"}],"wp:featuredmedia":[{"embeddable":true,"href":"https:\/\/medicina.udd.cl\/enfermeria-santiago\/wp-json\/wp\/v2\/media\/2781"}],"wp:attachment":[{"href":"https:\/\/medicina.udd.cl\/enfermeria-santiago\/wp-json\/wp\/v2\/media?parent=2780"}],"wp:term":[{"taxonomy":"category","embeddable":true,"href":"https:\/\/medicina.udd.cl\/enfermeria-santiago\/wp-json\/wp\/v2\/categories?post=2780"},{"taxonomy":"post_tag","embeddable":true,"href":"https:\/\/medicina.udd.cl\/enfermeria-santiago\/wp-json\/wp\/v2\/tags?post=2780"}],"curies":[{"name":"wp","href":"https:\/\/api.w.org\/{rel}","templated":true}]}}