{"id":3608,"date":"2016-04-04T13:04:55","date_gmt":"2016-04-04T16:04:55","guid":{"rendered":"http:\/\/medicina.udd.cl\/enfermeria-santiago\/?p=3608"},"modified":"2016-04-04T13:05:42","modified_gmt":"2016-04-04T16:05:42","slug":"docente-udd-es-parte-de-la-red-internacional-de-investigacion-en-desigualdad-en-salud-en-la-ninez","status":"publish","type":"post","link":"https:\/\/medicina.udd.cl\/enfermeria-santiago\/noticias\/2016\/04\/04\/docente-udd-es-parte-de-la-red-internacional-de-investigacion-en-desigualdad-en-salud-en-la-ninez\/","title":{"rendered":"Docente UDD es parte de la Red Internacional de Investigaci\u00f3n en Desigualdad en Salud en la Ni\u00f1ez"},"content":{"rendered":"<p><a href=\"http:\/\/medicina.udd.cl\/enfermeria-santiago\/files\/2016\/04\/B\u00e1ltica-Cabieses.jpg\" rel=\"attachment wp-att-3610\"><img loading=\"lazy\" decoding=\"async\" class=\"size-medium wp-image-3610 alignleft\" src=\"http:\/\/medicina.udd.cl\/enfermeria-santiago\/files\/2016\/04\/B\u00e1ltica-Cabieses-300x276.jpg\" alt=\"*\" width=\"300\" height=\"276\" srcset=\"https:\/\/medicina.udd.cl\/enfermeria-santiago\/files\/2016\/04\/B\u00e1ltica-Cabieses-300x276.jpg 300w, https:\/\/medicina.udd.cl\/enfermeria-santiago\/files\/2016\/04\/B\u00e1ltica-Cabieses.jpg 720w\" sizes=\"auto, (max-width: 300px) 100vw, 300px\" \/><\/a><\/p>\n<p style=\"text-align: justify;\">B\u00e1ltica Cabieses, investigadora de la Facultad de Medicina Cl\u00ednica Alemana Universidad del Desarrollo, fue invitada a formar parte de la Red Global de Investigaci\u00f3n en Desigualdad en Salud de la Ni\u00f1ez (INRICH).<\/p>\n<p style=\"text-align: justify;\">Se trata de una organizaci\u00f3n internacional que tiene como objetivo compartir y avanzar en el conocimiento y estudio de las desigualdades en salud, bienestar y pol\u00edtica social de equidad de los ni\u00f1os, mediante el establecimiento de una comunidad cient\u00edfica cuya prioridad sea informar sobre pol\u00edticas que promuevan la equidad social en salud.<\/p>\n<p style=\"text-align: justify;\">Seg\u00fan cuenta la investigadora, esta invitaci\u00f3n se realiza por medio de la evaluaci\u00f3n del candidato por parte de un comit\u00e9 interno, previa presentaci\u00f3n formar de parte de alg\u00fan miembro activo de la Red.<\/p>\n<p style=\"text-align: justify;\">A su vez, explica que para convertirse en un miembro de INRICH, los investigadores deben demostrar su experiencia en el estudio de las desigualdades en salud infantil, a trav\u00e9s de sus trabajos y publicaciones. Adem\u00e1s, tienen que participar activamente en la investigaci\u00f3n que examina la relaci\u00f3n entre pobreza, desigualdades socioecon\u00f3micas y la salud de la ni\u00f1ez.<\/p>\n<p>En este contexto, este nombramiento se enmarca en experiencia de la acad\u00e9mica -miembro del equipo de Estudios Sociales en Salud de la UDD- cuya l\u00ednea de investigaci\u00f3n est\u00e1 orientada a analizar los determinantes sociales en salud, la desigualdad, la equidad, el acceso a la salud, entre otros.<\/p>\n<p>En la actualidad, la Red cuenta con 112 miembros internacionales. B\u00e1ltica Cabieses es la primera experta chilena invitada a ser parte de esta red global y la segunda en la regi\u00f3n de Latinoam\u00e9rica, precedida por expertos de Brasil.<\/p>\n<p>De este modo, para B\u00e1ltica Cabieses, \u201c\u00e9ste es un significativo logro para el pa\u00eds y la Universidad al representar a Chile en la tem\u00e1tica de bienestar y salud de la ni\u00f1ez\u201d.<\/p>\n<p>Para conocer esta red, visite la p\u00e1gina: <a href=\"http:\/\/www.centrelearoback.ca\/inrich\/researchers.php\">http:\/\/www.centrelearoback.ca\/inrich\/researchers.php<\/a><\/p>\n<p>&nbsp;<\/p>\n","protected":false},"excerpt":{"rendered":"<p>Se trata de la investigadora B\u00e1ltica Cabieses, miembro del Equipo de Estudios Sociales en Salud de la Facultad de Medicina Cl\u00ednica Alemana Universidad del Desarrollo.<\/p>\n","protected":false},"author":42,"featured_media":3610,"comment_status":"open","ping_status":"open","sticky":false,"template":"","format":"standard","meta":{"footnotes":""},"categories":[4],"tags":[],"class_list":["post-3608","post","type-post","status-publish","format-standard","has-post-thumbnail","hentry","category-noticias"],"yoast_head":"<!-- This site is optimized with the Yoast SEO plugin v26.9 - https:\/\/yoast.com\/product\/yoast-seo-wordpress\/ -->\n<title>Docente UDD es parte de la Red Internacional de Investigaci\u00f3n en Desigualdad en Salud en la Ni\u00f1ez - Enfermer\u00eda UDD<\/title>\n<meta name=\"robots\" content=\"index, follow, max-snippet:-1, max-image-preview:large, max-video-preview:-1\" \/>\n<link rel=\"canonical\" href=\"https:\/\/medicina.udd.cl\/enfermeria-santiago\/noticias\/2016\/04\/04\/docente-udd-es-parte-de-la-red-internacional-de-investigacion-en-desigualdad-en-salud-en-la-ninez\/\" \/>\n<meta property=\"og:locale\" content=\"es_ES\" \/>\n<meta property=\"og:type\" content=\"article\" \/>\n<meta property=\"og:title\" content=\"Docente UDD es parte de la Red Internacional de Investigaci\u00f3n en Desigualdad en Salud en la Ni\u00f1ez - Enfermer\u00eda UDD\" \/>\n<meta property=\"og:description\" content=\"Se trata de la investigadora B\u00e1ltica Cabieses, miembro del Equipo de Estudios Sociales en Salud de la Facultad de Medicina Cl\u00ednica Alemana Universidad del Desarrollo.\" \/>\n<meta property=\"og:url\" content=\"https:\/\/medicina.udd.cl\/enfermeria-santiago\/noticias\/2016\/04\/04\/docente-udd-es-parte-de-la-red-internacional-de-investigacion-en-desigualdad-en-salud-en-la-ninez\/\" \/>\n<meta property=\"og:site_name\" content=\"Enfermer\u00eda UDD\" \/>\n<meta property=\"article:published_time\" content=\"2016-04-04T16:04:55+00:00\" \/>\n<meta property=\"article:modified_time\" content=\"2016-04-04T16:05:42+00:00\" \/>\n<meta property=\"og:image\" content=\"https:\/\/medicina.udd.cl\/enfermeria-santiago\/files\/2016\/04\/B\u00e1ltica-Cabieses.jpg\" \/>\n\t<meta property=\"og:image:width\" content=\"720\" \/>\n\t<meta property=\"og:image:height\" content=\"662\" \/>\n\t<meta property=\"og:image:type\" content=\"image\/jpeg\" \/>\n<meta name=\"twitter:label1\" content=\"Escrito por\" \/>\n\t<meta name=\"twitter:data1\" content=\"\" \/>\n\t<meta name=\"twitter:label2\" content=\"Tiempo de lectura\" \/>\n\t<meta name=\"twitter:data2\" content=\"2 minutos\" \/>\n<script type=\"application\/ld+json\" class=\"yoast-schema-graph\">{\"@context\":\"https:\/\/schema.org\",\"@graph\":[{\"@type\":\"Article\",\"@id\":\"https:\/\/medicina.udd.cl\/enfermeria-santiago\/noticias\/2016\/04\/04\/docente-udd-es-parte-de-la-red-internacional-de-investigacion-en-desigualdad-en-salud-en-la-ninez\/#article\",\"isPartOf\":{\"@id\":\"https:\/\/medicina.udd.cl\/enfermeria-santiago\/noticias\/2016\/04\/04\/docente-udd-es-parte-de-la-red-internacional-de-investigacion-en-desigualdad-en-salud-en-la-ninez\/\"},\"author\":{\"name\":\"\",\"@id\":\"\"},\"headline\":\"Docente UDD es parte de la Red Internacional de Investigaci\u00f3n en Desigualdad en Salud en la Ni\u00f1ez\",\"datePublished\":\"2016-04-04T16:04:55+00:00\",\"dateModified\":\"2016-04-04T16:05:42+00:00\",\"mainEntityOfPage\":{\"@id\":\"https:\/\/medicina.udd.cl\/enfermeria-santiago\/noticias\/2016\/04\/04\/docente-udd-es-parte-de-la-red-internacional-de-investigacion-en-desigualdad-en-salud-en-la-ninez\/\"},\"wordCount\":353,\"commentCount\":0,\"image\":{\"@id\":\"https:\/\/medicina.udd.cl\/enfermeria-santiago\/noticias\/2016\/04\/04\/docente-udd-es-parte-de-la-red-internacional-de-investigacion-en-desigualdad-en-salud-en-la-ninez\/#primaryimage\"},\"thumbnailUrl\":\"https:\/\/medicina.udd.cl\/enfermeria-santiago\/files\/2016\/04\/B\u00e1ltica-Cabieses.jpg\",\"articleSection\":[\"Noticias\"],\"inLanguage\":\"es\",\"potentialAction\":[{\"@type\":\"CommentAction\",\"name\":\"Comment\",\"target\":[\"https:\/\/medicina.udd.cl\/enfermeria-santiago\/noticias\/2016\/04\/04\/docente-udd-es-parte-de-la-red-internacional-de-investigacion-en-desigualdad-en-salud-en-la-ninez\/#respond\"]}]},{\"@type\":\"WebPage\",\"@id\":\"https:\/\/medicina.udd.cl\/enfermeria-santiago\/noticias\/2016\/04\/04\/docente-udd-es-parte-de-la-red-internacional-de-investigacion-en-desigualdad-en-salud-en-la-ninez\/\",\"url\":\"https:\/\/medicina.udd.cl\/enfermeria-santiago\/noticias\/2016\/04\/04\/docente-udd-es-parte-de-la-red-internacional-de-investigacion-en-desigualdad-en-salud-en-la-ninez\/\",\"name\":\"Docente UDD es parte de la Red Internacional de Investigaci\u00f3n en Desigualdad en Salud en la Ni\u00f1ez - Enfermer\u00eda UDD\",\"isPartOf\":{\"@id\":\"https:\/\/medicina.udd.cl\/enfermeria-santiago\/#website\"},\"primaryImageOfPage\":{\"@id\":\"https:\/\/medicina.udd.cl\/enfermeria-santiago\/noticias\/2016\/04\/04\/docente-udd-es-parte-de-la-red-internacional-de-investigacion-en-desigualdad-en-salud-en-la-ninez\/#primaryimage\"},\"image\":{\"@id\":\"https:\/\/medicina.udd.cl\/enfermeria-santiago\/noticias\/2016\/04\/04\/docente-udd-es-parte-de-la-red-internacional-de-investigacion-en-desigualdad-en-salud-en-la-ninez\/#primaryimage\"},\"thumbnailUrl\":\"https:\/\/medicina.udd.cl\/enfermeria-santiago\/files\/2016\/04\/B\u00e1ltica-Cabieses.jpg\",\"datePublished\":\"2016-04-04T16:04:55+00:00\",\"dateModified\":\"2016-04-04T16:05:42+00:00\",\"author\":{\"@id\":\"\"},\"breadcrumb\":{\"@id\":\"https:\/\/medicina.udd.cl\/enfermeria-santiago\/noticias\/2016\/04\/04\/docente-udd-es-parte-de-la-red-internacional-de-investigacion-en-desigualdad-en-salud-en-la-ninez\/#breadcrumb\"},\"inLanguage\":\"es\",\"potentialAction\":[{\"@type\":\"ReadAction\",\"target\":[\"https:\/\/medicina.udd.cl\/enfermeria-santiago\/noticias\/2016\/04\/04\/docente-udd-es-parte-de-la-red-internacional-de-investigacion-en-desigualdad-en-salud-en-la-ninez\/\"]}]},{\"@type\":\"ImageObject\",\"inLanguage\":\"es\",\"@id\":\"https:\/\/medicina.udd.cl\/enfermeria-santiago\/noticias\/2016\/04\/04\/docente-udd-es-parte-de-la-red-internacional-de-investigacion-en-desigualdad-en-salud-en-la-ninez\/#primaryimage\",\"url\":\"https:\/\/medicina.udd.cl\/enfermeria-santiago\/files\/2016\/04\/B\u00e1ltica-Cabieses.jpg\",\"contentUrl\":\"https:\/\/medicina.udd.cl\/enfermeria-santiago\/files\/2016\/04\/B\u00e1ltica-Cabieses.jpg\",\"width\":720,\"height\":662,\"caption\":\"*\"},{\"@type\":\"BreadcrumbList\",\"@id\":\"https:\/\/medicina.udd.cl\/enfermeria-santiago\/noticias\/2016\/04\/04\/docente-udd-es-parte-de-la-red-internacional-de-investigacion-en-desigualdad-en-salud-en-la-ninez\/#breadcrumb\",\"itemListElement\":[{\"@type\":\"ListItem\",\"position\":1,\"name\":\"Home\",\"item\":\"https:\/\/medicina.udd.cl\/enfermeria-santiago\/\"},{\"@type\":\"ListItem\",\"position\":2,\"name\":\"Docente UDD es parte de la Red Internacional de Investigaci\u00f3n en Desigualdad en Salud en la Ni\u00f1ez\"}]},{\"@type\":\"WebSite\",\"@id\":\"https:\/\/medicina.udd.cl\/enfermeria-santiago\/#website\",\"url\":\"https:\/\/medicina.udd.cl\/enfermeria-santiago\/\",\"name\":\"Enfermer\u00eda UDD\",\"description\":\"Facultad de Medicina Cl\u00ednica Alemana Universidad del Desarrollo\",\"inLanguage\":\"es\"},{\"@type\":\"Person\",\"@id\":\"\",\"url\":\"https:\/\/medicina.udd.cl\/enfermeria-santiago\/noticias\/author\/\"}]}<\/script>\n<!-- \/ Yoast SEO plugin. -->","yoast_head_json":{"title":"Docente UDD es parte de la Red Internacional de Investigaci\u00f3n en Desigualdad en Salud en la Ni\u00f1ez - Enfermer\u00eda UDD","robots":{"index":"index","follow":"follow","max-snippet":"max-snippet:-1","max-image-preview":"max-image-preview:large","max-video-preview":"max-video-preview:-1"},"canonical":"https:\/\/medicina.udd.cl\/enfermeria-santiago\/noticias\/2016\/04\/04\/docente-udd-es-parte-de-la-red-internacional-de-investigacion-en-desigualdad-en-salud-en-la-ninez\/","og_locale":"es_ES","og_type":"article","og_title":"Docente UDD es parte de la Red Internacional de Investigaci\u00f3n en Desigualdad en Salud en la Ni\u00f1ez - Enfermer\u00eda UDD","og_description":"Se trata de la investigadora B\u00e1ltica Cabieses, miembro del Equipo de Estudios Sociales en Salud de la Facultad de Medicina Cl\u00ednica Alemana Universidad del Desarrollo.","og_url":"https:\/\/medicina.udd.cl\/enfermeria-santiago\/noticias\/2016\/04\/04\/docente-udd-es-parte-de-la-red-internacional-de-investigacion-en-desigualdad-en-salud-en-la-ninez\/","og_site_name":"Enfermer\u00eda UDD","article_published_time":"2016-04-04T16:04:55+00:00","article_modified_time":"2016-04-04T16:05:42+00:00","og_image":[{"width":720,"height":662,"url":"https:\/\/medicina.udd.cl\/enfermeria-santiago\/files\/2016\/04\/B\u00e1ltica-Cabieses.jpg","type":"image\/jpeg"}],"twitter_misc":{"Escrito por":"","Tiempo de lectura":"2 minutos"},"schema":{"@context":"https:\/\/schema.org","@graph":[{"@type":"Article","@id":"https:\/\/medicina.udd.cl\/enfermeria-santiago\/noticias\/2016\/04\/04\/docente-udd-es-parte-de-la-red-internacional-de-investigacion-en-desigualdad-en-salud-en-la-ninez\/#article","isPartOf":{"@id":"https:\/\/medicina.udd.cl\/enfermeria-santiago\/noticias\/2016\/04\/04\/docente-udd-es-parte-de-la-red-internacional-de-investigacion-en-desigualdad-en-salud-en-la-ninez\/"},"author":{"name":"","@id":""},"headline":"Docente UDD es parte de la Red Internacional de Investigaci\u00f3n en Desigualdad en Salud en la Ni\u00f1ez","datePublished":"2016-04-04T16:04:55+00:00","dateModified":"2016-04-04T16:05:42+00:00","mainEntityOfPage":{"@id":"https:\/\/medicina.udd.cl\/enfermeria-santiago\/noticias\/2016\/04\/04\/docente-udd-es-parte-de-la-red-internacional-de-investigacion-en-desigualdad-en-salud-en-la-ninez\/"},"wordCount":353,"commentCount":0,"image":{"@id":"https:\/\/medicina.udd.cl\/enfermeria-santiago\/noticias\/2016\/04\/04\/docente-udd-es-parte-de-la-red-internacional-de-investigacion-en-desigualdad-en-salud-en-la-ninez\/#primaryimage"},"thumbnailUrl":"https:\/\/medicina.udd.cl\/enfermeria-santiago\/files\/2016\/04\/B\u00e1ltica-Cabieses.jpg","articleSection":["Noticias"],"inLanguage":"es","potentialAction":[{"@type":"CommentAction","name":"Comment","target":["https:\/\/medicina.udd.cl\/enfermeria-santiago\/noticias\/2016\/04\/04\/docente-udd-es-parte-de-la-red-internacional-de-investigacion-en-desigualdad-en-salud-en-la-ninez\/#respond"]}]},{"@type":"WebPage","@id":"https:\/\/medicina.udd.cl\/enfermeria-santiago\/noticias\/2016\/04\/04\/docente-udd-es-parte-de-la-red-internacional-de-investigacion-en-desigualdad-en-salud-en-la-ninez\/","url":"https:\/\/medicina.udd.cl\/enfermeria-santiago\/noticias\/2016\/04\/04\/docente-udd-es-parte-de-la-red-internacional-de-investigacion-en-desigualdad-en-salud-en-la-ninez\/","name":"Docente UDD es parte de la Red Internacional de Investigaci\u00f3n en Desigualdad en Salud en la Ni\u00f1ez - Enfermer\u00eda UDD","isPartOf":{"@id":"https:\/\/medicina.udd.cl\/enfermeria-santiago\/#website"},"primaryImageOfPage":{"@id":"https:\/\/medicina.udd.cl\/enfermeria-santiago\/noticias\/2016\/04\/04\/docente-udd-es-parte-de-la-red-internacional-de-investigacion-en-desigualdad-en-salud-en-la-ninez\/#primaryimage"},"image":{"@id":"https:\/\/medicina.udd.cl\/enfermeria-santiago\/noticias\/2016\/04\/04\/docente-udd-es-parte-de-la-red-internacional-de-investigacion-en-desigualdad-en-salud-en-la-ninez\/#primaryimage"},"thumbnailUrl":"https:\/\/medicina.udd.cl\/enfermeria-santiago\/files\/2016\/04\/B\u00e1ltica-Cabieses.jpg","datePublished":"2016-04-04T16:04:55+00:00","dateModified":"2016-04-04T16:05:42+00:00","author":{"@id":""},"breadcrumb":{"@id":"https:\/\/medicina.udd.cl\/enfermeria-santiago\/noticias\/2016\/04\/04\/docente-udd-es-parte-de-la-red-internacional-de-investigacion-en-desigualdad-en-salud-en-la-ninez\/#breadcrumb"},"inLanguage":"es","potentialAction":[{"@type":"ReadAction","target":["https:\/\/medicina.udd.cl\/enfermeria-santiago\/noticias\/2016\/04\/04\/docente-udd-es-parte-de-la-red-internacional-de-investigacion-en-desigualdad-en-salud-en-la-ninez\/"]}]},{"@type":"ImageObject","inLanguage":"es","@id":"https:\/\/medicina.udd.cl\/enfermeria-santiago\/noticias\/2016\/04\/04\/docente-udd-es-parte-de-la-red-internacional-de-investigacion-en-desigualdad-en-salud-en-la-ninez\/#primaryimage","url":"https:\/\/medicina.udd.cl\/enfermeria-santiago\/files\/2016\/04\/B\u00e1ltica-Cabieses.jpg","contentUrl":"https:\/\/medicina.udd.cl\/enfermeria-santiago\/files\/2016\/04\/B\u00e1ltica-Cabieses.jpg","width":720,"height":662,"caption":"*"},{"@type":"BreadcrumbList","@id":"https:\/\/medicina.udd.cl\/enfermeria-santiago\/noticias\/2016\/04\/04\/docente-udd-es-parte-de-la-red-internacional-de-investigacion-en-desigualdad-en-salud-en-la-ninez\/#breadcrumb","itemListElement":[{"@type":"ListItem","position":1,"name":"Home","item":"https:\/\/medicina.udd.cl\/enfermeria-santiago\/"},{"@type":"ListItem","position":2,"name":"Docente UDD es parte de la Red Internacional de Investigaci\u00f3n en Desigualdad en Salud en la Ni\u00f1ez"}]},{"@type":"WebSite","@id":"https:\/\/medicina.udd.cl\/enfermeria-santiago\/#website","url":"https:\/\/medicina.udd.cl\/enfermeria-santiago\/","name":"Enfermer\u00eda UDD","description":"Facultad de Medicina Cl\u00ednica Alemana Universidad del Desarrollo","inLanguage":"es"},{"@type":"Person","@id":"","url":"https:\/\/medicina.udd.cl\/enfermeria-santiago\/noticias\/author\/"}]}},"featured_image_url":"https:\/\/medicina.udd.cl\/enfermeria-santiago\/files\/2016\/04\/B\u00e1ltica-Cabieses.jpg","_links":{"self":[{"href":"https:\/\/medicina.udd.cl\/enfermeria-santiago\/wp-json\/wp\/v2\/posts\/3608","targetHints":{"allow":["GET"]}}],"collection":[{"href":"https:\/\/medicina.udd.cl\/enfermeria-santiago\/wp-json\/wp\/v2\/posts"}],"about":[{"href":"https:\/\/medicina.udd.cl\/enfermeria-santiago\/wp-json\/wp\/v2\/types\/post"}],"author":[{"embeddable":true,"href":"https:\/\/medicina.udd.cl\/enfermeria-santiago\/wp-json\/wp\/v2\/users\/42"}],"replies":[{"embeddable":true,"href":"https:\/\/medicina.udd.cl\/enfermeria-santiago\/wp-json\/wp\/v2\/comments?post=3608"}],"version-history":[{"count":2,"href":"https:\/\/medicina.udd.cl\/enfermeria-santiago\/wp-json\/wp\/v2\/posts\/3608\/revisions"}],"predecessor-version":[{"id":3612,"href":"https:\/\/medicina.udd.cl\/enfermeria-santiago\/wp-json\/wp\/v2\/posts\/3608\/revisions\/3612"}],"wp:featuredmedia":[{"embeddable":true,"href":"https:\/\/medicina.udd.cl\/enfermeria-santiago\/wp-json\/wp\/v2\/media\/3610"}],"wp:attachment":[{"href":"https:\/\/medicina.udd.cl\/enfermeria-santiago\/wp-json\/wp\/v2\/media?parent=3608"}],"wp:term":[{"taxonomy":"category","embeddable":true,"href":"https:\/\/medicina.udd.cl\/enfermeria-santiago\/wp-json\/wp\/v2\/categories?post=3608"},{"taxonomy":"post_tag","embeddable":true,"href":"https:\/\/medicina.udd.cl\/enfermeria-santiago\/wp-json\/wp\/v2\/tags?post=3608"}],"curies":[{"name":"wp","href":"https:\/\/api.w.org\/{rel}","templated":true}]}}