{"id":5438,"date":"2018-06-06T16:21:47","date_gmt":"2018-06-06T20:21:47","guid":{"rendered":"http:\/\/medicina.udd.cl\/enfermeria-santiago\/?p=5438"},"modified":"2018-06-06T16:21:47","modified_gmt":"2018-06-06T20:21:47","slug":"enfermeria-participa-en-las-xvii-jornadas-de-educacion-en-salud","status":"publish","type":"post","link":"https:\/\/medicina.udd.cl\/enfermeria-santiago\/noticias\/2018\/06\/06\/enfermeria-participa-en-las-xvii-jornadas-de-educacion-en-salud\/","title":{"rendered":"Enfermer\u00eda participa en las XVII Jornadas de Educaci\u00f3n en Salud"},"content":{"rendered":"<div id=\"gallery-1\" class=\"carousel slide carousel-gallery\" data-ride=\"false\" data-interval=\"false\"><div class=\"carousel-inner\" role=\"listbox\"><figure class=\"carousel-item active\"><img loading=\"lazy\" decoding=\"async\" width=\"649\" height=\"534\" src=\"https:\/\/medicina.udd.cl\/enfermeria-santiago\/files\/2018\/06\/WhatsApp-Image-2018-05-25-at-15.53.3322-1.jpeg\" class=\"attachment-landscape_952 size-landscape_952\" alt=\"\" srcset=\"https:\/\/medicina.udd.cl\/enfermeria-santiago\/files\/2018\/06\/WhatsApp-Image-2018-05-25-at-15.53.3322-1.jpeg 1280w, https:\/\/medicina.udd.cl\/enfermeria-santiago\/files\/2018\/06\/WhatsApp-Image-2018-05-25-at-15.53.3322-1-300x247.jpeg 300w, https:\/\/medicina.udd.cl\/enfermeria-santiago\/files\/2018\/06\/WhatsApp-Image-2018-05-25-at-15.53.3322-1-768x632.jpeg 768w, https:\/\/medicina.udd.cl\/enfermeria-santiago\/files\/2018\/06\/WhatsApp-Image-2018-05-25-at-15.53.3322-1-1024x843.jpeg 1024w, https:\/\/medicina.udd.cl\/enfermeria-santiago\/files\/2018\/06\/WhatsApp-Image-2018-05-25-at-15.53.3322-1-960x791.jpeg 960w\" sizes=\"auto, (max-width: 649px) 100vw, 649px\" \/><\/figure><figure class=\"carousel-item\"><img loading=\"lazy\" decoding=\"async\" width=\"688\" height=\"534\" src=\"https:\/\/medicina.udd.cl\/enfermeria-santiago\/files\/2018\/06\/WhatsApp-Image-2018-05-25-at-15.53.57-1.jpeg\" class=\"attachment-landscape_952 size-landscape_952\" alt=\"\" srcset=\"https:\/\/medicina.udd.cl\/enfermeria-santiago\/files\/2018\/06\/WhatsApp-Image-2018-05-25-at-15.53.57-1.jpeg 1049w, https:\/\/medicina.udd.cl\/enfermeria-santiago\/files\/2018\/06\/WhatsApp-Image-2018-05-25-at-15.53.57-1-300x233.jpeg 300w, https:\/\/medicina.udd.cl\/enfermeria-santiago\/files\/2018\/06\/WhatsApp-Image-2018-05-25-at-15.53.57-1-768x596.jpeg 768w, https:\/\/medicina.udd.cl\/enfermeria-santiago\/files\/2018\/06\/WhatsApp-Image-2018-05-25-at-15.53.57-1-1024x795.jpeg 1024w, https:\/\/medicina.udd.cl\/enfermeria-santiago\/files\/2018\/06\/WhatsApp-Image-2018-05-25-at-15.53.57-1-182x140.jpeg 182w, https:\/\/medicina.udd.cl\/enfermeria-santiago\/files\/2018\/06\/WhatsApp-Image-2018-05-25-at-15.53.57-1-960x745.jpeg 960w\" sizes=\"auto, (max-width: 688px) 100vw, 688px\" \/><\/figure><figure class=\"carousel-item\"><img loading=\"lazy\" decoding=\"async\" width=\"333\" height=\"534\" src=\"https:\/\/medicina.udd.cl\/enfermeria-santiago\/files\/2018\/06\/WhatsApp-Image-2018-05-25-at-15.53.58-1.jpeg\" class=\"attachment-landscape_952 size-landscape_952\" alt=\"\" srcset=\"https:\/\/medicina.udd.cl\/enfermeria-santiago\/files\/2018\/06\/WhatsApp-Image-2018-05-25-at-15.53.58-1.jpeg 798w, https:\/\/medicina.udd.cl\/enfermeria-santiago\/files\/2018\/06\/WhatsApp-Image-2018-05-25-at-15.53.58-1-187x300.jpeg 187w, https:\/\/medicina.udd.cl\/enfermeria-santiago\/files\/2018\/06\/WhatsApp-Image-2018-05-25-at-15.53.58-1-768x1232.jpeg 768w, https:\/\/medicina.udd.cl\/enfermeria-santiago\/files\/2018\/06\/WhatsApp-Image-2018-05-25-at-15.53.58-1-638x1024.jpeg 638w, https:\/\/medicina.udd.cl\/enfermeria-santiago\/files\/2018\/06\/WhatsApp-Image-2018-05-25-at-15.53.58-1-599x960.jpeg 599w\" sizes=\"auto, (max-width: 333px) 100vw, 333px\" \/><\/figure><figure class=\"carousel-item\"><img loading=\"lazy\" decoding=\"async\" width=\"679\" height=\"534\" src=\"https:\/\/medicina.udd.cl\/enfermeria-santiago\/files\/2018\/06\/WhatsApp-Image-2018-05-25-at-15.53.33-2-1.jpeg\" class=\"attachment-landscape_952 size-landscape_952\" alt=\"\" srcset=\"https:\/\/medicina.udd.cl\/enfermeria-santiago\/files\/2018\/06\/WhatsApp-Image-2018-05-25-at-15.53.33-2-1.jpeg 1280w, https:\/\/medicina.udd.cl\/enfermeria-santiago\/files\/2018\/06\/WhatsApp-Image-2018-05-25-at-15.53.33-2-1-300x236.jpeg 300w, https:\/\/medicina.udd.cl\/enfermeria-santiago\/files\/2018\/06\/WhatsApp-Image-2018-05-25-at-15.53.33-2-1-768x604.jpeg 768w, https:\/\/medicina.udd.cl\/enfermeria-santiago\/files\/2018\/06\/WhatsApp-Image-2018-05-25-at-15.53.33-2-1-1024x805.jpeg 1024w, https:\/\/medicina.udd.cl\/enfermeria-santiago\/files\/2018\/06\/WhatsApp-Image-2018-05-25-at-15.53.33-2-1-960x755.jpeg 960w\" sizes=\"auto, (max-width: 679px) 100vw, 679px\" \/><\/figure><figure class=\"carousel-item\"><img loading=\"lazy\" decoding=\"async\" width=\"541\" height=\"534\" src=\"https:\/\/medicina.udd.cl\/enfermeria-santiago\/files\/2018\/06\/WhatsApp-Image-2018-05-25-at-15.53.33-1.jpeg\" class=\"attachment-landscape_952 size-landscape_952\" alt=\"\" srcset=\"https:\/\/medicina.udd.cl\/enfermeria-santiago\/files\/2018\/06\/WhatsApp-Image-2018-05-25-at-15.53.33-1.jpeg 1280w, https:\/\/medicina.udd.cl\/enfermeria-santiago\/files\/2018\/06\/WhatsApp-Image-2018-05-25-at-15.53.33-1-300x296.jpeg 300w, https:\/\/medicina.udd.cl\/enfermeria-santiago\/files\/2018\/06\/WhatsApp-Image-2018-05-25-at-15.53.33-1-768x758.jpeg 768w, https:\/\/medicina.udd.cl\/enfermeria-santiago\/files\/2018\/06\/WhatsApp-Image-2018-05-25-at-15.53.33-1-1024x1011.jpeg 1024w, https:\/\/medicina.udd.cl\/enfermeria-santiago\/files\/2018\/06\/WhatsApp-Image-2018-05-25-at-15.53.33-1-62x62.jpeg 62w, https:\/\/medicina.udd.cl\/enfermeria-santiago\/files\/2018\/06\/WhatsApp-Image-2018-05-25-at-15.53.33-1-960x948.jpeg 960w\" sizes=\"auto, (max-width: 541px) 100vw, 541px\" \/><\/figure><\/div><footer class=\"carousel-footer\"><div class=\"carousel-counter\"><span class=\"carousel-counter-current\"><\/span> \/ <span class=\"carousel-counter-total\"><\/span><\/div><a class=\"carousel-control-prev\" href=\"#gallery-1\" role=\"button\" data-slide=\"prev\"><svg aria-hidden=\"true\" class=\"svg-chevron-left-dims\"><use xlink:href='https:\/\/medicina.udd.cl\/enfermeria-santiago\/wp-content\/themes\/facultades-2018\/assets\/img\/svg\/dist\/main.svg?version=1695853099#chevron-left'><\/use><\/svg><span class=\"sr-only\">Anterior<\/span><\/a><a class=\"carousel-control-next\" href=\"#gallery-1\" role=\"button\" data-slide=\"next\"><svg aria-hidden=\"true\" class=\"svg-chevron-right-dims\"><use xlink:href='https:\/\/medicina.udd.cl\/enfermeria-santiago\/wp-content\/themes\/facultades-2018\/assets\/img\/svg\/dist\/main.svg?version=1695853099#chevron-right'><\/use><\/svg><span class=\"sr-only\">Siguiente<\/span><\/a><\/footer><\/div>\n<p style=\"text-align: justify\">La actividad organizada por el Departamento de Educaci\u00f3n en Ciencias de la Salud (DECSA), se desarrolla anualmente y busca reunir a representantes de carreras del \u00e1rea de la salud de diferentes universidades del pa\u00eds para discutir temas de actualidad relacionadas con la Educaci\u00f3n en Ciencias de la Salud.<\/p>\n<p style=\"text-align: justify\">El programa incluye conferencias, mesas redondas, talleres, presentaci\u00f3n de investigaciones y experiencias educativas de inter\u00e9s. En esta oportunidad las docentes de la carrera, Cecilia Iturra y Giselle Riquelme, participaron con la presentaci\u00f3n de dos trabajos de investigaci\u00f3n en innovaci\u00f3n docente, relacionados a la incorporaci\u00f3n de metodolog\u00edas activas, en distintas asignaturas de la carrera.<\/p>\n<p style=\"text-align: justify\">Para la profesora Giselle Riquelme esta actividad es una gran oportunidad para transmitir experiencias. \u201cEs una excelente instancia para compartir con otros acad\u00e9micos el trabajo sistem\u00e1tico en innovaci\u00f3n metodol\u00f3gica que se ha realizado al interior de la carrera en los \u00faltimos a\u00f1os. Por su parte, permite conocer instancias de innovaci\u00f3n de otras instituciones a lo largo del pa\u00eds, lo que contribuye a nutrir y mejorar el quehacer docente\u00bb, dijo.<\/p>\n","protected":false},"excerpt":{"rendered":"<p>Dos representantes de la carrera presentaron trabajos de investigaci\u00f3n e innovaci\u00f3n docente <\/p>\n","protected":false},"author":9192192,"featured_media":5440,"comment_status":"open","ping_status":"open","sticky":false,"template":"","format":"standard","meta":{"footnotes":""},"categories":[4],"tags":[],"class_list":["post-5438","post","type-post","status-publish","format-standard","has-post-thumbnail","hentry","category-noticias"],"yoast_head":"<!-- This site is optimized with the Yoast SEO plugin v26.9 - https:\/\/yoast.com\/product\/yoast-seo-wordpress\/ -->\n<title>Enfermer\u00eda participa en las XVII Jornadas de Educaci\u00f3n en Salud - Enfermer\u00eda UDD<\/title>\n<meta name=\"robots\" content=\"index, follow, max-snippet:-1, max-image-preview:large, max-video-preview:-1\" \/>\n<link rel=\"canonical\" href=\"https:\/\/medicina.udd.cl\/enfermeria-santiago\/noticias\/2018\/06\/06\/enfermeria-participa-en-las-xvii-jornadas-de-educacion-en-salud\/\" \/>\n<meta property=\"og:locale\" content=\"es_ES\" \/>\n<meta property=\"og:type\" content=\"article\" \/>\n<meta property=\"og:title\" content=\"Enfermer\u00eda participa en las XVII Jornadas de Educaci\u00f3n en Salud - Enfermer\u00eda UDD\" \/>\n<meta property=\"og:description\" content=\"Dos representantes de la carrera presentaron trabajos de investigaci\u00f3n e innovaci\u00f3n docente\" \/>\n<meta property=\"og:url\" content=\"https:\/\/medicina.udd.cl\/enfermeria-santiago\/noticias\/2018\/06\/06\/enfermeria-participa-en-las-xvii-jornadas-de-educacion-en-salud\/\" \/>\n<meta property=\"og:site_name\" content=\"Enfermer\u00eda UDD\" \/>\n<meta property=\"article:published_time\" content=\"2018-06-06T20:21:47+00:00\" \/>\n<meta property=\"og:image\" content=\"https:\/\/medicina.udd.cl\/enfermeria-santiago\/files\/2018\/06\/WhatsApp-Image-2018-05-25-at-15.53.58-1.jpeg\" \/>\n\t<meta property=\"og:image:width\" content=\"798\" \/>\n\t<meta property=\"og:image:height\" content=\"1280\" \/>\n\t<meta property=\"og:image:type\" content=\"image\/jpeg\" \/>\n<meta name=\"author\" content=\"paulinamunoz\" \/>\n<meta name=\"twitter:label1\" content=\"Escrito por\" \/>\n\t<meta name=\"twitter:data1\" content=\"paulinamunoz\" \/>\n\t<meta name=\"twitter:label2\" content=\"Tiempo de lectura\" \/>\n\t<meta name=\"twitter:data2\" content=\"1 minuto\" \/>\n<script type=\"application\/ld+json\" class=\"yoast-schema-graph\">{\"@context\":\"https:\/\/schema.org\",\"@graph\":[{\"@type\":\"Article\",\"@id\":\"https:\/\/medicina.udd.cl\/enfermeria-santiago\/noticias\/2018\/06\/06\/enfermeria-participa-en-las-xvii-jornadas-de-educacion-en-salud\/#article\",\"isPartOf\":{\"@id\":\"https:\/\/medicina.udd.cl\/enfermeria-santiago\/noticias\/2018\/06\/06\/enfermeria-participa-en-las-xvii-jornadas-de-educacion-en-salud\/\"},\"author\":{\"name\":\"paulinamunoz\",\"@id\":\"https:\/\/medicina.udd.cl\/enfermeria-santiago\/#\/schema\/person\/8bbd66125b574a40ec467c180c11f2e3\"},\"headline\":\"Enfermer\u00eda participa en las XVII Jornadas de Educaci\u00f3n en Salud\",\"datePublished\":\"2018-06-06T20:21:47+00:00\",\"mainEntityOfPage\":{\"@id\":\"https:\/\/medicina.udd.cl\/enfermeria-santiago\/noticias\/2018\/06\/06\/enfermeria-participa-en-las-xvii-jornadas-de-educacion-en-salud\/\"},\"wordCount\":201,\"commentCount\":0,\"image\":{\"@id\":\"https:\/\/medicina.udd.cl\/enfermeria-santiago\/noticias\/2018\/06\/06\/enfermeria-participa-en-las-xvii-jornadas-de-educacion-en-salud\/#primaryimage\"},\"thumbnailUrl\":\"https:\/\/medicina.udd.cl\/enfermeria-santiago\/files\/2018\/06\/WhatsApp-Image-2018-05-25-at-15.53.58-1.jpeg\",\"articleSection\":[\"Noticias\"],\"inLanguage\":\"es\",\"potentialAction\":[{\"@type\":\"CommentAction\",\"name\":\"Comment\",\"target\":[\"https:\/\/medicina.udd.cl\/enfermeria-santiago\/noticias\/2018\/06\/06\/enfermeria-participa-en-las-xvii-jornadas-de-educacion-en-salud\/#respond\"]}]},{\"@type\":\"WebPage\",\"@id\":\"https:\/\/medicina.udd.cl\/enfermeria-santiago\/noticias\/2018\/06\/06\/enfermeria-participa-en-las-xvii-jornadas-de-educacion-en-salud\/\",\"url\":\"https:\/\/medicina.udd.cl\/enfermeria-santiago\/noticias\/2018\/06\/06\/enfermeria-participa-en-las-xvii-jornadas-de-educacion-en-salud\/\",\"name\":\"Enfermer\u00eda participa en las XVII Jornadas de Educaci\u00f3n en Salud - Enfermer\u00eda UDD\",\"isPartOf\":{\"@id\":\"https:\/\/medicina.udd.cl\/enfermeria-santiago\/#website\"},\"primaryImageOfPage\":{\"@id\":\"https:\/\/medicina.udd.cl\/enfermeria-santiago\/noticias\/2018\/06\/06\/enfermeria-participa-en-las-xvii-jornadas-de-educacion-en-salud\/#primaryimage\"},\"image\":{\"@id\":\"https:\/\/medicina.udd.cl\/enfermeria-santiago\/noticias\/2018\/06\/06\/enfermeria-participa-en-las-xvii-jornadas-de-educacion-en-salud\/#primaryimage\"},\"thumbnailUrl\":\"https:\/\/medicina.udd.cl\/enfermeria-santiago\/files\/2018\/06\/WhatsApp-Image-2018-05-25-at-15.53.58-1.jpeg\",\"datePublished\":\"2018-06-06T20:21:47+00:00\",\"author\":{\"@id\":\"https:\/\/medicina.udd.cl\/enfermeria-santiago\/#\/schema\/person\/8bbd66125b574a40ec467c180c11f2e3\"},\"breadcrumb\":{\"@id\":\"https:\/\/medicina.udd.cl\/enfermeria-santiago\/noticias\/2018\/06\/06\/enfermeria-participa-en-las-xvii-jornadas-de-educacion-en-salud\/#breadcrumb\"},\"inLanguage\":\"es\",\"potentialAction\":[{\"@type\":\"ReadAction\",\"target\":[\"https:\/\/medicina.udd.cl\/enfermeria-santiago\/noticias\/2018\/06\/06\/enfermeria-participa-en-las-xvii-jornadas-de-educacion-en-salud\/\"]}]},{\"@type\":\"ImageObject\",\"inLanguage\":\"es\",\"@id\":\"https:\/\/medicina.udd.cl\/enfermeria-santiago\/noticias\/2018\/06\/06\/enfermeria-participa-en-las-xvii-jornadas-de-educacion-en-salud\/#primaryimage\",\"url\":\"https:\/\/medicina.udd.cl\/enfermeria-santiago\/files\/2018\/06\/WhatsApp-Image-2018-05-25-at-15.53.58-1.jpeg\",\"contentUrl\":\"https:\/\/medicina.udd.cl\/enfermeria-santiago\/files\/2018\/06\/WhatsApp-Image-2018-05-25-at-15.53.58-1.jpeg\",\"width\":798,\"height\":1280},{\"@type\":\"BreadcrumbList\",\"@id\":\"https:\/\/medicina.udd.cl\/enfermeria-santiago\/noticias\/2018\/06\/06\/enfermeria-participa-en-las-xvii-jornadas-de-educacion-en-salud\/#breadcrumb\",\"itemListElement\":[{\"@type\":\"ListItem\",\"position\":1,\"name\":\"Home\",\"item\":\"https:\/\/medicina.udd.cl\/enfermeria-santiago\/\"},{\"@type\":\"ListItem\",\"position\":2,\"name\":\"Enfermer\u00eda participa en las XVII Jornadas de Educaci\u00f3n en Salud\"}]},{\"@type\":\"WebSite\",\"@id\":\"https:\/\/medicina.udd.cl\/enfermeria-santiago\/#website\",\"url\":\"https:\/\/medicina.udd.cl\/enfermeria-santiago\/\",\"name\":\"Enfermer\u00eda UDD\",\"description\":\"Facultad de Medicina Cl\u00ednica Alemana Universidad del Desarrollo\",\"inLanguage\":\"es\"},{\"@type\":\"Person\",\"@id\":\"https:\/\/medicina.udd.cl\/enfermeria-santiago\/#\/schema\/person\/8bbd66125b574a40ec467c180c11f2e3\",\"name\":\"paulinamunoz\",\"image\":{\"@type\":\"ImageObject\",\"inLanguage\":\"es\",\"@id\":\"https:\/\/medicina.udd.cl\/enfermeria-santiago\/#\/schema\/person\/image\/\",\"url\":\"https:\/\/secure.gravatar.com\/avatar\/748ce8fb74e8f8077c4966697a3b3710ca0019e71a62146890c0dcdc705e7f3d?s=96&d=mm&r=g\",\"contentUrl\":\"https:\/\/secure.gravatar.com\/avatar\/748ce8fb74e8f8077c4966697a3b3710ca0019e71a62146890c0dcdc705e7f3d?s=96&d=mm&r=g\",\"caption\":\"paulinamunoz\"},\"url\":\"https:\/\/medicina.udd.cl\/enfermeria-santiago\/noticias\/author\/paulinamunoz\/\"}]}<\/script>\n<!-- \/ Yoast SEO plugin. -->","yoast_head_json":{"title":"Enfermer\u00eda participa en las XVII Jornadas de Educaci\u00f3n en Salud - Enfermer\u00eda UDD","robots":{"index":"index","follow":"follow","max-snippet":"max-snippet:-1","max-image-preview":"max-image-preview:large","max-video-preview":"max-video-preview:-1"},"canonical":"https:\/\/medicina.udd.cl\/enfermeria-santiago\/noticias\/2018\/06\/06\/enfermeria-participa-en-las-xvii-jornadas-de-educacion-en-salud\/","og_locale":"es_ES","og_type":"article","og_title":"Enfermer\u00eda participa en las XVII Jornadas de Educaci\u00f3n en Salud - Enfermer\u00eda UDD","og_description":"Dos representantes de la carrera presentaron trabajos de investigaci\u00f3n e innovaci\u00f3n docente","og_url":"https:\/\/medicina.udd.cl\/enfermeria-santiago\/noticias\/2018\/06\/06\/enfermeria-participa-en-las-xvii-jornadas-de-educacion-en-salud\/","og_site_name":"Enfermer\u00eda UDD","article_published_time":"2018-06-06T20:21:47+00:00","og_image":[{"width":798,"height":1280,"url":"https:\/\/medicina.udd.cl\/enfermeria-santiago\/files\/2018\/06\/WhatsApp-Image-2018-05-25-at-15.53.58-1.jpeg","type":"image\/jpeg"}],"author":"paulinamunoz","twitter_misc":{"Escrito por":"paulinamunoz","Tiempo de lectura":"1 minuto"},"schema":{"@context":"https:\/\/schema.org","@graph":[{"@type":"Article","@id":"https:\/\/medicina.udd.cl\/enfermeria-santiago\/noticias\/2018\/06\/06\/enfermeria-participa-en-las-xvii-jornadas-de-educacion-en-salud\/#article","isPartOf":{"@id":"https:\/\/medicina.udd.cl\/enfermeria-santiago\/noticias\/2018\/06\/06\/enfermeria-participa-en-las-xvii-jornadas-de-educacion-en-salud\/"},"author":{"name":"paulinamunoz","@id":"https:\/\/medicina.udd.cl\/enfermeria-santiago\/#\/schema\/person\/8bbd66125b574a40ec467c180c11f2e3"},"headline":"Enfermer\u00eda participa en las XVII Jornadas de Educaci\u00f3n en Salud","datePublished":"2018-06-06T20:21:47+00:00","mainEntityOfPage":{"@id":"https:\/\/medicina.udd.cl\/enfermeria-santiago\/noticias\/2018\/06\/06\/enfermeria-participa-en-las-xvii-jornadas-de-educacion-en-salud\/"},"wordCount":201,"commentCount":0,"image":{"@id":"https:\/\/medicina.udd.cl\/enfermeria-santiago\/noticias\/2018\/06\/06\/enfermeria-participa-en-las-xvii-jornadas-de-educacion-en-salud\/#primaryimage"},"thumbnailUrl":"https:\/\/medicina.udd.cl\/enfermeria-santiago\/files\/2018\/06\/WhatsApp-Image-2018-05-25-at-15.53.58-1.jpeg","articleSection":["Noticias"],"inLanguage":"es","potentialAction":[{"@type":"CommentAction","name":"Comment","target":["https:\/\/medicina.udd.cl\/enfermeria-santiago\/noticias\/2018\/06\/06\/enfermeria-participa-en-las-xvii-jornadas-de-educacion-en-salud\/#respond"]}]},{"@type":"WebPage","@id":"https:\/\/medicina.udd.cl\/enfermeria-santiago\/noticias\/2018\/06\/06\/enfermeria-participa-en-las-xvii-jornadas-de-educacion-en-salud\/","url":"https:\/\/medicina.udd.cl\/enfermeria-santiago\/noticias\/2018\/06\/06\/enfermeria-participa-en-las-xvii-jornadas-de-educacion-en-salud\/","name":"Enfermer\u00eda participa en las XVII Jornadas de Educaci\u00f3n en Salud - Enfermer\u00eda UDD","isPartOf":{"@id":"https:\/\/medicina.udd.cl\/enfermeria-santiago\/#website"},"primaryImageOfPage":{"@id":"https:\/\/medicina.udd.cl\/enfermeria-santiago\/noticias\/2018\/06\/06\/enfermeria-participa-en-las-xvii-jornadas-de-educacion-en-salud\/#primaryimage"},"image":{"@id":"https:\/\/medicina.udd.cl\/enfermeria-santiago\/noticias\/2018\/06\/06\/enfermeria-participa-en-las-xvii-jornadas-de-educacion-en-salud\/#primaryimage"},"thumbnailUrl":"https:\/\/medicina.udd.cl\/enfermeria-santiago\/files\/2018\/06\/WhatsApp-Image-2018-05-25-at-15.53.58-1.jpeg","datePublished":"2018-06-06T20:21:47+00:00","author":{"@id":"https:\/\/medicina.udd.cl\/enfermeria-santiago\/#\/schema\/person\/8bbd66125b574a40ec467c180c11f2e3"},"breadcrumb":{"@id":"https:\/\/medicina.udd.cl\/enfermeria-santiago\/noticias\/2018\/06\/06\/enfermeria-participa-en-las-xvii-jornadas-de-educacion-en-salud\/#breadcrumb"},"inLanguage":"es","potentialAction":[{"@type":"ReadAction","target":["https:\/\/medicina.udd.cl\/enfermeria-santiago\/noticias\/2018\/06\/06\/enfermeria-participa-en-las-xvii-jornadas-de-educacion-en-salud\/"]}]},{"@type":"ImageObject","inLanguage":"es","@id":"https:\/\/medicina.udd.cl\/enfermeria-santiago\/noticias\/2018\/06\/06\/enfermeria-participa-en-las-xvii-jornadas-de-educacion-en-salud\/#primaryimage","url":"https:\/\/medicina.udd.cl\/enfermeria-santiago\/files\/2018\/06\/WhatsApp-Image-2018-05-25-at-15.53.58-1.jpeg","contentUrl":"https:\/\/medicina.udd.cl\/enfermeria-santiago\/files\/2018\/06\/WhatsApp-Image-2018-05-25-at-15.53.58-1.jpeg","width":798,"height":1280},{"@type":"BreadcrumbList","@id":"https:\/\/medicina.udd.cl\/enfermeria-santiago\/noticias\/2018\/06\/06\/enfermeria-participa-en-las-xvii-jornadas-de-educacion-en-salud\/#breadcrumb","itemListElement":[{"@type":"ListItem","position":1,"name":"Home","item":"https:\/\/medicina.udd.cl\/enfermeria-santiago\/"},{"@type":"ListItem","position":2,"name":"Enfermer\u00eda participa en las XVII Jornadas de Educaci\u00f3n en Salud"}]},{"@type":"WebSite","@id":"https:\/\/medicina.udd.cl\/enfermeria-santiago\/#website","url":"https:\/\/medicina.udd.cl\/enfermeria-santiago\/","name":"Enfermer\u00eda UDD","description":"Facultad de Medicina Cl\u00ednica Alemana Universidad del Desarrollo","inLanguage":"es"},{"@type":"Person","@id":"https:\/\/medicina.udd.cl\/enfermeria-santiago\/#\/schema\/person\/8bbd66125b574a40ec467c180c11f2e3","name":"paulinamunoz","image":{"@type":"ImageObject","inLanguage":"es","@id":"https:\/\/medicina.udd.cl\/enfermeria-santiago\/#\/schema\/person\/image\/","url":"https:\/\/secure.gravatar.com\/avatar\/748ce8fb74e8f8077c4966697a3b3710ca0019e71a62146890c0dcdc705e7f3d?s=96&d=mm&r=g","contentUrl":"https:\/\/secure.gravatar.com\/avatar\/748ce8fb74e8f8077c4966697a3b3710ca0019e71a62146890c0dcdc705e7f3d?s=96&d=mm&r=g","caption":"paulinamunoz"},"url":"https:\/\/medicina.udd.cl\/enfermeria-santiago\/noticias\/author\/paulinamunoz\/"}]}},"featured_image_url":"https:\/\/medicina.udd.cl\/enfermeria-santiago\/files\/2018\/06\/WhatsApp-Image-2018-05-25-at-15.53.58-1.jpeg","_links":{"self":[{"href":"https:\/\/medicina.udd.cl\/enfermeria-santiago\/wp-json\/wp\/v2\/posts\/5438","targetHints":{"allow":["GET"]}}],"collection":[{"href":"https:\/\/medicina.udd.cl\/enfermeria-santiago\/wp-json\/wp\/v2\/posts"}],"about":[{"href":"https:\/\/medicina.udd.cl\/enfermeria-santiago\/wp-json\/wp\/v2\/types\/post"}],"author":[{"embeddable":true,"href":"https:\/\/medicina.udd.cl\/enfermeria-santiago\/wp-json\/wp\/v2\/users\/9192192"}],"replies":[{"embeddable":true,"href":"https:\/\/medicina.udd.cl\/enfermeria-santiago\/wp-json\/wp\/v2\/comments?post=5438"}],"version-history":[{"count":1,"href":"https:\/\/medicina.udd.cl\/enfermeria-santiago\/wp-json\/wp\/v2\/posts\/5438\/revisions"}],"predecessor-version":[{"id":5444,"href":"https:\/\/medicina.udd.cl\/enfermeria-santiago\/wp-json\/wp\/v2\/posts\/5438\/revisions\/5444"}],"wp:featuredmedia":[{"embeddable":true,"href":"https:\/\/medicina.udd.cl\/enfermeria-santiago\/wp-json\/wp\/v2\/media\/5440"}],"wp:attachment":[{"href":"https:\/\/medicina.udd.cl\/enfermeria-santiago\/wp-json\/wp\/v2\/media?parent=5438"}],"wp:term":[{"taxonomy":"category","embeddable":true,"href":"https:\/\/medicina.udd.cl\/enfermeria-santiago\/wp-json\/wp\/v2\/categories?post=5438"},{"taxonomy":"post_tag","embeddable":true,"href":"https:\/\/medicina.udd.cl\/enfermeria-santiago\/wp-json\/wp\/v2\/tags?post=5438"}],"curies":[{"name":"wp","href":"https:\/\/api.w.org\/{rel}","templated":true}]}}