{"id":5510,"date":"2018-09-04T16:55:08","date_gmt":"2018-09-04T19:55:08","guid":{"rendered":"http:\/\/medicina.udd.cl\/enfermeria-santiago\/?p=5510"},"modified":"2018-09-04T16:57:00","modified_gmt":"2018-09-04T19:57:00","slug":"enfermeria-participo-en-semana-sello","status":"publish","type":"post","link":"https:\/\/medicina.udd.cl\/enfermeria-santiago\/noticias\/2018\/09\/04\/enfermeria-participo-en-semana-sello\/","title":{"rendered":"Enfermer\u00eda particip\u00f3 en Semana Sello"},"content":{"rendered":"<div id=\"gallery-1\" class=\"carousel slide carousel-gallery\" data-ride=\"false\" data-interval=\"false\"><div class=\"carousel-inner\" role=\"listbox\"><figure class=\"carousel-item active\"><img loading=\"lazy\" decoding=\"async\" width=\"712\" height=\"534\" src=\"https:\/\/medicina.udd.cl\/enfermeria-santiago\/files\/2018\/09\/Violencia-Infantil-1.jpg\" class=\"attachment-landscape_952 size-landscape_952\" alt=\"\" srcset=\"https:\/\/medicina.udd.cl\/enfermeria-santiago\/files\/2018\/09\/Violencia-Infantil-1.jpg 3264w, https:\/\/medicina.udd.cl\/enfermeria-santiago\/files\/2018\/09\/Violencia-Infantil-1-300x225.jpg 300w, https:\/\/medicina.udd.cl\/enfermeria-santiago\/files\/2018\/09\/Violencia-Infantil-1-768x576.jpg 768w, https:\/\/medicina.udd.cl\/enfermeria-santiago\/files\/2018\/09\/Violencia-Infantil-1-1024x768.jpg 1024w, https:\/\/medicina.udd.cl\/enfermeria-santiago\/files\/2018\/09\/Violencia-Infantil-1-960x720.jpg 960w\" sizes=\"auto, (max-width: 712px) 100vw, 712px\" \/><\/figure><figure class=\"carousel-item\"><img loading=\"lazy\" decoding=\"async\" width=\"712\" height=\"534\" src=\"https:\/\/medicina.udd.cl\/enfermeria-santiago\/files\/2018\/09\/Violencia-Infantil-2.jpg\" class=\"attachment-landscape_952 size-landscape_952\" alt=\"\" srcset=\"https:\/\/medicina.udd.cl\/enfermeria-santiago\/files\/2018\/09\/Violencia-Infantil-2.jpg 3264w, https:\/\/medicina.udd.cl\/enfermeria-santiago\/files\/2018\/09\/Violencia-Infantil-2-300x225.jpg 300w, https:\/\/medicina.udd.cl\/enfermeria-santiago\/files\/2018\/09\/Violencia-Infantil-2-768x576.jpg 768w, https:\/\/medicina.udd.cl\/enfermeria-santiago\/files\/2018\/09\/Violencia-Infantil-2-1024x768.jpg 1024w, https:\/\/medicina.udd.cl\/enfermeria-santiago\/files\/2018\/09\/Violencia-Infantil-2-960x720.jpg 960w\" sizes=\"auto, (max-width: 712px) 100vw, 712px\" \/><\/figure><figure class=\"carousel-item\"><img loading=\"lazy\" decoding=\"async\" width=\"712\" height=\"534\" src=\"https:\/\/medicina.udd.cl\/enfermeria-santiago\/files\/2018\/09\/Feria-SM-1-e1536090888309.jpg\" class=\"attachment-landscape_952 size-landscape_952\" alt=\"\" srcset=\"https:\/\/medicina.udd.cl\/enfermeria-santiago\/files\/2018\/09\/Feria-SM-1-e1536090888309.jpg 3264w, https:\/\/medicina.udd.cl\/enfermeria-santiago\/files\/2018\/09\/Feria-SM-1-e1536090888309-300x225.jpg 300w, https:\/\/medicina.udd.cl\/enfermeria-santiago\/files\/2018\/09\/Feria-SM-1-e1536090888309-768x576.jpg 768w, https:\/\/medicina.udd.cl\/enfermeria-santiago\/files\/2018\/09\/Feria-SM-1-e1536090888309-1024x768.jpg 1024w, https:\/\/medicina.udd.cl\/enfermeria-santiago\/files\/2018\/09\/Feria-SM-1-e1536090888309-960x720.jpg 960w\" sizes=\"auto, (max-width: 712px) 100vw, 712px\" \/><\/figure><figure class=\"carousel-item\"><img loading=\"lazy\" decoding=\"async\" width=\"712\" height=\"534\" src=\"https:\/\/medicina.udd.cl\/enfermeria-santiago\/files\/2018\/09\/Feria-SM-3.jpg\" class=\"attachment-landscape_952 size-landscape_952\" alt=\"\" srcset=\"https:\/\/medicina.udd.cl\/enfermeria-santiago\/files\/2018\/09\/Feria-SM-3.jpg 3264w, https:\/\/medicina.udd.cl\/enfermeria-santiago\/files\/2018\/09\/Feria-SM-3-300x225.jpg 300w, https:\/\/medicina.udd.cl\/enfermeria-santiago\/files\/2018\/09\/Feria-SM-3-768x576.jpg 768w, https:\/\/medicina.udd.cl\/enfermeria-santiago\/files\/2018\/09\/Feria-SM-3-1024x768.jpg 1024w, https:\/\/medicina.udd.cl\/enfermeria-santiago\/files\/2018\/09\/Feria-SM-3-960x720.jpg 960w\" sizes=\"auto, (max-width: 712px) 100vw, 712px\" \/><\/figure><figure class=\"carousel-item\"><img loading=\"lazy\" decoding=\"async\" width=\"712\" height=\"534\" src=\"https:\/\/medicina.udd.cl\/enfermeria-santiago\/files\/2018\/09\/Feria-SM-2.jpg\" class=\"attachment-landscape_952 size-landscape_952\" alt=\"\" srcset=\"https:\/\/medicina.udd.cl\/enfermeria-santiago\/files\/2018\/09\/Feria-SM-2.jpg 3264w, https:\/\/medicina.udd.cl\/enfermeria-santiago\/files\/2018\/09\/Feria-SM-2-300x225.jpg 300w, https:\/\/medicina.udd.cl\/enfermeria-santiago\/files\/2018\/09\/Feria-SM-2-768x576.jpg 768w, https:\/\/medicina.udd.cl\/enfermeria-santiago\/files\/2018\/09\/Feria-SM-2-1024x768.jpg 1024w, https:\/\/medicina.udd.cl\/enfermeria-santiago\/files\/2018\/09\/Feria-SM-2-960x720.jpg 960w\" sizes=\"auto, (max-width: 712px) 100vw, 712px\" \/><\/figure><\/div><footer class=\"carousel-footer\"><div class=\"carousel-counter\"><span class=\"carousel-counter-current\"><\/span> \/ <span class=\"carousel-counter-total\"><\/span><\/div><a class=\"carousel-control-prev\" href=\"#gallery-1\" role=\"button\" data-slide=\"prev\"><svg aria-hidden=\"true\" class=\"svg-chevron-left-dims\"><use xlink:href='https:\/\/medicina.udd.cl\/enfermeria-santiago\/wp-content\/themes\/facultades-2018\/assets\/img\/svg\/dist\/main.svg?version=1695853099#chevron-left'><\/use><\/svg><span class=\"sr-only\">Anterior<\/span><\/a><a class=\"carousel-control-next\" href=\"#gallery-1\" role=\"button\" data-slide=\"next\"><svg aria-hidden=\"true\" class=\"svg-chevron-right-dims\"><use xlink:href='https:\/\/medicina.udd.cl\/enfermeria-santiago\/wp-content\/themes\/facultades-2018\/assets\/img\/svg\/dist\/main.svg?version=1695853099#chevron-right'><\/use><\/svg><span class=\"sr-only\">Siguiente<\/span><\/a><\/footer><\/div>\n<p>Durante la semana reci\u00e9n pasada se realiz\u00f3 la Semana Sello en la UDD en donde enfermer\u00eda tambi\u00e9n se hizo presente con dos Stands Educativos a cargo de estudiantes de enfermer\u00eda de tercer a\u00f1o, quienes fueron acompa\u00f1ados por la Docente Daniela Fuentes.<\/p>\n<p>El primer Stand educativo, enfocado contra la Violencia infantil, pretendi\u00f3 incorporar conductas de cuidado comprensivo que eviten la violencia infantil en padres y cuidadores de ni\u00f1os peque\u00f1os.<\/p>\n<p>Mediante metodolog\u00eda psicoeducativa y educaci\u00f3n de pares, los estudiantes organizaron distintas estaciones en las que recogieron conocimientos previos de los asistentes en relaci\u00f3n a la violencia infantil (inducci\u00f3n), se incorporaron y reforzaron nuevos conocimientos en torno al cuidado comprensivo y buen trato (imput), se practicaron t\u00e9cnicas de mentalizaci\u00f3n y relajaci\u00f3n para evitar situaciones de violencia (implementaci\u00f3n) y se establecieron acuerdos de respeto por los derechos del ni\u00f1o (integraci\u00f3n). El tiempo estimado de recorrido por las cuatro estaciones fue de 30 minutos.<\/p>\n<p>El segundo Stand educativo de Salud Mental busc\u00f3 realizar detecci\u00f3n temprana y derivaci\u00f3n oportuna de problem\u00e1tica psicosocial como consumo de alcohol y drogas, bulling, violencia intrafamiliar y de pareja, conductas sexuales de riesgo, p\u00e9rdidas, duelo y crisis, entre otras, en j\u00f3venes estudiantes y funcionarios de la UDD.<\/p>\n<p>A trav\u00e9s de una atenci\u00f3n de Enfermer\u00eda Psicosocial, los estudiantes detectaron la problem\u00e1tica psicosocial principal y entregaron orientaci\u00f3n general con el prop\u00f3sito de fomentar la salud mental y prevenir problemas psicosociales en los asistentes. La derivaci\u00f3n se realiza a instituciones como CESFAM o consultorios de salud, servicios de Urgencia M\u00e9dica General o consulta particular a elecci\u00f3n del consultante.<\/p>\n","protected":false},"excerpt":{"rendered":"<p>La carrera se uni\u00f3 a la tradicional actividad con las asignaturas de \u201cEnfermer\u00eda Psicosocial\u201d y \u201cPsicoeducaci\u00f3n\u201d<\/p>\n","protected":false},"author":9192192,"featured_media":5513,"comment_status":"open","ping_status":"open","sticky":false,"template":"","format":"standard","meta":{"footnotes":""},"categories":[4,1],"tags":[],"class_list":["post-5510","post","type-post","status-publish","format-standard","has-post-thumbnail","hentry","category-noticias","category-sin-categoria"],"yoast_head":"<!-- This site is optimized with the Yoast SEO plugin v26.9 - https:\/\/yoast.com\/product\/yoast-seo-wordpress\/ -->\n<title>Enfermer\u00eda particip\u00f3 en Semana Sello - Enfermer\u00eda UDD<\/title>\n<meta name=\"robots\" content=\"index, follow, max-snippet:-1, max-image-preview:large, max-video-preview:-1\" \/>\n<link rel=\"canonical\" href=\"https:\/\/medicina.udd.cl\/enfermeria-santiago\/noticias\/2018\/09\/04\/enfermeria-participo-en-semana-sello\/\" \/>\n<meta property=\"og:locale\" content=\"es_ES\" \/>\n<meta property=\"og:type\" content=\"article\" \/>\n<meta property=\"og:title\" content=\"Enfermer\u00eda particip\u00f3 en Semana Sello - Enfermer\u00eda UDD\" \/>\n<meta property=\"og:description\" content=\"La carrera se uni\u00f3 a la tradicional actividad con las asignaturas de \u201cEnfermer\u00eda Psicosocial\u201d y \u201cPsicoeducaci\u00f3n\u201d\" \/>\n<meta property=\"og:url\" content=\"https:\/\/medicina.udd.cl\/enfermeria-santiago\/noticias\/2018\/09\/04\/enfermeria-participo-en-semana-sello\/\" \/>\n<meta property=\"og:site_name\" content=\"Enfermer\u00eda UDD\" \/>\n<meta property=\"article:published_time\" content=\"2018-09-04T19:55:08+00:00\" \/>\n<meta property=\"article:modified_time\" content=\"2018-09-04T19:57:00+00:00\" \/>\n<meta property=\"og:image\" content=\"https:\/\/medicina.udd.cl\/enfermeria-santiago\/files\/2018\/09\/Violencia-Infantil-2-1024x768.jpg\" \/>\n\t<meta property=\"og:image:width\" content=\"1024\" \/>\n\t<meta property=\"og:image:height\" content=\"768\" \/>\n\t<meta property=\"og:image:type\" content=\"image\/jpeg\" \/>\n<meta name=\"author\" content=\"paulinamunoz\" \/>\n<meta name=\"twitter:label1\" content=\"Escrito por\" \/>\n\t<meta name=\"twitter:data1\" content=\"paulinamunoz\" \/>\n\t<meta name=\"twitter:label2\" content=\"Tiempo de lectura\" \/>\n\t<meta name=\"twitter:data2\" content=\"1 minuto\" \/>\n<script type=\"application\/ld+json\" class=\"yoast-schema-graph\">{\"@context\":\"https:\/\/schema.org\",\"@graph\":[{\"@type\":\"Article\",\"@id\":\"https:\/\/medicina.udd.cl\/enfermeria-santiago\/noticias\/2018\/09\/04\/enfermeria-participo-en-semana-sello\/#article\",\"isPartOf\":{\"@id\":\"https:\/\/medicina.udd.cl\/enfermeria-santiago\/noticias\/2018\/09\/04\/enfermeria-participo-en-semana-sello\/\"},\"author\":{\"name\":\"paulinamunoz\",\"@id\":\"https:\/\/medicina.udd.cl\/enfermeria-santiago\/#\/schema\/person\/8bbd66125b574a40ec467c180c11f2e3\"},\"headline\":\"Enfermer\u00eda particip\u00f3 en Semana Sello\",\"datePublished\":\"2018-09-04T19:55:08+00:00\",\"dateModified\":\"2018-09-04T19:57:00+00:00\",\"mainEntityOfPage\":{\"@id\":\"https:\/\/medicina.udd.cl\/enfermeria-santiago\/noticias\/2018\/09\/04\/enfermeria-participo-en-semana-sello\/\"},\"wordCount\":293,\"commentCount\":0,\"image\":{\"@id\":\"https:\/\/medicina.udd.cl\/enfermeria-santiago\/noticias\/2018\/09\/04\/enfermeria-participo-en-semana-sello\/#primaryimage\"},\"thumbnailUrl\":\"https:\/\/medicina.udd.cl\/enfermeria-santiago\/files\/2018\/09\/Violencia-Infantil-2.jpg\",\"articleSection\":[\"Noticias\"],\"inLanguage\":\"es\",\"potentialAction\":[{\"@type\":\"CommentAction\",\"name\":\"Comment\",\"target\":[\"https:\/\/medicina.udd.cl\/enfermeria-santiago\/noticias\/2018\/09\/04\/enfermeria-participo-en-semana-sello\/#respond\"]}]},{\"@type\":\"WebPage\",\"@id\":\"https:\/\/medicina.udd.cl\/enfermeria-santiago\/noticias\/2018\/09\/04\/enfermeria-participo-en-semana-sello\/\",\"url\":\"https:\/\/medicina.udd.cl\/enfermeria-santiago\/noticias\/2018\/09\/04\/enfermeria-participo-en-semana-sello\/\",\"name\":\"Enfermer\u00eda particip\u00f3 en Semana Sello - Enfermer\u00eda UDD\",\"isPartOf\":{\"@id\":\"https:\/\/medicina.udd.cl\/enfermeria-santiago\/#website\"},\"primaryImageOfPage\":{\"@id\":\"https:\/\/medicina.udd.cl\/enfermeria-santiago\/noticias\/2018\/09\/04\/enfermeria-participo-en-semana-sello\/#primaryimage\"},\"image\":{\"@id\":\"https:\/\/medicina.udd.cl\/enfermeria-santiago\/noticias\/2018\/09\/04\/enfermeria-participo-en-semana-sello\/#primaryimage\"},\"thumbnailUrl\":\"https:\/\/medicina.udd.cl\/enfermeria-santiago\/files\/2018\/09\/Violencia-Infantil-2.jpg\",\"datePublished\":\"2018-09-04T19:55:08+00:00\",\"dateModified\":\"2018-09-04T19:57:00+00:00\",\"author\":{\"@id\":\"https:\/\/medicina.udd.cl\/enfermeria-santiago\/#\/schema\/person\/8bbd66125b574a40ec467c180c11f2e3\"},\"breadcrumb\":{\"@id\":\"https:\/\/medicina.udd.cl\/enfermeria-santiago\/noticias\/2018\/09\/04\/enfermeria-participo-en-semana-sello\/#breadcrumb\"},\"inLanguage\":\"es\",\"potentialAction\":[{\"@type\":\"ReadAction\",\"target\":[\"https:\/\/medicina.udd.cl\/enfermeria-santiago\/noticias\/2018\/09\/04\/enfermeria-participo-en-semana-sello\/\"]}]},{\"@type\":\"ImageObject\",\"inLanguage\":\"es\",\"@id\":\"https:\/\/medicina.udd.cl\/enfermeria-santiago\/noticias\/2018\/09\/04\/enfermeria-participo-en-semana-sello\/#primaryimage\",\"url\":\"https:\/\/medicina.udd.cl\/enfermeria-santiago\/files\/2018\/09\/Violencia-Infantil-2.jpg\",\"contentUrl\":\"https:\/\/medicina.udd.cl\/enfermeria-santiago\/files\/2018\/09\/Violencia-Infantil-2.jpg\",\"width\":3264,\"height\":2448},{\"@type\":\"BreadcrumbList\",\"@id\":\"https:\/\/medicina.udd.cl\/enfermeria-santiago\/noticias\/2018\/09\/04\/enfermeria-participo-en-semana-sello\/#breadcrumb\",\"itemListElement\":[{\"@type\":\"ListItem\",\"position\":1,\"name\":\"Home\",\"item\":\"https:\/\/medicina.udd.cl\/enfermeria-santiago\/\"},{\"@type\":\"ListItem\",\"position\":2,\"name\":\"Enfermer\u00eda particip\u00f3 en Semana Sello\"}]},{\"@type\":\"WebSite\",\"@id\":\"https:\/\/medicina.udd.cl\/enfermeria-santiago\/#website\",\"url\":\"https:\/\/medicina.udd.cl\/enfermeria-santiago\/\",\"name\":\"Enfermer\u00eda UDD\",\"description\":\"Facultad de Medicina Cl\u00ednica Alemana Universidad del Desarrollo\",\"inLanguage\":\"es\"},{\"@type\":\"Person\",\"@id\":\"https:\/\/medicina.udd.cl\/enfermeria-santiago\/#\/schema\/person\/8bbd66125b574a40ec467c180c11f2e3\",\"name\":\"paulinamunoz\",\"image\":{\"@type\":\"ImageObject\",\"inLanguage\":\"es\",\"@id\":\"https:\/\/medicina.udd.cl\/enfermeria-santiago\/#\/schema\/person\/image\/\",\"url\":\"https:\/\/secure.gravatar.com\/avatar\/748ce8fb74e8f8077c4966697a3b3710ca0019e71a62146890c0dcdc705e7f3d?s=96&d=mm&r=g\",\"contentUrl\":\"https:\/\/secure.gravatar.com\/avatar\/748ce8fb74e8f8077c4966697a3b3710ca0019e71a62146890c0dcdc705e7f3d?s=96&d=mm&r=g\",\"caption\":\"paulinamunoz\"},\"url\":\"https:\/\/medicina.udd.cl\/enfermeria-santiago\/noticias\/author\/paulinamunoz\/\"}]}<\/script>\n<!-- \/ Yoast SEO plugin. -->","yoast_head_json":{"title":"Enfermer\u00eda particip\u00f3 en Semana Sello - Enfermer\u00eda UDD","robots":{"index":"index","follow":"follow","max-snippet":"max-snippet:-1","max-image-preview":"max-image-preview:large","max-video-preview":"max-video-preview:-1"},"canonical":"https:\/\/medicina.udd.cl\/enfermeria-santiago\/noticias\/2018\/09\/04\/enfermeria-participo-en-semana-sello\/","og_locale":"es_ES","og_type":"article","og_title":"Enfermer\u00eda particip\u00f3 en Semana Sello - Enfermer\u00eda UDD","og_description":"La carrera se uni\u00f3 a la tradicional actividad con las asignaturas de \u201cEnfermer\u00eda Psicosocial\u201d y \u201cPsicoeducaci\u00f3n\u201d","og_url":"https:\/\/medicina.udd.cl\/enfermeria-santiago\/noticias\/2018\/09\/04\/enfermeria-participo-en-semana-sello\/","og_site_name":"Enfermer\u00eda UDD","article_published_time":"2018-09-04T19:55:08+00:00","article_modified_time":"2018-09-04T19:57:00+00:00","og_image":[{"width":1024,"height":768,"url":"https:\/\/medicina.udd.cl\/enfermeria-santiago\/files\/2018\/09\/Violencia-Infantil-2-1024x768.jpg","type":"image\/jpeg"}],"author":"paulinamunoz","twitter_misc":{"Escrito por":"paulinamunoz","Tiempo de lectura":"1 minuto"},"schema":{"@context":"https:\/\/schema.org","@graph":[{"@type":"Article","@id":"https:\/\/medicina.udd.cl\/enfermeria-santiago\/noticias\/2018\/09\/04\/enfermeria-participo-en-semana-sello\/#article","isPartOf":{"@id":"https:\/\/medicina.udd.cl\/enfermeria-santiago\/noticias\/2018\/09\/04\/enfermeria-participo-en-semana-sello\/"},"author":{"name":"paulinamunoz","@id":"https:\/\/medicina.udd.cl\/enfermeria-santiago\/#\/schema\/person\/8bbd66125b574a40ec467c180c11f2e3"},"headline":"Enfermer\u00eda particip\u00f3 en Semana Sello","datePublished":"2018-09-04T19:55:08+00:00","dateModified":"2018-09-04T19:57:00+00:00","mainEntityOfPage":{"@id":"https:\/\/medicina.udd.cl\/enfermeria-santiago\/noticias\/2018\/09\/04\/enfermeria-participo-en-semana-sello\/"},"wordCount":293,"commentCount":0,"image":{"@id":"https:\/\/medicina.udd.cl\/enfermeria-santiago\/noticias\/2018\/09\/04\/enfermeria-participo-en-semana-sello\/#primaryimage"},"thumbnailUrl":"https:\/\/medicina.udd.cl\/enfermeria-santiago\/files\/2018\/09\/Violencia-Infantil-2.jpg","articleSection":["Noticias"],"inLanguage":"es","potentialAction":[{"@type":"CommentAction","name":"Comment","target":["https:\/\/medicina.udd.cl\/enfermeria-santiago\/noticias\/2018\/09\/04\/enfermeria-participo-en-semana-sello\/#respond"]}]},{"@type":"WebPage","@id":"https:\/\/medicina.udd.cl\/enfermeria-santiago\/noticias\/2018\/09\/04\/enfermeria-participo-en-semana-sello\/","url":"https:\/\/medicina.udd.cl\/enfermeria-santiago\/noticias\/2018\/09\/04\/enfermeria-participo-en-semana-sello\/","name":"Enfermer\u00eda particip\u00f3 en Semana Sello - Enfermer\u00eda UDD","isPartOf":{"@id":"https:\/\/medicina.udd.cl\/enfermeria-santiago\/#website"},"primaryImageOfPage":{"@id":"https:\/\/medicina.udd.cl\/enfermeria-santiago\/noticias\/2018\/09\/04\/enfermeria-participo-en-semana-sello\/#primaryimage"},"image":{"@id":"https:\/\/medicina.udd.cl\/enfermeria-santiago\/noticias\/2018\/09\/04\/enfermeria-participo-en-semana-sello\/#primaryimage"},"thumbnailUrl":"https:\/\/medicina.udd.cl\/enfermeria-santiago\/files\/2018\/09\/Violencia-Infantil-2.jpg","datePublished":"2018-09-04T19:55:08+00:00","dateModified":"2018-09-04T19:57:00+00:00","author":{"@id":"https:\/\/medicina.udd.cl\/enfermeria-santiago\/#\/schema\/person\/8bbd66125b574a40ec467c180c11f2e3"},"breadcrumb":{"@id":"https:\/\/medicina.udd.cl\/enfermeria-santiago\/noticias\/2018\/09\/04\/enfermeria-participo-en-semana-sello\/#breadcrumb"},"inLanguage":"es","potentialAction":[{"@type":"ReadAction","target":["https:\/\/medicina.udd.cl\/enfermeria-santiago\/noticias\/2018\/09\/04\/enfermeria-participo-en-semana-sello\/"]}]},{"@type":"ImageObject","inLanguage":"es","@id":"https:\/\/medicina.udd.cl\/enfermeria-santiago\/noticias\/2018\/09\/04\/enfermeria-participo-en-semana-sello\/#primaryimage","url":"https:\/\/medicina.udd.cl\/enfermeria-santiago\/files\/2018\/09\/Violencia-Infantil-2.jpg","contentUrl":"https:\/\/medicina.udd.cl\/enfermeria-santiago\/files\/2018\/09\/Violencia-Infantil-2.jpg","width":3264,"height":2448},{"@type":"BreadcrumbList","@id":"https:\/\/medicina.udd.cl\/enfermeria-santiago\/noticias\/2018\/09\/04\/enfermeria-participo-en-semana-sello\/#breadcrumb","itemListElement":[{"@type":"ListItem","position":1,"name":"Home","item":"https:\/\/medicina.udd.cl\/enfermeria-santiago\/"},{"@type":"ListItem","position":2,"name":"Enfermer\u00eda particip\u00f3 en Semana Sello"}]},{"@type":"WebSite","@id":"https:\/\/medicina.udd.cl\/enfermeria-santiago\/#website","url":"https:\/\/medicina.udd.cl\/enfermeria-santiago\/","name":"Enfermer\u00eda UDD","description":"Facultad de Medicina Cl\u00ednica Alemana Universidad del Desarrollo","inLanguage":"es"},{"@type":"Person","@id":"https:\/\/medicina.udd.cl\/enfermeria-santiago\/#\/schema\/person\/8bbd66125b574a40ec467c180c11f2e3","name":"paulinamunoz","image":{"@type":"ImageObject","inLanguage":"es","@id":"https:\/\/medicina.udd.cl\/enfermeria-santiago\/#\/schema\/person\/image\/","url":"https:\/\/secure.gravatar.com\/avatar\/748ce8fb74e8f8077c4966697a3b3710ca0019e71a62146890c0dcdc705e7f3d?s=96&d=mm&r=g","contentUrl":"https:\/\/secure.gravatar.com\/avatar\/748ce8fb74e8f8077c4966697a3b3710ca0019e71a62146890c0dcdc705e7f3d?s=96&d=mm&r=g","caption":"paulinamunoz"},"url":"https:\/\/medicina.udd.cl\/enfermeria-santiago\/noticias\/author\/paulinamunoz\/"}]}},"featured_image_url":"https:\/\/medicina.udd.cl\/enfermeria-santiago\/files\/2018\/09\/Violencia-Infantil-2.jpg","_links":{"self":[{"href":"https:\/\/medicina.udd.cl\/enfermeria-santiago\/wp-json\/wp\/v2\/posts\/5510","targetHints":{"allow":["GET"]}}],"collection":[{"href":"https:\/\/medicina.udd.cl\/enfermeria-santiago\/wp-json\/wp\/v2\/posts"}],"about":[{"href":"https:\/\/medicina.udd.cl\/enfermeria-santiago\/wp-json\/wp\/v2\/types\/post"}],"author":[{"embeddable":true,"href":"https:\/\/medicina.udd.cl\/enfermeria-santiago\/wp-json\/wp\/v2\/users\/9192192"}],"replies":[{"embeddable":true,"href":"https:\/\/medicina.udd.cl\/enfermeria-santiago\/wp-json\/wp\/v2\/comments?post=5510"}],"version-history":[{"count":3,"href":"https:\/\/medicina.udd.cl\/enfermeria-santiago\/wp-json\/wp\/v2\/posts\/5510\/revisions"}],"predecessor-version":[{"id":5518,"href":"https:\/\/medicina.udd.cl\/enfermeria-santiago\/wp-json\/wp\/v2\/posts\/5510\/revisions\/5518"}],"wp:featuredmedia":[{"embeddable":true,"href":"https:\/\/medicina.udd.cl\/enfermeria-santiago\/wp-json\/wp\/v2\/media\/5513"}],"wp:attachment":[{"href":"https:\/\/medicina.udd.cl\/enfermeria-santiago\/wp-json\/wp\/v2\/media?parent=5510"}],"wp:term":[{"taxonomy":"category","embeddable":true,"href":"https:\/\/medicina.udd.cl\/enfermeria-santiago\/wp-json\/wp\/v2\/categories?post=5510"},{"taxonomy":"post_tag","embeddable":true,"href":"https:\/\/medicina.udd.cl\/enfermeria-santiago\/wp-json\/wp\/v2\/tags?post=5510"}],"curies":[{"name":"wp","href":"https:\/\/api.w.org\/{rel}","templated":true}]}}