{"id":8018,"date":"2022-11-21T17:25:00","date_gmt":"2022-11-21T20:25:00","guid":{"rendered":"https:\/\/medicina.udd.cl\/enfermeria-santiago\/?p=8018"},"modified":"2022-11-25T13:28:48","modified_gmt":"2022-11-25T16:28:48","slug":"directora-de-enfermeria-udd-nombrada-miembro-cofundador-del-primer-capitulo-chileno-de-la-sociedad-internacional-sigma-theta-tau","status":"publish","type":"post","link":"https:\/\/medicina.udd.cl\/enfermeria-santiago\/noticias\/2022\/11\/21\/directora-de-enfermeria-udd-nombrada-miembro-cofundador-del-primer-capitulo-chileno-de-la-sociedad-internacional-sigma-theta-tau\/","title":{"rendered":"Acad\u00e9micas UDD nombradas miembro cofundador del primer cap\u00edtulo chileno de la Sociedad Internacional Sigma Theta Tau"},"content":{"rendered":"\n<figure class=\"wp-block-image aligncenter size-full\"><a href=\"https:\/\/medicina.udd.cl\/enfermeria-santiago\/files\/2022\/11\/enf-sigma.jpg\"><img loading=\"lazy\" decoding=\"async\" width=\"1024\" height=\"768\" src=\"https:\/\/medicina.udd.cl\/enfermeria-santiago\/files\/2022\/11\/enf-sigma.jpg\" alt=\"\" class=\"wp-image-8019\" srcset=\"https:\/\/medicina.udd.cl\/enfermeria-santiago\/files\/2022\/11\/enf-sigma.jpg 1024w, https:\/\/medicina.udd.cl\/enfermeria-santiago\/files\/2022\/11\/enf-sigma-300x225.jpg 300w, https:\/\/medicina.udd.cl\/enfermeria-santiago\/files\/2022\/11\/enf-sigma-768x576.jpg 768w\" sizes=\"auto, (max-width: 1024px) 100vw, 1024px\" \/><\/a><\/figure>\n\n\n\n<p>Este 14 de noviembre se realiz\u00f3, en la Pontificia Universidad Cat\u00f3lica de Chile, la ceremonia de inducci\u00f3n al primer cap\u00edtulo chileno\u00a0<strong><em>Alpha Beta Omicron<\/em><\/strong>, perteneciente a la Sociedad Internacional de Enfermer\u00eda\u00a0<em>Sigma Theta Tau<\/em>, donde la directora y la docente de la carrera de Enfermer\u00eda de la Facultad de Medicina Cl\u00ednica Alemana Universidad del Desarrollo, Enf. Claudia P\u00e9rez y Enf. Daniela Fuentes, respectivamente, son unas de las fundadoras de esta primera entrega. \u00a0<\/p>\n\n\n\n<p><em>\u201cEs un gran honor haber sido invitada a ser parte de los miembros fundadores del cap\u00edtulo chileno en Sigma. Tambi\u00e9n es una responsabilidad para seguir trabajando en Enfermer\u00eda, para su visibilizaci\u00f3n a nivel social y aportar en el desarrollo de \u00e1reas que, hasta el momento, no se han podido implementar, contribuyendo as\u00ed a la salud del pa\u00eds\u201d,<\/em>&nbsp;se\u00f1al\u00f3 Claudia P\u00e9rez.<\/p>\n\n\n\n<p>La acad\u00e9mica UDD, indic\u00f3 que este v\u00ednculo busca impactar en el desarrollo de la disciplina de enfermer\u00eda, visibilizar el trabajo de enfermer\u00eda en Chile y generar relaciones con asociaciones de enfermer\u00eda a nivel internacional.<\/p>\n\n\n\n<p>Cabe mencionar que, Sigma Theta Tau, es una sociedad cient\u00edfica y comunidad global de enfermeras destacadas, creada en 1922, que se dedican a promover la salud mundial, con el fin de fortalecer continuamente el compromiso con los ideales y fines de la profesi\u00f3n, adem\u00e1s de generar lazos con l\u00edderes de todos los niveles del \u00e1rea de la salud. Sigma Theta Tau, es la segunda Sociedad Internacional de Honor de Enfermer\u00eda m\u00e1s grande del mundo con aproximadamente 135.000 mil miembros activos.<\/p>\n\n\n\n<p>Para m\u00e1s informaci\u00f3n sobre Sigma y el primer cap\u00edtulo en Chile:&nbsp;<a href=\"https:\/\/nursingcentered.sigmanursing.org\/topics\/chapters\/stories\/view\/sigma-charters-first-chapter-in-chile\" target=\"_blank\" rel=\"noreferrer noopener\"><strong>www.sigmanursing.org<\/strong><\/a><\/p>\n","protected":false},"excerpt":{"rendered":"<p>Este 14 de noviembre se realiz\u00f3, en la Pontificia Universidad Cat\u00f3lica de Chile, la ceremonia de inducci\u00f3n al primer cap\u00edtulo chileno\u00a0Alpha Beta Omicron, perteneciente a la Sociedad Internacional de Enfermer\u00eda\u00a0Sigma Theta Tau, donde la directora y la docente de la carrera de Enfermer\u00eda de la Facultad de Medicina Cl\u00ednica Alemana Universidad del Desarrollo, Enf. Claudia [&hellip;]<\/p>\n","protected":false},"author":9192219,"featured_media":8019,"comment_status":"open","ping_status":"open","sticky":false,"template":"","format":"standard","meta":{"footnotes":""},"categories":[4],"tags":[],"class_list":["post-8018","post","type-post","status-publish","format-standard","has-post-thumbnail","hentry","category-noticias"],"yoast_head":"<!-- This site is optimized with the Yoast SEO plugin v26.9 - https:\/\/yoast.com\/product\/yoast-seo-wordpress\/ -->\n<title>Acad\u00e9micas UDD nombradas miembro cofundador del primer cap\u00edtulo chileno de la Sociedad Internacional Sigma Theta Tau - Enfermer\u00eda UDD<\/title>\n<meta name=\"robots\" content=\"index, follow, max-snippet:-1, max-image-preview:large, max-video-preview:-1\" \/>\n<link rel=\"canonical\" href=\"https:\/\/medicina.udd.cl\/enfermeria-santiago\/noticias\/2022\/11\/21\/directora-de-enfermeria-udd-nombrada-miembro-cofundador-del-primer-capitulo-chileno-de-la-sociedad-internacional-sigma-theta-tau\/\" \/>\n<meta property=\"og:locale\" content=\"es_ES\" \/>\n<meta property=\"og:type\" content=\"article\" \/>\n<meta property=\"og:title\" content=\"Acad\u00e9micas UDD nombradas miembro cofundador del primer cap\u00edtulo chileno de la Sociedad Internacional Sigma Theta Tau - Enfermer\u00eda UDD\" \/>\n<meta property=\"og:description\" content=\"Este 14 de noviembre se realiz\u00f3, en la Pontificia Universidad Cat\u00f3lica de Chile, la ceremonia de inducci\u00f3n al primer cap\u00edtulo chileno\u00a0Alpha Beta Omicron, perteneciente a la Sociedad Internacional de Enfermer\u00eda\u00a0Sigma Theta Tau, donde la directora y la docente de la carrera de Enfermer\u00eda de la Facultad de Medicina Cl\u00ednica Alemana Universidad del Desarrollo, Enf. Claudia [&hellip;]\" \/>\n<meta property=\"og:url\" content=\"https:\/\/medicina.udd.cl\/enfermeria-santiago\/noticias\/2022\/11\/21\/directora-de-enfermeria-udd-nombrada-miembro-cofundador-del-primer-capitulo-chileno-de-la-sociedad-internacional-sigma-theta-tau\/\" \/>\n<meta property=\"og:site_name\" content=\"Enfermer\u00eda UDD\" \/>\n<meta property=\"article:published_time\" content=\"2022-11-21T20:25:00+00:00\" \/>\n<meta property=\"article:modified_time\" content=\"2022-11-25T16:28:48+00:00\" \/>\n<meta property=\"og:image\" content=\"https:\/\/medicina.udd.cl\/enfermeria-santiago\/files\/2022\/11\/enf-sigma.jpg\" \/>\n\t<meta property=\"og:image:width\" content=\"1024\" \/>\n\t<meta property=\"og:image:height\" content=\"768\" \/>\n\t<meta property=\"og:image:type\" content=\"image\/jpeg\" \/>\n<meta name=\"author\" content=\"rbraidy\" \/>\n<meta name=\"twitter:label1\" content=\"Escrito por\" \/>\n\t<meta name=\"twitter:data1\" content=\"rbraidy\" \/>\n\t<meta name=\"twitter:label2\" content=\"Tiempo de lectura\" \/>\n\t<meta name=\"twitter:data2\" content=\"2 minutos\" \/>\n<script type=\"application\/ld+json\" class=\"yoast-schema-graph\">{\"@context\":\"https:\/\/schema.org\",\"@graph\":[{\"@type\":\"Article\",\"@id\":\"https:\/\/medicina.udd.cl\/enfermeria-santiago\/noticias\/2022\/11\/21\/directora-de-enfermeria-udd-nombrada-miembro-cofundador-del-primer-capitulo-chileno-de-la-sociedad-internacional-sigma-theta-tau\/#article\",\"isPartOf\":{\"@id\":\"https:\/\/medicina.udd.cl\/enfermeria-santiago\/noticias\/2022\/11\/21\/directora-de-enfermeria-udd-nombrada-miembro-cofundador-del-primer-capitulo-chileno-de-la-sociedad-internacional-sigma-theta-tau\/\"},\"author\":{\"name\":\"rbraidy\",\"@id\":\"https:\/\/medicina.udd.cl\/enfermeria-santiago\/#\/schema\/person\/dbc3705bf3a93e8be1ba6de0ef950341\"},\"headline\":\"Acad\u00e9micas UDD nombradas miembro cofundador del primer cap\u00edtulo chileno de la Sociedad Internacional Sigma Theta Tau\",\"datePublished\":\"2022-11-21T20:25:00+00:00\",\"dateModified\":\"2022-11-25T16:28:48+00:00\",\"mainEntityOfPage\":{\"@id\":\"https:\/\/medicina.udd.cl\/enfermeria-santiago\/noticias\/2022\/11\/21\/directora-de-enfermeria-udd-nombrada-miembro-cofundador-del-primer-capitulo-chileno-de-la-sociedad-internacional-sigma-theta-tau\/\"},\"wordCount\":305,\"commentCount\":0,\"image\":{\"@id\":\"https:\/\/medicina.udd.cl\/enfermeria-santiago\/noticias\/2022\/11\/21\/directora-de-enfermeria-udd-nombrada-miembro-cofundador-del-primer-capitulo-chileno-de-la-sociedad-internacional-sigma-theta-tau\/#primaryimage\"},\"thumbnailUrl\":\"https:\/\/medicina.udd.cl\/enfermeria-santiago\/files\/2022\/11\/enf-sigma.jpg\",\"articleSection\":[\"Noticias\"],\"inLanguage\":\"es\",\"potentialAction\":[{\"@type\":\"CommentAction\",\"name\":\"Comment\",\"target\":[\"https:\/\/medicina.udd.cl\/enfermeria-santiago\/noticias\/2022\/11\/21\/directora-de-enfermeria-udd-nombrada-miembro-cofundador-del-primer-capitulo-chileno-de-la-sociedad-internacional-sigma-theta-tau\/#respond\"]}]},{\"@type\":\"WebPage\",\"@id\":\"https:\/\/medicina.udd.cl\/enfermeria-santiago\/noticias\/2022\/11\/21\/directora-de-enfermeria-udd-nombrada-miembro-cofundador-del-primer-capitulo-chileno-de-la-sociedad-internacional-sigma-theta-tau\/\",\"url\":\"https:\/\/medicina.udd.cl\/enfermeria-santiago\/noticias\/2022\/11\/21\/directora-de-enfermeria-udd-nombrada-miembro-cofundador-del-primer-capitulo-chileno-de-la-sociedad-internacional-sigma-theta-tau\/\",\"name\":\"Acad\u00e9micas UDD nombradas miembro cofundador del primer cap\u00edtulo chileno de la Sociedad Internacional Sigma Theta Tau - Enfermer\u00eda UDD\",\"isPartOf\":{\"@id\":\"https:\/\/medicina.udd.cl\/enfermeria-santiago\/#website\"},\"primaryImageOfPage\":{\"@id\":\"https:\/\/medicina.udd.cl\/enfermeria-santiago\/noticias\/2022\/11\/21\/directora-de-enfermeria-udd-nombrada-miembro-cofundador-del-primer-capitulo-chileno-de-la-sociedad-internacional-sigma-theta-tau\/#primaryimage\"},\"image\":{\"@id\":\"https:\/\/medicina.udd.cl\/enfermeria-santiago\/noticias\/2022\/11\/21\/directora-de-enfermeria-udd-nombrada-miembro-cofundador-del-primer-capitulo-chileno-de-la-sociedad-internacional-sigma-theta-tau\/#primaryimage\"},\"thumbnailUrl\":\"https:\/\/medicina.udd.cl\/enfermeria-santiago\/files\/2022\/11\/enf-sigma.jpg\",\"datePublished\":\"2022-11-21T20:25:00+00:00\",\"dateModified\":\"2022-11-25T16:28:48+00:00\",\"author\":{\"@id\":\"https:\/\/medicina.udd.cl\/enfermeria-santiago\/#\/schema\/person\/dbc3705bf3a93e8be1ba6de0ef950341\"},\"breadcrumb\":{\"@id\":\"https:\/\/medicina.udd.cl\/enfermeria-santiago\/noticias\/2022\/11\/21\/directora-de-enfermeria-udd-nombrada-miembro-cofundador-del-primer-capitulo-chileno-de-la-sociedad-internacional-sigma-theta-tau\/#breadcrumb\"},\"inLanguage\":\"es\",\"potentialAction\":[{\"@type\":\"ReadAction\",\"target\":[\"https:\/\/medicina.udd.cl\/enfermeria-santiago\/noticias\/2022\/11\/21\/directora-de-enfermeria-udd-nombrada-miembro-cofundador-del-primer-capitulo-chileno-de-la-sociedad-internacional-sigma-theta-tau\/\"]}]},{\"@type\":\"ImageObject\",\"inLanguage\":\"es\",\"@id\":\"https:\/\/medicina.udd.cl\/enfermeria-santiago\/noticias\/2022\/11\/21\/directora-de-enfermeria-udd-nombrada-miembro-cofundador-del-primer-capitulo-chileno-de-la-sociedad-internacional-sigma-theta-tau\/#primaryimage\",\"url\":\"https:\/\/medicina.udd.cl\/enfermeria-santiago\/files\/2022\/11\/enf-sigma.jpg\",\"contentUrl\":\"https:\/\/medicina.udd.cl\/enfermeria-santiago\/files\/2022\/11\/enf-sigma.jpg\",\"width\":1024,\"height\":768},{\"@type\":\"BreadcrumbList\",\"@id\":\"https:\/\/medicina.udd.cl\/enfermeria-santiago\/noticias\/2022\/11\/21\/directora-de-enfermeria-udd-nombrada-miembro-cofundador-del-primer-capitulo-chileno-de-la-sociedad-internacional-sigma-theta-tau\/#breadcrumb\",\"itemListElement\":[{\"@type\":\"ListItem\",\"position\":1,\"name\":\"Home\",\"item\":\"https:\/\/medicina.udd.cl\/enfermeria-santiago\/\"},{\"@type\":\"ListItem\",\"position\":2,\"name\":\"Acad\u00e9micas UDD nombradas miembro cofundador del primer cap\u00edtulo chileno de la Sociedad Internacional Sigma Theta Tau\"}]},{\"@type\":\"WebSite\",\"@id\":\"https:\/\/medicina.udd.cl\/enfermeria-santiago\/#website\",\"url\":\"https:\/\/medicina.udd.cl\/enfermeria-santiago\/\",\"name\":\"Enfermer\u00eda UDD\",\"description\":\"Facultad de Medicina Cl\u00ednica Alemana Universidad del Desarrollo\",\"inLanguage\":\"es\"},{\"@type\":\"Person\",\"@id\":\"https:\/\/medicina.udd.cl\/enfermeria-santiago\/#\/schema\/person\/dbc3705bf3a93e8be1ba6de0ef950341\",\"name\":\"rbraidy\",\"image\":{\"@type\":\"ImageObject\",\"inLanguage\":\"es\",\"@id\":\"https:\/\/medicina.udd.cl\/enfermeria-santiago\/#\/schema\/person\/image\/\",\"url\":\"https:\/\/secure.gravatar.com\/avatar\/0f8bc94637401590e45d2ce17eb65c274cb8870a219de6177f3f23e63fd8cdf3?s=96&d=mm&r=g\",\"contentUrl\":\"https:\/\/secure.gravatar.com\/avatar\/0f8bc94637401590e45d2ce17eb65c274cb8870a219de6177f3f23e63fd8cdf3?s=96&d=mm&r=g\",\"caption\":\"rbraidy\"},\"url\":\"https:\/\/medicina.udd.cl\/enfermeria-santiago\/noticias\/author\/rbraidy\/\"}]}<\/script>\n<!-- \/ Yoast SEO plugin. -->","yoast_head_json":{"title":"Acad\u00e9micas UDD nombradas miembro cofundador del primer cap\u00edtulo chileno de la Sociedad Internacional Sigma Theta Tau - Enfermer\u00eda UDD","robots":{"index":"index","follow":"follow","max-snippet":"max-snippet:-1","max-image-preview":"max-image-preview:large","max-video-preview":"max-video-preview:-1"},"canonical":"https:\/\/medicina.udd.cl\/enfermeria-santiago\/noticias\/2022\/11\/21\/directora-de-enfermeria-udd-nombrada-miembro-cofundador-del-primer-capitulo-chileno-de-la-sociedad-internacional-sigma-theta-tau\/","og_locale":"es_ES","og_type":"article","og_title":"Acad\u00e9micas UDD nombradas miembro cofundador del primer cap\u00edtulo chileno de la Sociedad Internacional Sigma Theta Tau - Enfermer\u00eda UDD","og_description":"Este 14 de noviembre se realiz\u00f3, en la Pontificia Universidad Cat\u00f3lica de Chile, la ceremonia de inducci\u00f3n al primer cap\u00edtulo chileno\u00a0Alpha Beta Omicron, perteneciente a la Sociedad Internacional de Enfermer\u00eda\u00a0Sigma Theta Tau, donde la directora y la docente de la carrera de Enfermer\u00eda de la Facultad de Medicina Cl\u00ednica Alemana Universidad del Desarrollo, Enf. Claudia [&hellip;]","og_url":"https:\/\/medicina.udd.cl\/enfermeria-santiago\/noticias\/2022\/11\/21\/directora-de-enfermeria-udd-nombrada-miembro-cofundador-del-primer-capitulo-chileno-de-la-sociedad-internacional-sigma-theta-tau\/","og_site_name":"Enfermer\u00eda UDD","article_published_time":"2022-11-21T20:25:00+00:00","article_modified_time":"2022-11-25T16:28:48+00:00","og_image":[{"width":1024,"height":768,"url":"https:\/\/medicina.udd.cl\/enfermeria-santiago\/files\/2022\/11\/enf-sigma.jpg","type":"image\/jpeg"}],"author":"rbraidy","twitter_misc":{"Escrito por":"rbraidy","Tiempo de lectura":"2 minutos"},"schema":{"@context":"https:\/\/schema.org","@graph":[{"@type":"Article","@id":"https:\/\/medicina.udd.cl\/enfermeria-santiago\/noticias\/2022\/11\/21\/directora-de-enfermeria-udd-nombrada-miembro-cofundador-del-primer-capitulo-chileno-de-la-sociedad-internacional-sigma-theta-tau\/#article","isPartOf":{"@id":"https:\/\/medicina.udd.cl\/enfermeria-santiago\/noticias\/2022\/11\/21\/directora-de-enfermeria-udd-nombrada-miembro-cofundador-del-primer-capitulo-chileno-de-la-sociedad-internacional-sigma-theta-tau\/"},"author":{"name":"rbraidy","@id":"https:\/\/medicina.udd.cl\/enfermeria-santiago\/#\/schema\/person\/dbc3705bf3a93e8be1ba6de0ef950341"},"headline":"Acad\u00e9micas UDD nombradas miembro cofundador del primer cap\u00edtulo chileno de la Sociedad Internacional Sigma Theta Tau","datePublished":"2022-11-21T20:25:00+00:00","dateModified":"2022-11-25T16:28:48+00:00","mainEntityOfPage":{"@id":"https:\/\/medicina.udd.cl\/enfermeria-santiago\/noticias\/2022\/11\/21\/directora-de-enfermeria-udd-nombrada-miembro-cofundador-del-primer-capitulo-chileno-de-la-sociedad-internacional-sigma-theta-tau\/"},"wordCount":305,"commentCount":0,"image":{"@id":"https:\/\/medicina.udd.cl\/enfermeria-santiago\/noticias\/2022\/11\/21\/directora-de-enfermeria-udd-nombrada-miembro-cofundador-del-primer-capitulo-chileno-de-la-sociedad-internacional-sigma-theta-tau\/#primaryimage"},"thumbnailUrl":"https:\/\/medicina.udd.cl\/enfermeria-santiago\/files\/2022\/11\/enf-sigma.jpg","articleSection":["Noticias"],"inLanguage":"es","potentialAction":[{"@type":"CommentAction","name":"Comment","target":["https:\/\/medicina.udd.cl\/enfermeria-santiago\/noticias\/2022\/11\/21\/directora-de-enfermeria-udd-nombrada-miembro-cofundador-del-primer-capitulo-chileno-de-la-sociedad-internacional-sigma-theta-tau\/#respond"]}]},{"@type":"WebPage","@id":"https:\/\/medicina.udd.cl\/enfermeria-santiago\/noticias\/2022\/11\/21\/directora-de-enfermeria-udd-nombrada-miembro-cofundador-del-primer-capitulo-chileno-de-la-sociedad-internacional-sigma-theta-tau\/","url":"https:\/\/medicina.udd.cl\/enfermeria-santiago\/noticias\/2022\/11\/21\/directora-de-enfermeria-udd-nombrada-miembro-cofundador-del-primer-capitulo-chileno-de-la-sociedad-internacional-sigma-theta-tau\/","name":"Acad\u00e9micas UDD nombradas miembro cofundador del primer cap\u00edtulo chileno de la Sociedad Internacional Sigma Theta Tau - Enfermer\u00eda UDD","isPartOf":{"@id":"https:\/\/medicina.udd.cl\/enfermeria-santiago\/#website"},"primaryImageOfPage":{"@id":"https:\/\/medicina.udd.cl\/enfermeria-santiago\/noticias\/2022\/11\/21\/directora-de-enfermeria-udd-nombrada-miembro-cofundador-del-primer-capitulo-chileno-de-la-sociedad-internacional-sigma-theta-tau\/#primaryimage"},"image":{"@id":"https:\/\/medicina.udd.cl\/enfermeria-santiago\/noticias\/2022\/11\/21\/directora-de-enfermeria-udd-nombrada-miembro-cofundador-del-primer-capitulo-chileno-de-la-sociedad-internacional-sigma-theta-tau\/#primaryimage"},"thumbnailUrl":"https:\/\/medicina.udd.cl\/enfermeria-santiago\/files\/2022\/11\/enf-sigma.jpg","datePublished":"2022-11-21T20:25:00+00:00","dateModified":"2022-11-25T16:28:48+00:00","author":{"@id":"https:\/\/medicina.udd.cl\/enfermeria-santiago\/#\/schema\/person\/dbc3705bf3a93e8be1ba6de0ef950341"},"breadcrumb":{"@id":"https:\/\/medicina.udd.cl\/enfermeria-santiago\/noticias\/2022\/11\/21\/directora-de-enfermeria-udd-nombrada-miembro-cofundador-del-primer-capitulo-chileno-de-la-sociedad-internacional-sigma-theta-tau\/#breadcrumb"},"inLanguage":"es","potentialAction":[{"@type":"ReadAction","target":["https:\/\/medicina.udd.cl\/enfermeria-santiago\/noticias\/2022\/11\/21\/directora-de-enfermeria-udd-nombrada-miembro-cofundador-del-primer-capitulo-chileno-de-la-sociedad-internacional-sigma-theta-tau\/"]}]},{"@type":"ImageObject","inLanguage":"es","@id":"https:\/\/medicina.udd.cl\/enfermeria-santiago\/noticias\/2022\/11\/21\/directora-de-enfermeria-udd-nombrada-miembro-cofundador-del-primer-capitulo-chileno-de-la-sociedad-internacional-sigma-theta-tau\/#primaryimage","url":"https:\/\/medicina.udd.cl\/enfermeria-santiago\/files\/2022\/11\/enf-sigma.jpg","contentUrl":"https:\/\/medicina.udd.cl\/enfermeria-santiago\/files\/2022\/11\/enf-sigma.jpg","width":1024,"height":768},{"@type":"BreadcrumbList","@id":"https:\/\/medicina.udd.cl\/enfermeria-santiago\/noticias\/2022\/11\/21\/directora-de-enfermeria-udd-nombrada-miembro-cofundador-del-primer-capitulo-chileno-de-la-sociedad-internacional-sigma-theta-tau\/#breadcrumb","itemListElement":[{"@type":"ListItem","position":1,"name":"Home","item":"https:\/\/medicina.udd.cl\/enfermeria-santiago\/"},{"@type":"ListItem","position":2,"name":"Acad\u00e9micas UDD nombradas miembro cofundador del primer cap\u00edtulo chileno de la Sociedad Internacional Sigma Theta Tau"}]},{"@type":"WebSite","@id":"https:\/\/medicina.udd.cl\/enfermeria-santiago\/#website","url":"https:\/\/medicina.udd.cl\/enfermeria-santiago\/","name":"Enfermer\u00eda UDD","description":"Facultad de Medicina Cl\u00ednica Alemana Universidad del Desarrollo","inLanguage":"es"},{"@type":"Person","@id":"https:\/\/medicina.udd.cl\/enfermeria-santiago\/#\/schema\/person\/dbc3705bf3a93e8be1ba6de0ef950341","name":"rbraidy","image":{"@type":"ImageObject","inLanguage":"es","@id":"https:\/\/medicina.udd.cl\/enfermeria-santiago\/#\/schema\/person\/image\/","url":"https:\/\/secure.gravatar.com\/avatar\/0f8bc94637401590e45d2ce17eb65c274cb8870a219de6177f3f23e63fd8cdf3?s=96&d=mm&r=g","contentUrl":"https:\/\/secure.gravatar.com\/avatar\/0f8bc94637401590e45d2ce17eb65c274cb8870a219de6177f3f23e63fd8cdf3?s=96&d=mm&r=g","caption":"rbraidy"},"url":"https:\/\/medicina.udd.cl\/enfermeria-santiago\/noticias\/author\/rbraidy\/"}]}},"featured_image_url":"https:\/\/medicina.udd.cl\/enfermeria-santiago\/files\/2022\/11\/enf-sigma.jpg","_links":{"self":[{"href":"https:\/\/medicina.udd.cl\/enfermeria-santiago\/wp-json\/wp\/v2\/posts\/8018","targetHints":{"allow":["GET"]}}],"collection":[{"href":"https:\/\/medicina.udd.cl\/enfermeria-santiago\/wp-json\/wp\/v2\/posts"}],"about":[{"href":"https:\/\/medicina.udd.cl\/enfermeria-santiago\/wp-json\/wp\/v2\/types\/post"}],"author":[{"embeddable":true,"href":"https:\/\/medicina.udd.cl\/enfermeria-santiago\/wp-json\/wp\/v2\/users\/9192219"}],"replies":[{"embeddable":true,"href":"https:\/\/medicina.udd.cl\/enfermeria-santiago\/wp-json\/wp\/v2\/comments?post=8018"}],"version-history":[{"count":3,"href":"https:\/\/medicina.udd.cl\/enfermeria-santiago\/wp-json\/wp\/v2\/posts\/8018\/revisions"}],"predecessor-version":[{"id":8023,"href":"https:\/\/medicina.udd.cl\/enfermeria-santiago\/wp-json\/wp\/v2\/posts\/8018\/revisions\/8023"}],"wp:featuredmedia":[{"embeddable":true,"href":"https:\/\/medicina.udd.cl\/enfermeria-santiago\/wp-json\/wp\/v2\/media\/8019"}],"wp:attachment":[{"href":"https:\/\/medicina.udd.cl\/enfermeria-santiago\/wp-json\/wp\/v2\/media?parent=8018"}],"wp:term":[{"taxonomy":"category","embeddable":true,"href":"https:\/\/medicina.udd.cl\/enfermeria-santiago\/wp-json\/wp\/v2\/categories?post=8018"},{"taxonomy":"post_tag","embeddable":true,"href":"https:\/\/medicina.udd.cl\/enfermeria-santiago\/wp-json\/wp\/v2\/tags?post=8018"}],"curies":[{"name":"wp","href":"https:\/\/api.w.org\/{rel}","templated":true}]}}