{"id":9172,"date":"2024-06-05T17:13:42","date_gmt":"2024-06-05T21:13:42","guid":{"rendered":"https:\/\/medicina.udd.cl\/enfermeria-santiago\/?p=9172"},"modified":"2024-06-19T15:03:27","modified_gmt":"2024-06-19T19:03:27","slug":"enfermeria-udd-celebra-7-anos-de-certificacion","status":"publish","type":"post","link":"https:\/\/medicina.udd.cl\/enfermeria-santiago\/noticias\/2024\/06\/05\/enfermeria-udd-celebra-7-anos-de-certificacion\/","title":{"rendered":"Enfermer\u00eda UDD celebra 7 a\u00f1os de certificaci\u00f3n"},"content":{"rendered":"\n<figure class=\"wp-block-image aligncenter size-large\"><a href=\"https:\/\/medicina.udd.cl\/enfermeria-santiago\/files\/2024\/06\/gf6a0827-scaled.jpg\"><img loading=\"lazy\" decoding=\"async\" width=\"1024\" height=\"683\" src=\"https:\/\/medicina.udd.cl\/enfermeria-santiago\/files\/2024\/06\/gf6a0827-1024x683.jpg\" alt=\"\" class=\"wp-image-9175\" srcset=\"https:\/\/medicina.udd.cl\/enfermeria-santiago\/files\/2024\/06\/gf6a0827-1024x683.jpg 1024w, https:\/\/medicina.udd.cl\/enfermeria-santiago\/files\/2024\/06\/gf6a0827-300x200.jpg 300w, https:\/\/medicina.udd.cl\/enfermeria-santiago\/files\/2024\/06\/gf6a0827-768x512.jpg 768w, https:\/\/medicina.udd.cl\/enfermeria-santiago\/files\/2024\/06\/gf6a0827-1536x1024.jpg 1536w, https:\/\/medicina.udd.cl\/enfermeria-santiago\/files\/2024\/06\/gf6a0827-2048x1366.jpg 2048w\" sizes=\"auto, (max-width: 1024px) 100vw, 1024px\" \/><\/a><\/figure>\n\n\n\n<p>Estudiantes, docentes, colaboradores y egresados de la carrera de Enfermer\u00eda de la Facultad de Medicina Cl\u00ednica Alemana Universidad del Desarrollo se reunieron para celebrar los siete a\u00f1os de certificaci\u00f3n de la carrera. El evento cont\u00f3 con la presencia de destacadas autoridades, incluyendo al prorrector Ernesto Silva, el m\u00e9dico director de Cl\u00ednica Alemana Dr. Bernd Oberpaur, la decana Dra. Marcela Castillo, la vicedecana de las carreras de la Salud Dra. Liliana Jadue, el decano de la Facultad de Ciencias de la Salud Dr. Luis Vicentela, y autoridades de la carrera en Santiago y Concepci\u00f3n.<\/p>\n\n\n\n<p>Durante su discurso, la Dra. Marcela Castillo se\u00f1al\u00f3: \u201cEstas cosas no ocurren por azar. Enfermer\u00eda es una carrera muy aplicada. Nuestra querida Universidad del Desarrollo desarrolla todo tipo de iniciativas y Enfermer\u00eda siempre es la n\u00famero uno en tomarlas. Somos l\u00edderes en globalizaci\u00f3n, interdisciplina e investigaci\u00f3n aplicada. Hacemos hechos tangibles que impactan no solo en Chile, sino tambi\u00e9n en el mundo\u201d.<\/p>\n\n\n\n<p>Por su parte, la Dra. Liliana Jadue destac\u00f3 los logros en innovaci\u00f3n de la carrera: \u201cSomos pilares en el progreso de la innovaci\u00f3n en la docencia, sobre todo en el progreso de tecnolog\u00edas docentes, mejoras de instrumentos de evaluaci\u00f3n, mayor personalizaci\u00f3n en el env\u00edo de los estudiantes a los campos cl\u00ednicos y tambi\u00e9n en el desarrollo de nuevos cursos digitales\u00bb. Tambi\u00e9n, destac\u00f3 el trabajo de globalizaci\u00f3n realizado por la carrera, donde \u00abnos enorgullece nuestro programa de doble grado con Espa\u00f1a, que ya ha alcanzado a 104 profesionales. La pr\u00f3xima semana acompa\u00f1aremos a 47 nuevas estudiantes que se grad\u00faan en Madrid, sumando m\u00e1s de 250 estudiantes que han integrado iniciativas de globalizaci\u00f3n\u201d.<\/p>\n\n\n\n<p>Nicol\u00e1s Emilio Paquay Arruez, estudiante de cuarto a\u00f1o de Enfermer\u00eda, comparti\u00f3 su experiencia: <em>\u201cIngresar a la carrera de Enfermer\u00eda fue una de las mejores decisiones de mi vida. Todos los aspectos de la carrera me generan no s\u00f3lo ganas de seguir estudiando, sino que tambi\u00e9n veo d\u00eda a d\u00eda lo que vieron los pares evaluadores: una carrera completa. El equipo docente, que desde la primera clase nos hace part\u00edcipes de nuestro aprendizaje, la empat\u00eda que nos demuestra que son enfermeros y enfermeras que entienden a la persona como un todo. El personal administrativo, que apenas tenemos un problema, no dudan en ayudarnos;  el alumnado que, independiente de las diferencias que podamos tener, siempre est\u00e1n en constante ayuda, compartiendo res\u00famenes y colaborando en el aprendizaje\u201d<\/em>., estudiante de cuarto a\u00f1o de Enfermer\u00eda, comparti\u00f3 su experiencia: \u201cIngresar a la carrera de Enfermer\u00eda fue una de las mejores decisiones de mi vida. Todos los aspectos de la carrera me generan no s\u00f3lo ganas de seguir estudiando, sino que tambi\u00e9n veo d\u00eda a d\u00eda lo que vieron los pares evaluadores: una carrera completa. El equipo docente, que desde la primera clase nos hace part\u00edcipes de nuestro aprendizaje, la empat\u00eda que nos demuestra que son enfermeros y enfermeras que entienden a la persona como un todo. El personal administrativo, que apenas tenemos un problema, no dudan en ayudarnos; el alumnado que, independiente de las diferencias que podamos tener, siempre est\u00e1n en constante ayuda, compartiendo res\u00famenes y colaborando en el aprendizaje\u201d.<\/p>\n\n\n\n<p>Finalmente, la directora Claudia P\u00e9rez expres\u00f3 su agradecimiento a toda la comunidad, estudiantes, unidades transversales, autoridades y especialmente a los docentes de la carrera: \u201cSu pasi\u00f3n por la ense\u00f1anza y su dedicaci\u00f3n hacia nuestros estudiantes son inspiradoras. Ustedes no solo imparten conocimiento, sino que tambi\u00e9n forman profesionales comprometidos, compasivos y competentes. Gracias por su incansable esfuerzo, por adaptarse a los desaf\u00edos y siempre buscar maneras de innovar\u00a0y\u00a0mejorar\u201d.<\/p>\n\n\n\n<figure class=\"wp-block-embed aligncenter is-type-video is-provider-youtube wp-block-embed-youtube wp-embed-aspect-16-9 wp-has-aspect-ratio\"><div class=\"wp-block-embed__wrapper\">\n<iframe loading=\"lazy\" title=\"Certificaci\u00f3n m\u00e1xima para Enfermer\u00eda UDD\" width=\"500\" height=\"281\" src=\"https:\/\/www.youtube.com\/embed\/1KNHxeXI-KI?feature=oembed&#038;rel=0&#038;modestbranding=1&#038;autohide=1&#038;autoplay=0&#038;enablejsapi=1&#038;showinfo=0\" allowautoplay=\"allowautoplay\" frameborder=\"0\" allow=\"accelerometer; autoplay; clipboard-write; encrypted-media; gyroscope; picture-in-picture; web-share\" referrerpolicy=\"strict-origin-when-cross-origin\" allowfullscreen><\/iframe>\n<\/div><\/figure>\n\n\n\n<figure class=\"wp-block-gallery has-nested-images columns-default is-cropped wp-block-gallery-1 is-layout-flex wp-block-gallery-is-layout-flex\">\n<figure class=\"wp-block-image size-large\"><a href=\"https:\/\/medicina.udd.cl\/enfermeria-santiago\/files\/2024\/06\/gf6a0834-scaled.jpg\"><img loading=\"lazy\" decoding=\"async\" width=\"1024\" height=\"683\" data-id=\"9178\" src=\"https:\/\/medicina.udd.cl\/enfermeria-santiago\/files\/2024\/06\/gf6a0834-1024x683.jpg\" alt=\"\" class=\"wp-image-9178\" srcset=\"https:\/\/medicina.udd.cl\/enfermeria-santiago\/files\/2024\/06\/gf6a0834-1024x683.jpg 1024w, https:\/\/medicina.udd.cl\/enfermeria-santiago\/files\/2024\/06\/gf6a0834-300x200.jpg 300w, https:\/\/medicina.udd.cl\/enfermeria-santiago\/files\/2024\/06\/gf6a0834-768x512.jpg 768w, https:\/\/medicina.udd.cl\/enfermeria-santiago\/files\/2024\/06\/gf6a0834-1536x1024.jpg 1536w, https:\/\/medicina.udd.cl\/enfermeria-santiago\/files\/2024\/06\/gf6a0834-2048x1365.jpg 2048w\" sizes=\"auto, (max-width: 1024px) 100vw, 1024px\" \/><\/a><\/figure>\n\n\n\n<figure class=\"wp-block-image size-large\"><a href=\"https:\/\/medicina.udd.cl\/enfermeria-santiago\/files\/2024\/06\/gf6a0840-scaled.jpg\"><img loading=\"lazy\" decoding=\"async\" width=\"1024\" height=\"683\" data-id=\"9190\" src=\"https:\/\/medicina.udd.cl\/enfermeria-santiago\/files\/2024\/06\/gf6a0840-1024x683.jpg\" alt=\"\" class=\"wp-image-9190\" srcset=\"https:\/\/medicina.udd.cl\/enfermeria-santiago\/files\/2024\/06\/gf6a0840-1024x683.jpg 1024w, https:\/\/medicina.udd.cl\/enfermeria-santiago\/files\/2024\/06\/gf6a0840-300x200.jpg 300w, https:\/\/medicina.udd.cl\/enfermeria-santiago\/files\/2024\/06\/gf6a0840-768x512.jpg 768w, https:\/\/medicina.udd.cl\/enfermeria-santiago\/files\/2024\/06\/gf6a0840-1536x1024.jpg 1536w, https:\/\/medicina.udd.cl\/enfermeria-santiago\/files\/2024\/06\/gf6a0840-2048x1365.jpg 2048w\" sizes=\"auto, (max-width: 1024px) 100vw, 1024px\" \/><\/a><\/figure>\n\n\n\n<figure class=\"wp-block-image size-large\"><a href=\"https:\/\/medicina.udd.cl\/enfermeria-santiago\/files\/2024\/06\/gf6a0859-scaled.jpg\"><img loading=\"lazy\" decoding=\"async\" width=\"1024\" height=\"683\" data-id=\"9199\" src=\"https:\/\/medicina.udd.cl\/enfermeria-santiago\/files\/2024\/06\/gf6a0859-1024x683.jpg\" alt=\"\" class=\"wp-image-9199\" srcset=\"https:\/\/medicina.udd.cl\/enfermeria-santiago\/files\/2024\/06\/gf6a0859-1024x683.jpg 1024w, https:\/\/medicina.udd.cl\/enfermeria-santiago\/files\/2024\/06\/gf6a0859-300x200.jpg 300w, https:\/\/medicina.udd.cl\/enfermeria-santiago\/files\/2024\/06\/gf6a0859-768x512.jpg 768w, https:\/\/medicina.udd.cl\/enfermeria-santiago\/files\/2024\/06\/gf6a0859-1536x1024.jpg 1536w, https:\/\/medicina.udd.cl\/enfermeria-santiago\/files\/2024\/06\/gf6a0859-2048x1365.jpg 2048w\" sizes=\"auto, (max-width: 1024px) 100vw, 1024px\" \/><\/a><\/figure>\n\n\n\n<figure class=\"wp-block-image size-large\"><a href=\"https:\/\/medicina.udd.cl\/enfermeria-santiago\/files\/2024\/06\/gf6a0864-scaled.jpg\"><img loading=\"lazy\" decoding=\"async\" width=\"1024\" height=\"683\" data-id=\"9202\" src=\"https:\/\/medicina.udd.cl\/enfermeria-santiago\/files\/2024\/06\/gf6a0864-1024x683.jpg\" alt=\"\" class=\"wp-image-9202\" srcset=\"https:\/\/medicina.udd.cl\/enfermeria-santiago\/files\/2024\/06\/gf6a0864-1024x683.jpg 1024w, https:\/\/medicina.udd.cl\/enfermeria-santiago\/files\/2024\/06\/gf6a0864-300x200.jpg 300w, https:\/\/medicina.udd.cl\/enfermeria-santiago\/files\/2024\/06\/gf6a0864-768x512.jpg 768w, https:\/\/medicina.udd.cl\/enfermeria-santiago\/files\/2024\/06\/gf6a0864-1536x1024.jpg 1536w, https:\/\/medicina.udd.cl\/enfermeria-santiago\/files\/2024\/06\/gf6a0864-2048x1365.jpg 2048w\" sizes=\"auto, (max-width: 1024px) 100vw, 1024px\" \/><\/a><\/figure>\n\n\n\n<figure class=\"wp-block-image size-large\"><a href=\"https:\/\/medicina.udd.cl\/enfermeria-santiago\/files\/2024\/06\/gf6a0872-scaled.jpg\"><img loading=\"lazy\" decoding=\"async\" width=\"1024\" height=\"683\" data-id=\"9187\" src=\"https:\/\/medicina.udd.cl\/enfermeria-santiago\/files\/2024\/06\/gf6a0872-1024x683.jpg\" alt=\"\" class=\"wp-image-9187\" srcset=\"https:\/\/medicina.udd.cl\/enfermeria-santiago\/files\/2024\/06\/gf6a0872-1024x683.jpg 1024w, https:\/\/medicina.udd.cl\/enfermeria-santiago\/files\/2024\/06\/gf6a0872-300x200.jpg 300w, https:\/\/medicina.udd.cl\/enfermeria-santiago\/files\/2024\/06\/gf6a0872-768x512.jpg 768w, https:\/\/medicina.udd.cl\/enfermeria-santiago\/files\/2024\/06\/gf6a0872-1536x1024.jpg 1536w, https:\/\/medicina.udd.cl\/enfermeria-santiago\/files\/2024\/06\/gf6a0872-2048x1365.jpg 2048w\" sizes=\"auto, (max-width: 1024px) 100vw, 1024px\" \/><\/a><\/figure>\n\n\n\n<figure class=\"wp-block-image size-large\"><a href=\"https:\/\/medicina.udd.cl\/enfermeria-santiago\/files\/2024\/06\/gf6a0876-scaled.jpg\"><img loading=\"lazy\" decoding=\"async\" width=\"1024\" height=\"683\" data-id=\"9208\" src=\"https:\/\/medicina.udd.cl\/enfermeria-santiago\/files\/2024\/06\/gf6a0876-1024x683.jpg\" alt=\"\" class=\"wp-image-9208\" srcset=\"https:\/\/medicina.udd.cl\/enfermeria-santiago\/files\/2024\/06\/gf6a0876-1024x683.jpg 1024w, https:\/\/medicina.udd.cl\/enfermeria-santiago\/files\/2024\/06\/gf6a0876-300x200.jpg 300w, https:\/\/medicina.udd.cl\/enfermeria-santiago\/files\/2024\/06\/gf6a0876-768x512.jpg 768w, https:\/\/medicina.udd.cl\/enfermeria-santiago\/files\/2024\/06\/gf6a0876-1536x1024.jpg 1536w, https:\/\/medicina.udd.cl\/enfermeria-santiago\/files\/2024\/06\/gf6a0876-2048x1365.jpg 2048w\" sizes=\"auto, (max-width: 1024px) 100vw, 1024px\" \/><\/a><\/figure>\n\n\n\n<figure class=\"wp-block-image size-large\"><a href=\"https:\/\/medicina.udd.cl\/enfermeria-santiago\/files\/2024\/06\/gf6a0884-scaled.jpg\"><img loading=\"lazy\" decoding=\"async\" width=\"1024\" height=\"683\" data-id=\"9193\" src=\"https:\/\/medicina.udd.cl\/enfermeria-santiago\/files\/2024\/06\/gf6a0884-1024x683.jpg\" alt=\"\" class=\"wp-image-9193\" srcset=\"https:\/\/medicina.udd.cl\/enfermeria-santiago\/files\/2024\/06\/gf6a0884-1024x683.jpg 1024w, https:\/\/medicina.udd.cl\/enfermeria-santiago\/files\/2024\/06\/gf6a0884-300x200.jpg 300w, https:\/\/medicina.udd.cl\/enfermeria-santiago\/files\/2024\/06\/gf6a0884-768x512.jpg 768w, https:\/\/medicina.udd.cl\/enfermeria-santiago\/files\/2024\/06\/gf6a0884-1536x1024.jpg 1536w, https:\/\/medicina.udd.cl\/enfermeria-santiago\/files\/2024\/06\/gf6a0884-2048x1365.jpg 2048w\" sizes=\"auto, (max-width: 1024px) 100vw, 1024px\" \/><\/a><\/figure>\n\n\n\n<figure class=\"wp-block-image size-large\"><a href=\"https:\/\/medicina.udd.cl\/enfermeria-santiago\/files\/2024\/06\/gf6a0922-scaled.jpg\"><img loading=\"lazy\" decoding=\"async\" width=\"1024\" height=\"683\" data-id=\"9214\" src=\"https:\/\/medicina.udd.cl\/enfermeria-santiago\/files\/2024\/06\/gf6a0922-1024x683.jpg\" alt=\"\" class=\"wp-image-9214\" srcset=\"https:\/\/medicina.udd.cl\/enfermeria-santiago\/files\/2024\/06\/gf6a0922-1024x683.jpg 1024w, https:\/\/medicina.udd.cl\/enfermeria-santiago\/files\/2024\/06\/gf6a0922-300x200.jpg 300w, https:\/\/medicina.udd.cl\/enfermeria-santiago\/files\/2024\/06\/gf6a0922-768x512.jpg 768w, https:\/\/medicina.udd.cl\/enfermeria-santiago\/files\/2024\/06\/gf6a0922-1536x1024.jpg 1536w, https:\/\/medicina.udd.cl\/enfermeria-santiago\/files\/2024\/06\/gf6a0922-2048x1365.jpg 2048w\" sizes=\"auto, (max-width: 1024px) 100vw, 1024px\" \/><\/a><\/figure>\n\n\n\n<figure class=\"wp-block-image size-large\"><a href=\"https:\/\/medicina.udd.cl\/enfermeria-santiago\/files\/2024\/06\/gf6a0948-scaled.jpg\"><img loading=\"lazy\" decoding=\"async\" width=\"1024\" height=\"745\" data-id=\"9181\" src=\"https:\/\/medicina.udd.cl\/enfermeria-santiago\/files\/2024\/06\/gf6a0948-1024x745.jpg\" alt=\"\" class=\"wp-image-9181\" srcset=\"https:\/\/medicina.udd.cl\/enfermeria-santiago\/files\/2024\/06\/gf6a0948-1024x745.jpg 1024w, https:\/\/medicina.udd.cl\/enfermeria-santiago\/files\/2024\/06\/gf6a0948-300x218.jpg 300w, https:\/\/medicina.udd.cl\/enfermeria-santiago\/files\/2024\/06\/gf6a0948-768x559.jpg 768w, https:\/\/medicina.udd.cl\/enfermeria-santiago\/files\/2024\/06\/gf6a0948-87x62.jpg 87w, https:\/\/medicina.udd.cl\/enfermeria-santiago\/files\/2024\/06\/gf6a0948-1536x1118.jpg 1536w, https:\/\/medicina.udd.cl\/enfermeria-santiago\/files\/2024\/06\/gf6a0948-2048x1491.jpg 2048w\" sizes=\"auto, (max-width: 1024px) 100vw, 1024px\" \/><\/a><\/figure>\n\n\n\n<figure class=\"wp-block-image size-large\"><a href=\"https:\/\/medicina.udd.cl\/enfermeria-santiago\/files\/2024\/06\/gf6a0959-scaled.jpg\"><img loading=\"lazy\" decoding=\"async\" width=\"1024\" height=\"736\" data-id=\"9196\" src=\"https:\/\/medicina.udd.cl\/enfermeria-santiago\/files\/2024\/06\/gf6a0959-1024x736.jpg\" alt=\"\" class=\"wp-image-9196\" srcset=\"https:\/\/medicina.udd.cl\/enfermeria-santiago\/files\/2024\/06\/gf6a0959-1024x736.jpg 1024w, https:\/\/medicina.udd.cl\/enfermeria-santiago\/files\/2024\/06\/gf6a0959-300x216.jpg 300w, https:\/\/medicina.udd.cl\/enfermeria-santiago\/files\/2024\/06\/gf6a0959-768x552.jpg 768w, https:\/\/medicina.udd.cl\/enfermeria-santiago\/files\/2024\/06\/gf6a0959-286x205.jpg 286w, https:\/\/medicina.udd.cl\/enfermeria-santiago\/files\/2024\/06\/gf6a0959-87x62.jpg 87w, https:\/\/medicina.udd.cl\/enfermeria-santiago\/files\/2024\/06\/gf6a0959-1536x1104.jpg 1536w, https:\/\/medicina.udd.cl\/enfermeria-santiago\/files\/2024\/06\/gf6a0959-2048x1472.jpg 2048w\" sizes=\"auto, (max-width: 1024px) 100vw, 1024px\" \/><\/a><\/figure>\n\n\n\n<figure class=\"wp-block-image size-large\"><a href=\"https:\/\/medicina.udd.cl\/enfermeria-santiago\/files\/2024\/06\/gf6a0962-scaled.jpg\"><img loading=\"lazy\" decoding=\"async\" width=\"1024\" height=\"825\" data-id=\"9184\" src=\"https:\/\/medicina.udd.cl\/enfermeria-santiago\/files\/2024\/06\/gf6a0962-1024x825.jpg\" alt=\"\" class=\"wp-image-9184\" srcset=\"https:\/\/medicina.udd.cl\/enfermeria-santiago\/files\/2024\/06\/gf6a0962-1024x825.jpg 1024w, https:\/\/medicina.udd.cl\/enfermeria-santiago\/files\/2024\/06\/gf6a0962-300x242.jpg 300w, https:\/\/medicina.udd.cl\/enfermeria-santiago\/files\/2024\/06\/gf6a0962-768x619.jpg 768w, https:\/\/medicina.udd.cl\/enfermeria-santiago\/files\/2024\/06\/gf6a0962-1536x1237.jpg 1536w, https:\/\/medicina.udd.cl\/enfermeria-santiago\/files\/2024\/06\/gf6a0962-2048x1649.jpg 2048w\" sizes=\"auto, (max-width: 1024px) 100vw, 1024px\" \/><\/a><\/figure>\n\n\n\n<figure class=\"wp-block-image size-large\"><a href=\"https:\/\/medicina.udd.cl\/enfermeria-santiago\/files\/2024\/06\/gf6a0969-scaled.jpg\"><img loading=\"lazy\" decoding=\"async\" width=\"1024\" height=\"683\" data-id=\"9217\" src=\"https:\/\/medicina.udd.cl\/enfermeria-santiago\/files\/2024\/06\/gf6a0969-1024x683.jpg\" alt=\"\" class=\"wp-image-9217\" srcset=\"https:\/\/medicina.udd.cl\/enfermeria-santiago\/files\/2024\/06\/gf6a0969-1024x683.jpg 1024w, https:\/\/medicina.udd.cl\/enfermeria-santiago\/files\/2024\/06\/gf6a0969-300x200.jpg 300w, https:\/\/medicina.udd.cl\/enfermeria-santiago\/files\/2024\/06\/gf6a0969-768x512.jpg 768w, https:\/\/medicina.udd.cl\/enfermeria-santiago\/files\/2024\/06\/gf6a0969-1536x1024.jpg 1536w, https:\/\/medicina.udd.cl\/enfermeria-santiago\/files\/2024\/06\/gf6a0969-2048x1365.jpg 2048w\" sizes=\"auto, (max-width: 1024px) 100vw, 1024px\" \/><\/a><\/figure>\n\n\n\n<figure class=\"wp-block-image size-large\"><a href=\"https:\/\/medicina.udd.cl\/enfermeria-santiago\/files\/2024\/06\/gf6a1097-scaled.jpg\"><img loading=\"lazy\" decoding=\"async\" width=\"1024\" height=\"625\" data-id=\"9211\" src=\"https:\/\/medicina.udd.cl\/enfermeria-santiago\/files\/2024\/06\/gf6a1097-1024x625.jpg\" alt=\"\" class=\"wp-image-9211\" srcset=\"https:\/\/medicina.udd.cl\/enfermeria-santiago\/files\/2024\/06\/gf6a1097-1024x625.jpg 1024w, https:\/\/medicina.udd.cl\/enfermeria-santiago\/files\/2024\/06\/gf6a1097-300x183.jpg 300w, https:\/\/medicina.udd.cl\/enfermeria-santiago\/files\/2024\/06\/gf6a1097-768x469.jpg 768w, https:\/\/medicina.udd.cl\/enfermeria-santiago\/files\/2024\/06\/gf6a1097-1536x938.jpg 1536w, https:\/\/medicina.udd.cl\/enfermeria-santiago\/files\/2024\/06\/gf6a1097-2048x1251.jpg 2048w\" sizes=\"auto, (max-width: 1024px) 100vw, 1024px\" \/><\/a><\/figure>\n\n\n\n<figure class=\"wp-block-image size-large\"><a href=\"https:\/\/medicina.udd.cl\/enfermeria-santiago\/files\/2024\/06\/gf6a1108-scaled.jpg\"><img loading=\"lazy\" decoding=\"async\" width=\"1024\" height=\"749\" data-id=\"9205\" src=\"https:\/\/medicina.udd.cl\/enfermeria-santiago\/files\/2024\/06\/gf6a1108-1024x749.jpg\" alt=\"\" class=\"wp-image-9205\" srcset=\"https:\/\/medicina.udd.cl\/enfermeria-santiago\/files\/2024\/06\/gf6a1108-1024x749.jpg 1024w, https:\/\/medicina.udd.cl\/enfermeria-santiago\/files\/2024\/06\/gf6a1108-300x220.jpg 300w, https:\/\/medicina.udd.cl\/enfermeria-santiago\/files\/2024\/06\/gf6a1108-768x562.jpg 768w, https:\/\/medicina.udd.cl\/enfermeria-santiago\/files\/2024\/06\/gf6a1108-1536x1124.jpg 1536w, https:\/\/medicina.udd.cl\/enfermeria-santiago\/files\/2024\/06\/gf6a1108-2048x1499.jpg 2048w\" sizes=\"auto, (max-width: 1024px) 100vw, 1024px\" \/><\/a><\/figure>\n<\/figure>\n","protected":false},"excerpt":{"rendered":"<p>Estudiantes, docentes, colaboradores y egresados de la carrera de Enfermer\u00eda de la Facultad de Medicina Cl\u00ednica Alemana Universidad del Desarrollo se reunieron para celebrar los siete a\u00f1os de certificaci\u00f3n de la carrera. El evento cont\u00f3 con la presencia de destacadas autoridades, incluyendo al prorrector Ernesto Silva, el m\u00e9dico director de Cl\u00ednica Alemana Dr. Bernd Oberpaur, [&hellip;]<\/p>\n","protected":false},"author":9192254,"featured_media":9175,"comment_status":"closed","ping_status":"open","sticky":false,"template":"","format":"standard","meta":{"footnotes":""},"categories":[4],"tags":[],"class_list":["post-9172","post","type-post","status-publish","format-standard","has-post-thumbnail","hentry","category-noticias"],"yoast_head":"<!-- This site is optimized with the Yoast SEO plugin v26.9 - https:\/\/yoast.com\/product\/yoast-seo-wordpress\/ -->\n<title>Enfermer\u00eda UDD celebra 7 a\u00f1os de certificaci\u00f3n - Enfermer\u00eda UDD<\/title>\n<meta name=\"robots\" content=\"index, follow, max-snippet:-1, max-image-preview:large, max-video-preview:-1\" \/>\n<link rel=\"canonical\" href=\"https:\/\/medicina.udd.cl\/enfermeria-santiago\/noticias\/2024\/06\/05\/enfermeria-udd-celebra-7-anos-de-certificacion\/\" \/>\n<meta property=\"og:locale\" content=\"es_ES\" \/>\n<meta property=\"og:type\" content=\"article\" \/>\n<meta property=\"og:title\" content=\"Enfermer\u00eda UDD celebra 7 a\u00f1os de certificaci\u00f3n - Enfermer\u00eda UDD\" \/>\n<meta property=\"og:description\" content=\"Estudiantes, docentes, colaboradores y egresados de la carrera de Enfermer\u00eda de la Facultad de Medicina Cl\u00ednica Alemana Universidad del Desarrollo se reunieron para celebrar los siete a\u00f1os de certificaci\u00f3n de la carrera. El evento cont\u00f3 con la presencia de destacadas autoridades, incluyendo al prorrector Ernesto Silva, el m\u00e9dico director de Cl\u00ednica Alemana Dr. Bernd Oberpaur, [&hellip;]\" \/>\n<meta property=\"og:url\" content=\"https:\/\/medicina.udd.cl\/enfermeria-santiago\/noticias\/2024\/06\/05\/enfermeria-udd-celebra-7-anos-de-certificacion\/\" \/>\n<meta property=\"og:site_name\" content=\"Enfermer\u00eda UDD\" \/>\n<meta property=\"article:published_time\" content=\"2024-06-05T21:13:42+00:00\" \/>\n<meta property=\"article:modified_time\" content=\"2024-06-19T19:03:27+00:00\" \/>\n<meta property=\"og:image\" content=\"https:\/\/medicina.udd.cl\/enfermeria-santiago\/files\/2024\/06\/gf6a0827-scaled.jpg\" \/>\n\t<meta property=\"og:image:width\" content=\"2560\" \/>\n\t<meta property=\"og:image:height\" content=\"1707\" \/>\n\t<meta property=\"og:image:type\" content=\"image\/jpeg\" \/>\n<meta name=\"author\" content=\"magdalenaestay\" \/>\n<meta name=\"twitter:label1\" content=\"Escrito por\" \/>\n\t<meta name=\"twitter:data1\" content=\"magdalenaestay\" \/>\n\t<meta name=\"twitter:label2\" content=\"Tiempo de lectura\" \/>\n\t<meta name=\"twitter:data2\" content=\"6 minutos\" \/>\n<script type=\"application\/ld+json\" class=\"yoast-schema-graph\">{\"@context\":\"https:\/\/schema.org\",\"@graph\":[{\"@type\":\"Article\",\"@id\":\"https:\/\/medicina.udd.cl\/enfermeria-santiago\/noticias\/2024\/06\/05\/enfermeria-udd-celebra-7-anos-de-certificacion\/#article\",\"isPartOf\":{\"@id\":\"https:\/\/medicina.udd.cl\/enfermeria-santiago\/noticias\/2024\/06\/05\/enfermeria-udd-celebra-7-anos-de-certificacion\/\"},\"author\":{\"name\":\"magdalenaestay\",\"@id\":\"https:\/\/medicina.udd.cl\/enfermeria-santiago\/#\/schema\/person\/ed6f79d59c0f820f128a5bb9801ef1f2\"},\"headline\":\"Enfermer\u00eda UDD celebra 7 a\u00f1os de certificaci\u00f3n\",\"datePublished\":\"2024-06-05T21:13:42+00:00\",\"dateModified\":\"2024-06-19T19:03:27+00:00\",\"mainEntityOfPage\":{\"@id\":\"https:\/\/medicina.udd.cl\/enfermeria-santiago\/noticias\/2024\/06\/05\/enfermeria-udd-celebra-7-anos-de-certificacion\/\"},\"wordCount\":653,\"image\":{\"@id\":\"https:\/\/medicina.udd.cl\/enfermeria-santiago\/noticias\/2024\/06\/05\/enfermeria-udd-celebra-7-anos-de-certificacion\/#primaryimage\"},\"thumbnailUrl\":\"https:\/\/medicina.udd.cl\/enfermeria-santiago\/files\/2024\/06\/gf6a0827-scaled.jpg\",\"articleSection\":[\"Noticias\"],\"inLanguage\":\"es\"},{\"@type\":\"WebPage\",\"@id\":\"https:\/\/medicina.udd.cl\/enfermeria-santiago\/noticias\/2024\/06\/05\/enfermeria-udd-celebra-7-anos-de-certificacion\/\",\"url\":\"https:\/\/medicina.udd.cl\/enfermeria-santiago\/noticias\/2024\/06\/05\/enfermeria-udd-celebra-7-anos-de-certificacion\/\",\"name\":\"Enfermer\u00eda UDD celebra 7 a\u00f1os de certificaci\u00f3n - Enfermer\u00eda UDD\",\"isPartOf\":{\"@id\":\"https:\/\/medicina.udd.cl\/enfermeria-santiago\/#website\"},\"primaryImageOfPage\":{\"@id\":\"https:\/\/medicina.udd.cl\/enfermeria-santiago\/noticias\/2024\/06\/05\/enfermeria-udd-celebra-7-anos-de-certificacion\/#primaryimage\"},\"image\":{\"@id\":\"https:\/\/medicina.udd.cl\/enfermeria-santiago\/noticias\/2024\/06\/05\/enfermeria-udd-celebra-7-anos-de-certificacion\/#primaryimage\"},\"thumbnailUrl\":\"https:\/\/medicina.udd.cl\/enfermeria-santiago\/files\/2024\/06\/gf6a0827-scaled.jpg\",\"datePublished\":\"2024-06-05T21:13:42+00:00\",\"dateModified\":\"2024-06-19T19:03:27+00:00\",\"author\":{\"@id\":\"https:\/\/medicina.udd.cl\/enfermeria-santiago\/#\/schema\/person\/ed6f79d59c0f820f128a5bb9801ef1f2\"},\"breadcrumb\":{\"@id\":\"https:\/\/medicina.udd.cl\/enfermeria-santiago\/noticias\/2024\/06\/05\/enfermeria-udd-celebra-7-anos-de-certificacion\/#breadcrumb\"},\"inLanguage\":\"es\",\"potentialAction\":[{\"@type\":\"ReadAction\",\"target\":[\"https:\/\/medicina.udd.cl\/enfermeria-santiago\/noticias\/2024\/06\/05\/enfermeria-udd-celebra-7-anos-de-certificacion\/\"]}]},{\"@type\":\"ImageObject\",\"inLanguage\":\"es\",\"@id\":\"https:\/\/medicina.udd.cl\/enfermeria-santiago\/noticias\/2024\/06\/05\/enfermeria-udd-celebra-7-anos-de-certificacion\/#primaryimage\",\"url\":\"https:\/\/medicina.udd.cl\/enfermeria-santiago\/files\/2024\/06\/gf6a0827-scaled.jpg\",\"contentUrl\":\"https:\/\/medicina.udd.cl\/enfermeria-santiago\/files\/2024\/06\/gf6a0827-scaled.jpg\",\"width\":2560,\"height\":1707},{\"@type\":\"BreadcrumbList\",\"@id\":\"https:\/\/medicina.udd.cl\/enfermeria-santiago\/noticias\/2024\/06\/05\/enfermeria-udd-celebra-7-anos-de-certificacion\/#breadcrumb\",\"itemListElement\":[{\"@type\":\"ListItem\",\"position\":1,\"name\":\"Home\",\"item\":\"https:\/\/medicina.udd.cl\/enfermeria-santiago\/\"},{\"@type\":\"ListItem\",\"position\":2,\"name\":\"Enfermer\u00eda UDD celebra 7 a\u00f1os de certificaci\u00f3n\"}]},{\"@type\":\"WebSite\",\"@id\":\"https:\/\/medicina.udd.cl\/enfermeria-santiago\/#website\",\"url\":\"https:\/\/medicina.udd.cl\/enfermeria-santiago\/\",\"name\":\"Enfermer\u00eda UDD\",\"description\":\"Facultad de Medicina Cl\u00ednica Alemana Universidad del Desarrollo\",\"inLanguage\":\"es\"},{\"@type\":\"Person\",\"@id\":\"https:\/\/medicina.udd.cl\/enfermeria-santiago\/#\/schema\/person\/ed6f79d59c0f820f128a5bb9801ef1f2\",\"name\":\"magdalenaestay\",\"image\":{\"@type\":\"ImageObject\",\"inLanguage\":\"es\",\"@id\":\"https:\/\/medicina.udd.cl\/enfermeria-santiago\/#\/schema\/person\/image\/\",\"url\":\"https:\/\/secure.gravatar.com\/avatar\/b068ccaa115501438dab22979d0ff56e6306c4f89777269db483369ec65d8dc1?s=96&d=mm&r=g\",\"contentUrl\":\"https:\/\/secure.gravatar.com\/avatar\/b068ccaa115501438dab22979d0ff56e6306c4f89777269db483369ec65d8dc1?s=96&d=mm&r=g\",\"caption\":\"magdalenaestay\"},\"url\":\"https:\/\/medicina.udd.cl\/enfermeria-santiago\/noticias\/author\/magdalenaestay\/\"}]}<\/script>\n<!-- \/ Yoast SEO plugin. -->","yoast_head_json":{"title":"Enfermer\u00eda UDD celebra 7 a\u00f1os de certificaci\u00f3n - Enfermer\u00eda UDD","robots":{"index":"index","follow":"follow","max-snippet":"max-snippet:-1","max-image-preview":"max-image-preview:large","max-video-preview":"max-video-preview:-1"},"canonical":"https:\/\/medicina.udd.cl\/enfermeria-santiago\/noticias\/2024\/06\/05\/enfermeria-udd-celebra-7-anos-de-certificacion\/","og_locale":"es_ES","og_type":"article","og_title":"Enfermer\u00eda UDD celebra 7 a\u00f1os de certificaci\u00f3n - Enfermer\u00eda UDD","og_description":"Estudiantes, docentes, colaboradores y egresados de la carrera de Enfermer\u00eda de la Facultad de Medicina Cl\u00ednica Alemana Universidad del Desarrollo se reunieron para celebrar los siete a\u00f1os de certificaci\u00f3n de la carrera. El evento cont\u00f3 con la presencia de destacadas autoridades, incluyendo al prorrector Ernesto Silva, el m\u00e9dico director de Cl\u00ednica Alemana Dr. Bernd Oberpaur, [&hellip;]","og_url":"https:\/\/medicina.udd.cl\/enfermeria-santiago\/noticias\/2024\/06\/05\/enfermeria-udd-celebra-7-anos-de-certificacion\/","og_site_name":"Enfermer\u00eda UDD","article_published_time":"2024-06-05T21:13:42+00:00","article_modified_time":"2024-06-19T19:03:27+00:00","og_image":[{"width":2560,"height":1707,"url":"https:\/\/medicina.udd.cl\/enfermeria-santiago\/files\/2024\/06\/gf6a0827-scaled.jpg","type":"image\/jpeg"}],"author":"magdalenaestay","twitter_misc":{"Escrito por":"magdalenaestay","Tiempo de lectura":"6 minutos"},"schema":{"@context":"https:\/\/schema.org","@graph":[{"@type":"Article","@id":"https:\/\/medicina.udd.cl\/enfermeria-santiago\/noticias\/2024\/06\/05\/enfermeria-udd-celebra-7-anos-de-certificacion\/#article","isPartOf":{"@id":"https:\/\/medicina.udd.cl\/enfermeria-santiago\/noticias\/2024\/06\/05\/enfermeria-udd-celebra-7-anos-de-certificacion\/"},"author":{"name":"magdalenaestay","@id":"https:\/\/medicina.udd.cl\/enfermeria-santiago\/#\/schema\/person\/ed6f79d59c0f820f128a5bb9801ef1f2"},"headline":"Enfermer\u00eda UDD celebra 7 a\u00f1os de certificaci\u00f3n","datePublished":"2024-06-05T21:13:42+00:00","dateModified":"2024-06-19T19:03:27+00:00","mainEntityOfPage":{"@id":"https:\/\/medicina.udd.cl\/enfermeria-santiago\/noticias\/2024\/06\/05\/enfermeria-udd-celebra-7-anos-de-certificacion\/"},"wordCount":653,"image":{"@id":"https:\/\/medicina.udd.cl\/enfermeria-santiago\/noticias\/2024\/06\/05\/enfermeria-udd-celebra-7-anos-de-certificacion\/#primaryimage"},"thumbnailUrl":"https:\/\/medicina.udd.cl\/enfermeria-santiago\/files\/2024\/06\/gf6a0827-scaled.jpg","articleSection":["Noticias"],"inLanguage":"es"},{"@type":"WebPage","@id":"https:\/\/medicina.udd.cl\/enfermeria-santiago\/noticias\/2024\/06\/05\/enfermeria-udd-celebra-7-anos-de-certificacion\/","url":"https:\/\/medicina.udd.cl\/enfermeria-santiago\/noticias\/2024\/06\/05\/enfermeria-udd-celebra-7-anos-de-certificacion\/","name":"Enfermer\u00eda UDD celebra 7 a\u00f1os de certificaci\u00f3n - Enfermer\u00eda UDD","isPartOf":{"@id":"https:\/\/medicina.udd.cl\/enfermeria-santiago\/#website"},"primaryImageOfPage":{"@id":"https:\/\/medicina.udd.cl\/enfermeria-santiago\/noticias\/2024\/06\/05\/enfermeria-udd-celebra-7-anos-de-certificacion\/#primaryimage"},"image":{"@id":"https:\/\/medicina.udd.cl\/enfermeria-santiago\/noticias\/2024\/06\/05\/enfermeria-udd-celebra-7-anos-de-certificacion\/#primaryimage"},"thumbnailUrl":"https:\/\/medicina.udd.cl\/enfermeria-santiago\/files\/2024\/06\/gf6a0827-scaled.jpg","datePublished":"2024-06-05T21:13:42+00:00","dateModified":"2024-06-19T19:03:27+00:00","author":{"@id":"https:\/\/medicina.udd.cl\/enfermeria-santiago\/#\/schema\/person\/ed6f79d59c0f820f128a5bb9801ef1f2"},"breadcrumb":{"@id":"https:\/\/medicina.udd.cl\/enfermeria-santiago\/noticias\/2024\/06\/05\/enfermeria-udd-celebra-7-anos-de-certificacion\/#breadcrumb"},"inLanguage":"es","potentialAction":[{"@type":"ReadAction","target":["https:\/\/medicina.udd.cl\/enfermeria-santiago\/noticias\/2024\/06\/05\/enfermeria-udd-celebra-7-anos-de-certificacion\/"]}]},{"@type":"ImageObject","inLanguage":"es","@id":"https:\/\/medicina.udd.cl\/enfermeria-santiago\/noticias\/2024\/06\/05\/enfermeria-udd-celebra-7-anos-de-certificacion\/#primaryimage","url":"https:\/\/medicina.udd.cl\/enfermeria-santiago\/files\/2024\/06\/gf6a0827-scaled.jpg","contentUrl":"https:\/\/medicina.udd.cl\/enfermeria-santiago\/files\/2024\/06\/gf6a0827-scaled.jpg","width":2560,"height":1707},{"@type":"BreadcrumbList","@id":"https:\/\/medicina.udd.cl\/enfermeria-santiago\/noticias\/2024\/06\/05\/enfermeria-udd-celebra-7-anos-de-certificacion\/#breadcrumb","itemListElement":[{"@type":"ListItem","position":1,"name":"Home","item":"https:\/\/medicina.udd.cl\/enfermeria-santiago\/"},{"@type":"ListItem","position":2,"name":"Enfermer\u00eda UDD celebra 7 a\u00f1os de certificaci\u00f3n"}]},{"@type":"WebSite","@id":"https:\/\/medicina.udd.cl\/enfermeria-santiago\/#website","url":"https:\/\/medicina.udd.cl\/enfermeria-santiago\/","name":"Enfermer\u00eda UDD","description":"Facultad de Medicina Cl\u00ednica Alemana Universidad del Desarrollo","inLanguage":"es"},{"@type":"Person","@id":"https:\/\/medicina.udd.cl\/enfermeria-santiago\/#\/schema\/person\/ed6f79d59c0f820f128a5bb9801ef1f2","name":"magdalenaestay","image":{"@type":"ImageObject","inLanguage":"es","@id":"https:\/\/medicina.udd.cl\/enfermeria-santiago\/#\/schema\/person\/image\/","url":"https:\/\/secure.gravatar.com\/avatar\/b068ccaa115501438dab22979d0ff56e6306c4f89777269db483369ec65d8dc1?s=96&d=mm&r=g","contentUrl":"https:\/\/secure.gravatar.com\/avatar\/b068ccaa115501438dab22979d0ff56e6306c4f89777269db483369ec65d8dc1?s=96&d=mm&r=g","caption":"magdalenaestay"},"url":"https:\/\/medicina.udd.cl\/enfermeria-santiago\/noticias\/author\/magdalenaestay\/"}]}},"featured_image_url":"https:\/\/medicina.udd.cl\/enfermeria-santiago\/files\/2024\/06\/gf6a0827-scaled.jpg","_links":{"self":[{"href":"https:\/\/medicina.udd.cl\/enfermeria-santiago\/wp-json\/wp\/v2\/posts\/9172","targetHints":{"allow":["GET"]}}],"collection":[{"href":"https:\/\/medicina.udd.cl\/enfermeria-santiago\/wp-json\/wp\/v2\/posts"}],"about":[{"href":"https:\/\/medicina.udd.cl\/enfermeria-santiago\/wp-json\/wp\/v2\/types\/post"}],"author":[{"embeddable":true,"href":"https:\/\/medicina.udd.cl\/enfermeria-santiago\/wp-json\/wp\/v2\/users\/9192254"}],"replies":[{"embeddable":true,"href":"https:\/\/medicina.udd.cl\/enfermeria-santiago\/wp-json\/wp\/v2\/comments?post=9172"}],"version-history":[{"count":3,"href":"https:\/\/medicina.udd.cl\/enfermeria-santiago\/wp-json\/wp\/v2\/posts\/9172\/revisions"}],"predecessor-version":[{"id":9241,"href":"https:\/\/medicina.udd.cl\/enfermeria-santiago\/wp-json\/wp\/v2\/posts\/9172\/revisions\/9241"}],"wp:featuredmedia":[{"embeddable":true,"href":"https:\/\/medicina.udd.cl\/enfermeria-santiago\/wp-json\/wp\/v2\/media\/9175"}],"wp:attachment":[{"href":"https:\/\/medicina.udd.cl\/enfermeria-santiago\/wp-json\/wp\/v2\/media?parent=9172"}],"wp:term":[{"taxonomy":"category","embeddable":true,"href":"https:\/\/medicina.udd.cl\/enfermeria-santiago\/wp-json\/wp\/v2\/categories?post=9172"},{"taxonomy":"post_tag","embeddable":true,"href":"https:\/\/medicina.udd.cl\/enfermeria-santiago\/wp-json\/wp\/v2\/tags?post=9172"}],"curies":[{"name":"wp","href":"https:\/\/api.w.org\/{rel}","templated":true}]}}