{"id":9229,"date":"2024-06-10T17:19:35","date_gmt":"2024-06-10T21:19:35","guid":{"rendered":"https:\/\/medicina.udd.cl\/enfermeria-santiago\/?p=9229"},"modified":"2024-06-10T17:19:37","modified_gmt":"2024-06-10T21:19:37","slug":"directora-de-enfermeria-udd-expone-en-simposio-sobre-formacion-interprofesional-e-interdisciplinaria","status":"publish","type":"post","link":"https:\/\/medicina.udd.cl\/enfermeria-santiago\/noticias\/2024\/06\/10\/directora-de-enfermeria-udd-expone-en-simposio-sobre-formacion-interprofesional-e-interdisciplinaria\/","title":{"rendered":"Directora de Enfermer\u00eda UDD expone en Simposio sobre Formaci\u00f3n Interprofesional e Interdisciplinaria"},"content":{"rendered":"\n<figure class=\"wp-block-image alignright size-large is-resized\"><a href=\"https:\/\/medicina.udd.cl\/enfermeria-santiago\/files\/2024\/06\/plantilla-noticias-cesgi.jpeg\"><img loading=\"lazy\" decoding=\"async\" width=\"1024\" height=\"1024\" src=\"https:\/\/medicina.udd.cl\/enfermeria-santiago\/files\/2024\/06\/plantilla-noticias-cesgi-1024x1024.jpeg\" alt=\"\" class=\"wp-image-9232\" style=\"width:485px;height:auto\" srcset=\"https:\/\/medicina.udd.cl\/enfermeria-santiago\/files\/2024\/06\/plantilla-noticias-cesgi-1024x1024.jpeg 1024w, https:\/\/medicina.udd.cl\/enfermeria-santiago\/files\/2024\/06\/plantilla-noticias-cesgi-300x300.jpeg 300w, https:\/\/medicina.udd.cl\/enfermeria-santiago\/files\/2024\/06\/plantilla-noticias-cesgi-150x150.jpeg 150w, https:\/\/medicina.udd.cl\/enfermeria-santiago\/files\/2024\/06\/plantilla-noticias-cesgi-768x768.jpeg 768w, https:\/\/medicina.udd.cl\/enfermeria-santiago\/files\/2024\/06\/plantilla-noticias-cesgi-62x62.jpeg 62w, https:\/\/medicina.udd.cl\/enfermeria-santiago\/files\/2024\/06\/plantilla-noticias-cesgi-750x750.jpeg 750w, https:\/\/medicina.udd.cl\/enfermeria-santiago\/files\/2024\/06\/plantilla-noticias-cesgi-500x500.jpeg 500w, https:\/\/medicina.udd.cl\/enfermeria-santiago\/files\/2024\/06\/plantilla-noticias-cesgi-250x250.jpeg 250w, https:\/\/medicina.udd.cl\/enfermeria-santiago\/files\/2024\/06\/plantilla-noticias-cesgi-126x126.jpeg 126w, https:\/\/medicina.udd.cl\/enfermeria-santiago\/files\/2024\/06\/plantilla-noticias-cesgi.jpeg 1080w\" sizes=\"auto, (max-width: 1024px) 100vw, 1024px\" \/><\/a><\/figure>\n\n\n\n<p>Claudia P\u00e9rez Acu\u00f1a, directora de la carrera de Enfermer\u00eda e investigadora del Centro de Salud Global Intercultural (CeSGI) de la Facultad de Medicina Cl\u00ednica Alemana Universidad del Desarrollo (UDD), particip\u00f3 como expositora en el <em>Simposio Formaci\u00f3n Interprofesional e Interdisciplinaria, Brechas, Fortaleza e Innovaciones del Grupo de Universidades por el Territorio Chile<\/em>. Durante el evento, P\u00e9rez abord\u00f3 el tema del <em>\u00abinternado interdisciplinario en Hospitalizaci\u00f3n domiciliaria de salud del Hospital Padre Hurtado\u00bb<\/em>.<\/p>\n\n\n\n<p><em>\u201cEl seminario estuvo muy interesante, distintas universidades presentaron su experiencia en el trabajo interprofesional e interdisciplinario, y queda un gran desaf\u00edo para las casas de estudios c\u00f3mo implementar este modelo interdisciplinario que es la base para el modelo centrado en las personas que est\u00e1 implementando el Ministerio tanto en atenci\u00f3n primaria como secundaria y terciaria\u201d<\/em>, se\u00f1al\u00f3 P\u00e9rez.<\/p>\n\n\n\n<p>La directora de Enfermer\u00eda UDD, destac\u00f3 que esta instancia es una tremenda oportunidad para compartir experiencias y extraer buenas pr\u00e1cticas de otras universidades para implementarlas en la formaci\u00f3n de las nuevas generaciones de profesionales de la salud. <em>\u201cHay que seguir trabajando en esta tem\u00e1tica, una tem\u00e1tica que es relevante, imprescindible dentro de los sellos de la Universidad del Desarrollo y que hemos trabajado no s\u00f3lo en este internado sino tambi\u00e9n en un trabajo interdisciplinario con la Facultad de Educaci\u00f3n, especialmente con la carrera de P\u00e1rvulos y tambi\u00e9n con la carrera de Ingenier\u00eda, en donde tambi\u00e9n tenemos desarrollos de trabajos de formaci\u00f3n interdisciplinaria con los nuevos profesionales de Enfermer\u00eda, de Ingenier\u00eda y de Educaci\u00f3n\u201d<\/em>, destac\u00f3 Claudia P\u00e9rez.<\/p>\n","protected":false},"excerpt":{"rendered":"<p>Claudia P\u00e9rez Acu\u00f1a, directora de la carrera de Enfermer\u00eda e investigadora del Centro de Salud Global Intercultural (CeSGI) de la Facultad de Medicina Cl\u00ednica Alemana Universidad del Desarrollo (UDD), particip\u00f3 como expositora en el Simposio Formaci\u00f3n Interprofesional e Interdisciplinaria, Brechas, Fortaleza e Innovaciones del Grupo de Universidades por el Territorio Chile. Durante el evento, P\u00e9rez [&hellip;]<\/p>\n","protected":false},"author":9192219,"featured_media":9214,"comment_status":"closed","ping_status":"open","sticky":false,"template":"","format":"standard","meta":{"footnotes":""},"categories":[4],"tags":[],"class_list":["post-9229","post","type-post","status-publish","format-standard","has-post-thumbnail","hentry","category-noticias"],"yoast_head":"<!-- This site is optimized with the Yoast SEO plugin v26.9 - https:\/\/yoast.com\/product\/yoast-seo-wordpress\/ -->\n<title>Directora de Enfermer\u00eda UDD expone en Simposio sobre Formaci\u00f3n Interprofesional e Interdisciplinaria - Enfermer\u00eda UDD<\/title>\n<meta name=\"robots\" content=\"index, follow, max-snippet:-1, max-image-preview:large, max-video-preview:-1\" \/>\n<link rel=\"canonical\" href=\"https:\/\/medicina.udd.cl\/enfermeria-santiago\/noticias\/2024\/06\/10\/directora-de-enfermeria-udd-expone-en-simposio-sobre-formacion-interprofesional-e-interdisciplinaria\/\" \/>\n<meta property=\"og:locale\" content=\"es_ES\" \/>\n<meta property=\"og:type\" content=\"article\" \/>\n<meta property=\"og:title\" content=\"Directora de Enfermer\u00eda UDD expone en Simposio sobre Formaci\u00f3n Interprofesional e Interdisciplinaria - Enfermer\u00eda UDD\" \/>\n<meta property=\"og:description\" content=\"Claudia P\u00e9rez Acu\u00f1a, directora de la carrera de Enfermer\u00eda e investigadora del Centro de Salud Global Intercultural (CeSGI) de la Facultad de Medicina Cl\u00ednica Alemana Universidad del Desarrollo (UDD), particip\u00f3 como expositora en el Simposio Formaci\u00f3n Interprofesional e Interdisciplinaria, Brechas, Fortaleza e Innovaciones del Grupo de Universidades por el Territorio Chile. Durante el evento, P\u00e9rez [&hellip;]\" \/>\n<meta property=\"og:url\" content=\"https:\/\/medicina.udd.cl\/enfermeria-santiago\/noticias\/2024\/06\/10\/directora-de-enfermeria-udd-expone-en-simposio-sobre-formacion-interprofesional-e-interdisciplinaria\/\" \/>\n<meta property=\"og:site_name\" content=\"Enfermer\u00eda UDD\" \/>\n<meta property=\"article:published_time\" content=\"2024-06-10T21:19:35+00:00\" \/>\n<meta property=\"article:modified_time\" content=\"2024-06-10T21:19:37+00:00\" \/>\n<meta property=\"og:image\" content=\"https:\/\/medicina.udd.cl\/enfermeria-santiago\/files\/2024\/06\/gf6a0922-scaled.jpg\" \/>\n\t<meta property=\"og:image:width\" content=\"2560\" \/>\n\t<meta property=\"og:image:height\" content=\"1707\" \/>\n\t<meta property=\"og:image:type\" content=\"image\/jpeg\" \/>\n<meta name=\"author\" content=\"rbraidy\" \/>\n<meta name=\"twitter:label1\" content=\"Escrito por\" \/>\n\t<meta name=\"twitter:data1\" content=\"rbraidy\" \/>\n\t<meta name=\"twitter:label2\" content=\"Tiempo de lectura\" \/>\n\t<meta name=\"twitter:data2\" content=\"2 minutos\" \/>\n<script type=\"application\/ld+json\" class=\"yoast-schema-graph\">{\"@context\":\"https:\/\/schema.org\",\"@graph\":[{\"@type\":\"Article\",\"@id\":\"https:\/\/medicina.udd.cl\/enfermeria-santiago\/noticias\/2024\/06\/10\/directora-de-enfermeria-udd-expone-en-simposio-sobre-formacion-interprofesional-e-interdisciplinaria\/#article\",\"isPartOf\":{\"@id\":\"https:\/\/medicina.udd.cl\/enfermeria-santiago\/noticias\/2024\/06\/10\/directora-de-enfermeria-udd-expone-en-simposio-sobre-formacion-interprofesional-e-interdisciplinaria\/\"},\"author\":{\"name\":\"rbraidy\",\"@id\":\"https:\/\/medicina.udd.cl\/enfermeria-santiago\/#\/schema\/person\/dbc3705bf3a93e8be1ba6de0ef950341\"},\"headline\":\"Directora de Enfermer\u00eda UDD expone en Simposio sobre Formaci\u00f3n Interprofesional e Interdisciplinaria\",\"datePublished\":\"2024-06-10T21:19:35+00:00\",\"dateModified\":\"2024-06-10T21:19:37+00:00\",\"mainEntityOfPage\":{\"@id\":\"https:\/\/medicina.udd.cl\/enfermeria-santiago\/noticias\/2024\/06\/10\/directora-de-enfermeria-udd-expone-en-simposio-sobre-formacion-interprofesional-e-interdisciplinaria\/\"},\"wordCount\":286,\"image\":{\"@id\":\"https:\/\/medicina.udd.cl\/enfermeria-santiago\/noticias\/2024\/06\/10\/directora-de-enfermeria-udd-expone-en-simposio-sobre-formacion-interprofesional-e-interdisciplinaria\/#primaryimage\"},\"thumbnailUrl\":\"https:\/\/medicina.udd.cl\/enfermeria-santiago\/files\/2024\/06\/gf6a0922-scaled.jpg\",\"articleSection\":[\"Noticias\"],\"inLanguage\":\"es\"},{\"@type\":\"WebPage\",\"@id\":\"https:\/\/medicina.udd.cl\/enfermeria-santiago\/noticias\/2024\/06\/10\/directora-de-enfermeria-udd-expone-en-simposio-sobre-formacion-interprofesional-e-interdisciplinaria\/\",\"url\":\"https:\/\/medicina.udd.cl\/enfermeria-santiago\/noticias\/2024\/06\/10\/directora-de-enfermeria-udd-expone-en-simposio-sobre-formacion-interprofesional-e-interdisciplinaria\/\",\"name\":\"Directora de Enfermer\u00eda UDD expone en Simposio sobre Formaci\u00f3n Interprofesional e Interdisciplinaria - Enfermer\u00eda UDD\",\"isPartOf\":{\"@id\":\"https:\/\/medicina.udd.cl\/enfermeria-santiago\/#website\"},\"primaryImageOfPage\":{\"@id\":\"https:\/\/medicina.udd.cl\/enfermeria-santiago\/noticias\/2024\/06\/10\/directora-de-enfermeria-udd-expone-en-simposio-sobre-formacion-interprofesional-e-interdisciplinaria\/#primaryimage\"},\"image\":{\"@id\":\"https:\/\/medicina.udd.cl\/enfermeria-santiago\/noticias\/2024\/06\/10\/directora-de-enfermeria-udd-expone-en-simposio-sobre-formacion-interprofesional-e-interdisciplinaria\/#primaryimage\"},\"thumbnailUrl\":\"https:\/\/medicina.udd.cl\/enfermeria-santiago\/files\/2024\/06\/gf6a0922-scaled.jpg\",\"datePublished\":\"2024-06-10T21:19:35+00:00\",\"dateModified\":\"2024-06-10T21:19:37+00:00\",\"author\":{\"@id\":\"https:\/\/medicina.udd.cl\/enfermeria-santiago\/#\/schema\/person\/dbc3705bf3a93e8be1ba6de0ef950341\"},\"breadcrumb\":{\"@id\":\"https:\/\/medicina.udd.cl\/enfermeria-santiago\/noticias\/2024\/06\/10\/directora-de-enfermeria-udd-expone-en-simposio-sobre-formacion-interprofesional-e-interdisciplinaria\/#breadcrumb\"},\"inLanguage\":\"es\",\"potentialAction\":[{\"@type\":\"ReadAction\",\"target\":[\"https:\/\/medicina.udd.cl\/enfermeria-santiago\/noticias\/2024\/06\/10\/directora-de-enfermeria-udd-expone-en-simposio-sobre-formacion-interprofesional-e-interdisciplinaria\/\"]}]},{\"@type\":\"ImageObject\",\"inLanguage\":\"es\",\"@id\":\"https:\/\/medicina.udd.cl\/enfermeria-santiago\/noticias\/2024\/06\/10\/directora-de-enfermeria-udd-expone-en-simposio-sobre-formacion-interprofesional-e-interdisciplinaria\/#primaryimage\",\"url\":\"https:\/\/medicina.udd.cl\/enfermeria-santiago\/files\/2024\/06\/gf6a0922-scaled.jpg\",\"contentUrl\":\"https:\/\/medicina.udd.cl\/enfermeria-santiago\/files\/2024\/06\/gf6a0922-scaled.jpg\",\"width\":2560,\"height\":1707},{\"@type\":\"BreadcrumbList\",\"@id\":\"https:\/\/medicina.udd.cl\/enfermeria-santiago\/noticias\/2024\/06\/10\/directora-de-enfermeria-udd-expone-en-simposio-sobre-formacion-interprofesional-e-interdisciplinaria\/#breadcrumb\",\"itemListElement\":[{\"@type\":\"ListItem\",\"position\":1,\"name\":\"Home\",\"item\":\"https:\/\/medicina.udd.cl\/enfermeria-santiago\/\"},{\"@type\":\"ListItem\",\"position\":2,\"name\":\"Directora de Enfermer\u00eda UDD expone en Simposio sobre Formaci\u00f3n Interprofesional e Interdisciplinaria\"}]},{\"@type\":\"WebSite\",\"@id\":\"https:\/\/medicina.udd.cl\/enfermeria-santiago\/#website\",\"url\":\"https:\/\/medicina.udd.cl\/enfermeria-santiago\/\",\"name\":\"Enfermer\u00eda UDD\",\"description\":\"Facultad de Medicina Cl\u00ednica Alemana Universidad del Desarrollo\",\"inLanguage\":\"es\"},{\"@type\":\"Person\",\"@id\":\"https:\/\/medicina.udd.cl\/enfermeria-santiago\/#\/schema\/person\/dbc3705bf3a93e8be1ba6de0ef950341\",\"name\":\"rbraidy\",\"image\":{\"@type\":\"ImageObject\",\"inLanguage\":\"es\",\"@id\":\"https:\/\/medicina.udd.cl\/enfermeria-santiago\/#\/schema\/person\/image\/\",\"url\":\"https:\/\/secure.gravatar.com\/avatar\/0f8bc94637401590e45d2ce17eb65c274cb8870a219de6177f3f23e63fd8cdf3?s=96&d=mm&r=g\",\"contentUrl\":\"https:\/\/secure.gravatar.com\/avatar\/0f8bc94637401590e45d2ce17eb65c274cb8870a219de6177f3f23e63fd8cdf3?s=96&d=mm&r=g\",\"caption\":\"rbraidy\"},\"url\":\"https:\/\/medicina.udd.cl\/enfermeria-santiago\/noticias\/author\/rbraidy\/\"}]}<\/script>\n<!-- \/ Yoast SEO plugin. -->","yoast_head_json":{"title":"Directora de Enfermer\u00eda UDD expone en Simposio sobre Formaci\u00f3n Interprofesional e Interdisciplinaria - Enfermer\u00eda UDD","robots":{"index":"index","follow":"follow","max-snippet":"max-snippet:-1","max-image-preview":"max-image-preview:large","max-video-preview":"max-video-preview:-1"},"canonical":"https:\/\/medicina.udd.cl\/enfermeria-santiago\/noticias\/2024\/06\/10\/directora-de-enfermeria-udd-expone-en-simposio-sobre-formacion-interprofesional-e-interdisciplinaria\/","og_locale":"es_ES","og_type":"article","og_title":"Directora de Enfermer\u00eda UDD expone en Simposio sobre Formaci\u00f3n Interprofesional e Interdisciplinaria - Enfermer\u00eda UDD","og_description":"Claudia P\u00e9rez Acu\u00f1a, directora de la carrera de Enfermer\u00eda e investigadora del Centro de Salud Global Intercultural (CeSGI) de la Facultad de Medicina Cl\u00ednica Alemana Universidad del Desarrollo (UDD), particip\u00f3 como expositora en el Simposio Formaci\u00f3n Interprofesional e Interdisciplinaria, Brechas, Fortaleza e Innovaciones del Grupo de Universidades por el Territorio Chile. Durante el evento, P\u00e9rez [&hellip;]","og_url":"https:\/\/medicina.udd.cl\/enfermeria-santiago\/noticias\/2024\/06\/10\/directora-de-enfermeria-udd-expone-en-simposio-sobre-formacion-interprofesional-e-interdisciplinaria\/","og_site_name":"Enfermer\u00eda UDD","article_published_time":"2024-06-10T21:19:35+00:00","article_modified_time":"2024-06-10T21:19:37+00:00","og_image":[{"width":2560,"height":1707,"url":"https:\/\/medicina.udd.cl\/enfermeria-santiago\/files\/2024\/06\/gf6a0922-scaled.jpg","type":"image\/jpeg"}],"author":"rbraidy","twitter_misc":{"Escrito por":"rbraidy","Tiempo de lectura":"2 minutos"},"schema":{"@context":"https:\/\/schema.org","@graph":[{"@type":"Article","@id":"https:\/\/medicina.udd.cl\/enfermeria-santiago\/noticias\/2024\/06\/10\/directora-de-enfermeria-udd-expone-en-simposio-sobre-formacion-interprofesional-e-interdisciplinaria\/#article","isPartOf":{"@id":"https:\/\/medicina.udd.cl\/enfermeria-santiago\/noticias\/2024\/06\/10\/directora-de-enfermeria-udd-expone-en-simposio-sobre-formacion-interprofesional-e-interdisciplinaria\/"},"author":{"name":"rbraidy","@id":"https:\/\/medicina.udd.cl\/enfermeria-santiago\/#\/schema\/person\/dbc3705bf3a93e8be1ba6de0ef950341"},"headline":"Directora de Enfermer\u00eda UDD expone en Simposio sobre Formaci\u00f3n Interprofesional e Interdisciplinaria","datePublished":"2024-06-10T21:19:35+00:00","dateModified":"2024-06-10T21:19:37+00:00","mainEntityOfPage":{"@id":"https:\/\/medicina.udd.cl\/enfermeria-santiago\/noticias\/2024\/06\/10\/directora-de-enfermeria-udd-expone-en-simposio-sobre-formacion-interprofesional-e-interdisciplinaria\/"},"wordCount":286,"image":{"@id":"https:\/\/medicina.udd.cl\/enfermeria-santiago\/noticias\/2024\/06\/10\/directora-de-enfermeria-udd-expone-en-simposio-sobre-formacion-interprofesional-e-interdisciplinaria\/#primaryimage"},"thumbnailUrl":"https:\/\/medicina.udd.cl\/enfermeria-santiago\/files\/2024\/06\/gf6a0922-scaled.jpg","articleSection":["Noticias"],"inLanguage":"es"},{"@type":"WebPage","@id":"https:\/\/medicina.udd.cl\/enfermeria-santiago\/noticias\/2024\/06\/10\/directora-de-enfermeria-udd-expone-en-simposio-sobre-formacion-interprofesional-e-interdisciplinaria\/","url":"https:\/\/medicina.udd.cl\/enfermeria-santiago\/noticias\/2024\/06\/10\/directora-de-enfermeria-udd-expone-en-simposio-sobre-formacion-interprofesional-e-interdisciplinaria\/","name":"Directora de Enfermer\u00eda UDD expone en Simposio sobre Formaci\u00f3n Interprofesional e Interdisciplinaria - Enfermer\u00eda UDD","isPartOf":{"@id":"https:\/\/medicina.udd.cl\/enfermeria-santiago\/#website"},"primaryImageOfPage":{"@id":"https:\/\/medicina.udd.cl\/enfermeria-santiago\/noticias\/2024\/06\/10\/directora-de-enfermeria-udd-expone-en-simposio-sobre-formacion-interprofesional-e-interdisciplinaria\/#primaryimage"},"image":{"@id":"https:\/\/medicina.udd.cl\/enfermeria-santiago\/noticias\/2024\/06\/10\/directora-de-enfermeria-udd-expone-en-simposio-sobre-formacion-interprofesional-e-interdisciplinaria\/#primaryimage"},"thumbnailUrl":"https:\/\/medicina.udd.cl\/enfermeria-santiago\/files\/2024\/06\/gf6a0922-scaled.jpg","datePublished":"2024-06-10T21:19:35+00:00","dateModified":"2024-06-10T21:19:37+00:00","author":{"@id":"https:\/\/medicina.udd.cl\/enfermeria-santiago\/#\/schema\/person\/dbc3705bf3a93e8be1ba6de0ef950341"},"breadcrumb":{"@id":"https:\/\/medicina.udd.cl\/enfermeria-santiago\/noticias\/2024\/06\/10\/directora-de-enfermeria-udd-expone-en-simposio-sobre-formacion-interprofesional-e-interdisciplinaria\/#breadcrumb"},"inLanguage":"es","potentialAction":[{"@type":"ReadAction","target":["https:\/\/medicina.udd.cl\/enfermeria-santiago\/noticias\/2024\/06\/10\/directora-de-enfermeria-udd-expone-en-simposio-sobre-formacion-interprofesional-e-interdisciplinaria\/"]}]},{"@type":"ImageObject","inLanguage":"es","@id":"https:\/\/medicina.udd.cl\/enfermeria-santiago\/noticias\/2024\/06\/10\/directora-de-enfermeria-udd-expone-en-simposio-sobre-formacion-interprofesional-e-interdisciplinaria\/#primaryimage","url":"https:\/\/medicina.udd.cl\/enfermeria-santiago\/files\/2024\/06\/gf6a0922-scaled.jpg","contentUrl":"https:\/\/medicina.udd.cl\/enfermeria-santiago\/files\/2024\/06\/gf6a0922-scaled.jpg","width":2560,"height":1707},{"@type":"BreadcrumbList","@id":"https:\/\/medicina.udd.cl\/enfermeria-santiago\/noticias\/2024\/06\/10\/directora-de-enfermeria-udd-expone-en-simposio-sobre-formacion-interprofesional-e-interdisciplinaria\/#breadcrumb","itemListElement":[{"@type":"ListItem","position":1,"name":"Home","item":"https:\/\/medicina.udd.cl\/enfermeria-santiago\/"},{"@type":"ListItem","position":2,"name":"Directora de Enfermer\u00eda UDD expone en Simposio sobre Formaci\u00f3n Interprofesional e Interdisciplinaria"}]},{"@type":"WebSite","@id":"https:\/\/medicina.udd.cl\/enfermeria-santiago\/#website","url":"https:\/\/medicina.udd.cl\/enfermeria-santiago\/","name":"Enfermer\u00eda UDD","description":"Facultad de Medicina Cl\u00ednica Alemana Universidad del Desarrollo","inLanguage":"es"},{"@type":"Person","@id":"https:\/\/medicina.udd.cl\/enfermeria-santiago\/#\/schema\/person\/dbc3705bf3a93e8be1ba6de0ef950341","name":"rbraidy","image":{"@type":"ImageObject","inLanguage":"es","@id":"https:\/\/medicina.udd.cl\/enfermeria-santiago\/#\/schema\/person\/image\/","url":"https:\/\/secure.gravatar.com\/avatar\/0f8bc94637401590e45d2ce17eb65c274cb8870a219de6177f3f23e63fd8cdf3?s=96&d=mm&r=g","contentUrl":"https:\/\/secure.gravatar.com\/avatar\/0f8bc94637401590e45d2ce17eb65c274cb8870a219de6177f3f23e63fd8cdf3?s=96&d=mm&r=g","caption":"rbraidy"},"url":"https:\/\/medicina.udd.cl\/enfermeria-santiago\/noticias\/author\/rbraidy\/"}]}},"featured_image_url":"https:\/\/medicina.udd.cl\/enfermeria-santiago\/files\/2024\/06\/gf6a0922-scaled.jpg","_links":{"self":[{"href":"https:\/\/medicina.udd.cl\/enfermeria-santiago\/wp-json\/wp\/v2\/posts\/9229","targetHints":{"allow":["GET"]}}],"collection":[{"href":"https:\/\/medicina.udd.cl\/enfermeria-santiago\/wp-json\/wp\/v2\/posts"}],"about":[{"href":"https:\/\/medicina.udd.cl\/enfermeria-santiago\/wp-json\/wp\/v2\/types\/post"}],"author":[{"embeddable":true,"href":"https:\/\/medicina.udd.cl\/enfermeria-santiago\/wp-json\/wp\/v2\/users\/9192219"}],"replies":[{"embeddable":true,"href":"https:\/\/medicina.udd.cl\/enfermeria-santiago\/wp-json\/wp\/v2\/comments?post=9229"}],"version-history":[{"count":1,"href":"https:\/\/medicina.udd.cl\/enfermeria-santiago\/wp-json\/wp\/v2\/posts\/9229\/revisions"}],"predecessor-version":[{"id":9238,"href":"https:\/\/medicina.udd.cl\/enfermeria-santiago\/wp-json\/wp\/v2\/posts\/9229\/revisions\/9238"}],"wp:featuredmedia":[{"embeddable":true,"href":"https:\/\/medicina.udd.cl\/enfermeria-santiago\/wp-json\/wp\/v2\/media\/9214"}],"wp:attachment":[{"href":"https:\/\/medicina.udd.cl\/enfermeria-santiago\/wp-json\/wp\/v2\/media?parent=9229"}],"wp:term":[{"taxonomy":"category","embeddable":true,"href":"https:\/\/medicina.udd.cl\/enfermeria-santiago\/wp-json\/wp\/v2\/categories?post=9229"},{"taxonomy":"post_tag","embeddable":true,"href":"https:\/\/medicina.udd.cl\/enfermeria-santiago\/wp-json\/wp\/v2\/tags?post=9229"}],"curies":[{"name":"wp","href":"https:\/\/api.w.org\/{rel}","templated":true}]}}