{"id":9363,"date":"2024-09-09T15:26:00","date_gmt":"2024-09-09T18:26:00","guid":{"rendered":"https:\/\/medicina.udd.cl\/enfermeria-santiago\/?p=9363"},"modified":"2024-09-10T17:14:30","modified_gmt":"2024-09-10T20:14:30","slug":"enfermeria-udd-realiza-con-exito-jornada-cientifica-2024","status":"publish","type":"post","link":"https:\/\/medicina.udd.cl\/enfermeria-santiago\/noticias\/2024\/09\/09\/enfermeria-udd-realiza-con-exito-jornada-cientifica-2024\/","title":{"rendered":"Enfermer\u00eda UDD realiza con \u00e9xito Jornada Cient\u00edfica 2024"},"content":{"rendered":"\n<figure class=\"wp-block-gallery has-nested-images columns-default is-cropped wp-block-gallery-1 is-layout-flex wp-block-gallery-is-layout-flex\">\n<figure class=\"wp-block-image size-large\"><a href=\"https:\/\/medicina.udd.cl\/enfermeria-santiago\/files\/2024\/09\/enf-jornada-cientifica-2024-18-scaled.jpg\"><img loading=\"lazy\" decoding=\"async\" width=\"1024\" height=\"683\" data-id=\"9373\" src=\"https:\/\/medicina.udd.cl\/enfermeria-santiago\/files\/2024\/09\/enf-jornada-cientifica-2024-18-1024x683.jpg\" alt=\"\" class=\"wp-image-9373\" srcset=\"https:\/\/medicina.udd.cl\/enfermeria-santiago\/files\/2024\/09\/enf-jornada-cientifica-2024-18-1024x683.jpg 1024w, https:\/\/medicina.udd.cl\/enfermeria-santiago\/files\/2024\/09\/enf-jornada-cientifica-2024-18-300x200.jpg 300w, https:\/\/medicina.udd.cl\/enfermeria-santiago\/files\/2024\/09\/enf-jornada-cientifica-2024-18-768x512.jpg 768w, https:\/\/medicina.udd.cl\/enfermeria-santiago\/files\/2024\/09\/enf-jornada-cientifica-2024-18-1536x1024.jpg 1536w, https:\/\/medicina.udd.cl\/enfermeria-santiago\/files\/2024\/09\/enf-jornada-cientifica-2024-18-2048x1365.jpg 2048w\" sizes=\"auto, (max-width: 1024px) 100vw, 1024px\" \/><\/a><\/figure>\n\n\n\n<figure class=\"wp-block-image size-large\"><a href=\"https:\/\/medicina.udd.cl\/enfermeria-santiago\/files\/2024\/09\/enf-jornada-cientifica-2024-23-scaled.jpg\"><img loading=\"lazy\" decoding=\"async\" width=\"1024\" height=\"683\" data-id=\"9376\" src=\"https:\/\/medicina.udd.cl\/enfermeria-santiago\/files\/2024\/09\/enf-jornada-cientifica-2024-23-1024x683.jpg\" alt=\"\" class=\"wp-image-9376\" srcset=\"https:\/\/medicina.udd.cl\/enfermeria-santiago\/files\/2024\/09\/enf-jornada-cientifica-2024-23-1024x683.jpg 1024w, https:\/\/medicina.udd.cl\/enfermeria-santiago\/files\/2024\/09\/enf-jornada-cientifica-2024-23-300x200.jpg 300w, https:\/\/medicina.udd.cl\/enfermeria-santiago\/files\/2024\/09\/enf-jornada-cientifica-2024-23-768x512.jpg 768w, https:\/\/medicina.udd.cl\/enfermeria-santiago\/files\/2024\/09\/enf-jornada-cientifica-2024-23-1536x1024.jpg 1536w, https:\/\/medicina.udd.cl\/enfermeria-santiago\/files\/2024\/09\/enf-jornada-cientifica-2024-23-2048x1365.jpg 2048w\" sizes=\"auto, (max-width: 1024px) 100vw, 1024px\" \/><\/a><\/figure>\n\n\n\n<figure class=\"wp-block-image size-large\"><a href=\"https:\/\/medicina.udd.cl\/enfermeria-santiago\/files\/2024\/09\/enf-jornada-cientifica-2024-33-scaled.jpg\"><img loading=\"lazy\" decoding=\"async\" width=\"1024\" height=\"683\" data-id=\"9378\" src=\"https:\/\/medicina.udd.cl\/enfermeria-santiago\/files\/2024\/09\/enf-jornada-cientifica-2024-33-1024x683.jpg\" alt=\"\" class=\"wp-image-9378\" srcset=\"https:\/\/medicina.udd.cl\/enfermeria-santiago\/files\/2024\/09\/enf-jornada-cientifica-2024-33-1024x683.jpg 1024w, https:\/\/medicina.udd.cl\/enfermeria-santiago\/files\/2024\/09\/enf-jornada-cientifica-2024-33-300x200.jpg 300w, https:\/\/medicina.udd.cl\/enfermeria-santiago\/files\/2024\/09\/enf-jornada-cientifica-2024-33-768x512.jpg 768w, https:\/\/medicina.udd.cl\/enfermeria-santiago\/files\/2024\/09\/enf-jornada-cientifica-2024-33-1536x1024.jpg 1536w, https:\/\/medicina.udd.cl\/enfermeria-santiago\/files\/2024\/09\/enf-jornada-cientifica-2024-33-2048x1365.jpg 2048w\" sizes=\"auto, (max-width: 1024px) 100vw, 1024px\" \/><\/a><\/figure>\n<\/figure>\n\n\n\n<figure class=\"wp-block-image aligncenter size-large\"><a href=\"https:\/\/medicina.udd.cl\/enfermeria-santiago\/files\/2024\/09\/enf-jornada-cientifica-2024-62-scaled.jpg\"><img loading=\"lazy\" decoding=\"async\" width=\"1024\" height=\"683\" src=\"https:\/\/medicina.udd.cl\/enfermeria-santiago\/files\/2024\/09\/enf-jornada-cientifica-2024-62-1024x683.jpg\" alt=\"\" class=\"wp-image-9388\" srcset=\"https:\/\/medicina.udd.cl\/enfermeria-santiago\/files\/2024\/09\/enf-jornada-cientifica-2024-62-1024x683.jpg 1024w, https:\/\/medicina.udd.cl\/enfermeria-santiago\/files\/2024\/09\/enf-jornada-cientifica-2024-62-300x200.jpg 300w, https:\/\/medicina.udd.cl\/enfermeria-santiago\/files\/2024\/09\/enf-jornada-cientifica-2024-62-768x512.jpg 768w, https:\/\/medicina.udd.cl\/enfermeria-santiago\/files\/2024\/09\/enf-jornada-cientifica-2024-62-1536x1024.jpg 1536w, https:\/\/medicina.udd.cl\/enfermeria-santiago\/files\/2024\/09\/enf-jornada-cientifica-2024-62-2048x1365.jpg 2048w\" sizes=\"auto, (max-width: 1024px) 100vw, 1024px\" \/><\/a><\/figure>\n\n\n\n<p>La carrera de Enfermer\u00eda de la Facultad de Medicina Cl\u00ednica Alemana Universidad del Desarrollo (UDD) llev\u00f3 a cabo con \u00e9xito la Jornada Cient\u00edfica 2024, un evento acad\u00e9mico que reuni\u00f3 a estudiantes de todos los niveles, desde primero hasta quinto a\u00f1o, con el prop\u00f3sito de compartir y presentar sus trabajos con enfoque cient\u00edfico.<\/p>\n\n\n\n<p><em>\u00abLa finalidad es retomar esta jornada, que estuvo suspendida durante cuatro a\u00f1os debido a la pandemia y otras razones. Queremos reactivar esta instancia. Contamos con la participaci\u00f3n de alrededor de 700 alumnos en el Aula Magna, donde pudieron conocer los trabajos de sus compa\u00f1eros, que son de gran calidad, y motivarlos para que los publiquen en nuestra revista Confluencia\u00bb<\/em>, destac\u00f3 la directora de Enfermer\u00eda UDD, Enf. Claudia P\u00e9rez.<\/p>\n\n\n\n<p>P\u00e9rez tambi\u00e9n se\u00f1al\u00f3 que el objetivo es fortalecer las competencias cient\u00edficas de los estudiantes desde el primer a\u00f1o, incentiv\u00e1ndolos a generar alg\u00fan tipo de actividad o documento cient\u00edfico que pueda ser publicado.&nbsp;<em>\u00abPuede ser una carta al editor para la revista Confluencia u otra revista, una reflexi\u00f3n, una revisi\u00f3n bibliogr\u00e1fica, un programa de intervenci\u00f3n, o un caso cl\u00ednico. Hay muchas opciones, y durante los cinco a\u00f1os de estudio, los alumnos realizan trabajos que pueden ser publicados y presentados en jornadas como la que organizamos hoy\u00bb<\/em>, a\u00f1adi\u00f3 la directora.<\/p>\n\n\n\n<p>La Jornada Cient\u00edfica no solo incluy\u00f3 la presentaci\u00f3n de trabajos de investigaci\u00f3n de los estudiantes, sino que tambi\u00e9n ofreci\u00f3 dos clases magistrales. La primera estuvo a cargo de la Enf. B\u00e1ltica Cabieses, directora del Centro de Salud Global Intercultural (CeSGI) del Instituto de Ciencias e Innovaci\u00f3n en Medicina (ICIM), quien comparti\u00f3 su experiencia en salud global, subrayando la importancia de abordar la salud desde una perspectiva integral, que considere factores individuales, sociales y culturales.<\/p>\n\n\n\n<p>Por su parte, los docentes Enf. Daniela Fuentes y Enf. Marcelo Ovalle, directores y fundadores de la Revista Confluencia UDD, explicaron a los asistentes el prop\u00f3sito de la revista, la cual busca difundir el conocimiento cient\u00edfico en el \u00e1mbito de la salud. Su principal objetivo es la publicaci\u00f3n de art\u00edculos in\u00e9ditos en espa\u00f1ol, basados en la producci\u00f3n cient\u00edfica de los estudiantes en el contexto de cursos, talleres, experiencias cl\u00ednicas y otras actividades acad\u00e9micas.<\/p>\n\n\n\n<p>Fuentes y Ovalle destacaron que, desde el a\u00f1o 2023, la Revista Confluencia incluye la publicaci\u00f3n de art\u00edculos de estudiantes con la opci\u00f3n de coautor\u00eda de acad\u00e9micos, investigadores y profesionales de la salud. Adem\u00e1s, a partir de este a\u00f1o, la revista ha asumido el desaf\u00edo de la publicaci\u00f3n continua, lo que permitir\u00e1 acortar los tiempos de presentaci\u00f3n y publicaci\u00f3n de los art\u00edculos.<\/p>\n\n\n\n<p><strong>Premiados los mejores trabajos de investigaci\u00f3n<\/strong><\/p>\n\n\n\n<p>Al cierre de las presentaciones estudiantiles, un jurado compuesto por autoridades acad\u00e9micas y cient\u00edficas evalu\u00f3 los trabajos presentados en la Jornada Cient\u00edfica. El comit\u00e9 evaluador estuvo integrado por Carla Benaglio, vicedecana de Desarrollo de la Facultad de Medicina Cl\u00ednica Alemana UDD; Claudia P\u00e9rez, directora de la carrera de Enfermer\u00eda UDD; Daniela Fuentes, docente y directora de la Revista Confluencia; Alice Blukacz, docente e investigadora del Centro de Salud Global Intercultural (CeSGI); y Bel\u00e9n Auger, miembro del equipo Acad\u00e9mico Cient\u00edfico de Enfermer\u00eda UDD.<\/p>\n\n\n\n<p>El primer lugar fue otorgado a Fernanda Ravet, estudiante de quinto a\u00f1o, por su destacada investigaci\u00f3n titulada \u00abTiempo es vida\u00bb. El segundo lugar lo obtuvo Vicente Godoy, alumno de tercer a\u00f1o, con su trabajo enfocado en la salud mental, \u00abA-Ha Moment\u00bb. El tercer lugar fue compartido por las estudiantes de quinto a\u00f1o, Josefina Salgado y Sof\u00eda O\u2019Ryan, quienes presentaron el proyecto \u00abEstrategias para la comunicaci\u00f3n y atenci\u00f3n efectiva en ni\u00f1os y ni\u00f1as con TEA en el servicio de urgencias\u00bb.<\/p>\n\n\n\n<p>Con la Jornada Cient\u00edfica 2024, la carrera de Enfermer\u00eda UDD retoma una tradici\u00f3n acad\u00e9mica que promueve el desarrollo cient\u00edfico y el intercambio de conocimientos entre sus estudiantes y docentes, contribuyendo as\u00ed al avance de la investigaci\u00f3n en el \u00e1mbito de la salud.<\/p>\n\n\n\n<figure class=\"wp-block-gallery has-nested-images columns-default is-cropped wp-block-gallery-2 is-layout-flex wp-block-gallery-is-layout-flex\">\n<figure class=\"wp-block-image size-large\"><a href=\"https:\/\/medicina.udd.cl\/enfermeria-santiago\/files\/2024\/09\/enf-jornada-cientifica-2024-2-scaled.jpg\"><img loading=\"lazy\" decoding=\"async\" width=\"1024\" height=\"683\" data-id=\"9364\" src=\"https:\/\/medicina.udd.cl\/enfermeria-santiago\/files\/2024\/09\/enf-jornada-cientifica-2024-2-1024x683.jpg\" alt=\"\" class=\"wp-image-9364\" srcset=\"https:\/\/medicina.udd.cl\/enfermeria-santiago\/files\/2024\/09\/enf-jornada-cientifica-2024-2-1024x683.jpg 1024w, https:\/\/medicina.udd.cl\/enfermeria-santiago\/files\/2024\/09\/enf-jornada-cientifica-2024-2-300x200.jpg 300w, https:\/\/medicina.udd.cl\/enfermeria-santiago\/files\/2024\/09\/enf-jornada-cientifica-2024-2-768x512.jpg 768w, https:\/\/medicina.udd.cl\/enfermeria-santiago\/files\/2024\/09\/enf-jornada-cientifica-2024-2-1536x1024.jpg 1536w, https:\/\/medicina.udd.cl\/enfermeria-santiago\/files\/2024\/09\/enf-jornada-cientifica-2024-2-2048x1365.jpg 2048w\" sizes=\"auto, (max-width: 1024px) 100vw, 1024px\" \/><\/a><\/figure>\n\n\n\n<figure class=\"wp-block-image size-large\"><a href=\"https:\/\/medicina.udd.cl\/enfermeria-santiago\/files\/2024\/09\/enf-jornada-cientifica-2024-3-scaled.jpg\"><img loading=\"lazy\" decoding=\"async\" width=\"1024\" height=\"683\" data-id=\"9365\" src=\"https:\/\/medicina.udd.cl\/enfermeria-santiago\/files\/2024\/09\/enf-jornada-cientifica-2024-3-1024x683.jpg\" alt=\"\" class=\"wp-image-9365\" srcset=\"https:\/\/medicina.udd.cl\/enfermeria-santiago\/files\/2024\/09\/enf-jornada-cientifica-2024-3-1024x683.jpg 1024w, https:\/\/medicina.udd.cl\/enfermeria-santiago\/files\/2024\/09\/enf-jornada-cientifica-2024-3-300x200.jpg 300w, https:\/\/medicina.udd.cl\/enfermeria-santiago\/files\/2024\/09\/enf-jornada-cientifica-2024-3-768x512.jpg 768w, https:\/\/medicina.udd.cl\/enfermeria-santiago\/files\/2024\/09\/enf-jornada-cientifica-2024-3-1536x1024.jpg 1536w, https:\/\/medicina.udd.cl\/enfermeria-santiago\/files\/2024\/09\/enf-jornada-cientifica-2024-3-2048x1365.jpg 2048w\" sizes=\"auto, (max-width: 1024px) 100vw, 1024px\" \/><\/a><\/figure>\n\n\n\n<figure class=\"wp-block-image size-large\"><a href=\"https:\/\/medicina.udd.cl\/enfermeria-santiago\/files\/2024\/09\/enf-jornada-cientifica-2024-4-scaled.jpg\"><img loading=\"lazy\" decoding=\"async\" width=\"1024\" height=\"683\" data-id=\"9366\" src=\"https:\/\/medicina.udd.cl\/enfermeria-santiago\/files\/2024\/09\/enf-jornada-cientifica-2024-4-1024x683.jpg\" alt=\"\" class=\"wp-image-9366\" srcset=\"https:\/\/medicina.udd.cl\/enfermeria-santiago\/files\/2024\/09\/enf-jornada-cientifica-2024-4-1024x683.jpg 1024w, https:\/\/medicina.udd.cl\/enfermeria-santiago\/files\/2024\/09\/enf-jornada-cientifica-2024-4-300x200.jpg 300w, https:\/\/medicina.udd.cl\/enfermeria-santiago\/files\/2024\/09\/enf-jornada-cientifica-2024-4-768x512.jpg 768w, https:\/\/medicina.udd.cl\/enfermeria-santiago\/files\/2024\/09\/enf-jornada-cientifica-2024-4-1536x1024.jpg 1536w, https:\/\/medicina.udd.cl\/enfermeria-santiago\/files\/2024\/09\/enf-jornada-cientifica-2024-4-2048x1365.jpg 2048w\" sizes=\"auto, (max-width: 1024px) 100vw, 1024px\" \/><\/a><\/figure>\n\n\n\n<figure class=\"wp-block-image size-large\"><a href=\"https:\/\/medicina.udd.cl\/enfermeria-santiago\/files\/2024\/09\/enf-jornada-cientifica-2024-5-scaled.jpg\"><img loading=\"lazy\" decoding=\"async\" width=\"1024\" height=\"683\" data-id=\"9367\" src=\"https:\/\/medicina.udd.cl\/enfermeria-santiago\/files\/2024\/09\/enf-jornada-cientifica-2024-5-1024x683.jpg\" alt=\"\" class=\"wp-image-9367\" srcset=\"https:\/\/medicina.udd.cl\/enfermeria-santiago\/files\/2024\/09\/enf-jornada-cientifica-2024-5-1024x683.jpg 1024w, https:\/\/medicina.udd.cl\/enfermeria-santiago\/files\/2024\/09\/enf-jornada-cientifica-2024-5-300x200.jpg 300w, https:\/\/medicina.udd.cl\/enfermeria-santiago\/files\/2024\/09\/enf-jornada-cientifica-2024-5-768x512.jpg 768w, https:\/\/medicina.udd.cl\/enfermeria-santiago\/files\/2024\/09\/enf-jornada-cientifica-2024-5-1536x1024.jpg 1536w, https:\/\/medicina.udd.cl\/enfermeria-santiago\/files\/2024\/09\/enf-jornada-cientifica-2024-5-2048x1365.jpg 2048w\" sizes=\"auto, (max-width: 1024px) 100vw, 1024px\" \/><\/a><\/figure>\n\n\n\n<figure class=\"wp-block-image size-large\"><a href=\"https:\/\/medicina.udd.cl\/enfermeria-santiago\/files\/2024\/09\/enf-jornada-cientifica-2024-6-scaled.jpg\"><img loading=\"lazy\" decoding=\"async\" width=\"1024\" height=\"683\" data-id=\"9368\" src=\"https:\/\/medicina.udd.cl\/enfermeria-santiago\/files\/2024\/09\/enf-jornada-cientifica-2024-6-1024x683.jpg\" alt=\"\" class=\"wp-image-9368\" srcset=\"https:\/\/medicina.udd.cl\/enfermeria-santiago\/files\/2024\/09\/enf-jornada-cientifica-2024-6-1024x683.jpg 1024w, https:\/\/medicina.udd.cl\/enfermeria-santiago\/files\/2024\/09\/enf-jornada-cientifica-2024-6-300x200.jpg 300w, https:\/\/medicina.udd.cl\/enfermeria-santiago\/files\/2024\/09\/enf-jornada-cientifica-2024-6-768x512.jpg 768w, https:\/\/medicina.udd.cl\/enfermeria-santiago\/files\/2024\/09\/enf-jornada-cientifica-2024-6-1536x1024.jpg 1536w, https:\/\/medicina.udd.cl\/enfermeria-santiago\/files\/2024\/09\/enf-jornada-cientifica-2024-6-2048x1365.jpg 2048w\" sizes=\"auto, (max-width: 1024px) 100vw, 1024px\" \/><\/a><\/figure>\n\n\n\n<figure class=\"wp-block-image size-large\"><a href=\"https:\/\/medicina.udd.cl\/enfermeria-santiago\/files\/2024\/09\/enf-jornada-cientifica-2024-7-scaled.jpg\"><img loading=\"lazy\" decoding=\"async\" width=\"1024\" height=\"683\" data-id=\"9369\" src=\"https:\/\/medicina.udd.cl\/enfermeria-santiago\/files\/2024\/09\/enf-jornada-cientifica-2024-7-1024x683.jpg\" alt=\"\" class=\"wp-image-9369\" srcset=\"https:\/\/medicina.udd.cl\/enfermeria-santiago\/files\/2024\/09\/enf-jornada-cientifica-2024-7-1024x683.jpg 1024w, https:\/\/medicina.udd.cl\/enfermeria-santiago\/files\/2024\/09\/enf-jornada-cientifica-2024-7-300x200.jpg 300w, https:\/\/medicina.udd.cl\/enfermeria-santiago\/files\/2024\/09\/enf-jornada-cientifica-2024-7-768x512.jpg 768w, https:\/\/medicina.udd.cl\/enfermeria-santiago\/files\/2024\/09\/enf-jornada-cientifica-2024-7-1536x1024.jpg 1536w, https:\/\/medicina.udd.cl\/enfermeria-santiago\/files\/2024\/09\/enf-jornada-cientifica-2024-7-2048x1365.jpg 2048w\" sizes=\"auto, (max-width: 1024px) 100vw, 1024px\" \/><\/a><\/figure>\n\n\n\n<figure class=\"wp-block-image size-large\"><a href=\"https:\/\/medicina.udd.cl\/enfermeria-santiago\/files\/2024\/09\/enf-jornada-cientifica-2024-8-scaled.jpg\"><img loading=\"lazy\" decoding=\"async\" width=\"1024\" height=\"683\" data-id=\"9370\" src=\"https:\/\/medicina.udd.cl\/enfermeria-santiago\/files\/2024\/09\/enf-jornada-cientifica-2024-8-1024x683.jpg\" alt=\"\" class=\"wp-image-9370\" srcset=\"https:\/\/medicina.udd.cl\/enfermeria-santiago\/files\/2024\/09\/enf-jornada-cientifica-2024-8-1024x683.jpg 1024w, https:\/\/medicina.udd.cl\/enfermeria-santiago\/files\/2024\/09\/enf-jornada-cientifica-2024-8-300x200.jpg 300w, https:\/\/medicina.udd.cl\/enfermeria-santiago\/files\/2024\/09\/enf-jornada-cientifica-2024-8-768x512.jpg 768w, https:\/\/medicina.udd.cl\/enfermeria-santiago\/files\/2024\/09\/enf-jornada-cientifica-2024-8-1536x1024.jpg 1536w, https:\/\/medicina.udd.cl\/enfermeria-santiago\/files\/2024\/09\/enf-jornada-cientifica-2024-8-2048x1365.jpg 2048w\" sizes=\"auto, (max-width: 1024px) 100vw, 1024px\" \/><\/a><\/figure>\n\n\n\n<figure class=\"wp-block-image size-large\"><a href=\"https:\/\/medicina.udd.cl\/enfermeria-santiago\/files\/2024\/09\/enf-jornada-cientifica-2024-9-scaled.jpg\"><img loading=\"lazy\" decoding=\"async\" width=\"1024\" height=\"683\" data-id=\"9371\" src=\"https:\/\/medicina.udd.cl\/enfermeria-santiago\/files\/2024\/09\/enf-jornada-cientifica-2024-9-1024x683.jpg\" alt=\"\" class=\"wp-image-9371\" srcset=\"https:\/\/medicina.udd.cl\/enfermeria-santiago\/files\/2024\/09\/enf-jornada-cientifica-2024-9-1024x683.jpg 1024w, https:\/\/medicina.udd.cl\/enfermeria-santiago\/files\/2024\/09\/enf-jornada-cientifica-2024-9-300x200.jpg 300w, https:\/\/medicina.udd.cl\/enfermeria-santiago\/files\/2024\/09\/enf-jornada-cientifica-2024-9-768x512.jpg 768w, https:\/\/medicina.udd.cl\/enfermeria-santiago\/files\/2024\/09\/enf-jornada-cientifica-2024-9-1536x1024.jpg 1536w, https:\/\/medicina.udd.cl\/enfermeria-santiago\/files\/2024\/09\/enf-jornada-cientifica-2024-9-2048x1365.jpg 2048w\" sizes=\"auto, (max-width: 1024px) 100vw, 1024px\" \/><\/a><\/figure>\n\n\n\n<figure class=\"wp-block-image size-large\"><a href=\"https:\/\/medicina.udd.cl\/enfermeria-santiago\/files\/2024\/09\/enf-jornada-cientifica-2024-11-scaled.jpg\"><img loading=\"lazy\" decoding=\"async\" width=\"1024\" height=\"683\" data-id=\"9372\" src=\"https:\/\/medicina.udd.cl\/enfermeria-santiago\/files\/2024\/09\/enf-jornada-cientifica-2024-11-1024x683.jpg\" alt=\"\" class=\"wp-image-9372\" srcset=\"https:\/\/medicina.udd.cl\/enfermeria-santiago\/files\/2024\/09\/enf-jornada-cientifica-2024-11-1024x683.jpg 1024w, https:\/\/medicina.udd.cl\/enfermeria-santiago\/files\/2024\/09\/enf-jornada-cientifica-2024-11-300x200.jpg 300w, https:\/\/medicina.udd.cl\/enfermeria-santiago\/files\/2024\/09\/enf-jornada-cientifica-2024-11-768x512.jpg 768w, https:\/\/medicina.udd.cl\/enfermeria-santiago\/files\/2024\/09\/enf-jornada-cientifica-2024-11-1536x1024.jpg 1536w, https:\/\/medicina.udd.cl\/enfermeria-santiago\/files\/2024\/09\/enf-jornada-cientifica-2024-11-2048x1365.jpg 2048w\" sizes=\"auto, (max-width: 1024px) 100vw, 1024px\" \/><\/a><\/figure>\n\n\n\n<figure class=\"wp-block-image size-large\"><a href=\"https:\/\/medicina.udd.cl\/enfermeria-santiago\/files\/2024\/09\/enf-jornada-cientifica-2024-19-scaled.jpg\"><img loading=\"lazy\" decoding=\"async\" width=\"1024\" height=\"683\" data-id=\"9374\" src=\"https:\/\/medicina.udd.cl\/enfermeria-santiago\/files\/2024\/09\/enf-jornada-cientifica-2024-19-1024x683.jpg\" alt=\"\" class=\"wp-image-9374\" srcset=\"https:\/\/medicina.udd.cl\/enfermeria-santiago\/files\/2024\/09\/enf-jornada-cientifica-2024-19-1024x683.jpg 1024w, https:\/\/medicina.udd.cl\/enfermeria-santiago\/files\/2024\/09\/enf-jornada-cientifica-2024-19-300x200.jpg 300w, https:\/\/medicina.udd.cl\/enfermeria-santiago\/files\/2024\/09\/enf-jornada-cientifica-2024-19-768x512.jpg 768w, https:\/\/medicina.udd.cl\/enfermeria-santiago\/files\/2024\/09\/enf-jornada-cientifica-2024-19-1536x1024.jpg 1536w, https:\/\/medicina.udd.cl\/enfermeria-santiago\/files\/2024\/09\/enf-jornada-cientifica-2024-19-2048x1365.jpg 2048w\" sizes=\"auto, (max-width: 1024px) 100vw, 1024px\" \/><\/a><\/figure>\n\n\n\n<figure class=\"wp-block-image size-large\"><a href=\"https:\/\/medicina.udd.cl\/enfermeria-santiago\/files\/2024\/09\/enf-jornada-cientifica-2024-20-scaled.jpg\"><img loading=\"lazy\" decoding=\"async\" width=\"1024\" height=\"683\" data-id=\"9375\" src=\"https:\/\/medicina.udd.cl\/enfermeria-santiago\/files\/2024\/09\/enf-jornada-cientifica-2024-20-1024x683.jpg\" alt=\"\" class=\"wp-image-9375\" srcset=\"https:\/\/medicina.udd.cl\/enfermeria-santiago\/files\/2024\/09\/enf-jornada-cientifica-2024-20-1024x683.jpg 1024w, https:\/\/medicina.udd.cl\/enfermeria-santiago\/files\/2024\/09\/enf-jornada-cientifica-2024-20-300x200.jpg 300w, https:\/\/medicina.udd.cl\/enfermeria-santiago\/files\/2024\/09\/enf-jornada-cientifica-2024-20-768x512.jpg 768w, https:\/\/medicina.udd.cl\/enfermeria-santiago\/files\/2024\/09\/enf-jornada-cientifica-2024-20-1536x1024.jpg 1536w, https:\/\/medicina.udd.cl\/enfermeria-santiago\/files\/2024\/09\/enf-jornada-cientifica-2024-20-2048x1365.jpg 2048w\" sizes=\"auto, (max-width: 1024px) 100vw, 1024px\" \/><\/a><\/figure>\n\n\n\n<figure class=\"wp-block-image size-large\"><a href=\"https:\/\/medicina.udd.cl\/enfermeria-santiago\/files\/2024\/09\/enf-jornada-cientifica-2024-27-scaled.jpg\"><img loading=\"lazy\" decoding=\"async\" width=\"1024\" height=\"683\" data-id=\"9377\" src=\"https:\/\/medicina.udd.cl\/enfermeria-santiago\/files\/2024\/09\/enf-jornada-cientifica-2024-27-1024x683.jpg\" alt=\"\" class=\"wp-image-9377\" srcset=\"https:\/\/medicina.udd.cl\/enfermeria-santiago\/files\/2024\/09\/enf-jornada-cientifica-2024-27-1024x683.jpg 1024w, https:\/\/medicina.udd.cl\/enfermeria-santiago\/files\/2024\/09\/enf-jornada-cientifica-2024-27-300x200.jpg 300w, https:\/\/medicina.udd.cl\/enfermeria-santiago\/files\/2024\/09\/enf-jornada-cientifica-2024-27-768x512.jpg 768w, https:\/\/medicina.udd.cl\/enfermeria-santiago\/files\/2024\/09\/enf-jornada-cientifica-2024-27-1536x1024.jpg 1536w, https:\/\/medicina.udd.cl\/enfermeria-santiago\/files\/2024\/09\/enf-jornada-cientifica-2024-27-2048x1365.jpg 2048w\" sizes=\"auto, (max-width: 1024px) 100vw, 1024px\" \/><\/a><\/figure>\n\n\n\n<figure class=\"wp-block-image size-large\"><a href=\"https:\/\/medicina.udd.cl\/enfermeria-santiago\/files\/2024\/09\/enf-jornada-cientifica-2024-37-scaled.jpg\"><img loading=\"lazy\" decoding=\"async\" width=\"1024\" height=\"683\" data-id=\"9380\" src=\"https:\/\/medicina.udd.cl\/enfermeria-santiago\/files\/2024\/09\/enf-jornada-cientifica-2024-37-1024x683.jpg\" alt=\"\" class=\"wp-image-9380\" srcset=\"https:\/\/medicina.udd.cl\/enfermeria-santiago\/files\/2024\/09\/enf-jornada-cientifica-2024-37-1024x683.jpg 1024w, https:\/\/medicina.udd.cl\/enfermeria-santiago\/files\/2024\/09\/enf-jornada-cientifica-2024-37-300x200.jpg 300w, https:\/\/medicina.udd.cl\/enfermeria-santiago\/files\/2024\/09\/enf-jornada-cientifica-2024-37-768x512.jpg 768w, https:\/\/medicina.udd.cl\/enfermeria-santiago\/files\/2024\/09\/enf-jornada-cientifica-2024-37-1536x1024.jpg 1536w, https:\/\/medicina.udd.cl\/enfermeria-santiago\/files\/2024\/09\/enf-jornada-cientifica-2024-37-2048x1365.jpg 2048w\" sizes=\"auto, (max-width: 1024px) 100vw, 1024px\" \/><\/a><\/figure>\n\n\n\n<figure class=\"wp-block-image size-large\"><a href=\"https:\/\/medicina.udd.cl\/enfermeria-santiago\/files\/2024\/09\/enf-jornada-cientifica-2024-41-scaled.jpg\"><img loading=\"lazy\" decoding=\"async\" width=\"1024\" height=\"683\" data-id=\"9381\" src=\"https:\/\/medicina.udd.cl\/enfermeria-santiago\/files\/2024\/09\/enf-jornada-cientifica-2024-41-1024x683.jpg\" alt=\"\" class=\"wp-image-9381\" srcset=\"https:\/\/medicina.udd.cl\/enfermeria-santiago\/files\/2024\/09\/enf-jornada-cientifica-2024-41-1024x683.jpg 1024w, https:\/\/medicina.udd.cl\/enfermeria-santiago\/files\/2024\/09\/enf-jornada-cientifica-2024-41-300x200.jpg 300w, https:\/\/medicina.udd.cl\/enfermeria-santiago\/files\/2024\/09\/enf-jornada-cientifica-2024-41-768x512.jpg 768w, https:\/\/medicina.udd.cl\/enfermeria-santiago\/files\/2024\/09\/enf-jornada-cientifica-2024-41-1536x1024.jpg 1536w, https:\/\/medicina.udd.cl\/enfermeria-santiago\/files\/2024\/09\/enf-jornada-cientifica-2024-41-2048x1365.jpg 2048w\" sizes=\"auto, (max-width: 1024px) 100vw, 1024px\" \/><\/a><\/figure>\n\n\n\n<figure class=\"wp-block-image size-large\"><a href=\"https:\/\/medicina.udd.cl\/enfermeria-santiago\/files\/2024\/09\/enf-jornada-cientifica-2024-35-scaled.jpg\"><img loading=\"lazy\" decoding=\"async\" width=\"1024\" height=\"683\" data-id=\"9379\" src=\"https:\/\/medicina.udd.cl\/enfermeria-santiago\/files\/2024\/09\/enf-jornada-cientifica-2024-35-1024x683.jpg\" alt=\"\" class=\"wp-image-9379\" srcset=\"https:\/\/medicina.udd.cl\/enfermeria-santiago\/files\/2024\/09\/enf-jornada-cientifica-2024-35-1024x683.jpg 1024w, https:\/\/medicina.udd.cl\/enfermeria-santiago\/files\/2024\/09\/enf-jornada-cientifica-2024-35-300x200.jpg 300w, https:\/\/medicina.udd.cl\/enfermeria-santiago\/files\/2024\/09\/enf-jornada-cientifica-2024-35-768x512.jpg 768w, https:\/\/medicina.udd.cl\/enfermeria-santiago\/files\/2024\/09\/enf-jornada-cientifica-2024-35-1536x1024.jpg 1536w, https:\/\/medicina.udd.cl\/enfermeria-santiago\/files\/2024\/09\/enf-jornada-cientifica-2024-35-2048x1365.jpg 2048w\" sizes=\"auto, (max-width: 1024px) 100vw, 1024px\" \/><\/a><\/figure>\n\n\n\n<figure class=\"wp-block-image size-large\"><a href=\"https:\/\/medicina.udd.cl\/enfermeria-santiago\/files\/2024\/09\/enf-jornada-cientifica-2024-43-scaled.jpg\"><img loading=\"lazy\" decoding=\"async\" width=\"1024\" height=\"683\" data-id=\"9382\" src=\"https:\/\/medicina.udd.cl\/enfermeria-santiago\/files\/2024\/09\/enf-jornada-cientifica-2024-43-1024x683.jpg\" alt=\"\" class=\"wp-image-9382\" srcset=\"https:\/\/medicina.udd.cl\/enfermeria-santiago\/files\/2024\/09\/enf-jornada-cientifica-2024-43-1024x683.jpg 1024w, https:\/\/medicina.udd.cl\/enfermeria-santiago\/files\/2024\/09\/enf-jornada-cientifica-2024-43-300x200.jpg 300w, https:\/\/medicina.udd.cl\/enfermeria-santiago\/files\/2024\/09\/enf-jornada-cientifica-2024-43-768x512.jpg 768w, https:\/\/medicina.udd.cl\/enfermeria-santiago\/files\/2024\/09\/enf-jornada-cientifica-2024-43-1536x1024.jpg 1536w, https:\/\/medicina.udd.cl\/enfermeria-santiago\/files\/2024\/09\/enf-jornada-cientifica-2024-43-2048x1365.jpg 2048w\" sizes=\"auto, (max-width: 1024px) 100vw, 1024px\" \/><\/a><\/figure>\n\n\n\n<figure class=\"wp-block-image size-large\"><a href=\"https:\/\/medicina.udd.cl\/enfermeria-santiago\/files\/2024\/09\/enf-jornada-cientifica-2024-45-scaled.jpg\"><img loading=\"lazy\" decoding=\"async\" width=\"1024\" height=\"683\" data-id=\"9383\" src=\"https:\/\/medicina.udd.cl\/enfermeria-santiago\/files\/2024\/09\/enf-jornada-cientifica-2024-45-1024x683.jpg\" alt=\"\" class=\"wp-image-9383\" srcset=\"https:\/\/medicina.udd.cl\/enfermeria-santiago\/files\/2024\/09\/enf-jornada-cientifica-2024-45-1024x683.jpg 1024w, https:\/\/medicina.udd.cl\/enfermeria-santiago\/files\/2024\/09\/enf-jornada-cientifica-2024-45-300x200.jpg 300w, https:\/\/medicina.udd.cl\/enfermeria-santiago\/files\/2024\/09\/enf-jornada-cientifica-2024-45-768x512.jpg 768w, https:\/\/medicina.udd.cl\/enfermeria-santiago\/files\/2024\/09\/enf-jornada-cientifica-2024-45-1536x1024.jpg 1536w, https:\/\/medicina.udd.cl\/enfermeria-santiago\/files\/2024\/09\/enf-jornada-cientifica-2024-45-2048x1365.jpg 2048w\" sizes=\"auto, (max-width: 1024px) 100vw, 1024px\" \/><\/a><\/figure>\n\n\n\n<figure class=\"wp-block-image size-large\"><a href=\"https:\/\/medicina.udd.cl\/enfermeria-santiago\/files\/2024\/09\/enf-jornada-cientifica-2024-48-scaled.jpg\"><img loading=\"lazy\" decoding=\"async\" width=\"1024\" height=\"683\" data-id=\"9384\" src=\"https:\/\/medicina.udd.cl\/enfermeria-santiago\/files\/2024\/09\/enf-jornada-cientifica-2024-48-1024x683.jpg\" alt=\"\" class=\"wp-image-9384\" srcset=\"https:\/\/medicina.udd.cl\/enfermeria-santiago\/files\/2024\/09\/enf-jornada-cientifica-2024-48-1024x683.jpg 1024w, https:\/\/medicina.udd.cl\/enfermeria-santiago\/files\/2024\/09\/enf-jornada-cientifica-2024-48-300x200.jpg 300w, https:\/\/medicina.udd.cl\/enfermeria-santiago\/files\/2024\/09\/enf-jornada-cientifica-2024-48-768x512.jpg 768w, https:\/\/medicina.udd.cl\/enfermeria-santiago\/files\/2024\/09\/enf-jornada-cientifica-2024-48-1536x1024.jpg 1536w, https:\/\/medicina.udd.cl\/enfermeria-santiago\/files\/2024\/09\/enf-jornada-cientifica-2024-48-2048x1365.jpg 2048w\" sizes=\"auto, (max-width: 1024px) 100vw, 1024px\" \/><\/a><\/figure>\n\n\n\n<figure class=\"wp-block-image size-large\"><a href=\"https:\/\/medicina.udd.cl\/enfermeria-santiago\/files\/2024\/09\/enf-jornada-cientifica-2024-40-scaled.jpg\"><img loading=\"lazy\" decoding=\"async\" width=\"1024\" height=\"683\" data-id=\"9389\" src=\"https:\/\/medicina.udd.cl\/enfermeria-santiago\/files\/2024\/09\/enf-jornada-cientifica-2024-40-1024x683.jpg\" alt=\"\" class=\"wp-image-9389\" srcset=\"https:\/\/medicina.udd.cl\/enfermeria-santiago\/files\/2024\/09\/enf-jornada-cientifica-2024-40-1024x683.jpg 1024w, https:\/\/medicina.udd.cl\/enfermeria-santiago\/files\/2024\/09\/enf-jornada-cientifica-2024-40-300x200.jpg 300w, https:\/\/medicina.udd.cl\/enfermeria-santiago\/files\/2024\/09\/enf-jornada-cientifica-2024-40-768x512.jpg 768w, https:\/\/medicina.udd.cl\/enfermeria-santiago\/files\/2024\/09\/enf-jornada-cientifica-2024-40-1536x1024.jpg 1536w, https:\/\/medicina.udd.cl\/enfermeria-santiago\/files\/2024\/09\/enf-jornada-cientifica-2024-40-2048x1365.jpg 2048w\" sizes=\"auto, (max-width: 1024px) 100vw, 1024px\" \/><\/a><\/figure>\n\n\n\n<figure class=\"wp-block-image size-large\"><a href=\"https:\/\/medicina.udd.cl\/enfermeria-santiago\/files\/2024\/09\/enf-jornada-cientifica-2024-51-scaled.jpg\"><img loading=\"lazy\" decoding=\"async\" width=\"1024\" height=\"683\" data-id=\"9385\" src=\"https:\/\/medicina.udd.cl\/enfermeria-santiago\/files\/2024\/09\/enf-jornada-cientifica-2024-51-1024x683.jpg\" alt=\"\" class=\"wp-image-9385\" srcset=\"https:\/\/medicina.udd.cl\/enfermeria-santiago\/files\/2024\/09\/enf-jornada-cientifica-2024-51-1024x683.jpg 1024w, https:\/\/medicina.udd.cl\/enfermeria-santiago\/files\/2024\/09\/enf-jornada-cientifica-2024-51-300x200.jpg 300w, https:\/\/medicina.udd.cl\/enfermeria-santiago\/files\/2024\/09\/enf-jornada-cientifica-2024-51-768x512.jpg 768w, https:\/\/medicina.udd.cl\/enfermeria-santiago\/files\/2024\/09\/enf-jornada-cientifica-2024-51-1536x1024.jpg 1536w, https:\/\/medicina.udd.cl\/enfermeria-santiago\/files\/2024\/09\/enf-jornada-cientifica-2024-51-2048x1365.jpg 2048w\" sizes=\"auto, (max-width: 1024px) 100vw, 1024px\" \/><\/a><\/figure>\n\n\n\n<figure class=\"wp-block-image size-large\"><a href=\"https:\/\/medicina.udd.cl\/enfermeria-santiago\/files\/2024\/09\/enf-jornada-cientifica-2024-56-scaled.jpg\"><img loading=\"lazy\" decoding=\"async\" width=\"1024\" height=\"683\" data-id=\"9387\" src=\"https:\/\/medicina.udd.cl\/enfermeria-santiago\/files\/2024\/09\/enf-jornada-cientifica-2024-56-1024x683.jpg\" alt=\"\" class=\"wp-image-9387\" srcset=\"https:\/\/medicina.udd.cl\/enfermeria-santiago\/files\/2024\/09\/enf-jornada-cientifica-2024-56-1024x683.jpg 1024w, https:\/\/medicina.udd.cl\/enfermeria-santiago\/files\/2024\/09\/enf-jornada-cientifica-2024-56-300x200.jpg 300w, https:\/\/medicina.udd.cl\/enfermeria-santiago\/files\/2024\/09\/enf-jornada-cientifica-2024-56-768x512.jpg 768w, https:\/\/medicina.udd.cl\/enfermeria-santiago\/files\/2024\/09\/enf-jornada-cientifica-2024-56-1536x1024.jpg 1536w, https:\/\/medicina.udd.cl\/enfermeria-santiago\/files\/2024\/09\/enf-jornada-cientifica-2024-56-2048x1365.jpg 2048w\" sizes=\"auto, (max-width: 1024px) 100vw, 1024px\" \/><\/a><\/figure>\n<\/figure>\n","protected":false},"excerpt":{"rendered":"<p>La carrera de Enfermer\u00eda de la Facultad de Medicina Cl\u00ednica Alemana Universidad del Desarrollo (UDD) llev\u00f3 a cabo con \u00e9xito la Jornada Cient\u00edfica 2024, un evento acad\u00e9mico que reuni\u00f3 a estudiantes de todos los niveles, desde primero hasta quinto a\u00f1o, con el prop\u00f3sito de compartir y presentar sus trabajos con enfoque cient\u00edfico. \u00abLa finalidad es [&hellip;]<\/p>\n","protected":false},"author":9192219,"featured_media":9388,"comment_status":"closed","ping_status":"open","sticky":false,"template":"","format":"standard","meta":{"footnotes":""},"categories":[4],"tags":[],"class_list":["post-9363","post","type-post","status-publish","format-standard","has-post-thumbnail","hentry","category-noticias"],"yoast_head":"<!-- This site is optimized with the Yoast SEO plugin v26.9 - https:\/\/yoast.com\/product\/yoast-seo-wordpress\/ -->\n<title>Enfermer\u00eda UDD realiza con \u00e9xito Jornada Cient\u00edfica 2024 - Enfermer\u00eda UDD<\/title>\n<meta name=\"robots\" content=\"index, follow, max-snippet:-1, max-image-preview:large, max-video-preview:-1\" \/>\n<link rel=\"canonical\" href=\"https:\/\/medicina.udd.cl\/enfermeria-santiago\/noticias\/2024\/09\/09\/enfermeria-udd-realiza-con-exito-jornada-cientifica-2024\/\" \/>\n<meta property=\"og:locale\" content=\"es_ES\" \/>\n<meta property=\"og:type\" content=\"article\" \/>\n<meta property=\"og:title\" content=\"Enfermer\u00eda UDD realiza con \u00e9xito Jornada Cient\u00edfica 2024 - Enfermer\u00eda UDD\" \/>\n<meta property=\"og:description\" content=\"La carrera de Enfermer\u00eda de la Facultad de Medicina Cl\u00ednica Alemana Universidad del Desarrollo (UDD) llev\u00f3 a cabo con \u00e9xito la Jornada Cient\u00edfica 2024, un evento acad\u00e9mico que reuni\u00f3 a estudiantes de todos los niveles, desde primero hasta quinto a\u00f1o, con el prop\u00f3sito de compartir y presentar sus trabajos con enfoque cient\u00edfico. \u00abLa finalidad es [&hellip;]\" \/>\n<meta property=\"og:url\" content=\"https:\/\/medicina.udd.cl\/enfermeria-santiago\/noticias\/2024\/09\/09\/enfermeria-udd-realiza-con-exito-jornada-cientifica-2024\/\" \/>\n<meta property=\"og:site_name\" content=\"Enfermer\u00eda UDD\" \/>\n<meta property=\"article:published_time\" content=\"2024-09-09T18:26:00+00:00\" \/>\n<meta property=\"article:modified_time\" content=\"2024-09-10T20:14:30+00:00\" \/>\n<meta property=\"og:image\" content=\"https:\/\/medicina.udd.cl\/enfermeria-santiago\/files\/2024\/09\/enf-jornada-cientifica-2024-62-scaled.jpg\" \/>\n\t<meta property=\"og:image:width\" content=\"2560\" \/>\n\t<meta property=\"og:image:height\" content=\"1707\" \/>\n\t<meta property=\"og:image:type\" content=\"image\/jpeg\" \/>\n<meta name=\"author\" content=\"rbraidy\" \/>\n<meta name=\"twitter:label1\" content=\"Escrito por\" \/>\n\t<meta name=\"twitter:data1\" content=\"rbraidy\" \/>\n\t<meta name=\"twitter:label2\" content=\"Tiempo de lectura\" \/>\n\t<meta name=\"twitter:data2\" content=\"9 minutos\" \/>\n<script type=\"application\/ld+json\" class=\"yoast-schema-graph\">{\"@context\":\"https:\/\/schema.org\",\"@graph\":[{\"@type\":\"Article\",\"@id\":\"https:\/\/medicina.udd.cl\/enfermeria-santiago\/noticias\/2024\/09\/09\/enfermeria-udd-realiza-con-exito-jornada-cientifica-2024\/#article\",\"isPartOf\":{\"@id\":\"https:\/\/medicina.udd.cl\/enfermeria-santiago\/noticias\/2024\/09\/09\/enfermeria-udd-realiza-con-exito-jornada-cientifica-2024\/\"},\"author\":{\"name\":\"rbraidy\",\"@id\":\"https:\/\/medicina.udd.cl\/enfermeria-santiago\/#\/schema\/person\/dbc3705bf3a93e8be1ba6de0ef950341\"},\"headline\":\"Enfermer\u00eda UDD realiza con \u00e9xito Jornada Cient\u00edfica 2024\",\"datePublished\":\"2024-09-09T18:26:00+00:00\",\"dateModified\":\"2024-09-10T20:14:30+00:00\",\"mainEntityOfPage\":{\"@id\":\"https:\/\/medicina.udd.cl\/enfermeria-santiago\/noticias\/2024\/09\/09\/enfermeria-udd-realiza-con-exito-jornada-cientifica-2024\/\"},\"wordCount\":714,\"image\":{\"@id\":\"https:\/\/medicina.udd.cl\/enfermeria-santiago\/noticias\/2024\/09\/09\/enfermeria-udd-realiza-con-exito-jornada-cientifica-2024\/#primaryimage\"},\"thumbnailUrl\":\"https:\/\/medicina.udd.cl\/enfermeria-santiago\/files\/2024\/09\/enf-jornada-cientifica-2024-62-scaled.jpg\",\"articleSection\":[\"Noticias\"],\"inLanguage\":\"es\"},{\"@type\":\"WebPage\",\"@id\":\"https:\/\/medicina.udd.cl\/enfermeria-santiago\/noticias\/2024\/09\/09\/enfermeria-udd-realiza-con-exito-jornada-cientifica-2024\/\",\"url\":\"https:\/\/medicina.udd.cl\/enfermeria-santiago\/noticias\/2024\/09\/09\/enfermeria-udd-realiza-con-exito-jornada-cientifica-2024\/\",\"name\":\"Enfermer\u00eda UDD realiza con \u00e9xito Jornada Cient\u00edfica 2024 - Enfermer\u00eda UDD\",\"isPartOf\":{\"@id\":\"https:\/\/medicina.udd.cl\/enfermeria-santiago\/#website\"},\"primaryImageOfPage\":{\"@id\":\"https:\/\/medicina.udd.cl\/enfermeria-santiago\/noticias\/2024\/09\/09\/enfermeria-udd-realiza-con-exito-jornada-cientifica-2024\/#primaryimage\"},\"image\":{\"@id\":\"https:\/\/medicina.udd.cl\/enfermeria-santiago\/noticias\/2024\/09\/09\/enfermeria-udd-realiza-con-exito-jornada-cientifica-2024\/#primaryimage\"},\"thumbnailUrl\":\"https:\/\/medicina.udd.cl\/enfermeria-santiago\/files\/2024\/09\/enf-jornada-cientifica-2024-62-scaled.jpg\",\"datePublished\":\"2024-09-09T18:26:00+00:00\",\"dateModified\":\"2024-09-10T20:14:30+00:00\",\"author\":{\"@id\":\"https:\/\/medicina.udd.cl\/enfermeria-santiago\/#\/schema\/person\/dbc3705bf3a93e8be1ba6de0ef950341\"},\"breadcrumb\":{\"@id\":\"https:\/\/medicina.udd.cl\/enfermeria-santiago\/noticias\/2024\/09\/09\/enfermeria-udd-realiza-con-exito-jornada-cientifica-2024\/#breadcrumb\"},\"inLanguage\":\"es\",\"potentialAction\":[{\"@type\":\"ReadAction\",\"target\":[\"https:\/\/medicina.udd.cl\/enfermeria-santiago\/noticias\/2024\/09\/09\/enfermeria-udd-realiza-con-exito-jornada-cientifica-2024\/\"]}]},{\"@type\":\"ImageObject\",\"inLanguage\":\"es\",\"@id\":\"https:\/\/medicina.udd.cl\/enfermeria-santiago\/noticias\/2024\/09\/09\/enfermeria-udd-realiza-con-exito-jornada-cientifica-2024\/#primaryimage\",\"url\":\"https:\/\/medicina.udd.cl\/enfermeria-santiago\/files\/2024\/09\/enf-jornada-cientifica-2024-62-scaled.jpg\",\"contentUrl\":\"https:\/\/medicina.udd.cl\/enfermeria-santiago\/files\/2024\/09\/enf-jornada-cientifica-2024-62-scaled.jpg\",\"width\":2560,\"height\":1707},{\"@type\":\"BreadcrumbList\",\"@id\":\"https:\/\/medicina.udd.cl\/enfermeria-santiago\/noticias\/2024\/09\/09\/enfermeria-udd-realiza-con-exito-jornada-cientifica-2024\/#breadcrumb\",\"itemListElement\":[{\"@type\":\"ListItem\",\"position\":1,\"name\":\"Home\",\"item\":\"https:\/\/medicina.udd.cl\/enfermeria-santiago\/\"},{\"@type\":\"ListItem\",\"position\":2,\"name\":\"Enfermer\u00eda UDD realiza con \u00e9xito Jornada Cient\u00edfica 2024\"}]},{\"@type\":\"WebSite\",\"@id\":\"https:\/\/medicina.udd.cl\/enfermeria-santiago\/#website\",\"url\":\"https:\/\/medicina.udd.cl\/enfermeria-santiago\/\",\"name\":\"Enfermer\u00eda UDD\",\"description\":\"Facultad de Medicina Cl\u00ednica Alemana Universidad del Desarrollo\",\"inLanguage\":\"es\"},{\"@type\":\"Person\",\"@id\":\"https:\/\/medicina.udd.cl\/enfermeria-santiago\/#\/schema\/person\/dbc3705bf3a93e8be1ba6de0ef950341\",\"name\":\"rbraidy\",\"image\":{\"@type\":\"ImageObject\",\"inLanguage\":\"es\",\"@id\":\"https:\/\/medicina.udd.cl\/enfermeria-santiago\/#\/schema\/person\/image\/\",\"url\":\"https:\/\/secure.gravatar.com\/avatar\/0f8bc94637401590e45d2ce17eb65c274cb8870a219de6177f3f23e63fd8cdf3?s=96&d=mm&r=g\",\"contentUrl\":\"https:\/\/secure.gravatar.com\/avatar\/0f8bc94637401590e45d2ce17eb65c274cb8870a219de6177f3f23e63fd8cdf3?s=96&d=mm&r=g\",\"caption\":\"rbraidy\"},\"url\":\"https:\/\/medicina.udd.cl\/enfermeria-santiago\/noticias\/author\/rbraidy\/\"}]}<\/script>\n<!-- \/ Yoast SEO plugin. -->","yoast_head_json":{"title":"Enfermer\u00eda UDD realiza con \u00e9xito Jornada Cient\u00edfica 2024 - Enfermer\u00eda UDD","robots":{"index":"index","follow":"follow","max-snippet":"max-snippet:-1","max-image-preview":"max-image-preview:large","max-video-preview":"max-video-preview:-1"},"canonical":"https:\/\/medicina.udd.cl\/enfermeria-santiago\/noticias\/2024\/09\/09\/enfermeria-udd-realiza-con-exito-jornada-cientifica-2024\/","og_locale":"es_ES","og_type":"article","og_title":"Enfermer\u00eda UDD realiza con \u00e9xito Jornada Cient\u00edfica 2024 - Enfermer\u00eda UDD","og_description":"La carrera de Enfermer\u00eda de la Facultad de Medicina Cl\u00ednica Alemana Universidad del Desarrollo (UDD) llev\u00f3 a cabo con \u00e9xito la Jornada Cient\u00edfica 2024, un evento acad\u00e9mico que reuni\u00f3 a estudiantes de todos los niveles, desde primero hasta quinto a\u00f1o, con el prop\u00f3sito de compartir y presentar sus trabajos con enfoque cient\u00edfico. \u00abLa finalidad es [&hellip;]","og_url":"https:\/\/medicina.udd.cl\/enfermeria-santiago\/noticias\/2024\/09\/09\/enfermeria-udd-realiza-con-exito-jornada-cientifica-2024\/","og_site_name":"Enfermer\u00eda UDD","article_published_time":"2024-09-09T18:26:00+00:00","article_modified_time":"2024-09-10T20:14:30+00:00","og_image":[{"width":2560,"height":1707,"url":"https:\/\/medicina.udd.cl\/enfermeria-santiago\/files\/2024\/09\/enf-jornada-cientifica-2024-62-scaled.jpg","type":"image\/jpeg"}],"author":"rbraidy","twitter_misc":{"Escrito por":"rbraidy","Tiempo de lectura":"9 minutos"},"schema":{"@context":"https:\/\/schema.org","@graph":[{"@type":"Article","@id":"https:\/\/medicina.udd.cl\/enfermeria-santiago\/noticias\/2024\/09\/09\/enfermeria-udd-realiza-con-exito-jornada-cientifica-2024\/#article","isPartOf":{"@id":"https:\/\/medicina.udd.cl\/enfermeria-santiago\/noticias\/2024\/09\/09\/enfermeria-udd-realiza-con-exito-jornada-cientifica-2024\/"},"author":{"name":"rbraidy","@id":"https:\/\/medicina.udd.cl\/enfermeria-santiago\/#\/schema\/person\/dbc3705bf3a93e8be1ba6de0ef950341"},"headline":"Enfermer\u00eda UDD realiza con \u00e9xito Jornada Cient\u00edfica 2024","datePublished":"2024-09-09T18:26:00+00:00","dateModified":"2024-09-10T20:14:30+00:00","mainEntityOfPage":{"@id":"https:\/\/medicina.udd.cl\/enfermeria-santiago\/noticias\/2024\/09\/09\/enfermeria-udd-realiza-con-exito-jornada-cientifica-2024\/"},"wordCount":714,"image":{"@id":"https:\/\/medicina.udd.cl\/enfermeria-santiago\/noticias\/2024\/09\/09\/enfermeria-udd-realiza-con-exito-jornada-cientifica-2024\/#primaryimage"},"thumbnailUrl":"https:\/\/medicina.udd.cl\/enfermeria-santiago\/files\/2024\/09\/enf-jornada-cientifica-2024-62-scaled.jpg","articleSection":["Noticias"],"inLanguage":"es"},{"@type":"WebPage","@id":"https:\/\/medicina.udd.cl\/enfermeria-santiago\/noticias\/2024\/09\/09\/enfermeria-udd-realiza-con-exito-jornada-cientifica-2024\/","url":"https:\/\/medicina.udd.cl\/enfermeria-santiago\/noticias\/2024\/09\/09\/enfermeria-udd-realiza-con-exito-jornada-cientifica-2024\/","name":"Enfermer\u00eda UDD realiza con \u00e9xito Jornada Cient\u00edfica 2024 - Enfermer\u00eda UDD","isPartOf":{"@id":"https:\/\/medicina.udd.cl\/enfermeria-santiago\/#website"},"primaryImageOfPage":{"@id":"https:\/\/medicina.udd.cl\/enfermeria-santiago\/noticias\/2024\/09\/09\/enfermeria-udd-realiza-con-exito-jornada-cientifica-2024\/#primaryimage"},"image":{"@id":"https:\/\/medicina.udd.cl\/enfermeria-santiago\/noticias\/2024\/09\/09\/enfermeria-udd-realiza-con-exito-jornada-cientifica-2024\/#primaryimage"},"thumbnailUrl":"https:\/\/medicina.udd.cl\/enfermeria-santiago\/files\/2024\/09\/enf-jornada-cientifica-2024-62-scaled.jpg","datePublished":"2024-09-09T18:26:00+00:00","dateModified":"2024-09-10T20:14:30+00:00","author":{"@id":"https:\/\/medicina.udd.cl\/enfermeria-santiago\/#\/schema\/person\/dbc3705bf3a93e8be1ba6de0ef950341"},"breadcrumb":{"@id":"https:\/\/medicina.udd.cl\/enfermeria-santiago\/noticias\/2024\/09\/09\/enfermeria-udd-realiza-con-exito-jornada-cientifica-2024\/#breadcrumb"},"inLanguage":"es","potentialAction":[{"@type":"ReadAction","target":["https:\/\/medicina.udd.cl\/enfermeria-santiago\/noticias\/2024\/09\/09\/enfermeria-udd-realiza-con-exito-jornada-cientifica-2024\/"]}]},{"@type":"ImageObject","inLanguage":"es","@id":"https:\/\/medicina.udd.cl\/enfermeria-santiago\/noticias\/2024\/09\/09\/enfermeria-udd-realiza-con-exito-jornada-cientifica-2024\/#primaryimage","url":"https:\/\/medicina.udd.cl\/enfermeria-santiago\/files\/2024\/09\/enf-jornada-cientifica-2024-62-scaled.jpg","contentUrl":"https:\/\/medicina.udd.cl\/enfermeria-santiago\/files\/2024\/09\/enf-jornada-cientifica-2024-62-scaled.jpg","width":2560,"height":1707},{"@type":"BreadcrumbList","@id":"https:\/\/medicina.udd.cl\/enfermeria-santiago\/noticias\/2024\/09\/09\/enfermeria-udd-realiza-con-exito-jornada-cientifica-2024\/#breadcrumb","itemListElement":[{"@type":"ListItem","position":1,"name":"Home","item":"https:\/\/medicina.udd.cl\/enfermeria-santiago\/"},{"@type":"ListItem","position":2,"name":"Enfermer\u00eda UDD realiza con \u00e9xito Jornada Cient\u00edfica 2024"}]},{"@type":"WebSite","@id":"https:\/\/medicina.udd.cl\/enfermeria-santiago\/#website","url":"https:\/\/medicina.udd.cl\/enfermeria-santiago\/","name":"Enfermer\u00eda UDD","description":"Facultad de Medicina Cl\u00ednica Alemana Universidad del Desarrollo","inLanguage":"es"},{"@type":"Person","@id":"https:\/\/medicina.udd.cl\/enfermeria-santiago\/#\/schema\/person\/dbc3705bf3a93e8be1ba6de0ef950341","name":"rbraidy","image":{"@type":"ImageObject","inLanguage":"es","@id":"https:\/\/medicina.udd.cl\/enfermeria-santiago\/#\/schema\/person\/image\/","url":"https:\/\/secure.gravatar.com\/avatar\/0f8bc94637401590e45d2ce17eb65c274cb8870a219de6177f3f23e63fd8cdf3?s=96&d=mm&r=g","contentUrl":"https:\/\/secure.gravatar.com\/avatar\/0f8bc94637401590e45d2ce17eb65c274cb8870a219de6177f3f23e63fd8cdf3?s=96&d=mm&r=g","caption":"rbraidy"},"url":"https:\/\/medicina.udd.cl\/enfermeria-santiago\/noticias\/author\/rbraidy\/"}]}},"featured_image_url":"https:\/\/medicina.udd.cl\/enfermeria-santiago\/files\/2024\/09\/enf-jornada-cientifica-2024-62-scaled.jpg","_links":{"self":[{"href":"https:\/\/medicina.udd.cl\/enfermeria-santiago\/wp-json\/wp\/v2\/posts\/9363","targetHints":{"allow":["GET"]}}],"collection":[{"href":"https:\/\/medicina.udd.cl\/enfermeria-santiago\/wp-json\/wp\/v2\/posts"}],"about":[{"href":"https:\/\/medicina.udd.cl\/enfermeria-santiago\/wp-json\/wp\/v2\/types\/post"}],"author":[{"embeddable":true,"href":"https:\/\/medicina.udd.cl\/enfermeria-santiago\/wp-json\/wp\/v2\/users\/9192219"}],"replies":[{"embeddable":true,"href":"https:\/\/medicina.udd.cl\/enfermeria-santiago\/wp-json\/wp\/v2\/comments?post=9363"}],"version-history":[{"count":2,"href":"https:\/\/medicina.udd.cl\/enfermeria-santiago\/wp-json\/wp\/v2\/posts\/9363\/revisions"}],"predecessor-version":[{"id":9391,"href":"https:\/\/medicina.udd.cl\/enfermeria-santiago\/wp-json\/wp\/v2\/posts\/9363\/revisions\/9391"}],"wp:featuredmedia":[{"embeddable":true,"href":"https:\/\/medicina.udd.cl\/enfermeria-santiago\/wp-json\/wp\/v2\/media\/9388"}],"wp:attachment":[{"href":"https:\/\/medicina.udd.cl\/enfermeria-santiago\/wp-json\/wp\/v2\/media?parent=9363"}],"wp:term":[{"taxonomy":"category","embeddable":true,"href":"https:\/\/medicina.udd.cl\/enfermeria-santiago\/wp-json\/wp\/v2\/categories?post=9363"},{"taxonomy":"post_tag","embeddable":true,"href":"https:\/\/medicina.udd.cl\/enfermeria-santiago\/wp-json\/wp\/v2\/tags?post=9363"}],"curies":[{"name":"wp","href":"https:\/\/api.w.org\/{rel}","templated":true}]}}