{"id":9697,"date":"2025-05-29T17:42:48","date_gmt":"2025-05-29T21:42:48","guid":{"rendered":"https:\/\/medicina.udd.cl\/enfermeria-santiago\/?p=9697"},"modified":"2025-05-29T18:12:48","modified_gmt":"2025-05-29T22:12:48","slug":"estudiantes-de-ensenanza-media-vivieron-experiencia-universitaria-en-conoce-enfermeria-udd","status":"publish","type":"post","link":"https:\/\/medicina.udd.cl\/enfermeria-santiago\/noticias\/2025\/05\/29\/estudiantes-de-ensenanza-media-vivieron-experiencia-universitaria-en-conoce-enfermeria-udd\/","title":{"rendered":"Estudiantes de ense\u00f1anza media y egresados vivieron experiencia universitaria en \u201cConoce Enfermer\u00eda UDD\u201d"},"content":{"rendered":"\n<figure class=\"wp-block-gallery has-nested-images columns-default is-cropped wp-block-gallery-1 is-layout-flex wp-block-gallery-is-layout-flex\">\n<figure class=\"wp-block-image size-large\"><a href=\"https:\/\/medicina.udd.cl\/enfermeria-santiago\/files\/2025\/05\/enf-conoce-enfermeria-udd-2025-1.jpeg\"><img loading=\"lazy\" decoding=\"async\" width=\"768\" height=\"1024\" data-id=\"9698\" src=\"https:\/\/medicina.udd.cl\/enfermeria-santiago\/files\/2025\/05\/enf-conoce-enfermeria-udd-2025-1-768x1024.jpeg\" alt=\"\" class=\"wp-image-9698\" srcset=\"https:\/\/medicina.udd.cl\/enfermeria-santiago\/files\/2025\/05\/enf-conoce-enfermeria-udd-2025-1-768x1023.jpeg 768w, https:\/\/medicina.udd.cl\/enfermeria-santiago\/files\/2025\/05\/enf-conoce-enfermeria-udd-2025-1-225x300.jpeg 225w, https:\/\/medicina.udd.cl\/enfermeria-santiago\/files\/2025\/05\/enf-conoce-enfermeria-udd-2025-1-1153x1536.jpeg 1153w, https:\/\/medicina.udd.cl\/enfermeria-santiago\/files\/2025\/05\/enf-conoce-enfermeria-udd-2025-1-1537x2048.jpeg 1537w, https:\/\/medicina.udd.cl\/enfermeria-santiago\/files\/2025\/05\/enf-conoce-enfermeria-udd-2025-1.jpeg 1816w\" sizes=\"auto, (max-width: 768px) 100vw, 768px\" \/><\/a><\/figure>\n\n\n\n<figure class=\"wp-block-image size-large\"><a href=\"https:\/\/medicina.udd.cl\/enfermeria-santiago\/files\/2025\/05\/enf-conoce-enfermeria-udd-2025-2.jpeg\"><img loading=\"lazy\" decoding=\"async\" width=\"768\" height=\"1024\" data-id=\"9699\" src=\"https:\/\/medicina.udd.cl\/enfermeria-santiago\/files\/2025\/05\/enf-conoce-enfermeria-udd-2025-2-768x1024.jpeg\" alt=\"\" class=\"wp-image-9699\" srcset=\"https:\/\/medicina.udd.cl\/enfermeria-santiago\/files\/2025\/05\/enf-conoce-enfermeria-udd-2025-2-768x1023.jpeg 768w, https:\/\/medicina.udd.cl\/enfermeria-santiago\/files\/2025\/05\/enf-conoce-enfermeria-udd-2025-2-225x300.jpeg 225w, https:\/\/medicina.udd.cl\/enfermeria-santiago\/files\/2025\/05\/enf-conoce-enfermeria-udd-2025-2-1153x1536.jpeg 1153w, https:\/\/medicina.udd.cl\/enfermeria-santiago\/files\/2025\/05\/enf-conoce-enfermeria-udd-2025-2-1537x2048.jpeg 1537w, https:\/\/medicina.udd.cl\/enfermeria-santiago\/files\/2025\/05\/enf-conoce-enfermeria-udd-2025-2.jpeg 1816w\" sizes=\"auto, (max-width: 768px) 100vw, 768px\" \/><\/a><\/figure>\n\n\n\n<figure class=\"wp-block-image size-large\"><a href=\"https:\/\/medicina.udd.cl\/enfermeria-santiago\/files\/2025\/05\/enf-conoce-enfermeria-udd-2025-7.jpeg\"><img loading=\"lazy\" decoding=\"async\" width=\"768\" height=\"1024\" data-id=\"9704\" src=\"https:\/\/medicina.udd.cl\/enfermeria-santiago\/files\/2025\/05\/enf-conoce-enfermeria-udd-2025-7-768x1024.jpeg\" alt=\"\" class=\"wp-image-9704\" srcset=\"https:\/\/medicina.udd.cl\/enfermeria-santiago\/files\/2025\/05\/enf-conoce-enfermeria-udd-2025-7-768x1023.jpeg 768w, https:\/\/medicina.udd.cl\/enfermeria-santiago\/files\/2025\/05\/enf-conoce-enfermeria-udd-2025-7-225x300.jpeg 225w, https:\/\/medicina.udd.cl\/enfermeria-santiago\/files\/2025\/05\/enf-conoce-enfermeria-udd-2025-7-1153x1536.jpeg 1153w, https:\/\/medicina.udd.cl\/enfermeria-santiago\/files\/2025\/05\/enf-conoce-enfermeria-udd-2025-7-1537x2048.jpeg 1537w, https:\/\/medicina.udd.cl\/enfermeria-santiago\/files\/2025\/05\/enf-conoce-enfermeria-udd-2025-7.jpeg 1816w\" sizes=\"auto, (max-width: 768px) 100vw, 768px\" \/><\/a><\/figure>\n<\/figure>\n\n\n\n<p>El pasado martes 27 de mayo, la\u00a0<strong>carrera de Enfermer\u00eda de la Facultad de Medicina Cl\u00ednica Alemana Universidad del Desarrollo (UDD)<\/strong>\u00a0realiz\u00f3 con \u00e9xito la primera sesi\u00f3n de la actividad\u00a0<strong>\u201cConoce Enfermer\u00eda UDD\u201d<\/strong>, una instancia dise\u00f1ada especialmente para que estudiantes de\u00a0<strong>cuarto medio y egresados<\/strong>\u00a0puedan acercarse de forma vivencial y din\u00e1mica a la profesi\u00f3n de la Enfermer\u00eda.<\/p>\n\n\n\n<p>En esta ocasi\u00f3n, un grupo de&nbsp;<strong>13 estudiantes<\/strong>&nbsp;particip\u00f3 en una&nbsp;<strong>jornada \u00fanica e innovadora<\/strong>, que les permiti\u00f3 conocer de cerca el quehacer profesional y acad\u00e9mico de la carrera. A trav\u00e9s de diversas actividades pr\u00e1cticas e interactivas, los asistentes pudieron explorar el enfoque formativo de Enfermer\u00eda UDD, destacando el contacto temprano con la simulaci\u00f3n cl\u00ednica y el aprendizaje basado en la experiencia.<\/p>\n\n\n\n<p>Durante la jornada, los estudiantes vivieron una&nbsp;<strong>clase interactiva en RealiTec<\/strong>, el centro de simulaci\u00f3n de alta fidelidad de la UDD, donde experimentaron el uso de tecnolog\u00edas aplicadas a la salud. Posteriormente, participaron en un&nbsp;<strong>taller pr\u00e1ctico guiado por internas de Enfermer\u00eda<\/strong>, actualmente en pr\u00e1ctica cl\u00ednica en&nbsp;<strong>Cl\u00ednica Alemana Santiago y Hospital FACH<\/strong>, quienes compartieron sus experiencias y conocimientos con entusiasmo.<\/p>\n\n\n\n<p>Esta iniciativa refuerza el compromiso de la carrera de Enfermer\u00eda UDD con una formaci\u00f3n cercana, innovadora y centrada en el estudiante, permitiendo que futuros postulantes puedan&nbsp;<strong>vivir la experiencia universitaria desde el inicio de su decisi\u00f3n vocacional<\/strong>.<\/p>\n","protected":false},"excerpt":{"rendered":"<p>El pasado martes 27 de mayo, la\u00a0carrera de Enfermer\u00eda de la Facultad de Medicina Cl\u00ednica Alemana Universidad del Desarrollo (UDD)\u00a0realiz\u00f3 con \u00e9xito la primera sesi\u00f3n de la actividad\u00a0\u201cConoce Enfermer\u00eda UDD\u201d, una instancia dise\u00f1ada especialmente para que estudiantes de\u00a0cuarto medio y egresados\u00a0puedan acercarse de forma vivencial y din\u00e1mica a la profesi\u00f3n de la Enfermer\u00eda. En esta [&hellip;]<\/p>\n","protected":false},"author":9192219,"featured_media":9698,"comment_status":"closed","ping_status":"open","sticky":false,"template":"","format":"standard","meta":{"footnotes":""},"categories":[4],"tags":[],"class_list":["post-9697","post","type-post","status-publish","format-standard","has-post-thumbnail","hentry","category-noticias"],"yoast_head":"<!-- This site is optimized with the Yoast SEO plugin v26.9 - https:\/\/yoast.com\/product\/yoast-seo-wordpress\/ -->\n<title>Estudiantes de ense\u00f1anza media y egresados vivieron experiencia universitaria en \u201cConoce Enfermer\u00eda UDD\u201d - Enfermer\u00eda UDD<\/title>\n<meta name=\"robots\" content=\"index, follow, max-snippet:-1, max-image-preview:large, max-video-preview:-1\" \/>\n<link rel=\"canonical\" href=\"https:\/\/medicina.udd.cl\/enfermeria-santiago\/noticias\/2025\/05\/29\/estudiantes-de-ensenanza-media-vivieron-experiencia-universitaria-en-conoce-enfermeria-udd\/\" \/>\n<meta property=\"og:locale\" content=\"es_ES\" \/>\n<meta property=\"og:type\" content=\"article\" \/>\n<meta property=\"og:title\" content=\"Estudiantes de ense\u00f1anza media y egresados vivieron experiencia universitaria en \u201cConoce Enfermer\u00eda UDD\u201d - Enfermer\u00eda UDD\" \/>\n<meta property=\"og:description\" content=\"El pasado martes 27 de mayo, la\u00a0carrera de Enfermer\u00eda de la Facultad de Medicina Cl\u00ednica Alemana Universidad del Desarrollo (UDD)\u00a0realiz\u00f3 con \u00e9xito la primera sesi\u00f3n de la actividad\u00a0\u201cConoce Enfermer\u00eda UDD\u201d, una instancia dise\u00f1ada especialmente para que estudiantes de\u00a0cuarto medio y egresados\u00a0puedan acercarse de forma vivencial y din\u00e1mica a la profesi\u00f3n de la Enfermer\u00eda. En esta [&hellip;]\" \/>\n<meta property=\"og:url\" content=\"https:\/\/medicina.udd.cl\/enfermeria-santiago\/noticias\/2025\/05\/29\/estudiantes-de-ensenanza-media-vivieron-experiencia-universitaria-en-conoce-enfermeria-udd\/\" \/>\n<meta property=\"og:site_name\" content=\"Enfermer\u00eda UDD\" \/>\n<meta property=\"article:published_time\" content=\"2025-05-29T21:42:48+00:00\" \/>\n<meta property=\"article:modified_time\" content=\"2025-05-29T22:12:48+00:00\" \/>\n<meta property=\"og:image\" content=\"https:\/\/medicina.udd.cl\/enfermeria-santiago\/files\/2025\/05\/enf-conoce-enfermeria-udd-2025-1-768x1024.jpeg\" \/>\n\t<meta property=\"og:image:width\" content=\"768\" \/>\n\t<meta property=\"og:image:height\" content=\"1024\" \/>\n\t<meta property=\"og:image:type\" content=\"image\/jpeg\" \/>\n<meta name=\"author\" content=\"rbraidy\" \/>\n<meta name=\"twitter:label1\" content=\"Escrito por\" \/>\n\t<meta name=\"twitter:data1\" content=\"rbraidy\" \/>\n\t<meta name=\"twitter:label2\" content=\"Tiempo de lectura\" \/>\n\t<meta name=\"twitter:data2\" content=\"2 minutos\" \/>\n<script type=\"application\/ld+json\" class=\"yoast-schema-graph\">{\"@context\":\"https:\/\/schema.org\",\"@graph\":[{\"@type\":\"Article\",\"@id\":\"https:\/\/medicina.udd.cl\/enfermeria-santiago\/noticias\/2025\/05\/29\/estudiantes-de-ensenanza-media-vivieron-experiencia-universitaria-en-conoce-enfermeria-udd\/#article\",\"isPartOf\":{\"@id\":\"https:\/\/medicina.udd.cl\/enfermeria-santiago\/noticias\/2025\/05\/29\/estudiantes-de-ensenanza-media-vivieron-experiencia-universitaria-en-conoce-enfermeria-udd\/\"},\"author\":{\"name\":\"rbraidy\",\"@id\":\"https:\/\/medicina.udd.cl\/enfermeria-santiago\/#\/schema\/person\/dbc3705bf3a93e8be1ba6de0ef950341\"},\"headline\":\"Estudiantes de ense\u00f1anza media y egresados vivieron experiencia universitaria en \u201cConoce Enfermer\u00eda UDD\u201d\",\"datePublished\":\"2025-05-29T21:42:48+00:00\",\"dateModified\":\"2025-05-29T22:12:48+00:00\",\"mainEntityOfPage\":{\"@id\":\"https:\/\/medicina.udd.cl\/enfermeria-santiago\/noticias\/2025\/05\/29\/estudiantes-de-ensenanza-media-vivieron-experiencia-universitaria-en-conoce-enfermeria-udd\/\"},\"wordCount\":263,\"image\":{\"@id\":\"https:\/\/medicina.udd.cl\/enfermeria-santiago\/noticias\/2025\/05\/29\/estudiantes-de-ensenanza-media-vivieron-experiencia-universitaria-en-conoce-enfermeria-udd\/#primaryimage\"},\"thumbnailUrl\":\"https:\/\/medicina.udd.cl\/enfermeria-santiago\/files\/2025\/05\/enf-conoce-enfermeria-udd-2025-1.jpeg\",\"articleSection\":[\"Noticias\"],\"inLanguage\":\"es\"},{\"@type\":\"WebPage\",\"@id\":\"https:\/\/medicina.udd.cl\/enfermeria-santiago\/noticias\/2025\/05\/29\/estudiantes-de-ensenanza-media-vivieron-experiencia-universitaria-en-conoce-enfermeria-udd\/\",\"url\":\"https:\/\/medicina.udd.cl\/enfermeria-santiago\/noticias\/2025\/05\/29\/estudiantes-de-ensenanza-media-vivieron-experiencia-universitaria-en-conoce-enfermeria-udd\/\",\"name\":\"Estudiantes de ense\u00f1anza media y egresados vivieron experiencia universitaria en \u201cConoce Enfermer\u00eda UDD\u201d - Enfermer\u00eda UDD\",\"isPartOf\":{\"@id\":\"https:\/\/medicina.udd.cl\/enfermeria-santiago\/#website\"},\"primaryImageOfPage\":{\"@id\":\"https:\/\/medicina.udd.cl\/enfermeria-santiago\/noticias\/2025\/05\/29\/estudiantes-de-ensenanza-media-vivieron-experiencia-universitaria-en-conoce-enfermeria-udd\/#primaryimage\"},\"image\":{\"@id\":\"https:\/\/medicina.udd.cl\/enfermeria-santiago\/noticias\/2025\/05\/29\/estudiantes-de-ensenanza-media-vivieron-experiencia-universitaria-en-conoce-enfermeria-udd\/#primaryimage\"},\"thumbnailUrl\":\"https:\/\/medicina.udd.cl\/enfermeria-santiago\/files\/2025\/05\/enf-conoce-enfermeria-udd-2025-1.jpeg\",\"datePublished\":\"2025-05-29T21:42:48+00:00\",\"dateModified\":\"2025-05-29T22:12:48+00:00\",\"author\":{\"@id\":\"https:\/\/medicina.udd.cl\/enfermeria-santiago\/#\/schema\/person\/dbc3705bf3a93e8be1ba6de0ef950341\"},\"breadcrumb\":{\"@id\":\"https:\/\/medicina.udd.cl\/enfermeria-santiago\/noticias\/2025\/05\/29\/estudiantes-de-ensenanza-media-vivieron-experiencia-universitaria-en-conoce-enfermeria-udd\/#breadcrumb\"},\"inLanguage\":\"es\",\"potentialAction\":[{\"@type\":\"ReadAction\",\"target\":[\"https:\/\/medicina.udd.cl\/enfermeria-santiago\/noticias\/2025\/05\/29\/estudiantes-de-ensenanza-media-vivieron-experiencia-universitaria-en-conoce-enfermeria-udd\/\"]}]},{\"@type\":\"ImageObject\",\"inLanguage\":\"es\",\"@id\":\"https:\/\/medicina.udd.cl\/enfermeria-santiago\/noticias\/2025\/05\/29\/estudiantes-de-ensenanza-media-vivieron-experiencia-universitaria-en-conoce-enfermeria-udd\/#primaryimage\",\"url\":\"https:\/\/medicina.udd.cl\/enfermeria-santiago\/files\/2025\/05\/enf-conoce-enfermeria-udd-2025-1.jpeg\",\"contentUrl\":\"https:\/\/medicina.udd.cl\/enfermeria-santiago\/files\/2025\/05\/enf-conoce-enfermeria-udd-2025-1.jpeg\",\"width\":1816,\"height\":2420},{\"@type\":\"BreadcrumbList\",\"@id\":\"https:\/\/medicina.udd.cl\/enfermeria-santiago\/noticias\/2025\/05\/29\/estudiantes-de-ensenanza-media-vivieron-experiencia-universitaria-en-conoce-enfermeria-udd\/#breadcrumb\",\"itemListElement\":[{\"@type\":\"ListItem\",\"position\":1,\"name\":\"Home\",\"item\":\"https:\/\/medicina.udd.cl\/enfermeria-santiago\/\"},{\"@type\":\"ListItem\",\"position\":2,\"name\":\"Estudiantes de ense\u00f1anza media y egresados vivieron experiencia universitaria en \u201cConoce Enfermer\u00eda UDD\u201d\"}]},{\"@type\":\"WebSite\",\"@id\":\"https:\/\/medicina.udd.cl\/enfermeria-santiago\/#website\",\"url\":\"https:\/\/medicina.udd.cl\/enfermeria-santiago\/\",\"name\":\"Enfermer\u00eda UDD\",\"description\":\"Facultad de Medicina Cl\u00ednica Alemana Universidad del Desarrollo\",\"inLanguage\":\"es\"},{\"@type\":\"Person\",\"@id\":\"https:\/\/medicina.udd.cl\/enfermeria-santiago\/#\/schema\/person\/dbc3705bf3a93e8be1ba6de0ef950341\",\"name\":\"rbraidy\",\"image\":{\"@type\":\"ImageObject\",\"inLanguage\":\"es\",\"@id\":\"https:\/\/medicina.udd.cl\/enfermeria-santiago\/#\/schema\/person\/image\/\",\"url\":\"https:\/\/secure.gravatar.com\/avatar\/0f8bc94637401590e45d2ce17eb65c274cb8870a219de6177f3f23e63fd8cdf3?s=96&d=mm&r=g\",\"contentUrl\":\"https:\/\/secure.gravatar.com\/avatar\/0f8bc94637401590e45d2ce17eb65c274cb8870a219de6177f3f23e63fd8cdf3?s=96&d=mm&r=g\",\"caption\":\"rbraidy\"},\"url\":\"https:\/\/medicina.udd.cl\/enfermeria-santiago\/noticias\/author\/rbraidy\/\"}]}<\/script>\n<!-- \/ Yoast SEO plugin. -->","yoast_head_json":{"title":"Estudiantes de ense\u00f1anza media y egresados vivieron experiencia universitaria en \u201cConoce Enfermer\u00eda UDD\u201d - Enfermer\u00eda UDD","robots":{"index":"index","follow":"follow","max-snippet":"max-snippet:-1","max-image-preview":"max-image-preview:large","max-video-preview":"max-video-preview:-1"},"canonical":"https:\/\/medicina.udd.cl\/enfermeria-santiago\/noticias\/2025\/05\/29\/estudiantes-de-ensenanza-media-vivieron-experiencia-universitaria-en-conoce-enfermeria-udd\/","og_locale":"es_ES","og_type":"article","og_title":"Estudiantes de ense\u00f1anza media y egresados vivieron experiencia universitaria en \u201cConoce Enfermer\u00eda UDD\u201d - Enfermer\u00eda UDD","og_description":"El pasado martes 27 de mayo, la\u00a0carrera de Enfermer\u00eda de la Facultad de Medicina Cl\u00ednica Alemana Universidad del Desarrollo (UDD)\u00a0realiz\u00f3 con \u00e9xito la primera sesi\u00f3n de la actividad\u00a0\u201cConoce Enfermer\u00eda UDD\u201d, una instancia dise\u00f1ada especialmente para que estudiantes de\u00a0cuarto medio y egresados\u00a0puedan acercarse de forma vivencial y din\u00e1mica a la profesi\u00f3n de la Enfermer\u00eda. En esta [&hellip;]","og_url":"https:\/\/medicina.udd.cl\/enfermeria-santiago\/noticias\/2025\/05\/29\/estudiantes-de-ensenanza-media-vivieron-experiencia-universitaria-en-conoce-enfermeria-udd\/","og_site_name":"Enfermer\u00eda UDD","article_published_time":"2025-05-29T21:42:48+00:00","article_modified_time":"2025-05-29T22:12:48+00:00","og_image":[{"width":768,"height":1024,"url":"https:\/\/medicina.udd.cl\/enfermeria-santiago\/files\/2025\/05\/enf-conoce-enfermeria-udd-2025-1-768x1024.jpeg","type":"image\/jpeg"}],"author":"rbraidy","twitter_misc":{"Escrito por":"rbraidy","Tiempo de lectura":"2 minutos"},"schema":{"@context":"https:\/\/schema.org","@graph":[{"@type":"Article","@id":"https:\/\/medicina.udd.cl\/enfermeria-santiago\/noticias\/2025\/05\/29\/estudiantes-de-ensenanza-media-vivieron-experiencia-universitaria-en-conoce-enfermeria-udd\/#article","isPartOf":{"@id":"https:\/\/medicina.udd.cl\/enfermeria-santiago\/noticias\/2025\/05\/29\/estudiantes-de-ensenanza-media-vivieron-experiencia-universitaria-en-conoce-enfermeria-udd\/"},"author":{"name":"rbraidy","@id":"https:\/\/medicina.udd.cl\/enfermeria-santiago\/#\/schema\/person\/dbc3705bf3a93e8be1ba6de0ef950341"},"headline":"Estudiantes de ense\u00f1anza media y egresados vivieron experiencia universitaria en \u201cConoce Enfermer\u00eda UDD\u201d","datePublished":"2025-05-29T21:42:48+00:00","dateModified":"2025-05-29T22:12:48+00:00","mainEntityOfPage":{"@id":"https:\/\/medicina.udd.cl\/enfermeria-santiago\/noticias\/2025\/05\/29\/estudiantes-de-ensenanza-media-vivieron-experiencia-universitaria-en-conoce-enfermeria-udd\/"},"wordCount":263,"image":{"@id":"https:\/\/medicina.udd.cl\/enfermeria-santiago\/noticias\/2025\/05\/29\/estudiantes-de-ensenanza-media-vivieron-experiencia-universitaria-en-conoce-enfermeria-udd\/#primaryimage"},"thumbnailUrl":"https:\/\/medicina.udd.cl\/enfermeria-santiago\/files\/2025\/05\/enf-conoce-enfermeria-udd-2025-1.jpeg","articleSection":["Noticias"],"inLanguage":"es"},{"@type":"WebPage","@id":"https:\/\/medicina.udd.cl\/enfermeria-santiago\/noticias\/2025\/05\/29\/estudiantes-de-ensenanza-media-vivieron-experiencia-universitaria-en-conoce-enfermeria-udd\/","url":"https:\/\/medicina.udd.cl\/enfermeria-santiago\/noticias\/2025\/05\/29\/estudiantes-de-ensenanza-media-vivieron-experiencia-universitaria-en-conoce-enfermeria-udd\/","name":"Estudiantes de ense\u00f1anza media y egresados vivieron experiencia universitaria en \u201cConoce Enfermer\u00eda UDD\u201d - Enfermer\u00eda UDD","isPartOf":{"@id":"https:\/\/medicina.udd.cl\/enfermeria-santiago\/#website"},"primaryImageOfPage":{"@id":"https:\/\/medicina.udd.cl\/enfermeria-santiago\/noticias\/2025\/05\/29\/estudiantes-de-ensenanza-media-vivieron-experiencia-universitaria-en-conoce-enfermeria-udd\/#primaryimage"},"image":{"@id":"https:\/\/medicina.udd.cl\/enfermeria-santiago\/noticias\/2025\/05\/29\/estudiantes-de-ensenanza-media-vivieron-experiencia-universitaria-en-conoce-enfermeria-udd\/#primaryimage"},"thumbnailUrl":"https:\/\/medicina.udd.cl\/enfermeria-santiago\/files\/2025\/05\/enf-conoce-enfermeria-udd-2025-1.jpeg","datePublished":"2025-05-29T21:42:48+00:00","dateModified":"2025-05-29T22:12:48+00:00","author":{"@id":"https:\/\/medicina.udd.cl\/enfermeria-santiago\/#\/schema\/person\/dbc3705bf3a93e8be1ba6de0ef950341"},"breadcrumb":{"@id":"https:\/\/medicina.udd.cl\/enfermeria-santiago\/noticias\/2025\/05\/29\/estudiantes-de-ensenanza-media-vivieron-experiencia-universitaria-en-conoce-enfermeria-udd\/#breadcrumb"},"inLanguage":"es","potentialAction":[{"@type":"ReadAction","target":["https:\/\/medicina.udd.cl\/enfermeria-santiago\/noticias\/2025\/05\/29\/estudiantes-de-ensenanza-media-vivieron-experiencia-universitaria-en-conoce-enfermeria-udd\/"]}]},{"@type":"ImageObject","inLanguage":"es","@id":"https:\/\/medicina.udd.cl\/enfermeria-santiago\/noticias\/2025\/05\/29\/estudiantes-de-ensenanza-media-vivieron-experiencia-universitaria-en-conoce-enfermeria-udd\/#primaryimage","url":"https:\/\/medicina.udd.cl\/enfermeria-santiago\/files\/2025\/05\/enf-conoce-enfermeria-udd-2025-1.jpeg","contentUrl":"https:\/\/medicina.udd.cl\/enfermeria-santiago\/files\/2025\/05\/enf-conoce-enfermeria-udd-2025-1.jpeg","width":1816,"height":2420},{"@type":"BreadcrumbList","@id":"https:\/\/medicina.udd.cl\/enfermeria-santiago\/noticias\/2025\/05\/29\/estudiantes-de-ensenanza-media-vivieron-experiencia-universitaria-en-conoce-enfermeria-udd\/#breadcrumb","itemListElement":[{"@type":"ListItem","position":1,"name":"Home","item":"https:\/\/medicina.udd.cl\/enfermeria-santiago\/"},{"@type":"ListItem","position":2,"name":"Estudiantes de ense\u00f1anza media y egresados vivieron experiencia universitaria en \u201cConoce Enfermer\u00eda UDD\u201d"}]},{"@type":"WebSite","@id":"https:\/\/medicina.udd.cl\/enfermeria-santiago\/#website","url":"https:\/\/medicina.udd.cl\/enfermeria-santiago\/","name":"Enfermer\u00eda UDD","description":"Facultad de Medicina Cl\u00ednica Alemana Universidad del Desarrollo","inLanguage":"es"},{"@type":"Person","@id":"https:\/\/medicina.udd.cl\/enfermeria-santiago\/#\/schema\/person\/dbc3705bf3a93e8be1ba6de0ef950341","name":"rbraidy","image":{"@type":"ImageObject","inLanguage":"es","@id":"https:\/\/medicina.udd.cl\/enfermeria-santiago\/#\/schema\/person\/image\/","url":"https:\/\/secure.gravatar.com\/avatar\/0f8bc94637401590e45d2ce17eb65c274cb8870a219de6177f3f23e63fd8cdf3?s=96&d=mm&r=g","contentUrl":"https:\/\/secure.gravatar.com\/avatar\/0f8bc94637401590e45d2ce17eb65c274cb8870a219de6177f3f23e63fd8cdf3?s=96&d=mm&r=g","caption":"rbraidy"},"url":"https:\/\/medicina.udd.cl\/enfermeria-santiago\/noticias\/author\/rbraidy\/"}]}},"featured_image_url":"https:\/\/medicina.udd.cl\/enfermeria-santiago\/files\/2025\/05\/enf-conoce-enfermeria-udd-2025-1.jpeg","_links":{"self":[{"href":"https:\/\/medicina.udd.cl\/enfermeria-santiago\/wp-json\/wp\/v2\/posts\/9697","targetHints":{"allow":["GET"]}}],"collection":[{"href":"https:\/\/medicina.udd.cl\/enfermeria-santiago\/wp-json\/wp\/v2\/posts"}],"about":[{"href":"https:\/\/medicina.udd.cl\/enfermeria-santiago\/wp-json\/wp\/v2\/types\/post"}],"author":[{"embeddable":true,"href":"https:\/\/medicina.udd.cl\/enfermeria-santiago\/wp-json\/wp\/v2\/users\/9192219"}],"replies":[{"embeddable":true,"href":"https:\/\/medicina.udd.cl\/enfermeria-santiago\/wp-json\/wp\/v2\/comments?post=9697"}],"version-history":[{"count":2,"href":"https:\/\/medicina.udd.cl\/enfermeria-santiago\/wp-json\/wp\/v2\/posts\/9697\/revisions"}],"predecessor-version":[{"id":9706,"href":"https:\/\/medicina.udd.cl\/enfermeria-santiago\/wp-json\/wp\/v2\/posts\/9697\/revisions\/9706"}],"wp:featuredmedia":[{"embeddable":true,"href":"https:\/\/medicina.udd.cl\/enfermeria-santiago\/wp-json\/wp\/v2\/media\/9698"}],"wp:attachment":[{"href":"https:\/\/medicina.udd.cl\/enfermeria-santiago\/wp-json\/wp\/v2\/media?parent=9697"}],"wp:term":[{"taxonomy":"category","embeddable":true,"href":"https:\/\/medicina.udd.cl\/enfermeria-santiago\/wp-json\/wp\/v2\/categories?post=9697"},{"taxonomy":"post_tag","embeddable":true,"href":"https:\/\/medicina.udd.cl\/enfermeria-santiago\/wp-json\/wp\/v2\/tags?post=9697"}],"curies":[{"name":"wp","href":"https:\/\/api.w.org\/{rel}","templated":true}]}}