{"id":9745,"date":"2025-07-24T17:57:02","date_gmt":"2025-07-24T21:57:02","guid":{"rendered":"https:\/\/medicina.udd.cl\/enfermeria-santiago\/?p=9745"},"modified":"2025-07-24T17:57:03","modified_gmt":"2025-07-24T21:57:03","slug":"tercera-jornada-conoce-enfermeria-udd-abrio-sus-puertas-a-futuros-postulantes-con-una-experiencia-cercana-y-practica","status":"publish","type":"post","link":"https:\/\/medicina.udd.cl\/enfermeria-santiago\/noticias\/2025\/07\/24\/tercera-jornada-conoce-enfermeria-udd-abrio-sus-puertas-a-futuros-postulantes-con-una-experiencia-cercana-y-practica\/","title":{"rendered":"Tercera Jornada \u201cConoce Enfermer\u00eda UDD\u201d abri\u00f3 sus puertas a futuros postulantes con una experiencia cercana y pr\u00e1ctica"},"content":{"rendered":"\n<figure class=\"wp-block-gallery has-nested-images columns-default is-cropped wp-block-gallery-1 is-layout-flex wp-block-gallery-is-layout-flex\">\n<figure class=\"wp-block-image size-large\"><a href=\"https:\/\/medicina.udd.cl\/enfermeria-santiago\/files\/2025\/07\/enf-tercera-jornada-conoce-enfermeria-udd-2025-1-scaled.jpeg\"><img loading=\"lazy\" decoding=\"async\" width=\"768\" height=\"1024\" data-id=\"9749\" src=\"https:\/\/medicina.udd.cl\/enfermeria-santiago\/files\/2025\/07\/enf-tercera-jornada-conoce-enfermeria-udd-2025-1-768x1024.jpeg\" alt=\"\" class=\"wp-image-9749\" srcset=\"https:\/\/medicina.udd.cl\/enfermeria-santiago\/files\/2025\/07\/enf-tercera-jornada-conoce-enfermeria-udd-2025-1-768x1024.jpeg 768w, https:\/\/medicina.udd.cl\/enfermeria-santiago\/files\/2025\/07\/enf-tercera-jornada-conoce-enfermeria-udd-2025-1-225x300.jpeg 225w, https:\/\/medicina.udd.cl\/enfermeria-santiago\/files\/2025\/07\/enf-tercera-jornada-conoce-enfermeria-udd-2025-1-1152x1536.jpeg 1152w, https:\/\/medicina.udd.cl\/enfermeria-santiago\/files\/2025\/07\/enf-tercera-jornada-conoce-enfermeria-udd-2025-1-1536x2048.jpeg 1536w, https:\/\/medicina.udd.cl\/enfermeria-santiago\/files\/2025\/07\/enf-tercera-jornada-conoce-enfermeria-udd-2025-1-scaled.jpeg 1920w\" sizes=\"auto, (max-width: 768px) 100vw, 768px\" \/><\/a><\/figure>\n\n\n\n<figure class=\"wp-block-image size-large\"><a href=\"https:\/\/medicina.udd.cl\/enfermeria-santiago\/files\/2025\/07\/enf-tercera-jornada-conoce-enfermeria-udd-2025-3-scaled.jpeg\"><img loading=\"lazy\" decoding=\"async\" width=\"1920\" height=\"2560\" data-id=\"9747\" src=\"https:\/\/medicina.udd.cl\/enfermeria-santiago\/files\/2025\/07\/enf-tercera-jornada-conoce-enfermeria-udd-2025-3-scaled.jpeg\" alt=\"\" class=\"wp-image-9747\" srcset=\"https:\/\/medicina.udd.cl\/enfermeria-santiago\/files\/2025\/07\/enf-tercera-jornada-conoce-enfermeria-udd-2025-3-scaled.jpeg 1920w, https:\/\/medicina.udd.cl\/enfermeria-santiago\/files\/2025\/07\/enf-tercera-jornada-conoce-enfermeria-udd-2025-3-225x300.jpeg 225w, https:\/\/medicina.udd.cl\/enfermeria-santiago\/files\/2025\/07\/enf-tercera-jornada-conoce-enfermeria-udd-2025-3-1152x1536.jpeg 1152w, https:\/\/medicina.udd.cl\/enfermeria-santiago\/files\/2025\/07\/enf-tercera-jornada-conoce-enfermeria-udd-2025-3-1536x2048.jpeg 1536w\" sizes=\"auto, (max-width: 1920px) 100vw, 1920px\" \/><\/a><\/figure>\n\n\n\n<figure class=\"wp-block-image size-large\"><a href=\"https:\/\/medicina.udd.cl\/enfermeria-santiago\/files\/2025\/07\/enf-tercera-jornada-conoce-enfermeria-udd-2025-4-scaled.jpeg\"><img loading=\"lazy\" decoding=\"async\" width=\"768\" height=\"1024\" data-id=\"9746\" src=\"https:\/\/medicina.udd.cl\/enfermeria-santiago\/files\/2025\/07\/enf-tercera-jornada-conoce-enfermeria-udd-2025-4-768x1024.jpeg\" alt=\"\" class=\"wp-image-9746\" srcset=\"https:\/\/medicina.udd.cl\/enfermeria-santiago\/files\/2025\/07\/enf-tercera-jornada-conoce-enfermeria-udd-2025-4-768x1024.jpeg 768w, https:\/\/medicina.udd.cl\/enfermeria-santiago\/files\/2025\/07\/enf-tercera-jornada-conoce-enfermeria-udd-2025-4-225x300.jpeg 225w, https:\/\/medicina.udd.cl\/enfermeria-santiago\/files\/2025\/07\/enf-tercera-jornada-conoce-enfermeria-udd-2025-4-1152x1536.jpeg 1152w, https:\/\/medicina.udd.cl\/enfermeria-santiago\/files\/2025\/07\/enf-tercera-jornada-conoce-enfermeria-udd-2025-4-1536x2048.jpeg 1536w, https:\/\/medicina.udd.cl\/enfermeria-santiago\/files\/2025\/07\/enf-tercera-jornada-conoce-enfermeria-udd-2025-4-scaled.jpeg 1920w\" sizes=\"auto, (max-width: 768px) 100vw, 768px\" \/><\/a><\/figure>\n<\/figure>\n\n\n\n<p>La carrera de Enfermer\u00eda de la Facultad de Medicina Cl\u00ednica Alemana Universidad del Desarrollo (UDD) realiz\u00f3 con gran \u00e9xito la <strong>tercera versi\u00f3n de la jornada \u201cConoce Enfermer\u00eda UDD\u201d<\/strong>, una instancia mensual dise\u00f1ada especialmente para estudiantes que est\u00e1n evaluando ingresar a esta profesi\u00f3n y desean conocer m\u00e1s sobre su formaci\u00f3n y proyecci\u00f3n laboral.<\/p>\n\n\n\n<p>Durante la jornada, los asistentes vivieron una <strong>experiencia completa e inmersiva<\/strong>, que incluy\u00f3 actividades pr\u00e1cticas, espacios de conversaci\u00f3n con docentes, estudiantes y exalumnos, sesiones de simulaci\u00f3n cl\u00ednica y realidad virtual, as\u00ed como un recorrido por las modernas instalaciones del campus Rector Ernesto Silva Bafalluy.<\/p>\n\n\n\n<p>Uno de los momentos m\u00e1s valorados por los participantes fue el contacto directo con la <strong>directora de carrera<\/strong>, el equipo acad\u00e9mico y estudiantes de distintos niveles, quienes compartieron sus testimonios sobre la vocaci\u00f3n, el rol profesional del enfermero\/a y el sello distintivo de la formaci\u00f3n UDD: aprendizaje activo, simulaci\u00f3n cl\u00ednica de alta fidelidad y un fuerte \u00e9nfasis en los valores humanos.<\/p>\n\n\n\n<p>Adem\u00e1s, los asistentes pudieron conocer en profundidad la <strong>malla curricular<\/strong>, el enfoque formativo y recibir <strong>orientaci\u00f3n vocacional personalizada<\/strong>, lo que les permiti\u00f3 tener una visi\u00f3n m\u00e1s clara y realista sobre lo que significa estudiar Enfermer\u00eda en la UDD.<\/p>\n\n\n\n<p>Esta actividad se consolida como una <strong>instancia cercana, din\u00e1mica y altamente valorada<\/strong> por quienes est\u00e1n en proceso de decidir su futuro universitario, permitiendo explorar de forma pr\u00e1ctica y significativa c\u00f3mo se vive la carrera desde el primer a\u00f1o.<\/p>\n","protected":false},"excerpt":{"rendered":"<p>La carrera de Enfermer\u00eda de la Facultad de Medicina Cl\u00ednica Alemana Universidad del Desarrollo (UDD) realiz\u00f3 con gran \u00e9xito la tercera versi\u00f3n de la jornada \u201cConoce Enfermer\u00eda UDD\u201d, una instancia mensual dise\u00f1ada especialmente para estudiantes que est\u00e1n evaluando ingresar a esta profesi\u00f3n y desean conocer m\u00e1s sobre su formaci\u00f3n y proyecci\u00f3n laboral. Durante la jornada, [&hellip;]<\/p>\n","protected":false},"author":9192219,"featured_media":9747,"comment_status":"closed","ping_status":"open","sticky":false,"template":"","format":"standard","meta":{"footnotes":""},"categories":[4],"tags":[],"class_list":["post-9745","post","type-post","status-publish","format-standard","has-post-thumbnail","hentry","category-noticias"],"yoast_head":"<!-- This site is optimized with the Yoast SEO plugin v26.9 - https:\/\/yoast.com\/product\/yoast-seo-wordpress\/ -->\n<title>Tercera Jornada \u201cConoce Enfermer\u00eda UDD\u201d abri\u00f3 sus puertas a futuros postulantes con una experiencia cercana y pr\u00e1ctica - Enfermer\u00eda UDD<\/title>\n<meta name=\"robots\" content=\"index, follow, max-snippet:-1, max-image-preview:large, max-video-preview:-1\" \/>\n<link rel=\"canonical\" href=\"https:\/\/medicina.udd.cl\/enfermeria-santiago\/noticias\/2025\/07\/24\/tercera-jornada-conoce-enfermeria-udd-abrio-sus-puertas-a-futuros-postulantes-con-una-experiencia-cercana-y-practica\/\" \/>\n<meta property=\"og:locale\" content=\"es_ES\" \/>\n<meta property=\"og:type\" content=\"article\" \/>\n<meta property=\"og:title\" content=\"Tercera Jornada \u201cConoce Enfermer\u00eda UDD\u201d abri\u00f3 sus puertas a futuros postulantes con una experiencia cercana y pr\u00e1ctica - Enfermer\u00eda UDD\" \/>\n<meta property=\"og:description\" content=\"La carrera de Enfermer\u00eda de la Facultad de Medicina Cl\u00ednica Alemana Universidad del Desarrollo (UDD) realiz\u00f3 con gran \u00e9xito la tercera versi\u00f3n de la jornada \u201cConoce Enfermer\u00eda UDD\u201d, una instancia mensual dise\u00f1ada especialmente para estudiantes que est\u00e1n evaluando ingresar a esta profesi\u00f3n y desean conocer m\u00e1s sobre su formaci\u00f3n y proyecci\u00f3n laboral. Durante la jornada, [&hellip;]\" \/>\n<meta property=\"og:url\" content=\"https:\/\/medicina.udd.cl\/enfermeria-santiago\/noticias\/2025\/07\/24\/tercera-jornada-conoce-enfermeria-udd-abrio-sus-puertas-a-futuros-postulantes-con-una-experiencia-cercana-y-practica\/\" \/>\n<meta property=\"og:site_name\" content=\"Enfermer\u00eda UDD\" \/>\n<meta property=\"article:published_time\" content=\"2025-07-24T21:57:02+00:00\" \/>\n<meta property=\"article:modified_time\" content=\"2025-07-24T21:57:03+00:00\" \/>\n<meta property=\"og:image\" content=\"https:\/\/medicina.udd.cl\/enfermeria-santiago\/files\/2025\/07\/enf-tercera-jornada-conoce-enfermeria-udd-2025-3-scaled.jpeg\" \/>\n\t<meta property=\"og:image:width\" content=\"1920\" \/>\n\t<meta property=\"og:image:height\" content=\"2560\" \/>\n\t<meta property=\"og:image:type\" content=\"image\/jpeg\" \/>\n<meta name=\"author\" content=\"rbraidy\" \/>\n<meta name=\"twitter:label1\" content=\"Escrito por\" \/>\n\t<meta name=\"twitter:data1\" content=\"rbraidy\" \/>\n\t<meta name=\"twitter:label2\" content=\"Tiempo de lectura\" \/>\n\t<meta name=\"twitter:data2\" content=\"2 minutos\" \/>\n<script type=\"application\/ld+json\" class=\"yoast-schema-graph\">{\"@context\":\"https:\/\/schema.org\",\"@graph\":[{\"@type\":\"Article\",\"@id\":\"https:\/\/medicina.udd.cl\/enfermeria-santiago\/noticias\/2025\/07\/24\/tercera-jornada-conoce-enfermeria-udd-abrio-sus-puertas-a-futuros-postulantes-con-una-experiencia-cercana-y-practica\/#article\",\"isPartOf\":{\"@id\":\"https:\/\/medicina.udd.cl\/enfermeria-santiago\/noticias\/2025\/07\/24\/tercera-jornada-conoce-enfermeria-udd-abrio-sus-puertas-a-futuros-postulantes-con-una-experiencia-cercana-y-practica\/\"},\"author\":{\"name\":\"rbraidy\",\"@id\":\"https:\/\/medicina.udd.cl\/enfermeria-santiago\/#\/schema\/person\/dbc3705bf3a93e8be1ba6de0ef950341\"},\"headline\":\"Tercera Jornada \u201cConoce Enfermer\u00eda UDD\u201d abri\u00f3 sus puertas a futuros postulantes con una experiencia cercana y pr\u00e1ctica\",\"datePublished\":\"2025-07-24T21:57:02+00:00\",\"dateModified\":\"2025-07-24T21:57:03+00:00\",\"mainEntityOfPage\":{\"@id\":\"https:\/\/medicina.udd.cl\/enfermeria-santiago\/noticias\/2025\/07\/24\/tercera-jornada-conoce-enfermeria-udd-abrio-sus-puertas-a-futuros-postulantes-con-una-experiencia-cercana-y-practica\/\"},\"wordCount\":283,\"image\":{\"@id\":\"https:\/\/medicina.udd.cl\/enfermeria-santiago\/noticias\/2025\/07\/24\/tercera-jornada-conoce-enfermeria-udd-abrio-sus-puertas-a-futuros-postulantes-con-una-experiencia-cercana-y-practica\/#primaryimage\"},\"thumbnailUrl\":\"https:\/\/medicina.udd.cl\/enfermeria-santiago\/files\/2025\/07\/enf-tercera-jornada-conoce-enfermeria-udd-2025-3-scaled.jpeg\",\"articleSection\":[\"Noticias\"],\"inLanguage\":\"es\"},{\"@type\":\"WebPage\",\"@id\":\"https:\/\/medicina.udd.cl\/enfermeria-santiago\/noticias\/2025\/07\/24\/tercera-jornada-conoce-enfermeria-udd-abrio-sus-puertas-a-futuros-postulantes-con-una-experiencia-cercana-y-practica\/\",\"url\":\"https:\/\/medicina.udd.cl\/enfermeria-santiago\/noticias\/2025\/07\/24\/tercera-jornada-conoce-enfermeria-udd-abrio-sus-puertas-a-futuros-postulantes-con-una-experiencia-cercana-y-practica\/\",\"name\":\"Tercera Jornada \u201cConoce Enfermer\u00eda UDD\u201d abri\u00f3 sus puertas a futuros postulantes con una experiencia cercana y pr\u00e1ctica - Enfermer\u00eda UDD\",\"isPartOf\":{\"@id\":\"https:\/\/medicina.udd.cl\/enfermeria-santiago\/#website\"},\"primaryImageOfPage\":{\"@id\":\"https:\/\/medicina.udd.cl\/enfermeria-santiago\/noticias\/2025\/07\/24\/tercera-jornada-conoce-enfermeria-udd-abrio-sus-puertas-a-futuros-postulantes-con-una-experiencia-cercana-y-practica\/#primaryimage\"},\"image\":{\"@id\":\"https:\/\/medicina.udd.cl\/enfermeria-santiago\/noticias\/2025\/07\/24\/tercera-jornada-conoce-enfermeria-udd-abrio-sus-puertas-a-futuros-postulantes-con-una-experiencia-cercana-y-practica\/#primaryimage\"},\"thumbnailUrl\":\"https:\/\/medicina.udd.cl\/enfermeria-santiago\/files\/2025\/07\/enf-tercera-jornada-conoce-enfermeria-udd-2025-3-scaled.jpeg\",\"datePublished\":\"2025-07-24T21:57:02+00:00\",\"dateModified\":\"2025-07-24T21:57:03+00:00\",\"author\":{\"@id\":\"https:\/\/medicina.udd.cl\/enfermeria-santiago\/#\/schema\/person\/dbc3705bf3a93e8be1ba6de0ef950341\"},\"breadcrumb\":{\"@id\":\"https:\/\/medicina.udd.cl\/enfermeria-santiago\/noticias\/2025\/07\/24\/tercera-jornada-conoce-enfermeria-udd-abrio-sus-puertas-a-futuros-postulantes-con-una-experiencia-cercana-y-practica\/#breadcrumb\"},\"inLanguage\":\"es\",\"potentialAction\":[{\"@type\":\"ReadAction\",\"target\":[\"https:\/\/medicina.udd.cl\/enfermeria-santiago\/noticias\/2025\/07\/24\/tercera-jornada-conoce-enfermeria-udd-abrio-sus-puertas-a-futuros-postulantes-con-una-experiencia-cercana-y-practica\/\"]}]},{\"@type\":\"ImageObject\",\"inLanguage\":\"es\",\"@id\":\"https:\/\/medicina.udd.cl\/enfermeria-santiago\/noticias\/2025\/07\/24\/tercera-jornada-conoce-enfermeria-udd-abrio-sus-puertas-a-futuros-postulantes-con-una-experiencia-cercana-y-practica\/#primaryimage\",\"url\":\"https:\/\/medicina.udd.cl\/enfermeria-santiago\/files\/2025\/07\/enf-tercera-jornada-conoce-enfermeria-udd-2025-3-scaled.jpeg\",\"contentUrl\":\"https:\/\/medicina.udd.cl\/enfermeria-santiago\/files\/2025\/07\/enf-tercera-jornada-conoce-enfermeria-udd-2025-3-scaled.jpeg\",\"width\":1920,\"height\":2560},{\"@type\":\"BreadcrumbList\",\"@id\":\"https:\/\/medicina.udd.cl\/enfermeria-santiago\/noticias\/2025\/07\/24\/tercera-jornada-conoce-enfermeria-udd-abrio-sus-puertas-a-futuros-postulantes-con-una-experiencia-cercana-y-practica\/#breadcrumb\",\"itemListElement\":[{\"@type\":\"ListItem\",\"position\":1,\"name\":\"Home\",\"item\":\"https:\/\/medicina.udd.cl\/enfermeria-santiago\/\"},{\"@type\":\"ListItem\",\"position\":2,\"name\":\"Tercera Jornada \u201cConoce Enfermer\u00eda UDD\u201d abri\u00f3 sus puertas a futuros postulantes con una experiencia cercana y pr\u00e1ctica\"}]},{\"@type\":\"WebSite\",\"@id\":\"https:\/\/medicina.udd.cl\/enfermeria-santiago\/#website\",\"url\":\"https:\/\/medicina.udd.cl\/enfermeria-santiago\/\",\"name\":\"Enfermer\u00eda UDD\",\"description\":\"Facultad de Medicina Cl\u00ednica Alemana Universidad del Desarrollo\",\"inLanguage\":\"es\"},{\"@type\":\"Person\",\"@id\":\"https:\/\/medicina.udd.cl\/enfermeria-santiago\/#\/schema\/person\/dbc3705bf3a93e8be1ba6de0ef950341\",\"name\":\"rbraidy\",\"image\":{\"@type\":\"ImageObject\",\"inLanguage\":\"es\",\"@id\":\"https:\/\/medicina.udd.cl\/enfermeria-santiago\/#\/schema\/person\/image\/\",\"url\":\"https:\/\/secure.gravatar.com\/avatar\/0f8bc94637401590e45d2ce17eb65c274cb8870a219de6177f3f23e63fd8cdf3?s=96&d=mm&r=g\",\"contentUrl\":\"https:\/\/secure.gravatar.com\/avatar\/0f8bc94637401590e45d2ce17eb65c274cb8870a219de6177f3f23e63fd8cdf3?s=96&d=mm&r=g\",\"caption\":\"rbraidy\"},\"url\":\"https:\/\/medicina.udd.cl\/enfermeria-santiago\/noticias\/author\/rbraidy\/\"}]}<\/script>\n<!-- \/ Yoast SEO plugin. -->","yoast_head_json":{"title":"Tercera Jornada \u201cConoce Enfermer\u00eda UDD\u201d abri\u00f3 sus puertas a futuros postulantes con una experiencia cercana y pr\u00e1ctica - Enfermer\u00eda UDD","robots":{"index":"index","follow":"follow","max-snippet":"max-snippet:-1","max-image-preview":"max-image-preview:large","max-video-preview":"max-video-preview:-1"},"canonical":"https:\/\/medicina.udd.cl\/enfermeria-santiago\/noticias\/2025\/07\/24\/tercera-jornada-conoce-enfermeria-udd-abrio-sus-puertas-a-futuros-postulantes-con-una-experiencia-cercana-y-practica\/","og_locale":"es_ES","og_type":"article","og_title":"Tercera Jornada \u201cConoce Enfermer\u00eda UDD\u201d abri\u00f3 sus puertas a futuros postulantes con una experiencia cercana y pr\u00e1ctica - Enfermer\u00eda UDD","og_description":"La carrera de Enfermer\u00eda de la Facultad de Medicina Cl\u00ednica Alemana Universidad del Desarrollo (UDD) realiz\u00f3 con gran \u00e9xito la tercera versi\u00f3n de la jornada \u201cConoce Enfermer\u00eda UDD\u201d, una instancia mensual dise\u00f1ada especialmente para estudiantes que est\u00e1n evaluando ingresar a esta profesi\u00f3n y desean conocer m\u00e1s sobre su formaci\u00f3n y proyecci\u00f3n laboral. Durante la jornada, [&hellip;]","og_url":"https:\/\/medicina.udd.cl\/enfermeria-santiago\/noticias\/2025\/07\/24\/tercera-jornada-conoce-enfermeria-udd-abrio-sus-puertas-a-futuros-postulantes-con-una-experiencia-cercana-y-practica\/","og_site_name":"Enfermer\u00eda UDD","article_published_time":"2025-07-24T21:57:02+00:00","article_modified_time":"2025-07-24T21:57:03+00:00","og_image":[{"width":1920,"height":2560,"url":"https:\/\/medicina.udd.cl\/enfermeria-santiago\/files\/2025\/07\/enf-tercera-jornada-conoce-enfermeria-udd-2025-3-scaled.jpeg","type":"image\/jpeg"}],"author":"rbraidy","twitter_misc":{"Escrito por":"rbraidy","Tiempo de lectura":"2 minutos"},"schema":{"@context":"https:\/\/schema.org","@graph":[{"@type":"Article","@id":"https:\/\/medicina.udd.cl\/enfermeria-santiago\/noticias\/2025\/07\/24\/tercera-jornada-conoce-enfermeria-udd-abrio-sus-puertas-a-futuros-postulantes-con-una-experiencia-cercana-y-practica\/#article","isPartOf":{"@id":"https:\/\/medicina.udd.cl\/enfermeria-santiago\/noticias\/2025\/07\/24\/tercera-jornada-conoce-enfermeria-udd-abrio-sus-puertas-a-futuros-postulantes-con-una-experiencia-cercana-y-practica\/"},"author":{"name":"rbraidy","@id":"https:\/\/medicina.udd.cl\/enfermeria-santiago\/#\/schema\/person\/dbc3705bf3a93e8be1ba6de0ef950341"},"headline":"Tercera Jornada \u201cConoce Enfermer\u00eda UDD\u201d abri\u00f3 sus puertas a futuros postulantes con una experiencia cercana y pr\u00e1ctica","datePublished":"2025-07-24T21:57:02+00:00","dateModified":"2025-07-24T21:57:03+00:00","mainEntityOfPage":{"@id":"https:\/\/medicina.udd.cl\/enfermeria-santiago\/noticias\/2025\/07\/24\/tercera-jornada-conoce-enfermeria-udd-abrio-sus-puertas-a-futuros-postulantes-con-una-experiencia-cercana-y-practica\/"},"wordCount":283,"image":{"@id":"https:\/\/medicina.udd.cl\/enfermeria-santiago\/noticias\/2025\/07\/24\/tercera-jornada-conoce-enfermeria-udd-abrio-sus-puertas-a-futuros-postulantes-con-una-experiencia-cercana-y-practica\/#primaryimage"},"thumbnailUrl":"https:\/\/medicina.udd.cl\/enfermeria-santiago\/files\/2025\/07\/enf-tercera-jornada-conoce-enfermeria-udd-2025-3-scaled.jpeg","articleSection":["Noticias"],"inLanguage":"es"},{"@type":"WebPage","@id":"https:\/\/medicina.udd.cl\/enfermeria-santiago\/noticias\/2025\/07\/24\/tercera-jornada-conoce-enfermeria-udd-abrio-sus-puertas-a-futuros-postulantes-con-una-experiencia-cercana-y-practica\/","url":"https:\/\/medicina.udd.cl\/enfermeria-santiago\/noticias\/2025\/07\/24\/tercera-jornada-conoce-enfermeria-udd-abrio-sus-puertas-a-futuros-postulantes-con-una-experiencia-cercana-y-practica\/","name":"Tercera Jornada \u201cConoce Enfermer\u00eda UDD\u201d abri\u00f3 sus puertas a futuros postulantes con una experiencia cercana y pr\u00e1ctica - Enfermer\u00eda UDD","isPartOf":{"@id":"https:\/\/medicina.udd.cl\/enfermeria-santiago\/#website"},"primaryImageOfPage":{"@id":"https:\/\/medicina.udd.cl\/enfermeria-santiago\/noticias\/2025\/07\/24\/tercera-jornada-conoce-enfermeria-udd-abrio-sus-puertas-a-futuros-postulantes-con-una-experiencia-cercana-y-practica\/#primaryimage"},"image":{"@id":"https:\/\/medicina.udd.cl\/enfermeria-santiago\/noticias\/2025\/07\/24\/tercera-jornada-conoce-enfermeria-udd-abrio-sus-puertas-a-futuros-postulantes-con-una-experiencia-cercana-y-practica\/#primaryimage"},"thumbnailUrl":"https:\/\/medicina.udd.cl\/enfermeria-santiago\/files\/2025\/07\/enf-tercera-jornada-conoce-enfermeria-udd-2025-3-scaled.jpeg","datePublished":"2025-07-24T21:57:02+00:00","dateModified":"2025-07-24T21:57:03+00:00","author":{"@id":"https:\/\/medicina.udd.cl\/enfermeria-santiago\/#\/schema\/person\/dbc3705bf3a93e8be1ba6de0ef950341"},"breadcrumb":{"@id":"https:\/\/medicina.udd.cl\/enfermeria-santiago\/noticias\/2025\/07\/24\/tercera-jornada-conoce-enfermeria-udd-abrio-sus-puertas-a-futuros-postulantes-con-una-experiencia-cercana-y-practica\/#breadcrumb"},"inLanguage":"es","potentialAction":[{"@type":"ReadAction","target":["https:\/\/medicina.udd.cl\/enfermeria-santiago\/noticias\/2025\/07\/24\/tercera-jornada-conoce-enfermeria-udd-abrio-sus-puertas-a-futuros-postulantes-con-una-experiencia-cercana-y-practica\/"]}]},{"@type":"ImageObject","inLanguage":"es","@id":"https:\/\/medicina.udd.cl\/enfermeria-santiago\/noticias\/2025\/07\/24\/tercera-jornada-conoce-enfermeria-udd-abrio-sus-puertas-a-futuros-postulantes-con-una-experiencia-cercana-y-practica\/#primaryimage","url":"https:\/\/medicina.udd.cl\/enfermeria-santiago\/files\/2025\/07\/enf-tercera-jornada-conoce-enfermeria-udd-2025-3-scaled.jpeg","contentUrl":"https:\/\/medicina.udd.cl\/enfermeria-santiago\/files\/2025\/07\/enf-tercera-jornada-conoce-enfermeria-udd-2025-3-scaled.jpeg","width":1920,"height":2560},{"@type":"BreadcrumbList","@id":"https:\/\/medicina.udd.cl\/enfermeria-santiago\/noticias\/2025\/07\/24\/tercera-jornada-conoce-enfermeria-udd-abrio-sus-puertas-a-futuros-postulantes-con-una-experiencia-cercana-y-practica\/#breadcrumb","itemListElement":[{"@type":"ListItem","position":1,"name":"Home","item":"https:\/\/medicina.udd.cl\/enfermeria-santiago\/"},{"@type":"ListItem","position":2,"name":"Tercera Jornada \u201cConoce Enfermer\u00eda UDD\u201d abri\u00f3 sus puertas a futuros postulantes con una experiencia cercana y pr\u00e1ctica"}]},{"@type":"WebSite","@id":"https:\/\/medicina.udd.cl\/enfermeria-santiago\/#website","url":"https:\/\/medicina.udd.cl\/enfermeria-santiago\/","name":"Enfermer\u00eda UDD","description":"Facultad de Medicina Cl\u00ednica Alemana Universidad del Desarrollo","inLanguage":"es"},{"@type":"Person","@id":"https:\/\/medicina.udd.cl\/enfermeria-santiago\/#\/schema\/person\/dbc3705bf3a93e8be1ba6de0ef950341","name":"rbraidy","image":{"@type":"ImageObject","inLanguage":"es","@id":"https:\/\/medicina.udd.cl\/enfermeria-santiago\/#\/schema\/person\/image\/","url":"https:\/\/secure.gravatar.com\/avatar\/0f8bc94637401590e45d2ce17eb65c274cb8870a219de6177f3f23e63fd8cdf3?s=96&d=mm&r=g","contentUrl":"https:\/\/secure.gravatar.com\/avatar\/0f8bc94637401590e45d2ce17eb65c274cb8870a219de6177f3f23e63fd8cdf3?s=96&d=mm&r=g","caption":"rbraidy"},"url":"https:\/\/medicina.udd.cl\/enfermeria-santiago\/noticias\/author\/rbraidy\/"}]}},"featured_image_url":"https:\/\/medicina.udd.cl\/enfermeria-santiago\/files\/2025\/07\/enf-tercera-jornada-conoce-enfermeria-udd-2025-3-scaled.jpeg","_links":{"self":[{"href":"https:\/\/medicina.udd.cl\/enfermeria-santiago\/wp-json\/wp\/v2\/posts\/9745","targetHints":{"allow":["GET"]}}],"collection":[{"href":"https:\/\/medicina.udd.cl\/enfermeria-santiago\/wp-json\/wp\/v2\/posts"}],"about":[{"href":"https:\/\/medicina.udd.cl\/enfermeria-santiago\/wp-json\/wp\/v2\/types\/post"}],"author":[{"embeddable":true,"href":"https:\/\/medicina.udd.cl\/enfermeria-santiago\/wp-json\/wp\/v2\/users\/9192219"}],"replies":[{"embeddable":true,"href":"https:\/\/medicina.udd.cl\/enfermeria-santiago\/wp-json\/wp\/v2\/comments?post=9745"}],"version-history":[{"count":1,"href":"https:\/\/medicina.udd.cl\/enfermeria-santiago\/wp-json\/wp\/v2\/posts\/9745\/revisions"}],"predecessor-version":[{"id":9750,"href":"https:\/\/medicina.udd.cl\/enfermeria-santiago\/wp-json\/wp\/v2\/posts\/9745\/revisions\/9750"}],"wp:featuredmedia":[{"embeddable":true,"href":"https:\/\/medicina.udd.cl\/enfermeria-santiago\/wp-json\/wp\/v2\/media\/9747"}],"wp:attachment":[{"href":"https:\/\/medicina.udd.cl\/enfermeria-santiago\/wp-json\/wp\/v2\/media?parent=9745"}],"wp:term":[{"taxonomy":"category","embeddable":true,"href":"https:\/\/medicina.udd.cl\/enfermeria-santiago\/wp-json\/wp\/v2\/categories?post=9745"},{"taxonomy":"post_tag","embeddable":true,"href":"https:\/\/medicina.udd.cl\/enfermeria-santiago\/wp-json\/wp\/v2\/tags?post=9745"}],"curies":[{"name":"wp","href":"https:\/\/api.w.org\/{rel}","templated":true}]}}