{"id":1016,"date":"2012-02-27T17:53:19","date_gmt":"2012-02-27T20:53:19","guid":{"rendered":"http:\/\/medicina.udd.cl\/fonoaudiologia-santiago\/?p=1016"},"modified":"2012-03-13T16:19:37","modified_gmt":"2012-03-13T20:19:37","slug":"inicio-de-actividades-2012-para-alumnos-de-primer-ano","status":"publish","type":"post","link":"https:\/\/medicina.udd.cl\/fonoaudiologia-santiago\/noticias\/2012\/02\/27\/inicio-de-actividades-2012-para-alumnos-de-primer-ano\/","title":{"rendered":"Inicio de actividades 2012 para alumnos de primer a\u00f1o"},"content":{"rendered":"<p style=\"text-align: justify;\">El jueves 1 de marzo\u00a0se dio la bienvenida a los nuevos alumnos de la carrera de\u00a0<a href=\"http:\/\/medicina.udd.cl\/fonoaudiologia-santiago\/\">Fonoaudiolog\u00eda<\/a> de la \u00a0<a href=\"http:\/\/medicina.udd.cl\/\">Facultad de Medicina Cl\u00ednica Alemana Universidad del Desarrollo<\/a> a trav\u00e9s de una serie de actividades formativas, sociales y recreativas.<\/p>\n<p style=\"text-align: justify;\">El inicio estuvo a cargo del rector Federico Vald\u00e9s, quien aconsej\u00f3 aprovechar\u00a0todos los a\u00f1os de universidad.\u00a0<em>\u201cEstos a\u00f1os se pasan muy r\u00e1pidos, as\u00ed que\u00a0disfr\u00fatenlos al m\u00e1ximo. Adem\u00e1s, aqu\u00ed encontrar\u00e1n a grandes amigos y\u00a0vivir\u00e1n las mejores experiencias\u201d,<\/em> coment\u00f3.<\/p>\n<p style=\"text-align: justify;\">Por su parte, el decano Dr. Pablo Vial, habl\u00f3 sobre el modelo educativo y las pasant\u00edas e internados que realizar\u00e1n en los distintos campos cl\u00ednicos.<em>\u201cTambi\u00e9n queremos destacar el trabajo de los egresados, quienes ya son reconocidos por sus pares\u201d, <\/em>agreg\u00f3.<\/p>\n<p style=\"text-align: justify;\">El Programa Puente\u00a0<strong>&#8211;<\/strong>realizado en toda la Universidad del Desarrollo<strong>&#8211;<\/strong> tiene el objetivo de crear lazos entre los mismos j\u00f3venes y los nuevos conceptos que tratar\u00e1n durante la vida universitaria. Adem\u00e1s, en el caso de Fonoaudiolog\u00eda, los estudiantes realizan una serie de actividades relacionadas a su futura profesi\u00f3n: trabajos grupales, talleres de reanimaci\u00f3n cardiopulmonar, testimonios de pacientes, entre otros.<\/p>\n<p style=\"text-align: justify;\">Adem\u00e1s, la primera asignatura a la cual se vieron expuestos fue \u00ab\u00c1mbitos de acci\u00f3n del fonoaudi\u00f3logo\u00bb dictado por la directora Mar\u00eda Ang\u00e9lica L\u00f3pez y la coordinadora acad\u00e9mica Mar\u00eda Antonella Urz\u00faa.<\/p>\n<p style=\"text-align: center;\"><a href=\"http:\/\/medicina.udd.cl\/fonoaudiologia-santiago\/files\/2012\/02\/fono.of_.profes.jpg\"><img loading=\"lazy\" decoding=\"async\" class=\"aligncenter size-large wp-image-1045\" title=\"Promoci\u00f3n 2012\" src=\"http:\/\/medicina.udd.cl\/fonoaudiologia-santiago\/files\/2012\/02\/fono.of_.profes-1024x680.jpg\" alt=\"\" width=\"442\" height=\"293\" \/><\/a><\/p>\n<p style=\"text-align: justify;\">\n","protected":false},"excerpt":{"rendered":"<p>Autoridades y profesores de la carrera le dieron la bienvenida a los nuevos estudiantes.<\/p>\n","protected":false},"author":1,"featured_media":0,"comment_status":"open","ping_status":"open","sticky":false,"template":"","format":"standard","meta":{"footnotes":""},"categories":[4],"tags":[],"class_list":["post-1016","post","type-post","status-publish","format-standard","hentry","category-noticias"],"yoast_head":"<!-- This site is optimized with the Yoast SEO plugin v26.9 - https:\/\/yoast.com\/product\/yoast-seo-wordpress\/ -->\n<title>Inicio de actividades 2012 para alumnos de primer a\u00f1o - Fonoaudiolog\u00eda<\/title>\n<meta name=\"robots\" content=\"index, follow, max-snippet:-1, max-image-preview:large, max-video-preview:-1\" \/>\n<link rel=\"canonical\" href=\"https:\/\/medicina.udd.cl\/fonoaudiologia-santiago\/noticias\/2012\/02\/27\/inicio-de-actividades-2012-para-alumnos-de-primer-ano\/\" \/>\n<meta property=\"og:locale\" content=\"es_ES\" \/>\n<meta property=\"og:type\" content=\"article\" \/>\n<meta property=\"og:title\" content=\"Inicio de actividades 2012 para alumnos de primer a\u00f1o - Fonoaudiolog\u00eda\" \/>\n<meta property=\"og:description\" content=\"Autoridades y profesores de la carrera le dieron la bienvenida a los nuevos estudiantes.\" \/>\n<meta property=\"og:url\" content=\"https:\/\/medicina.udd.cl\/fonoaudiologia-santiago\/noticias\/2012\/02\/27\/inicio-de-actividades-2012-para-alumnos-de-primer-ano\/\" \/>\n<meta property=\"og:site_name\" content=\"Fonoaudiolog\u00eda\" \/>\n<meta property=\"article:published_time\" content=\"2012-02-27T20:53:19+00:00\" \/>\n<meta property=\"article:modified_time\" content=\"2012-03-13T20:19:37+00:00\" \/>\n<meta property=\"og:image\" content=\"http:\/\/medicina.udd.cl\/fonoaudiologia-santiago\/files\/2012\/02\/fono.of_.profes-1024x680.jpg\" \/>\n<meta name=\"author\" content=\"admin\" \/>\n<meta name=\"twitter:label1\" content=\"Escrito por\" \/>\n\t<meta name=\"twitter:data1\" content=\"admin\" \/>\n\t<meta name=\"twitter:label2\" content=\"Tiempo de lectura\" \/>\n\t<meta name=\"twitter:data2\" content=\"1 minuto\" \/>\n<script type=\"application\/ld+json\" class=\"yoast-schema-graph\">{\"@context\":\"https:\/\/schema.org\",\"@graph\":[{\"@type\":\"Article\",\"@id\":\"https:\/\/medicina.udd.cl\/fonoaudiologia-santiago\/noticias\/2012\/02\/27\/inicio-de-actividades-2012-para-alumnos-de-primer-ano\/#article\",\"isPartOf\":{\"@id\":\"https:\/\/medicina.udd.cl\/fonoaudiologia-santiago\/noticias\/2012\/02\/27\/inicio-de-actividades-2012-para-alumnos-de-primer-ano\/\"},\"author\":{\"name\":\"admin\",\"@id\":\"https:\/\/medicina.udd.cl\/fonoaudiologia-santiago\/#\/schema\/person\/f7abfa784c86da427e89287831f96ab7\"},\"headline\":\"Inicio de actividades 2012 para alumnos de primer a\u00f1o\",\"datePublished\":\"2012-02-27T20:53:19+00:00\",\"dateModified\":\"2012-03-13T20:19:37+00:00\",\"mainEntityOfPage\":{\"@id\":\"https:\/\/medicina.udd.cl\/fonoaudiologia-santiago\/noticias\/2012\/02\/27\/inicio-de-actividades-2012-para-alumnos-de-primer-ano\/\"},\"wordCount\":248,\"commentCount\":0,\"image\":{\"@id\":\"https:\/\/medicina.udd.cl\/fonoaudiologia-santiago\/noticias\/2012\/02\/27\/inicio-de-actividades-2012-para-alumnos-de-primer-ano\/#primaryimage\"},\"thumbnailUrl\":\"http:\/\/medicina.udd.cl\/fonoaudiologia-santiago\/files\/2012\/02\/fono.of_.profes-1024x680.jpg\",\"articleSection\":[\"Noticias\"],\"inLanguage\":\"es\",\"potentialAction\":[{\"@type\":\"CommentAction\",\"name\":\"Comment\",\"target\":[\"https:\/\/medicina.udd.cl\/fonoaudiologia-santiago\/noticias\/2012\/02\/27\/inicio-de-actividades-2012-para-alumnos-de-primer-ano\/#respond\"]}]},{\"@type\":\"WebPage\",\"@id\":\"https:\/\/medicina.udd.cl\/fonoaudiologia-santiago\/noticias\/2012\/02\/27\/inicio-de-actividades-2012-para-alumnos-de-primer-ano\/\",\"url\":\"https:\/\/medicina.udd.cl\/fonoaudiologia-santiago\/noticias\/2012\/02\/27\/inicio-de-actividades-2012-para-alumnos-de-primer-ano\/\",\"name\":\"Inicio de actividades 2012 para alumnos de primer a\u00f1o - Fonoaudiolog\u00eda\",\"isPartOf\":{\"@id\":\"https:\/\/medicina.udd.cl\/fonoaudiologia-santiago\/#website\"},\"primaryImageOfPage\":{\"@id\":\"https:\/\/medicina.udd.cl\/fonoaudiologia-santiago\/noticias\/2012\/02\/27\/inicio-de-actividades-2012-para-alumnos-de-primer-ano\/#primaryimage\"},\"image\":{\"@id\":\"https:\/\/medicina.udd.cl\/fonoaudiologia-santiago\/noticias\/2012\/02\/27\/inicio-de-actividades-2012-para-alumnos-de-primer-ano\/#primaryimage\"},\"thumbnailUrl\":\"http:\/\/medicina.udd.cl\/fonoaudiologia-santiago\/files\/2012\/02\/fono.of_.profes-1024x680.jpg\",\"datePublished\":\"2012-02-27T20:53:19+00:00\",\"dateModified\":\"2012-03-13T20:19:37+00:00\",\"author\":{\"@id\":\"https:\/\/medicina.udd.cl\/fonoaudiologia-santiago\/#\/schema\/person\/f7abfa784c86da427e89287831f96ab7\"},\"breadcrumb\":{\"@id\":\"https:\/\/medicina.udd.cl\/fonoaudiologia-santiago\/noticias\/2012\/02\/27\/inicio-de-actividades-2012-para-alumnos-de-primer-ano\/#breadcrumb\"},\"inLanguage\":\"es\",\"potentialAction\":[{\"@type\":\"ReadAction\",\"target\":[\"https:\/\/medicina.udd.cl\/fonoaudiologia-santiago\/noticias\/2012\/02\/27\/inicio-de-actividades-2012-para-alumnos-de-primer-ano\/\"]}]},{\"@type\":\"ImageObject\",\"inLanguage\":\"es\",\"@id\":\"https:\/\/medicina.udd.cl\/fonoaudiologia-santiago\/noticias\/2012\/02\/27\/inicio-de-actividades-2012-para-alumnos-de-primer-ano\/#primaryimage\",\"url\":\"http:\/\/medicina.udd.cl\/fonoaudiologia-santiago\/files\/2012\/02\/fono.of_.profes-1024x680.jpg\",\"contentUrl\":\"http:\/\/medicina.udd.cl\/fonoaudiologia-santiago\/files\/2012\/02\/fono.of_.profes-1024x680.jpg\"},{\"@type\":\"BreadcrumbList\",\"@id\":\"https:\/\/medicina.udd.cl\/fonoaudiologia-santiago\/noticias\/2012\/02\/27\/inicio-de-actividades-2012-para-alumnos-de-primer-ano\/#breadcrumb\",\"itemListElement\":[{\"@type\":\"ListItem\",\"position\":1,\"name\":\"Home\",\"item\":\"https:\/\/medicina.udd.cl\/fonoaudiologia-santiago\/\"},{\"@type\":\"ListItem\",\"position\":2,\"name\":\"Inicio de actividades 2012 para alumnos de primer a\u00f1o\"}]},{\"@type\":\"WebSite\",\"@id\":\"https:\/\/medicina.udd.cl\/fonoaudiologia-santiago\/#website\",\"url\":\"https:\/\/medicina.udd.cl\/fonoaudiologia-santiago\/\",\"name\":\"Fonoaudiolog\u00eda\",\"description\":\"Facultad de Medicina Cl\u00ednica Alemana Universidad del Desarrollo\",\"inLanguage\":\"es\"},{\"@type\":\"Person\",\"@id\":\"https:\/\/medicina.udd.cl\/fonoaudiologia-santiago\/#\/schema\/person\/f7abfa784c86da427e89287831f96ab7\",\"name\":\"admin\",\"image\":{\"@type\":\"ImageObject\",\"inLanguage\":\"es\",\"@id\":\"https:\/\/medicina.udd.cl\/fonoaudiologia-santiago\/#\/schema\/person\/image\/\",\"url\":\"https:\/\/secure.gravatar.com\/avatar\/3cb6da298954dfb54457c0910b8c9ca010abd8d87a60f7d701b6ce4254e1c642?s=96&d=mm&r=g\",\"contentUrl\":\"https:\/\/secure.gravatar.com\/avatar\/3cb6da298954dfb54457c0910b8c9ca010abd8d87a60f7d701b6ce4254e1c642?s=96&d=mm&r=g\",\"caption\":\"admin\"},\"url\":\"https:\/\/medicina.udd.cl\/fonoaudiologia-santiago\/noticias\/author\/admin\/\"}]}<\/script>\n<!-- \/ Yoast SEO plugin. -->","yoast_head_json":{"title":"Inicio de actividades 2012 para alumnos de primer a\u00f1o - Fonoaudiolog\u00eda","robots":{"index":"index","follow":"follow","max-snippet":"max-snippet:-1","max-image-preview":"max-image-preview:large","max-video-preview":"max-video-preview:-1"},"canonical":"https:\/\/medicina.udd.cl\/fonoaudiologia-santiago\/noticias\/2012\/02\/27\/inicio-de-actividades-2012-para-alumnos-de-primer-ano\/","og_locale":"es_ES","og_type":"article","og_title":"Inicio de actividades 2012 para alumnos de primer a\u00f1o - Fonoaudiolog\u00eda","og_description":"Autoridades y profesores de la carrera le dieron la bienvenida a los nuevos estudiantes.","og_url":"https:\/\/medicina.udd.cl\/fonoaudiologia-santiago\/noticias\/2012\/02\/27\/inicio-de-actividades-2012-para-alumnos-de-primer-ano\/","og_site_name":"Fonoaudiolog\u00eda","article_published_time":"2012-02-27T20:53:19+00:00","article_modified_time":"2012-03-13T20:19:37+00:00","og_image":[{"url":"http:\/\/medicina.udd.cl\/fonoaudiologia-santiago\/files\/2012\/02\/fono.of_.profes-1024x680.jpg","type":"","width":"","height":""}],"author":"admin","twitter_misc":{"Escrito por":"admin","Tiempo de lectura":"1 minuto"},"schema":{"@context":"https:\/\/schema.org","@graph":[{"@type":"Article","@id":"https:\/\/medicina.udd.cl\/fonoaudiologia-santiago\/noticias\/2012\/02\/27\/inicio-de-actividades-2012-para-alumnos-de-primer-ano\/#article","isPartOf":{"@id":"https:\/\/medicina.udd.cl\/fonoaudiologia-santiago\/noticias\/2012\/02\/27\/inicio-de-actividades-2012-para-alumnos-de-primer-ano\/"},"author":{"name":"admin","@id":"https:\/\/medicina.udd.cl\/fonoaudiologia-santiago\/#\/schema\/person\/f7abfa784c86da427e89287831f96ab7"},"headline":"Inicio de actividades 2012 para alumnos de primer a\u00f1o","datePublished":"2012-02-27T20:53:19+00:00","dateModified":"2012-03-13T20:19:37+00:00","mainEntityOfPage":{"@id":"https:\/\/medicina.udd.cl\/fonoaudiologia-santiago\/noticias\/2012\/02\/27\/inicio-de-actividades-2012-para-alumnos-de-primer-ano\/"},"wordCount":248,"commentCount":0,"image":{"@id":"https:\/\/medicina.udd.cl\/fonoaudiologia-santiago\/noticias\/2012\/02\/27\/inicio-de-actividades-2012-para-alumnos-de-primer-ano\/#primaryimage"},"thumbnailUrl":"http:\/\/medicina.udd.cl\/fonoaudiologia-santiago\/files\/2012\/02\/fono.of_.profes-1024x680.jpg","articleSection":["Noticias"],"inLanguage":"es","potentialAction":[{"@type":"CommentAction","name":"Comment","target":["https:\/\/medicina.udd.cl\/fonoaudiologia-santiago\/noticias\/2012\/02\/27\/inicio-de-actividades-2012-para-alumnos-de-primer-ano\/#respond"]}]},{"@type":"WebPage","@id":"https:\/\/medicina.udd.cl\/fonoaudiologia-santiago\/noticias\/2012\/02\/27\/inicio-de-actividades-2012-para-alumnos-de-primer-ano\/","url":"https:\/\/medicina.udd.cl\/fonoaudiologia-santiago\/noticias\/2012\/02\/27\/inicio-de-actividades-2012-para-alumnos-de-primer-ano\/","name":"Inicio de actividades 2012 para alumnos de primer a\u00f1o - Fonoaudiolog\u00eda","isPartOf":{"@id":"https:\/\/medicina.udd.cl\/fonoaudiologia-santiago\/#website"},"primaryImageOfPage":{"@id":"https:\/\/medicina.udd.cl\/fonoaudiologia-santiago\/noticias\/2012\/02\/27\/inicio-de-actividades-2012-para-alumnos-de-primer-ano\/#primaryimage"},"image":{"@id":"https:\/\/medicina.udd.cl\/fonoaudiologia-santiago\/noticias\/2012\/02\/27\/inicio-de-actividades-2012-para-alumnos-de-primer-ano\/#primaryimage"},"thumbnailUrl":"http:\/\/medicina.udd.cl\/fonoaudiologia-santiago\/files\/2012\/02\/fono.of_.profes-1024x680.jpg","datePublished":"2012-02-27T20:53:19+00:00","dateModified":"2012-03-13T20:19:37+00:00","author":{"@id":"https:\/\/medicina.udd.cl\/fonoaudiologia-santiago\/#\/schema\/person\/f7abfa784c86da427e89287831f96ab7"},"breadcrumb":{"@id":"https:\/\/medicina.udd.cl\/fonoaudiologia-santiago\/noticias\/2012\/02\/27\/inicio-de-actividades-2012-para-alumnos-de-primer-ano\/#breadcrumb"},"inLanguage":"es","potentialAction":[{"@type":"ReadAction","target":["https:\/\/medicina.udd.cl\/fonoaudiologia-santiago\/noticias\/2012\/02\/27\/inicio-de-actividades-2012-para-alumnos-de-primer-ano\/"]}]},{"@type":"ImageObject","inLanguage":"es","@id":"https:\/\/medicina.udd.cl\/fonoaudiologia-santiago\/noticias\/2012\/02\/27\/inicio-de-actividades-2012-para-alumnos-de-primer-ano\/#primaryimage","url":"http:\/\/medicina.udd.cl\/fonoaudiologia-santiago\/files\/2012\/02\/fono.of_.profes-1024x680.jpg","contentUrl":"http:\/\/medicina.udd.cl\/fonoaudiologia-santiago\/files\/2012\/02\/fono.of_.profes-1024x680.jpg"},{"@type":"BreadcrumbList","@id":"https:\/\/medicina.udd.cl\/fonoaudiologia-santiago\/noticias\/2012\/02\/27\/inicio-de-actividades-2012-para-alumnos-de-primer-ano\/#breadcrumb","itemListElement":[{"@type":"ListItem","position":1,"name":"Home","item":"https:\/\/medicina.udd.cl\/fonoaudiologia-santiago\/"},{"@type":"ListItem","position":2,"name":"Inicio de actividades 2012 para alumnos de primer a\u00f1o"}]},{"@type":"WebSite","@id":"https:\/\/medicina.udd.cl\/fonoaudiologia-santiago\/#website","url":"https:\/\/medicina.udd.cl\/fonoaudiologia-santiago\/","name":"Fonoaudiolog\u00eda","description":"Facultad de Medicina Cl\u00ednica Alemana Universidad del Desarrollo","inLanguage":"es"},{"@type":"Person","@id":"https:\/\/medicina.udd.cl\/fonoaudiologia-santiago\/#\/schema\/person\/f7abfa784c86da427e89287831f96ab7","name":"admin","image":{"@type":"ImageObject","inLanguage":"es","@id":"https:\/\/medicina.udd.cl\/fonoaudiologia-santiago\/#\/schema\/person\/image\/","url":"https:\/\/secure.gravatar.com\/avatar\/3cb6da298954dfb54457c0910b8c9ca010abd8d87a60f7d701b6ce4254e1c642?s=96&d=mm&r=g","contentUrl":"https:\/\/secure.gravatar.com\/avatar\/3cb6da298954dfb54457c0910b8c9ca010abd8d87a60f7d701b6ce4254e1c642?s=96&d=mm&r=g","caption":"admin"},"url":"https:\/\/medicina.udd.cl\/fonoaudiologia-santiago\/noticias\/author\/admin\/"}]}},"featured_image_url":null,"_links":{"self":[{"href":"https:\/\/medicina.udd.cl\/fonoaudiologia-santiago\/wp-json\/wp\/v2\/posts\/1016","targetHints":{"allow":["GET"]}}],"collection":[{"href":"https:\/\/medicina.udd.cl\/fonoaudiologia-santiago\/wp-json\/wp\/v2\/posts"}],"about":[{"href":"https:\/\/medicina.udd.cl\/fonoaudiologia-santiago\/wp-json\/wp\/v2\/types\/post"}],"author":[{"embeddable":true,"href":"https:\/\/medicina.udd.cl\/fonoaudiologia-santiago\/wp-json\/wp\/v2\/users\/1"}],"replies":[{"embeddable":true,"href":"https:\/\/medicina.udd.cl\/fonoaudiologia-santiago\/wp-json\/wp\/v2\/comments?post=1016"}],"version-history":[{"count":20,"href":"https:\/\/medicina.udd.cl\/fonoaudiologia-santiago\/wp-json\/wp\/v2\/posts\/1016\/revisions"}],"predecessor-version":[{"id":1050,"href":"https:\/\/medicina.udd.cl\/fonoaudiologia-santiago\/wp-json\/wp\/v2\/posts\/1016\/revisions\/1050"}],"wp:attachment":[{"href":"https:\/\/medicina.udd.cl\/fonoaudiologia-santiago\/wp-json\/wp\/v2\/media?parent=1016"}],"wp:term":[{"taxonomy":"category","embeddable":true,"href":"https:\/\/medicina.udd.cl\/fonoaudiologia-santiago\/wp-json\/wp\/v2\/categories?post=1016"},{"taxonomy":"post_tag","embeddable":true,"href":"https:\/\/medicina.udd.cl\/fonoaudiologia-santiago\/wp-json\/wp\/v2\/tags?post=1016"}],"curies":[{"name":"wp","href":"https:\/\/api.w.org\/{rel}","templated":true}]}}