{"id":1052,"date":"2012-03-30T10:37:02","date_gmt":"2012-03-30T14:37:02","guid":{"rendered":"http:\/\/medicina.udd.cl\/fonoaudiologia-santiago\/?p=1052"},"modified":"2012-04-02T13:42:14","modified_gmt":"2012-04-02T17:42:14","slug":"premiacion-alumnos-y-profesores-destacados","status":"publish","type":"post","link":"https:\/\/medicina.udd.cl\/fonoaudiologia-santiago\/noticias\/2012\/03\/30\/premiacion-alumnos-y-profesores-destacados\/","title":{"rendered":"Premiaci\u00f3n alumnos y profesores destacados"},"content":{"rendered":"<figure id=\"attachment_1053\" aria-describedby=\"caption-attachment-1053\" style=\"width: 442px\" class=\"wp-caption aligncenter\"><a href=\"http:\/\/medicina.udd.cl\/fonoaudiologia-santiago\/files\/2012\/04\/mejores-alumnos-2011.jpg\"><img loading=\"lazy\" decoding=\"async\" class=\"size-large wp-image-1053 \" src=\"http:\/\/medicina.udd.cl\/fonoaudiologia-santiago\/files\/2012\/04\/mejores-alumnos-2011-1024x737.jpg\" alt=\"\" width=\"442\" height=\"319\" srcset=\"https:\/\/medicina.udd.cl\/fonoaudiologia-santiago\/files\/2012\/04\/mejores-alumnos-2011-1024x737.jpg 1024w, https:\/\/medicina.udd.cl\/fonoaudiologia-santiago\/files\/2012\/04\/mejores-alumnos-2011-300x216.jpg 300w, https:\/\/medicina.udd.cl\/fonoaudiologia-santiago\/files\/2012\/04\/mejores-alumnos-2011-768x553.jpg 768w, https:\/\/medicina.udd.cl\/fonoaudiologia-santiago\/files\/2012\/04\/mejores-alumnos-2011-286x205.jpg 286w, https:\/\/medicina.udd.cl\/fonoaudiologia-santiago\/files\/2012\/04\/mejores-alumnos-2011-87x62.jpg 87w, https:\/\/medicina.udd.cl\/fonoaudiologia-santiago\/files\/2012\/04\/mejores-alumnos-2011-960x691.jpg 960w\" sizes=\"auto, (max-width: 442px) 100vw, 442px\" \/><\/a><figcaption id=\"caption-attachment-1053\" class=\"wp-caption-text\">Mejores alumnas con directora Ang\u00e9lica L\u00f3pez, prof. Iv\u00e1n Castillo y decano Dr. Pablo Vial<\/figcaption><\/figure>\n<p style=\"text-align: justify;\">El pasado jueves 29 de marzo se llev\u00f3 a cabo la premiaci\u00f3n al rendimiento acad\u00e9mico de los estudiantes y el reconocimiento docente, una tradici\u00f3n que Universidad del Desarrollo realiza cada a\u00f1o.<\/p>\n<p style=\"text-align: justify;\">En el caso de los alumnos, la UDD distingui\u00f3 a quienes han mostrado\u00a0mejor rendimiento acad\u00e9mico por cada una de las promociones de ingreso. Este a\u00f1o los alumnos premiados fueron:<\/p>\n<ul>\n<li>Promoci\u00f3n 2007:\u00a0 Nicole Figueroa<\/li>\n<li>Promoci\u00f3n 2008: Mar\u00eda Ignacia Vergara<\/li>\n<li>Promoci\u00f3n 2009: Mar\u00eda Elena Le\u00f3n<\/li>\n<li>Promoci\u00f3n 2010: Natalia Melo<\/li>\n<li>Promoci\u00f3n 2011: Francisca G\u00f3mez<\/li>\n<\/ul>\n<p style=\"text-align: justify;\">Seg\u00fan la directora de Fonoaudiolog\u00eda, Mar\u00eda Ang\u00e9lica L\u00f3pez, es un orgullo tener grupos comprometidos, por eso <em>\u00abfelicitamos a cada una de nuestras alumnas y a sus familias por el esfuerzo mostrado. Adem\u00e1s, las instamos a mantener esta excelencia acad\u00e9mica\u00bb<\/em>, expres\u00f3.<\/p>\n<p style=\"text-align: justify;\">En relaci\u00f3n al rendimiento acad\u00e9mico, la universidad\u00a0distingue a\u00a0 aquel docente -que por votaci\u00f3n directa de los alumnos- es considerado como el m\u00e1s destacado dentro de la carrera. Este premio resalta no s\u00f3lo las condiciones acad\u00e9micas de la persona, sino que tambi\u00e9n la capacidad de escuchar, acompa\u00f1ar y orientar a los alumnos en su futura vida profesional.<\/p>\n<p style=\"text-align: justify;\">Este a\u00f1o, el premio fue otorgado a Iv\u00e1n Castillo, docente coordinador del \u00e1rea de Habla, a quien se felicit\u00f3 por su esp\u00edritu de compromiso y sus condiciones docentes.<\/p>\n","protected":false},"excerpt":{"rendered":"<p>El rector Federico Vald\u00e9s entreg\u00f3 un reconocimiento a 31 docentes y 102 estudiantes que se destacaron durante el a\u00f1o 2011 en las distintas carreras.<\/p>\n","protected":false},"author":1,"featured_media":0,"comment_status":"open","ping_status":"open","sticky":false,"template":"","format":"standard","meta":{"footnotes":""},"categories":[4],"tags":[],"class_list":["post-1052","post","type-post","status-publish","format-standard","hentry","category-noticias"],"yoast_head":"<!-- This site is optimized with the Yoast SEO plugin v26.9 - https:\/\/yoast.com\/product\/yoast-seo-wordpress\/ -->\n<title>Premiaci\u00f3n alumnos y profesores destacados - Fonoaudiolog\u00eda<\/title>\n<meta name=\"robots\" content=\"index, follow, max-snippet:-1, max-image-preview:large, max-video-preview:-1\" \/>\n<link rel=\"canonical\" href=\"https:\/\/medicina.udd.cl\/fonoaudiologia-santiago\/noticias\/2012\/03\/30\/premiacion-alumnos-y-profesores-destacados\/\" \/>\n<meta property=\"og:locale\" content=\"es_ES\" \/>\n<meta property=\"og:type\" content=\"article\" \/>\n<meta property=\"og:title\" content=\"Premiaci\u00f3n alumnos y profesores destacados - Fonoaudiolog\u00eda\" \/>\n<meta property=\"og:description\" content=\"El rector Federico Vald\u00e9s entreg\u00f3 un reconocimiento a 31 docentes y 102 estudiantes que se destacaron durante el a\u00f1o 2011 en las distintas carreras.\" \/>\n<meta property=\"og:url\" content=\"https:\/\/medicina.udd.cl\/fonoaudiologia-santiago\/noticias\/2012\/03\/30\/premiacion-alumnos-y-profesores-destacados\/\" \/>\n<meta property=\"og:site_name\" content=\"Fonoaudiolog\u00eda\" \/>\n<meta property=\"article:published_time\" content=\"2012-03-30T14:37:02+00:00\" \/>\n<meta property=\"article:modified_time\" content=\"2012-04-02T17:42:14+00:00\" \/>\n<meta property=\"og:image\" content=\"http:\/\/medicina.udd.cl\/fonoaudiologia-santiago\/files\/2012\/04\/mejores-alumnos-2011-1024x737.jpg\" \/>\n<meta name=\"author\" content=\"admin\" \/>\n<meta name=\"twitter:label1\" content=\"Escrito por\" \/>\n\t<meta name=\"twitter:data1\" content=\"admin\" \/>\n\t<meta name=\"twitter:label2\" content=\"Tiempo de lectura\" \/>\n\t<meta name=\"twitter:data2\" content=\"1 minuto\" \/>\n<script type=\"application\/ld+json\" class=\"yoast-schema-graph\">{\"@context\":\"https:\/\/schema.org\",\"@graph\":[{\"@type\":\"Article\",\"@id\":\"https:\/\/medicina.udd.cl\/fonoaudiologia-santiago\/noticias\/2012\/03\/30\/premiacion-alumnos-y-profesores-destacados\/#article\",\"isPartOf\":{\"@id\":\"https:\/\/medicina.udd.cl\/fonoaudiologia-santiago\/noticias\/2012\/03\/30\/premiacion-alumnos-y-profesores-destacados\/\"},\"author\":{\"name\":\"admin\",\"@id\":\"https:\/\/medicina.udd.cl\/fonoaudiologia-santiago\/#\/schema\/person\/f7abfa784c86da427e89287831f96ab7\"},\"headline\":\"Premiaci\u00f3n alumnos y profesores destacados\",\"datePublished\":\"2012-03-30T14:37:02+00:00\",\"dateModified\":\"2012-04-02T17:42:14+00:00\",\"mainEntityOfPage\":{\"@id\":\"https:\/\/medicina.udd.cl\/fonoaudiologia-santiago\/noticias\/2012\/03\/30\/premiacion-alumnos-y-profesores-destacados\/\"},\"wordCount\":266,\"commentCount\":0,\"image\":{\"@id\":\"https:\/\/medicina.udd.cl\/fonoaudiologia-santiago\/noticias\/2012\/03\/30\/premiacion-alumnos-y-profesores-destacados\/#primaryimage\"},\"thumbnailUrl\":\"http:\/\/medicina.udd.cl\/fonoaudiologia-santiago\/files\/2012\/04\/mejores-alumnos-2011-1024x737.jpg\",\"articleSection\":[\"Noticias\"],\"inLanguage\":\"es\",\"potentialAction\":[{\"@type\":\"CommentAction\",\"name\":\"Comment\",\"target\":[\"https:\/\/medicina.udd.cl\/fonoaudiologia-santiago\/noticias\/2012\/03\/30\/premiacion-alumnos-y-profesores-destacados\/#respond\"]}]},{\"@type\":\"WebPage\",\"@id\":\"https:\/\/medicina.udd.cl\/fonoaudiologia-santiago\/noticias\/2012\/03\/30\/premiacion-alumnos-y-profesores-destacados\/\",\"url\":\"https:\/\/medicina.udd.cl\/fonoaudiologia-santiago\/noticias\/2012\/03\/30\/premiacion-alumnos-y-profesores-destacados\/\",\"name\":\"Premiaci\u00f3n alumnos y profesores destacados - Fonoaudiolog\u00eda\",\"isPartOf\":{\"@id\":\"https:\/\/medicina.udd.cl\/fonoaudiologia-santiago\/#website\"},\"primaryImageOfPage\":{\"@id\":\"https:\/\/medicina.udd.cl\/fonoaudiologia-santiago\/noticias\/2012\/03\/30\/premiacion-alumnos-y-profesores-destacados\/#primaryimage\"},\"image\":{\"@id\":\"https:\/\/medicina.udd.cl\/fonoaudiologia-santiago\/noticias\/2012\/03\/30\/premiacion-alumnos-y-profesores-destacados\/#primaryimage\"},\"thumbnailUrl\":\"http:\/\/medicina.udd.cl\/fonoaudiologia-santiago\/files\/2012\/04\/mejores-alumnos-2011-1024x737.jpg\",\"datePublished\":\"2012-03-30T14:37:02+00:00\",\"dateModified\":\"2012-04-02T17:42:14+00:00\",\"author\":{\"@id\":\"https:\/\/medicina.udd.cl\/fonoaudiologia-santiago\/#\/schema\/person\/f7abfa784c86da427e89287831f96ab7\"},\"breadcrumb\":{\"@id\":\"https:\/\/medicina.udd.cl\/fonoaudiologia-santiago\/noticias\/2012\/03\/30\/premiacion-alumnos-y-profesores-destacados\/#breadcrumb\"},\"inLanguage\":\"es\",\"potentialAction\":[{\"@type\":\"ReadAction\",\"target\":[\"https:\/\/medicina.udd.cl\/fonoaudiologia-santiago\/noticias\/2012\/03\/30\/premiacion-alumnos-y-profesores-destacados\/\"]}]},{\"@type\":\"ImageObject\",\"inLanguage\":\"es\",\"@id\":\"https:\/\/medicina.udd.cl\/fonoaudiologia-santiago\/noticias\/2012\/03\/30\/premiacion-alumnos-y-profesores-destacados\/#primaryimage\",\"url\":\"http:\/\/medicina.udd.cl\/fonoaudiologia-santiago\/files\/2012\/04\/mejores-alumnos-2011-1024x737.jpg\",\"contentUrl\":\"http:\/\/medicina.udd.cl\/fonoaudiologia-santiago\/files\/2012\/04\/mejores-alumnos-2011-1024x737.jpg\"},{\"@type\":\"BreadcrumbList\",\"@id\":\"https:\/\/medicina.udd.cl\/fonoaudiologia-santiago\/noticias\/2012\/03\/30\/premiacion-alumnos-y-profesores-destacados\/#breadcrumb\",\"itemListElement\":[{\"@type\":\"ListItem\",\"position\":1,\"name\":\"Home\",\"item\":\"https:\/\/medicina.udd.cl\/fonoaudiologia-santiago\/\"},{\"@type\":\"ListItem\",\"position\":2,\"name\":\"Premiaci\u00f3n alumnos y profesores destacados\"}]},{\"@type\":\"WebSite\",\"@id\":\"https:\/\/medicina.udd.cl\/fonoaudiologia-santiago\/#website\",\"url\":\"https:\/\/medicina.udd.cl\/fonoaudiologia-santiago\/\",\"name\":\"Fonoaudiolog\u00eda\",\"description\":\"Facultad de Medicina Cl\u00ednica Alemana Universidad del Desarrollo\",\"inLanguage\":\"es\"},{\"@type\":\"Person\",\"@id\":\"https:\/\/medicina.udd.cl\/fonoaudiologia-santiago\/#\/schema\/person\/f7abfa784c86da427e89287831f96ab7\",\"name\":\"admin\",\"image\":{\"@type\":\"ImageObject\",\"inLanguage\":\"es\",\"@id\":\"https:\/\/medicina.udd.cl\/fonoaudiologia-santiago\/#\/schema\/person\/image\/\",\"url\":\"https:\/\/secure.gravatar.com\/avatar\/3cb6da298954dfb54457c0910b8c9ca010abd8d87a60f7d701b6ce4254e1c642?s=96&d=mm&r=g\",\"contentUrl\":\"https:\/\/secure.gravatar.com\/avatar\/3cb6da298954dfb54457c0910b8c9ca010abd8d87a60f7d701b6ce4254e1c642?s=96&d=mm&r=g\",\"caption\":\"admin\"},\"url\":\"https:\/\/medicina.udd.cl\/fonoaudiologia-santiago\/noticias\/author\/admin\/\"}]}<\/script>\n<!-- \/ Yoast SEO plugin. -->","yoast_head_json":{"title":"Premiaci\u00f3n alumnos y profesores destacados - Fonoaudiolog\u00eda","robots":{"index":"index","follow":"follow","max-snippet":"max-snippet:-1","max-image-preview":"max-image-preview:large","max-video-preview":"max-video-preview:-1"},"canonical":"https:\/\/medicina.udd.cl\/fonoaudiologia-santiago\/noticias\/2012\/03\/30\/premiacion-alumnos-y-profesores-destacados\/","og_locale":"es_ES","og_type":"article","og_title":"Premiaci\u00f3n alumnos y profesores destacados - Fonoaudiolog\u00eda","og_description":"El rector Federico Vald\u00e9s entreg\u00f3 un reconocimiento a 31 docentes y 102 estudiantes que se destacaron durante el a\u00f1o 2011 en las distintas carreras.","og_url":"https:\/\/medicina.udd.cl\/fonoaudiologia-santiago\/noticias\/2012\/03\/30\/premiacion-alumnos-y-profesores-destacados\/","og_site_name":"Fonoaudiolog\u00eda","article_published_time":"2012-03-30T14:37:02+00:00","article_modified_time":"2012-04-02T17:42:14+00:00","og_image":[{"url":"http:\/\/medicina.udd.cl\/fonoaudiologia-santiago\/files\/2012\/04\/mejores-alumnos-2011-1024x737.jpg","type":"","width":"","height":""}],"author":"admin","twitter_misc":{"Escrito por":"admin","Tiempo de lectura":"1 minuto"},"schema":{"@context":"https:\/\/schema.org","@graph":[{"@type":"Article","@id":"https:\/\/medicina.udd.cl\/fonoaudiologia-santiago\/noticias\/2012\/03\/30\/premiacion-alumnos-y-profesores-destacados\/#article","isPartOf":{"@id":"https:\/\/medicina.udd.cl\/fonoaudiologia-santiago\/noticias\/2012\/03\/30\/premiacion-alumnos-y-profesores-destacados\/"},"author":{"name":"admin","@id":"https:\/\/medicina.udd.cl\/fonoaudiologia-santiago\/#\/schema\/person\/f7abfa784c86da427e89287831f96ab7"},"headline":"Premiaci\u00f3n alumnos y profesores destacados","datePublished":"2012-03-30T14:37:02+00:00","dateModified":"2012-04-02T17:42:14+00:00","mainEntityOfPage":{"@id":"https:\/\/medicina.udd.cl\/fonoaudiologia-santiago\/noticias\/2012\/03\/30\/premiacion-alumnos-y-profesores-destacados\/"},"wordCount":266,"commentCount":0,"image":{"@id":"https:\/\/medicina.udd.cl\/fonoaudiologia-santiago\/noticias\/2012\/03\/30\/premiacion-alumnos-y-profesores-destacados\/#primaryimage"},"thumbnailUrl":"http:\/\/medicina.udd.cl\/fonoaudiologia-santiago\/files\/2012\/04\/mejores-alumnos-2011-1024x737.jpg","articleSection":["Noticias"],"inLanguage":"es","potentialAction":[{"@type":"CommentAction","name":"Comment","target":["https:\/\/medicina.udd.cl\/fonoaudiologia-santiago\/noticias\/2012\/03\/30\/premiacion-alumnos-y-profesores-destacados\/#respond"]}]},{"@type":"WebPage","@id":"https:\/\/medicina.udd.cl\/fonoaudiologia-santiago\/noticias\/2012\/03\/30\/premiacion-alumnos-y-profesores-destacados\/","url":"https:\/\/medicina.udd.cl\/fonoaudiologia-santiago\/noticias\/2012\/03\/30\/premiacion-alumnos-y-profesores-destacados\/","name":"Premiaci\u00f3n alumnos y profesores destacados - Fonoaudiolog\u00eda","isPartOf":{"@id":"https:\/\/medicina.udd.cl\/fonoaudiologia-santiago\/#website"},"primaryImageOfPage":{"@id":"https:\/\/medicina.udd.cl\/fonoaudiologia-santiago\/noticias\/2012\/03\/30\/premiacion-alumnos-y-profesores-destacados\/#primaryimage"},"image":{"@id":"https:\/\/medicina.udd.cl\/fonoaudiologia-santiago\/noticias\/2012\/03\/30\/premiacion-alumnos-y-profesores-destacados\/#primaryimage"},"thumbnailUrl":"http:\/\/medicina.udd.cl\/fonoaudiologia-santiago\/files\/2012\/04\/mejores-alumnos-2011-1024x737.jpg","datePublished":"2012-03-30T14:37:02+00:00","dateModified":"2012-04-02T17:42:14+00:00","author":{"@id":"https:\/\/medicina.udd.cl\/fonoaudiologia-santiago\/#\/schema\/person\/f7abfa784c86da427e89287831f96ab7"},"breadcrumb":{"@id":"https:\/\/medicina.udd.cl\/fonoaudiologia-santiago\/noticias\/2012\/03\/30\/premiacion-alumnos-y-profesores-destacados\/#breadcrumb"},"inLanguage":"es","potentialAction":[{"@type":"ReadAction","target":["https:\/\/medicina.udd.cl\/fonoaudiologia-santiago\/noticias\/2012\/03\/30\/premiacion-alumnos-y-profesores-destacados\/"]}]},{"@type":"ImageObject","inLanguage":"es","@id":"https:\/\/medicina.udd.cl\/fonoaudiologia-santiago\/noticias\/2012\/03\/30\/premiacion-alumnos-y-profesores-destacados\/#primaryimage","url":"http:\/\/medicina.udd.cl\/fonoaudiologia-santiago\/files\/2012\/04\/mejores-alumnos-2011-1024x737.jpg","contentUrl":"http:\/\/medicina.udd.cl\/fonoaudiologia-santiago\/files\/2012\/04\/mejores-alumnos-2011-1024x737.jpg"},{"@type":"BreadcrumbList","@id":"https:\/\/medicina.udd.cl\/fonoaudiologia-santiago\/noticias\/2012\/03\/30\/premiacion-alumnos-y-profesores-destacados\/#breadcrumb","itemListElement":[{"@type":"ListItem","position":1,"name":"Home","item":"https:\/\/medicina.udd.cl\/fonoaudiologia-santiago\/"},{"@type":"ListItem","position":2,"name":"Premiaci\u00f3n alumnos y profesores destacados"}]},{"@type":"WebSite","@id":"https:\/\/medicina.udd.cl\/fonoaudiologia-santiago\/#website","url":"https:\/\/medicina.udd.cl\/fonoaudiologia-santiago\/","name":"Fonoaudiolog\u00eda","description":"Facultad de Medicina Cl\u00ednica Alemana Universidad del Desarrollo","inLanguage":"es"},{"@type":"Person","@id":"https:\/\/medicina.udd.cl\/fonoaudiologia-santiago\/#\/schema\/person\/f7abfa784c86da427e89287831f96ab7","name":"admin","image":{"@type":"ImageObject","inLanguage":"es","@id":"https:\/\/medicina.udd.cl\/fonoaudiologia-santiago\/#\/schema\/person\/image\/","url":"https:\/\/secure.gravatar.com\/avatar\/3cb6da298954dfb54457c0910b8c9ca010abd8d87a60f7d701b6ce4254e1c642?s=96&d=mm&r=g","contentUrl":"https:\/\/secure.gravatar.com\/avatar\/3cb6da298954dfb54457c0910b8c9ca010abd8d87a60f7d701b6ce4254e1c642?s=96&d=mm&r=g","caption":"admin"},"url":"https:\/\/medicina.udd.cl\/fonoaudiologia-santiago\/noticias\/author\/admin\/"}]}},"featured_image_url":null,"_links":{"self":[{"href":"https:\/\/medicina.udd.cl\/fonoaudiologia-santiago\/wp-json\/wp\/v2\/posts\/1052","targetHints":{"allow":["GET"]}}],"collection":[{"href":"https:\/\/medicina.udd.cl\/fonoaudiologia-santiago\/wp-json\/wp\/v2\/posts"}],"about":[{"href":"https:\/\/medicina.udd.cl\/fonoaudiologia-santiago\/wp-json\/wp\/v2\/types\/post"}],"author":[{"embeddable":true,"href":"https:\/\/medicina.udd.cl\/fonoaudiologia-santiago\/wp-json\/wp\/v2\/users\/1"}],"replies":[{"embeddable":true,"href":"https:\/\/medicina.udd.cl\/fonoaudiologia-santiago\/wp-json\/wp\/v2\/comments?post=1052"}],"version-history":[{"count":8,"href":"https:\/\/medicina.udd.cl\/fonoaudiologia-santiago\/wp-json\/wp\/v2\/posts\/1052\/revisions"}],"predecessor-version":[{"id":1066,"href":"https:\/\/medicina.udd.cl\/fonoaudiologia-santiago\/wp-json\/wp\/v2\/posts\/1052\/revisions\/1066"}],"wp:attachment":[{"href":"https:\/\/medicina.udd.cl\/fonoaudiologia-santiago\/wp-json\/wp\/v2\/media?parent=1052"}],"wp:term":[{"taxonomy":"category","embeddable":true,"href":"https:\/\/medicina.udd.cl\/fonoaudiologia-santiago\/wp-json\/wp\/v2\/categories?post=1052"},{"taxonomy":"post_tag","embeddable":true,"href":"https:\/\/medicina.udd.cl\/fonoaudiologia-santiago\/wp-json\/wp\/v2\/tags?post=1052"}],"curies":[{"name":"wp","href":"https:\/\/api.w.org\/{rel}","templated":true}]}}