{"id":1062,"date":"2012-04-02T13:41:27","date_gmt":"2012-04-02T17:41:27","guid":{"rendered":"http:\/\/medicina.udd.cl\/fonoaudiologia-santiago\/?p=1062"},"modified":"2012-04-02T13:41:27","modified_gmt":"2012-04-02T17:41:27","slug":"docente-se-adjudica-fondo-concursable-para-apoyo-de-la-docencia","status":"publish","type":"post","link":"https:\/\/medicina.udd.cl\/fonoaudiologia-santiago\/noticias\/2012\/04\/02\/docente-se-adjudica-fondo-concursable-para-apoyo-de-la-docencia\/","title":{"rendered":"Docente se adjudica Fondo concursable para apoyo de la docencia"},"content":{"rendered":"<p style=\"text-align: justify;\"><a href=\"http:\/\/medicina.udd.cl\/fonoaudiologia-santiago\/files\/2012\/04\/foto-rodrigo-trujillo.jpg\"><img loading=\"lazy\" decoding=\"async\" class=\"alignright size-full wp-image-1064\" title=\"foto rodrigo trujillo\" src=\"http:\/\/medicina.udd.cl\/fonoaudiologia-santiago\/files\/2012\/04\/foto-rodrigo-trujillo.jpg\" alt=\"\" width=\"160\" height=\"187\" \/><\/a>El docente Rodrigo Trujillo, coordinador del \u00e1rea Ling\u00fcistica de la carrera, se adjudic\u00f3 un fondo concursable que le permitir\u00e1 la elaboraci\u00f3n de un\u00a0<strong>\u201cManual de casos cl\u00ednicos para estudiantes de Fonoaudiolog\u00eda de la Facultad de Medicina Cl\u00ednica Alemana Universidad del Desarrollo\u201d<\/strong>.<\/p>\n<p style=\"text-align: justify;\">Seg\u00fan el profesor, el objetivo de este material <em>\u00abfavorecer\u00e1\u00a0la aproximaci\u00f3n de los alumnos al real quehacer fonoaudiol\u00f3gico. Adem\u00e1s, posibilitar\u00e1 resolver una de las grandes demandas planteadas por los alumnos: contar con un grupo de casos que les permita estudiar de la mejor manera\u201d<\/em>, explic\u00f3.<\/p>\n","protected":false},"excerpt":{"rendered":"<p>El docente Rodrigo Trujillo, coordinador del \u00e1rea Ling\u00fcistica de la carrera, se adjudic\u00f3 un fondo concursable que le permitir\u00e1 la elaboraci\u00f3n de un\u00a0\u201cManual de casos cl\u00ednicos para estudiantes de Fonoaudiolog\u00eda de la Facultad de Medicina Cl\u00ednica Alemana Universidad del Desarrollo\u201d. Seg\u00fan el profesor, el objetivo de este material \u00abfavorecer\u00e1\u00a0la aproximaci\u00f3n de los alumnos al real [&hellip;]<\/p>\n","protected":false},"author":1,"featured_media":0,"comment_status":"open","ping_status":"open","sticky":false,"template":"","format":"standard","meta":{"footnotes":""},"categories":[4],"tags":[],"class_list":["post-1062","post","type-post","status-publish","format-standard","hentry","category-noticias"],"yoast_head":"<!-- This site is optimized with the Yoast SEO plugin v26.9 - https:\/\/yoast.com\/product\/yoast-seo-wordpress\/ -->\n<title>Docente se adjudica Fondo concursable para apoyo de la docencia - Fonoaudiolog\u00eda<\/title>\n<meta name=\"robots\" content=\"index, follow, max-snippet:-1, max-image-preview:large, max-video-preview:-1\" \/>\n<link rel=\"canonical\" href=\"https:\/\/medicina.udd.cl\/fonoaudiologia-santiago\/noticias\/2012\/04\/02\/docente-se-adjudica-fondo-concursable-para-apoyo-de-la-docencia\/\" \/>\n<meta property=\"og:locale\" content=\"es_ES\" \/>\n<meta property=\"og:type\" content=\"article\" \/>\n<meta property=\"og:title\" content=\"Docente se adjudica Fondo concursable para apoyo de la docencia - Fonoaudiolog\u00eda\" \/>\n<meta property=\"og:description\" content=\"El docente Rodrigo Trujillo, coordinador del \u00e1rea Ling\u00fcistica de la carrera, se adjudic\u00f3 un fondo concursable que le permitir\u00e1 la elaboraci\u00f3n de un\u00a0\u201cManual de casos cl\u00ednicos para estudiantes de Fonoaudiolog\u00eda de la Facultad de Medicina Cl\u00ednica Alemana Universidad del Desarrollo\u201d. Seg\u00fan el profesor, el objetivo de este material \u00abfavorecer\u00e1\u00a0la aproximaci\u00f3n de los alumnos al real [&hellip;]\" \/>\n<meta property=\"og:url\" content=\"https:\/\/medicina.udd.cl\/fonoaudiologia-santiago\/noticias\/2012\/04\/02\/docente-se-adjudica-fondo-concursable-para-apoyo-de-la-docencia\/\" \/>\n<meta property=\"og:site_name\" content=\"Fonoaudiolog\u00eda\" \/>\n<meta property=\"article:published_time\" content=\"2012-04-02T17:41:27+00:00\" \/>\n<meta property=\"og:image\" content=\"http:\/\/medicina.udd.cl\/fonoaudiologia-santiago\/files\/2012\/04\/foto-rodrigo-trujillo.jpg\" \/>\n<meta name=\"author\" content=\"admin\" \/>\n<meta name=\"twitter:label1\" content=\"Escrito por\" \/>\n\t<meta name=\"twitter:data1\" content=\"admin\" \/>\n<script type=\"application\/ld+json\" class=\"yoast-schema-graph\">{\"@context\":\"https:\/\/schema.org\",\"@graph\":[{\"@type\":\"Article\",\"@id\":\"https:\/\/medicina.udd.cl\/fonoaudiologia-santiago\/noticias\/2012\/04\/02\/docente-se-adjudica-fondo-concursable-para-apoyo-de-la-docencia\/#article\",\"isPartOf\":{\"@id\":\"https:\/\/medicina.udd.cl\/fonoaudiologia-santiago\/noticias\/2012\/04\/02\/docente-se-adjudica-fondo-concursable-para-apoyo-de-la-docencia\/\"},\"author\":{\"name\":\"admin\",\"@id\":\"https:\/\/medicina.udd.cl\/fonoaudiologia-santiago\/#\/schema\/person\/f7abfa784c86da427e89287831f96ab7\"},\"headline\":\"Docente se adjudica Fondo concursable para apoyo de la docencia\",\"datePublished\":\"2012-04-02T17:41:27+00:00\",\"mainEntityOfPage\":{\"@id\":\"https:\/\/medicina.udd.cl\/fonoaudiologia-santiago\/noticias\/2012\/04\/02\/docente-se-adjudica-fondo-concursable-para-apoyo-de-la-docencia\/\"},\"wordCount\":105,\"commentCount\":1,\"image\":{\"@id\":\"https:\/\/medicina.udd.cl\/fonoaudiologia-santiago\/noticias\/2012\/04\/02\/docente-se-adjudica-fondo-concursable-para-apoyo-de-la-docencia\/#primaryimage\"},\"thumbnailUrl\":\"http:\/\/medicina.udd.cl\/fonoaudiologia-santiago\/files\/2012\/04\/foto-rodrigo-trujillo.jpg\",\"articleSection\":[\"Noticias\"],\"inLanguage\":\"es\",\"potentialAction\":[{\"@type\":\"CommentAction\",\"name\":\"Comment\",\"target\":[\"https:\/\/medicina.udd.cl\/fonoaudiologia-santiago\/noticias\/2012\/04\/02\/docente-se-adjudica-fondo-concursable-para-apoyo-de-la-docencia\/#respond\"]}]},{\"@type\":\"WebPage\",\"@id\":\"https:\/\/medicina.udd.cl\/fonoaudiologia-santiago\/noticias\/2012\/04\/02\/docente-se-adjudica-fondo-concursable-para-apoyo-de-la-docencia\/\",\"url\":\"https:\/\/medicina.udd.cl\/fonoaudiologia-santiago\/noticias\/2012\/04\/02\/docente-se-adjudica-fondo-concursable-para-apoyo-de-la-docencia\/\",\"name\":\"Docente se adjudica Fondo concursable para apoyo de la docencia - Fonoaudiolog\u00eda\",\"isPartOf\":{\"@id\":\"https:\/\/medicina.udd.cl\/fonoaudiologia-santiago\/#website\"},\"primaryImageOfPage\":{\"@id\":\"https:\/\/medicina.udd.cl\/fonoaudiologia-santiago\/noticias\/2012\/04\/02\/docente-se-adjudica-fondo-concursable-para-apoyo-de-la-docencia\/#primaryimage\"},\"image\":{\"@id\":\"https:\/\/medicina.udd.cl\/fonoaudiologia-santiago\/noticias\/2012\/04\/02\/docente-se-adjudica-fondo-concursable-para-apoyo-de-la-docencia\/#primaryimage\"},\"thumbnailUrl\":\"http:\/\/medicina.udd.cl\/fonoaudiologia-santiago\/files\/2012\/04\/foto-rodrigo-trujillo.jpg\",\"datePublished\":\"2012-04-02T17:41:27+00:00\",\"author\":{\"@id\":\"https:\/\/medicina.udd.cl\/fonoaudiologia-santiago\/#\/schema\/person\/f7abfa784c86da427e89287831f96ab7\"},\"breadcrumb\":{\"@id\":\"https:\/\/medicina.udd.cl\/fonoaudiologia-santiago\/noticias\/2012\/04\/02\/docente-se-adjudica-fondo-concursable-para-apoyo-de-la-docencia\/#breadcrumb\"},\"inLanguage\":\"es\",\"potentialAction\":[{\"@type\":\"ReadAction\",\"target\":[\"https:\/\/medicina.udd.cl\/fonoaudiologia-santiago\/noticias\/2012\/04\/02\/docente-se-adjudica-fondo-concursable-para-apoyo-de-la-docencia\/\"]}]},{\"@type\":\"ImageObject\",\"inLanguage\":\"es\",\"@id\":\"https:\/\/medicina.udd.cl\/fonoaudiologia-santiago\/noticias\/2012\/04\/02\/docente-se-adjudica-fondo-concursable-para-apoyo-de-la-docencia\/#primaryimage\",\"url\":\"http:\/\/medicina.udd.cl\/fonoaudiologia-santiago\/files\/2012\/04\/foto-rodrigo-trujillo.jpg\",\"contentUrl\":\"http:\/\/medicina.udd.cl\/fonoaudiologia-santiago\/files\/2012\/04\/foto-rodrigo-trujillo.jpg\"},{\"@type\":\"BreadcrumbList\",\"@id\":\"https:\/\/medicina.udd.cl\/fonoaudiologia-santiago\/noticias\/2012\/04\/02\/docente-se-adjudica-fondo-concursable-para-apoyo-de-la-docencia\/#breadcrumb\",\"itemListElement\":[{\"@type\":\"ListItem\",\"position\":1,\"name\":\"Home\",\"item\":\"https:\/\/medicina.udd.cl\/fonoaudiologia-santiago\/\"},{\"@type\":\"ListItem\",\"position\":2,\"name\":\"Docente se adjudica Fondo concursable para apoyo de la docencia\"}]},{\"@type\":\"WebSite\",\"@id\":\"https:\/\/medicina.udd.cl\/fonoaudiologia-santiago\/#website\",\"url\":\"https:\/\/medicina.udd.cl\/fonoaudiologia-santiago\/\",\"name\":\"Fonoaudiolog\u00eda\",\"description\":\"Facultad de Medicina Cl\u00ednica Alemana Universidad del Desarrollo\",\"inLanguage\":\"es\"},{\"@type\":\"Person\",\"@id\":\"https:\/\/medicina.udd.cl\/fonoaudiologia-santiago\/#\/schema\/person\/f7abfa784c86da427e89287831f96ab7\",\"name\":\"admin\",\"image\":{\"@type\":\"ImageObject\",\"inLanguage\":\"es\",\"@id\":\"https:\/\/medicina.udd.cl\/fonoaudiologia-santiago\/#\/schema\/person\/image\/\",\"url\":\"https:\/\/secure.gravatar.com\/avatar\/3cb6da298954dfb54457c0910b8c9ca010abd8d87a60f7d701b6ce4254e1c642?s=96&d=mm&r=g\",\"contentUrl\":\"https:\/\/secure.gravatar.com\/avatar\/3cb6da298954dfb54457c0910b8c9ca010abd8d87a60f7d701b6ce4254e1c642?s=96&d=mm&r=g\",\"caption\":\"admin\"},\"url\":\"https:\/\/medicina.udd.cl\/fonoaudiologia-santiago\/noticias\/author\/admin\/\"}]}<\/script>\n<!-- \/ Yoast SEO plugin. -->","yoast_head_json":{"title":"Docente se adjudica Fondo concursable para apoyo de la docencia - Fonoaudiolog\u00eda","robots":{"index":"index","follow":"follow","max-snippet":"max-snippet:-1","max-image-preview":"max-image-preview:large","max-video-preview":"max-video-preview:-1"},"canonical":"https:\/\/medicina.udd.cl\/fonoaudiologia-santiago\/noticias\/2012\/04\/02\/docente-se-adjudica-fondo-concursable-para-apoyo-de-la-docencia\/","og_locale":"es_ES","og_type":"article","og_title":"Docente se adjudica Fondo concursable para apoyo de la docencia - Fonoaudiolog\u00eda","og_description":"El docente Rodrigo Trujillo, coordinador del \u00e1rea Ling\u00fcistica de la carrera, se adjudic\u00f3 un fondo concursable que le permitir\u00e1 la elaboraci\u00f3n de un\u00a0\u201cManual de casos cl\u00ednicos para estudiantes de Fonoaudiolog\u00eda de la Facultad de Medicina Cl\u00ednica Alemana Universidad del Desarrollo\u201d. Seg\u00fan el profesor, el objetivo de este material \u00abfavorecer\u00e1\u00a0la aproximaci\u00f3n de los alumnos al real [&hellip;]","og_url":"https:\/\/medicina.udd.cl\/fonoaudiologia-santiago\/noticias\/2012\/04\/02\/docente-se-adjudica-fondo-concursable-para-apoyo-de-la-docencia\/","og_site_name":"Fonoaudiolog\u00eda","article_published_time":"2012-04-02T17:41:27+00:00","og_image":[{"url":"http:\/\/medicina.udd.cl\/fonoaudiologia-santiago\/files\/2012\/04\/foto-rodrigo-trujillo.jpg","type":"","width":"","height":""}],"author":"admin","twitter_misc":{"Escrito por":"admin"},"schema":{"@context":"https:\/\/schema.org","@graph":[{"@type":"Article","@id":"https:\/\/medicina.udd.cl\/fonoaudiologia-santiago\/noticias\/2012\/04\/02\/docente-se-adjudica-fondo-concursable-para-apoyo-de-la-docencia\/#article","isPartOf":{"@id":"https:\/\/medicina.udd.cl\/fonoaudiologia-santiago\/noticias\/2012\/04\/02\/docente-se-adjudica-fondo-concursable-para-apoyo-de-la-docencia\/"},"author":{"name":"admin","@id":"https:\/\/medicina.udd.cl\/fonoaudiologia-santiago\/#\/schema\/person\/f7abfa784c86da427e89287831f96ab7"},"headline":"Docente se adjudica Fondo concursable para apoyo de la docencia","datePublished":"2012-04-02T17:41:27+00:00","mainEntityOfPage":{"@id":"https:\/\/medicina.udd.cl\/fonoaudiologia-santiago\/noticias\/2012\/04\/02\/docente-se-adjudica-fondo-concursable-para-apoyo-de-la-docencia\/"},"wordCount":105,"commentCount":1,"image":{"@id":"https:\/\/medicina.udd.cl\/fonoaudiologia-santiago\/noticias\/2012\/04\/02\/docente-se-adjudica-fondo-concursable-para-apoyo-de-la-docencia\/#primaryimage"},"thumbnailUrl":"http:\/\/medicina.udd.cl\/fonoaudiologia-santiago\/files\/2012\/04\/foto-rodrigo-trujillo.jpg","articleSection":["Noticias"],"inLanguage":"es","potentialAction":[{"@type":"CommentAction","name":"Comment","target":["https:\/\/medicina.udd.cl\/fonoaudiologia-santiago\/noticias\/2012\/04\/02\/docente-se-adjudica-fondo-concursable-para-apoyo-de-la-docencia\/#respond"]}]},{"@type":"WebPage","@id":"https:\/\/medicina.udd.cl\/fonoaudiologia-santiago\/noticias\/2012\/04\/02\/docente-se-adjudica-fondo-concursable-para-apoyo-de-la-docencia\/","url":"https:\/\/medicina.udd.cl\/fonoaudiologia-santiago\/noticias\/2012\/04\/02\/docente-se-adjudica-fondo-concursable-para-apoyo-de-la-docencia\/","name":"Docente se adjudica Fondo concursable para apoyo de la docencia - Fonoaudiolog\u00eda","isPartOf":{"@id":"https:\/\/medicina.udd.cl\/fonoaudiologia-santiago\/#website"},"primaryImageOfPage":{"@id":"https:\/\/medicina.udd.cl\/fonoaudiologia-santiago\/noticias\/2012\/04\/02\/docente-se-adjudica-fondo-concursable-para-apoyo-de-la-docencia\/#primaryimage"},"image":{"@id":"https:\/\/medicina.udd.cl\/fonoaudiologia-santiago\/noticias\/2012\/04\/02\/docente-se-adjudica-fondo-concursable-para-apoyo-de-la-docencia\/#primaryimage"},"thumbnailUrl":"http:\/\/medicina.udd.cl\/fonoaudiologia-santiago\/files\/2012\/04\/foto-rodrigo-trujillo.jpg","datePublished":"2012-04-02T17:41:27+00:00","author":{"@id":"https:\/\/medicina.udd.cl\/fonoaudiologia-santiago\/#\/schema\/person\/f7abfa784c86da427e89287831f96ab7"},"breadcrumb":{"@id":"https:\/\/medicina.udd.cl\/fonoaudiologia-santiago\/noticias\/2012\/04\/02\/docente-se-adjudica-fondo-concursable-para-apoyo-de-la-docencia\/#breadcrumb"},"inLanguage":"es","potentialAction":[{"@type":"ReadAction","target":["https:\/\/medicina.udd.cl\/fonoaudiologia-santiago\/noticias\/2012\/04\/02\/docente-se-adjudica-fondo-concursable-para-apoyo-de-la-docencia\/"]}]},{"@type":"ImageObject","inLanguage":"es","@id":"https:\/\/medicina.udd.cl\/fonoaudiologia-santiago\/noticias\/2012\/04\/02\/docente-se-adjudica-fondo-concursable-para-apoyo-de-la-docencia\/#primaryimage","url":"http:\/\/medicina.udd.cl\/fonoaudiologia-santiago\/files\/2012\/04\/foto-rodrigo-trujillo.jpg","contentUrl":"http:\/\/medicina.udd.cl\/fonoaudiologia-santiago\/files\/2012\/04\/foto-rodrigo-trujillo.jpg"},{"@type":"BreadcrumbList","@id":"https:\/\/medicina.udd.cl\/fonoaudiologia-santiago\/noticias\/2012\/04\/02\/docente-se-adjudica-fondo-concursable-para-apoyo-de-la-docencia\/#breadcrumb","itemListElement":[{"@type":"ListItem","position":1,"name":"Home","item":"https:\/\/medicina.udd.cl\/fonoaudiologia-santiago\/"},{"@type":"ListItem","position":2,"name":"Docente se adjudica Fondo concursable para apoyo de la docencia"}]},{"@type":"WebSite","@id":"https:\/\/medicina.udd.cl\/fonoaudiologia-santiago\/#website","url":"https:\/\/medicina.udd.cl\/fonoaudiologia-santiago\/","name":"Fonoaudiolog\u00eda","description":"Facultad de Medicina Cl\u00ednica Alemana Universidad del Desarrollo","inLanguage":"es"},{"@type":"Person","@id":"https:\/\/medicina.udd.cl\/fonoaudiologia-santiago\/#\/schema\/person\/f7abfa784c86da427e89287831f96ab7","name":"admin","image":{"@type":"ImageObject","inLanguage":"es","@id":"https:\/\/medicina.udd.cl\/fonoaudiologia-santiago\/#\/schema\/person\/image\/","url":"https:\/\/secure.gravatar.com\/avatar\/3cb6da298954dfb54457c0910b8c9ca010abd8d87a60f7d701b6ce4254e1c642?s=96&d=mm&r=g","contentUrl":"https:\/\/secure.gravatar.com\/avatar\/3cb6da298954dfb54457c0910b8c9ca010abd8d87a60f7d701b6ce4254e1c642?s=96&d=mm&r=g","caption":"admin"},"url":"https:\/\/medicina.udd.cl\/fonoaudiologia-santiago\/noticias\/author\/admin\/"}]}},"featured_image_url":null,"_links":{"self":[{"href":"https:\/\/medicina.udd.cl\/fonoaudiologia-santiago\/wp-json\/wp\/v2\/posts\/1062","targetHints":{"allow":["GET"]}}],"collection":[{"href":"https:\/\/medicina.udd.cl\/fonoaudiologia-santiago\/wp-json\/wp\/v2\/posts"}],"about":[{"href":"https:\/\/medicina.udd.cl\/fonoaudiologia-santiago\/wp-json\/wp\/v2\/types\/post"}],"author":[{"embeddable":true,"href":"https:\/\/medicina.udd.cl\/fonoaudiologia-santiago\/wp-json\/wp\/v2\/users\/1"}],"replies":[{"embeddable":true,"href":"https:\/\/medicina.udd.cl\/fonoaudiologia-santiago\/wp-json\/wp\/v2\/comments?post=1062"}],"version-history":[{"count":1,"href":"https:\/\/medicina.udd.cl\/fonoaudiologia-santiago\/wp-json\/wp\/v2\/posts\/1062\/revisions"}],"predecessor-version":[{"id":1065,"href":"https:\/\/medicina.udd.cl\/fonoaudiologia-santiago\/wp-json\/wp\/v2\/posts\/1062\/revisions\/1065"}],"wp:attachment":[{"href":"https:\/\/medicina.udd.cl\/fonoaudiologia-santiago\/wp-json\/wp\/v2\/media?parent=1062"}],"wp:term":[{"taxonomy":"category","embeddable":true,"href":"https:\/\/medicina.udd.cl\/fonoaudiologia-santiago\/wp-json\/wp\/v2\/categories?post=1062"},{"taxonomy":"post_tag","embeddable":true,"href":"https:\/\/medicina.udd.cl\/fonoaudiologia-santiago\/wp-json\/wp\/v2\/tags?post=1062"}],"curies":[{"name":"wp","href":"https:\/\/api.w.org\/{rel}","templated":true}]}}