{"id":1067,"date":"2012-04-02T13:56:21","date_gmt":"2012-04-02T17:56:21","guid":{"rendered":"http:\/\/medicina.udd.cl\/fonoaudiologia-santiago\/?p=1067"},"modified":"2012-04-02T14:14:38","modified_gmt":"2012-04-02T18:14:38","slug":"nuevos-docentes-se-integran-a-carrera-de-fonoaudiologia","status":"publish","type":"post","link":"https:\/\/medicina.udd.cl\/fonoaudiologia-santiago\/noticias\/2012\/04\/02\/nuevos-docentes-se-integran-a-carrera-de-fonoaudiologia\/","title":{"rendered":"Nuevos docentes se integran a carrera de Fonoaudiolog\u00eda"},"content":{"rendered":"<p style=\"text-align: justify;\">A partir de este a\u00f1o se integraron al equipo de trabajo de la carrera de Fonoaudiolog\u00eda de la Facultad de Medicina Cl\u00ednica Alemana Universidad del Desarrollo las siguientes fonoaudi\u00f3logas:<\/p>\n<p style=\"text-align: justify;\"><strong><a href=\"http:\/\/medicina.udd.cl\/fonoaudiologia-santiago\/files\/2012\/04\/Patricia-Castro.jpg\"><img loading=\"lazy\" decoding=\"async\" class=\"alignleft size-thumbnail wp-image-1068\" title=\"Patricia Castro\" src=\"http:\/\/medicina.udd.cl\/fonoaudiologia-santiago\/files\/2012\/04\/Patricia-Castro-150x150.jpg\" alt=\"\" width=\"150\" height=\"150\" srcset=\"https:\/\/medicina.udd.cl\/fonoaudiologia-santiago\/files\/2012\/04\/Patricia-Castro-150x150.jpg 150w, https:\/\/medicina.udd.cl\/fonoaudiologia-santiago\/files\/2012\/04\/Patricia-Castro-62x62.jpg 62w, https:\/\/medicina.udd.cl\/fonoaudiologia-santiago\/files\/2012\/04\/Patricia-Castro-300x300.jpg 300w, https:\/\/medicina.udd.cl\/fonoaudiologia-santiago\/files\/2012\/04\/Patricia-Castro-126x126.jpg 126w\" sizes=\"auto, (max-width: 150px) 100vw, 150px\" \/><\/a>Patricia Castro, en el \u00e1rea de Audiolog\u00eda<\/strong><\/p>\n<p style=\"text-align: justify;\"><strong> <\/strong>&#8211; Fonoaudiolog\u00eda de la Universidad de      Chile<\/p>\n<p style=\"text-align: justify;\">&#8211; Diplomada en Audiolog\u00eda Cl\u00ednica de la Universidad de      Chile<\/p>\n<p style=\"text-align: justify;\">&#8211; Experta en evaluaci\u00f3n, diagn\u00f3stico y rehabilitaci\u00f3n de      alteraciones auditivas y vestibulares<\/p>\n<p style=\"text-align: justify;\">\n<p><strong> <\/strong><\/p>\n<p style=\"text-align: justify;\">\n<p style=\"text-align: justify;\">\n<p style=\"text-align: -webkit-auto;\"><img loading=\"lazy\" decoding=\"async\" class=\"alignleft size-thumbnail wp-image-1071\" style=\"border-style: initial; border-color: initial;\" title=\"Paulina K.\" src=\"http:\/\/medicina.udd.cl\/fonoaudiologia-santiago\/files\/2012\/04\/Paulina-K.-150x150.jpg\" alt=\"\" width=\"150\" height=\"150\" srcset=\"https:\/\/medicina.udd.cl\/fonoaudiologia-santiago\/files\/2012\/04\/Paulina-K.-150x150.jpg 150w, https:\/\/medicina.udd.cl\/fonoaudiologia-santiago\/files\/2012\/04\/Paulina-K.-62x62.jpg 62w, https:\/\/medicina.udd.cl\/fonoaudiologia-santiago\/files\/2012\/04\/Paulina-K.-300x300.jpg 300w, https:\/\/medicina.udd.cl\/fonoaudiologia-santiago\/files\/2012\/04\/Paulina-K.-126x126.jpg 126w\" sizes=\"auto, (max-width: 150px) 100vw, 150px\" \/><\/p>\n<p style=\"text-align: justify;\"><strong>Pa<\/strong><strong>ulina Kunstmann<\/strong>,\u00a0<strong>en el \u00e1rea de adultos<\/strong><\/p>\n<p style=\"text-align: justify;\">-Fonoaudi\u00f3loga de la Universidad Mayor<\/p>\n<p style=\"text-align: justify;\">&#8211; Diplomada en Neuropsicolog\u00eda y Demencias de la Universidad de Chile<\/p>\n<p style=\"text-align: justify;\">&#8211; Post\u00edtulo en Trastornos de Lenguaje, Habla y Degluci\u00f3n de origen neurol\u00f3gico en adultos<\/p>\n<p style=\"text-align: justify;\"><strong><a href=\"http:\/\/medicina.udd.cl\/fonoaudiologia-santiago\/files\/2012\/04\/Paulina-Fern\u00e1ndez.jpg\"><img loading=\"lazy\" decoding=\"async\" class=\"size-thumbnail wp-image-1070 alignleft\" style=\"border-style: initial; border-color: initial;\" title=\"Paulina Fern\u00e1ndez\" src=\"http:\/\/medicina.udd.cl\/fonoaudiologia-santiago\/files\/2012\/04\/Paulina-Fern\u00e1ndez-150x150.jpg\" alt=\"\" width=\"150\" height=\"150\" srcset=\"https:\/\/medicina.udd.cl\/fonoaudiologia-santiago\/files\/2012\/04\/Paulina-Fern\u00e1ndez-150x150.jpg 150w, https:\/\/medicina.udd.cl\/fonoaudiologia-santiago\/files\/2012\/04\/Paulina-Fern\u00e1ndez-62x62.jpg 62w, https:\/\/medicina.udd.cl\/fonoaudiologia-santiago\/files\/2012\/04\/Paulina-Fern\u00e1ndez-300x300.jpg 300w, https:\/\/medicina.udd.cl\/fonoaudiologia-santiago\/files\/2012\/04\/Paulina-Fern\u00e1ndez-126x126.jpg 126w\" sizes=\"auto, (max-width: 150px) 100vw, 150px\" \/><\/a>Paulina Fern\u00e1ndez<\/strong>,<strong> en el \u00e1rea de Ni\u00f1os<\/strong><\/p>\n<p style=\"text-align: justify;\">&#8211; Fonoaudi\u00f3loga de la Universidad de Chile<\/p>\n<p style=\"text-align: justify;\">&#8211; Experta en evaluaci\u00f3n, diagn\u00f3stico, tratamiento y\/o rehabilitaci\u00f3n de ni\u00f1os y j\u00f3venes con trastornos del lenguaje y trastorno generalizado del desarrollo<em> (<\/em>TGD) en edad escolar<\/p>\n<p style=\"text-align: justify;\">\n<p style=\"text-align: justify;\">\n<p style=\"text-align: justify;\">\n<p style=\"text-align: justify;\">\n<p style=\"text-align: justify;\">\n<p style=\"text-align: justify;\">\n<p style=\"text-align: justify;\">\n<p style=\"text-align: justify;\">\n<p style=\"text-align: justify;\"><strong><a href=\"http:\/\/medicina.udd.cl\/fonoaudiologia-santiago\/files\/2012\/04\/Nicole.jpg\"><img loading=\"lazy\" decoding=\"async\" class=\"size-thumbnail wp-image-1072 alignleft\" title=\"Nicole\" src=\"http:\/\/medicina.udd.cl\/fonoaudiologia-santiago\/files\/2012\/04\/Nicole-150x150.jpg\" alt=\"\" width=\"150\" height=\"150\" srcset=\"https:\/\/medicina.udd.cl\/fonoaudiologia-santiago\/files\/2012\/04\/Nicole-150x150.jpg 150w, https:\/\/medicina.udd.cl\/fonoaudiologia-santiago\/files\/2012\/04\/Nicole-62x62.jpg 62w, https:\/\/medicina.udd.cl\/fonoaudiologia-santiago\/files\/2012\/04\/Nicole-300x300.jpg 300w, https:\/\/medicina.udd.cl\/fonoaudiologia-santiago\/files\/2012\/04\/Nicole-126x126.jpg 126w\" sizes=\"auto, (max-width: 150px) 100vw, 150px\" \/><\/a><\/strong><\/p>\n<p style=\"text-align: justify;\"><strong>Nicole Figuero<\/strong><strong><strong>a<\/strong>, en el \u00e1rea de Voz<\/strong><\/p>\n<p style=\"text-align: justify;\">&#8211; Fonoaudi\u00f3loga de la primera generaci\u00f3n de la Universidad del      Desarrollo y quien, dado su rendimiento acad\u00e9mico, fue seleccionada para      integrarse al equipo de trabajo de nuestra Universidad.<\/p>\n","protected":false},"excerpt":{"rendered":"<p>A partir de este a\u00f1o se integraron al equipo de trabajo de la carrera de Fonoaudiolog\u00eda de la Facultad de Medicina Cl\u00ednica Alemana Universidad del Desarrollo las siguientes fonoaudi\u00f3logas: Patricia Castro, en el \u00e1rea de Audiolog\u00eda &#8211; Fonoaudiolog\u00eda de la Universidad de Chile &#8211; Diplomada en Audiolog\u00eda Cl\u00ednica de la Universidad de Chile &#8211; Experta [&hellip;]<\/p>\n","protected":false},"author":1,"featured_media":0,"comment_status":"open","ping_status":"open","sticky":false,"template":"","format":"standard","meta":{"footnotes":""},"categories":[4],"tags":[],"class_list":["post-1067","post","type-post","status-publish","format-standard","hentry","category-noticias"],"yoast_head":"<!-- This site is optimized with the Yoast SEO plugin v26.9 - https:\/\/yoast.com\/product\/yoast-seo-wordpress\/ -->\n<title>Nuevos docentes se integran a carrera de Fonoaudiolog\u00eda - Fonoaudiolog\u00eda<\/title>\n<meta name=\"robots\" content=\"index, follow, max-snippet:-1, max-image-preview:large, max-video-preview:-1\" \/>\n<link rel=\"canonical\" href=\"https:\/\/medicina.udd.cl\/fonoaudiologia-santiago\/noticias\/2012\/04\/02\/nuevos-docentes-se-integran-a-carrera-de-fonoaudiologia\/\" \/>\n<meta property=\"og:locale\" content=\"es_ES\" \/>\n<meta property=\"og:type\" content=\"article\" \/>\n<meta property=\"og:title\" content=\"Nuevos docentes se integran a carrera de Fonoaudiolog\u00eda - Fonoaudiolog\u00eda\" \/>\n<meta property=\"og:description\" content=\"A partir de este a\u00f1o se integraron al equipo de trabajo de la carrera de Fonoaudiolog\u00eda de la Facultad de Medicina Cl\u00ednica Alemana Universidad del Desarrollo las siguientes fonoaudi\u00f3logas: Patricia Castro, en el \u00e1rea de Audiolog\u00eda &#8211; Fonoaudiolog\u00eda de la Universidad de Chile &#8211; Diplomada en Audiolog\u00eda Cl\u00ednica de la Universidad de Chile &#8211; Experta [&hellip;]\" \/>\n<meta property=\"og:url\" content=\"https:\/\/medicina.udd.cl\/fonoaudiologia-santiago\/noticias\/2012\/04\/02\/nuevos-docentes-se-integran-a-carrera-de-fonoaudiologia\/\" \/>\n<meta property=\"og:site_name\" content=\"Fonoaudiolog\u00eda\" \/>\n<meta property=\"article:published_time\" content=\"2012-04-02T17:56:21+00:00\" \/>\n<meta property=\"article:modified_time\" content=\"2012-04-02T18:14:38+00:00\" \/>\n<meta property=\"og:image\" content=\"http:\/\/medicina.udd.cl\/fonoaudiologia-santiago\/files\/2012\/04\/Patricia-Castro-150x150.jpg\" \/>\n<meta name=\"author\" content=\"admin\" \/>\n<meta name=\"twitter:label1\" content=\"Escrito por\" \/>\n\t<meta name=\"twitter:data1\" content=\"admin\" \/>\n\t<meta name=\"twitter:label2\" content=\"Tiempo de lectura\" \/>\n\t<meta name=\"twitter:data2\" content=\"1 minuto\" \/>\n<script type=\"application\/ld+json\" class=\"yoast-schema-graph\">{\"@context\":\"https:\/\/schema.org\",\"@graph\":[{\"@type\":\"Article\",\"@id\":\"https:\/\/medicina.udd.cl\/fonoaudiologia-santiago\/noticias\/2012\/04\/02\/nuevos-docentes-se-integran-a-carrera-de-fonoaudiologia\/#article\",\"isPartOf\":{\"@id\":\"https:\/\/medicina.udd.cl\/fonoaudiologia-santiago\/noticias\/2012\/04\/02\/nuevos-docentes-se-integran-a-carrera-de-fonoaudiologia\/\"},\"author\":{\"name\":\"admin\",\"@id\":\"https:\/\/medicina.udd.cl\/fonoaudiologia-santiago\/#\/schema\/person\/f7abfa784c86da427e89287831f96ab7\"},\"headline\":\"Nuevos docentes se integran a carrera de Fonoaudiolog\u00eda\",\"datePublished\":\"2012-04-02T17:56:21+00:00\",\"dateModified\":\"2012-04-02T18:14:38+00:00\",\"mainEntityOfPage\":{\"@id\":\"https:\/\/medicina.udd.cl\/fonoaudiologia-santiago\/noticias\/2012\/04\/02\/nuevos-docentes-se-integran-a-carrera-de-fonoaudiologia\/\"},\"wordCount\":215,\"commentCount\":0,\"image\":{\"@id\":\"https:\/\/medicina.udd.cl\/fonoaudiologia-santiago\/noticias\/2012\/04\/02\/nuevos-docentes-se-integran-a-carrera-de-fonoaudiologia\/#primaryimage\"},\"thumbnailUrl\":\"http:\/\/medicina.udd.cl\/fonoaudiologia-santiago\/files\/2012\/04\/Patricia-Castro-150x150.jpg\",\"articleSection\":[\"Noticias\"],\"inLanguage\":\"es\",\"potentialAction\":[{\"@type\":\"CommentAction\",\"name\":\"Comment\",\"target\":[\"https:\/\/medicina.udd.cl\/fonoaudiologia-santiago\/noticias\/2012\/04\/02\/nuevos-docentes-se-integran-a-carrera-de-fonoaudiologia\/#respond\"]}]},{\"@type\":\"WebPage\",\"@id\":\"https:\/\/medicina.udd.cl\/fonoaudiologia-santiago\/noticias\/2012\/04\/02\/nuevos-docentes-se-integran-a-carrera-de-fonoaudiologia\/\",\"url\":\"https:\/\/medicina.udd.cl\/fonoaudiologia-santiago\/noticias\/2012\/04\/02\/nuevos-docentes-se-integran-a-carrera-de-fonoaudiologia\/\",\"name\":\"Nuevos docentes se integran a carrera de Fonoaudiolog\u00eda - Fonoaudiolog\u00eda\",\"isPartOf\":{\"@id\":\"https:\/\/medicina.udd.cl\/fonoaudiologia-santiago\/#website\"},\"primaryImageOfPage\":{\"@id\":\"https:\/\/medicina.udd.cl\/fonoaudiologia-santiago\/noticias\/2012\/04\/02\/nuevos-docentes-se-integran-a-carrera-de-fonoaudiologia\/#primaryimage\"},\"image\":{\"@id\":\"https:\/\/medicina.udd.cl\/fonoaudiologia-santiago\/noticias\/2012\/04\/02\/nuevos-docentes-se-integran-a-carrera-de-fonoaudiologia\/#primaryimage\"},\"thumbnailUrl\":\"http:\/\/medicina.udd.cl\/fonoaudiologia-santiago\/files\/2012\/04\/Patricia-Castro-150x150.jpg\",\"datePublished\":\"2012-04-02T17:56:21+00:00\",\"dateModified\":\"2012-04-02T18:14:38+00:00\",\"author\":{\"@id\":\"https:\/\/medicina.udd.cl\/fonoaudiologia-santiago\/#\/schema\/person\/f7abfa784c86da427e89287831f96ab7\"},\"breadcrumb\":{\"@id\":\"https:\/\/medicina.udd.cl\/fonoaudiologia-santiago\/noticias\/2012\/04\/02\/nuevos-docentes-se-integran-a-carrera-de-fonoaudiologia\/#breadcrumb\"},\"inLanguage\":\"es\",\"potentialAction\":[{\"@type\":\"ReadAction\",\"target\":[\"https:\/\/medicina.udd.cl\/fonoaudiologia-santiago\/noticias\/2012\/04\/02\/nuevos-docentes-se-integran-a-carrera-de-fonoaudiologia\/\"]}]},{\"@type\":\"ImageObject\",\"inLanguage\":\"es\",\"@id\":\"https:\/\/medicina.udd.cl\/fonoaudiologia-santiago\/noticias\/2012\/04\/02\/nuevos-docentes-se-integran-a-carrera-de-fonoaudiologia\/#primaryimage\",\"url\":\"http:\/\/medicina.udd.cl\/fonoaudiologia-santiago\/files\/2012\/04\/Patricia-Castro-150x150.jpg\",\"contentUrl\":\"http:\/\/medicina.udd.cl\/fonoaudiologia-santiago\/files\/2012\/04\/Patricia-Castro-150x150.jpg\"},{\"@type\":\"BreadcrumbList\",\"@id\":\"https:\/\/medicina.udd.cl\/fonoaudiologia-santiago\/noticias\/2012\/04\/02\/nuevos-docentes-se-integran-a-carrera-de-fonoaudiologia\/#breadcrumb\",\"itemListElement\":[{\"@type\":\"ListItem\",\"position\":1,\"name\":\"Home\",\"item\":\"https:\/\/medicina.udd.cl\/fonoaudiologia-santiago\/\"},{\"@type\":\"ListItem\",\"position\":2,\"name\":\"Nuevos docentes se integran a carrera de Fonoaudiolog\u00eda\"}]},{\"@type\":\"WebSite\",\"@id\":\"https:\/\/medicina.udd.cl\/fonoaudiologia-santiago\/#website\",\"url\":\"https:\/\/medicina.udd.cl\/fonoaudiologia-santiago\/\",\"name\":\"Fonoaudiolog\u00eda\",\"description\":\"Facultad de Medicina Cl\u00ednica Alemana Universidad del Desarrollo\",\"inLanguage\":\"es\"},{\"@type\":\"Person\",\"@id\":\"https:\/\/medicina.udd.cl\/fonoaudiologia-santiago\/#\/schema\/person\/f7abfa784c86da427e89287831f96ab7\",\"name\":\"admin\",\"image\":{\"@type\":\"ImageObject\",\"inLanguage\":\"es\",\"@id\":\"https:\/\/medicina.udd.cl\/fonoaudiologia-santiago\/#\/schema\/person\/image\/\",\"url\":\"https:\/\/secure.gravatar.com\/avatar\/3cb6da298954dfb54457c0910b8c9ca010abd8d87a60f7d701b6ce4254e1c642?s=96&d=mm&r=g\",\"contentUrl\":\"https:\/\/secure.gravatar.com\/avatar\/3cb6da298954dfb54457c0910b8c9ca010abd8d87a60f7d701b6ce4254e1c642?s=96&d=mm&r=g\",\"caption\":\"admin\"},\"url\":\"https:\/\/medicina.udd.cl\/fonoaudiologia-santiago\/noticias\/author\/admin\/\"}]}<\/script>\n<!-- \/ Yoast SEO plugin. -->","yoast_head_json":{"title":"Nuevos docentes se integran a carrera de Fonoaudiolog\u00eda - Fonoaudiolog\u00eda","robots":{"index":"index","follow":"follow","max-snippet":"max-snippet:-1","max-image-preview":"max-image-preview:large","max-video-preview":"max-video-preview:-1"},"canonical":"https:\/\/medicina.udd.cl\/fonoaudiologia-santiago\/noticias\/2012\/04\/02\/nuevos-docentes-se-integran-a-carrera-de-fonoaudiologia\/","og_locale":"es_ES","og_type":"article","og_title":"Nuevos docentes se integran a carrera de Fonoaudiolog\u00eda - Fonoaudiolog\u00eda","og_description":"A partir de este a\u00f1o se integraron al equipo de trabajo de la carrera de Fonoaudiolog\u00eda de la Facultad de Medicina Cl\u00ednica Alemana Universidad del Desarrollo las siguientes fonoaudi\u00f3logas: Patricia Castro, en el \u00e1rea de Audiolog\u00eda &#8211; Fonoaudiolog\u00eda de la Universidad de Chile &#8211; Diplomada en Audiolog\u00eda Cl\u00ednica de la Universidad de Chile &#8211; Experta [&hellip;]","og_url":"https:\/\/medicina.udd.cl\/fonoaudiologia-santiago\/noticias\/2012\/04\/02\/nuevos-docentes-se-integran-a-carrera-de-fonoaudiologia\/","og_site_name":"Fonoaudiolog\u00eda","article_published_time":"2012-04-02T17:56:21+00:00","article_modified_time":"2012-04-02T18:14:38+00:00","og_image":[{"url":"http:\/\/medicina.udd.cl\/fonoaudiologia-santiago\/files\/2012\/04\/Patricia-Castro-150x150.jpg","type":"","width":"","height":""}],"author":"admin","twitter_misc":{"Escrito por":"admin","Tiempo de lectura":"1 minuto"},"schema":{"@context":"https:\/\/schema.org","@graph":[{"@type":"Article","@id":"https:\/\/medicina.udd.cl\/fonoaudiologia-santiago\/noticias\/2012\/04\/02\/nuevos-docentes-se-integran-a-carrera-de-fonoaudiologia\/#article","isPartOf":{"@id":"https:\/\/medicina.udd.cl\/fonoaudiologia-santiago\/noticias\/2012\/04\/02\/nuevos-docentes-se-integran-a-carrera-de-fonoaudiologia\/"},"author":{"name":"admin","@id":"https:\/\/medicina.udd.cl\/fonoaudiologia-santiago\/#\/schema\/person\/f7abfa784c86da427e89287831f96ab7"},"headline":"Nuevos docentes se integran a carrera de Fonoaudiolog\u00eda","datePublished":"2012-04-02T17:56:21+00:00","dateModified":"2012-04-02T18:14:38+00:00","mainEntityOfPage":{"@id":"https:\/\/medicina.udd.cl\/fonoaudiologia-santiago\/noticias\/2012\/04\/02\/nuevos-docentes-se-integran-a-carrera-de-fonoaudiologia\/"},"wordCount":215,"commentCount":0,"image":{"@id":"https:\/\/medicina.udd.cl\/fonoaudiologia-santiago\/noticias\/2012\/04\/02\/nuevos-docentes-se-integran-a-carrera-de-fonoaudiologia\/#primaryimage"},"thumbnailUrl":"http:\/\/medicina.udd.cl\/fonoaudiologia-santiago\/files\/2012\/04\/Patricia-Castro-150x150.jpg","articleSection":["Noticias"],"inLanguage":"es","potentialAction":[{"@type":"CommentAction","name":"Comment","target":["https:\/\/medicina.udd.cl\/fonoaudiologia-santiago\/noticias\/2012\/04\/02\/nuevos-docentes-se-integran-a-carrera-de-fonoaudiologia\/#respond"]}]},{"@type":"WebPage","@id":"https:\/\/medicina.udd.cl\/fonoaudiologia-santiago\/noticias\/2012\/04\/02\/nuevos-docentes-se-integran-a-carrera-de-fonoaudiologia\/","url":"https:\/\/medicina.udd.cl\/fonoaudiologia-santiago\/noticias\/2012\/04\/02\/nuevos-docentes-se-integran-a-carrera-de-fonoaudiologia\/","name":"Nuevos docentes se integran a carrera de Fonoaudiolog\u00eda - Fonoaudiolog\u00eda","isPartOf":{"@id":"https:\/\/medicina.udd.cl\/fonoaudiologia-santiago\/#website"},"primaryImageOfPage":{"@id":"https:\/\/medicina.udd.cl\/fonoaudiologia-santiago\/noticias\/2012\/04\/02\/nuevos-docentes-se-integran-a-carrera-de-fonoaudiologia\/#primaryimage"},"image":{"@id":"https:\/\/medicina.udd.cl\/fonoaudiologia-santiago\/noticias\/2012\/04\/02\/nuevos-docentes-se-integran-a-carrera-de-fonoaudiologia\/#primaryimage"},"thumbnailUrl":"http:\/\/medicina.udd.cl\/fonoaudiologia-santiago\/files\/2012\/04\/Patricia-Castro-150x150.jpg","datePublished":"2012-04-02T17:56:21+00:00","dateModified":"2012-04-02T18:14:38+00:00","author":{"@id":"https:\/\/medicina.udd.cl\/fonoaudiologia-santiago\/#\/schema\/person\/f7abfa784c86da427e89287831f96ab7"},"breadcrumb":{"@id":"https:\/\/medicina.udd.cl\/fonoaudiologia-santiago\/noticias\/2012\/04\/02\/nuevos-docentes-se-integran-a-carrera-de-fonoaudiologia\/#breadcrumb"},"inLanguage":"es","potentialAction":[{"@type":"ReadAction","target":["https:\/\/medicina.udd.cl\/fonoaudiologia-santiago\/noticias\/2012\/04\/02\/nuevos-docentes-se-integran-a-carrera-de-fonoaudiologia\/"]}]},{"@type":"ImageObject","inLanguage":"es","@id":"https:\/\/medicina.udd.cl\/fonoaudiologia-santiago\/noticias\/2012\/04\/02\/nuevos-docentes-se-integran-a-carrera-de-fonoaudiologia\/#primaryimage","url":"http:\/\/medicina.udd.cl\/fonoaudiologia-santiago\/files\/2012\/04\/Patricia-Castro-150x150.jpg","contentUrl":"http:\/\/medicina.udd.cl\/fonoaudiologia-santiago\/files\/2012\/04\/Patricia-Castro-150x150.jpg"},{"@type":"BreadcrumbList","@id":"https:\/\/medicina.udd.cl\/fonoaudiologia-santiago\/noticias\/2012\/04\/02\/nuevos-docentes-se-integran-a-carrera-de-fonoaudiologia\/#breadcrumb","itemListElement":[{"@type":"ListItem","position":1,"name":"Home","item":"https:\/\/medicina.udd.cl\/fonoaudiologia-santiago\/"},{"@type":"ListItem","position":2,"name":"Nuevos docentes se integran a carrera de Fonoaudiolog\u00eda"}]},{"@type":"WebSite","@id":"https:\/\/medicina.udd.cl\/fonoaudiologia-santiago\/#website","url":"https:\/\/medicina.udd.cl\/fonoaudiologia-santiago\/","name":"Fonoaudiolog\u00eda","description":"Facultad de Medicina Cl\u00ednica Alemana Universidad del Desarrollo","inLanguage":"es"},{"@type":"Person","@id":"https:\/\/medicina.udd.cl\/fonoaudiologia-santiago\/#\/schema\/person\/f7abfa784c86da427e89287831f96ab7","name":"admin","image":{"@type":"ImageObject","inLanguage":"es","@id":"https:\/\/medicina.udd.cl\/fonoaudiologia-santiago\/#\/schema\/person\/image\/","url":"https:\/\/secure.gravatar.com\/avatar\/3cb6da298954dfb54457c0910b8c9ca010abd8d87a60f7d701b6ce4254e1c642?s=96&d=mm&r=g","contentUrl":"https:\/\/secure.gravatar.com\/avatar\/3cb6da298954dfb54457c0910b8c9ca010abd8d87a60f7d701b6ce4254e1c642?s=96&d=mm&r=g","caption":"admin"},"url":"https:\/\/medicina.udd.cl\/fonoaudiologia-santiago\/noticias\/author\/admin\/"}]}},"featured_image_url":null,"_links":{"self":[{"href":"https:\/\/medicina.udd.cl\/fonoaudiologia-santiago\/wp-json\/wp\/v2\/posts\/1067","targetHints":{"allow":["GET"]}}],"collection":[{"href":"https:\/\/medicina.udd.cl\/fonoaudiologia-santiago\/wp-json\/wp\/v2\/posts"}],"about":[{"href":"https:\/\/medicina.udd.cl\/fonoaudiologia-santiago\/wp-json\/wp\/v2\/types\/post"}],"author":[{"embeddable":true,"href":"https:\/\/medicina.udd.cl\/fonoaudiologia-santiago\/wp-json\/wp\/v2\/users\/1"}],"replies":[{"embeddable":true,"href":"https:\/\/medicina.udd.cl\/fonoaudiologia-santiago\/wp-json\/wp\/v2\/comments?post=1067"}],"version-history":[{"count":24,"href":"https:\/\/medicina.udd.cl\/fonoaudiologia-santiago\/wp-json\/wp\/v2\/posts\/1067\/revisions"}],"predecessor-version":[{"id":1095,"href":"https:\/\/medicina.udd.cl\/fonoaudiologia-santiago\/wp-json\/wp\/v2\/posts\/1067\/revisions\/1095"}],"wp:attachment":[{"href":"https:\/\/medicina.udd.cl\/fonoaudiologia-santiago\/wp-json\/wp\/v2\/media?parent=1067"}],"wp:term":[{"taxonomy":"category","embeddable":true,"href":"https:\/\/medicina.udd.cl\/fonoaudiologia-santiago\/wp-json\/wp\/v2\/categories?post=1067"},{"taxonomy":"post_tag","embeddable":true,"href":"https:\/\/medicina.udd.cl\/fonoaudiologia-santiago\/wp-json\/wp\/v2\/tags?post=1067"}],"curies":[{"name":"wp","href":"https:\/\/api.w.org\/{rel}","templated":true}]}}