{"id":1122,"date":"2012-04-17T10:43:17","date_gmt":"2012-04-17T14:43:17","guid":{"rendered":"http:\/\/medicina.udd.cl\/fonoaudiologia-santiago\/?p=1122"},"modified":"2012-04-17T10:44:48","modified_gmt":"2012-04-17T14:44:48","slug":"paso-practico-asignatura-alteraciones-del-habla","status":"publish","type":"post","link":"https:\/\/medicina.udd.cl\/fonoaudiologia-santiago\/noticias\/2012\/04\/17\/paso-practico-asignatura-alteraciones-del-habla\/","title":{"rendered":"Paso pr\u00e1ctico asignatura Alteraciones del Habla"},"content":{"rendered":"<p style=\"text-align: justify;\">Los alumnos de cuarto a\u00f1o de la carrera de <a href=\"http:\/\/medicina.udd.cl\/fonoaudiologia-santiago\">Fonoaudiolog\u00eda<\/a> asistieron a su primera visita de campo cl\u00ednico en la Escuela de Lenguaje \u201cJes\u00fas de Praga\u201d ubicada en Isla de Maip\u00fa.<\/p>\n<p style=\"text-align: justify;\">Durante la visita, debieron evaluar a ni\u00f1os con dificultades de habla para llegar a un diagn\u00f3stico cl\u00ednico de las dificultades o alteraciones encontradas.<\/p>\n<p style=\"text-align: center;\"><a href=\"http:\/\/medicina.udd.cl\/fonoaudiologia-santiago\/files\/2012\/04\/escuela-de-lenguaje.jpg\"><img loading=\"lazy\" decoding=\"async\" class=\"size-large wp-image-1124 aligncenter\" title=\"Alumnos en la escuela\" src=\"http:\/\/medicina.udd.cl\/fonoaudiologia-santiago\/files\/2012\/04\/escuela-de-lenguaje-1024x706.jpg\" alt=\"\" width=\"442\" height=\"305\" \/><\/a><\/p>\n","protected":false},"excerpt":{"rendered":"<p>Los alumnos de cuarto a\u00f1o de la carrera de Fonoaudiolog\u00eda asistieron a su primera visita de campo cl\u00ednico en la Escuela de Lenguaje \u201cJes\u00fas de Praga\u201d ubicada en Isla de Maip\u00fa. Durante la visita, debieron evaluar a ni\u00f1os con dificultades de habla para llegar a un diagn\u00f3stico cl\u00ednico de las dificultades o alteraciones encontradas.<\/p>\n","protected":false},"author":1,"featured_media":0,"comment_status":"open","ping_status":"open","sticky":false,"template":"","format":"standard","meta":{"footnotes":""},"categories":[4],"tags":[],"class_list":["post-1122","post","type-post","status-publish","format-standard","hentry","category-noticias"],"yoast_head":"<!-- This site is optimized with the Yoast SEO plugin v26.9 - https:\/\/yoast.com\/product\/yoast-seo-wordpress\/ -->\n<title>Paso pr\u00e1ctico asignatura Alteraciones del Habla - Fonoaudiolog\u00eda<\/title>\n<meta name=\"robots\" content=\"index, follow, max-snippet:-1, max-image-preview:large, max-video-preview:-1\" \/>\n<link rel=\"canonical\" href=\"https:\/\/medicina.udd.cl\/fonoaudiologia-santiago\/noticias\/2012\/04\/17\/paso-practico-asignatura-alteraciones-del-habla\/\" \/>\n<meta property=\"og:locale\" content=\"es_ES\" \/>\n<meta property=\"og:type\" content=\"article\" \/>\n<meta property=\"og:title\" content=\"Paso pr\u00e1ctico asignatura Alteraciones del Habla - Fonoaudiolog\u00eda\" \/>\n<meta property=\"og:description\" content=\"Los alumnos de cuarto a\u00f1o de la carrera de Fonoaudiolog\u00eda asistieron a su primera visita de campo cl\u00ednico en la Escuela de Lenguaje \u201cJes\u00fas de Praga\u201d ubicada en Isla de Maip\u00fa. Durante la visita, debieron evaluar a ni\u00f1os con dificultades de habla para llegar a un diagn\u00f3stico cl\u00ednico de las dificultades o alteraciones encontradas.\" \/>\n<meta property=\"og:url\" content=\"https:\/\/medicina.udd.cl\/fonoaudiologia-santiago\/noticias\/2012\/04\/17\/paso-practico-asignatura-alteraciones-del-habla\/\" \/>\n<meta property=\"og:site_name\" content=\"Fonoaudiolog\u00eda\" \/>\n<meta property=\"article:published_time\" content=\"2012-04-17T14:43:17+00:00\" \/>\n<meta property=\"article:modified_time\" content=\"2012-04-17T14:44:48+00:00\" \/>\n<meta property=\"og:image\" content=\"http:\/\/medicina.udd.cl\/fonoaudiologia-santiago\/files\/2012\/04\/escuela-de-lenguaje-1024x706.jpg\" \/>\n<meta name=\"author\" content=\"admin\" \/>\n<meta name=\"twitter:label1\" content=\"Escrito por\" \/>\n\t<meta name=\"twitter:data1\" content=\"admin\" \/>\n<script type=\"application\/ld+json\" class=\"yoast-schema-graph\">{\"@context\":\"https:\/\/schema.org\",\"@graph\":[{\"@type\":\"Article\",\"@id\":\"https:\/\/medicina.udd.cl\/fonoaudiologia-santiago\/noticias\/2012\/04\/17\/paso-practico-asignatura-alteraciones-del-habla\/#article\",\"isPartOf\":{\"@id\":\"https:\/\/medicina.udd.cl\/fonoaudiologia-santiago\/noticias\/2012\/04\/17\/paso-practico-asignatura-alteraciones-del-habla\/\"},\"author\":{\"name\":\"admin\",\"@id\":\"https:\/\/medicina.udd.cl\/fonoaudiologia-santiago\/#\/schema\/person\/f7abfa784c86da427e89287831f96ab7\"},\"headline\":\"Paso pr\u00e1ctico asignatura Alteraciones del Habla\",\"datePublished\":\"2012-04-17T14:43:17+00:00\",\"dateModified\":\"2012-04-17T14:44:48+00:00\",\"mainEntityOfPage\":{\"@id\":\"https:\/\/medicina.udd.cl\/fonoaudiologia-santiago\/noticias\/2012\/04\/17\/paso-practico-asignatura-alteraciones-del-habla\/\"},\"wordCount\":68,\"commentCount\":0,\"image\":{\"@id\":\"https:\/\/medicina.udd.cl\/fonoaudiologia-santiago\/noticias\/2012\/04\/17\/paso-practico-asignatura-alteraciones-del-habla\/#primaryimage\"},\"thumbnailUrl\":\"http:\/\/medicina.udd.cl\/fonoaudiologia-santiago\/files\/2012\/04\/escuela-de-lenguaje-1024x706.jpg\",\"articleSection\":[\"Noticias\"],\"inLanguage\":\"es\",\"potentialAction\":[{\"@type\":\"CommentAction\",\"name\":\"Comment\",\"target\":[\"https:\/\/medicina.udd.cl\/fonoaudiologia-santiago\/noticias\/2012\/04\/17\/paso-practico-asignatura-alteraciones-del-habla\/#respond\"]}]},{\"@type\":\"WebPage\",\"@id\":\"https:\/\/medicina.udd.cl\/fonoaudiologia-santiago\/noticias\/2012\/04\/17\/paso-practico-asignatura-alteraciones-del-habla\/\",\"url\":\"https:\/\/medicina.udd.cl\/fonoaudiologia-santiago\/noticias\/2012\/04\/17\/paso-practico-asignatura-alteraciones-del-habla\/\",\"name\":\"Paso pr\u00e1ctico asignatura Alteraciones del Habla - Fonoaudiolog\u00eda\",\"isPartOf\":{\"@id\":\"https:\/\/medicina.udd.cl\/fonoaudiologia-santiago\/#website\"},\"primaryImageOfPage\":{\"@id\":\"https:\/\/medicina.udd.cl\/fonoaudiologia-santiago\/noticias\/2012\/04\/17\/paso-practico-asignatura-alteraciones-del-habla\/#primaryimage\"},\"image\":{\"@id\":\"https:\/\/medicina.udd.cl\/fonoaudiologia-santiago\/noticias\/2012\/04\/17\/paso-practico-asignatura-alteraciones-del-habla\/#primaryimage\"},\"thumbnailUrl\":\"http:\/\/medicina.udd.cl\/fonoaudiologia-santiago\/files\/2012\/04\/escuela-de-lenguaje-1024x706.jpg\",\"datePublished\":\"2012-04-17T14:43:17+00:00\",\"dateModified\":\"2012-04-17T14:44:48+00:00\",\"author\":{\"@id\":\"https:\/\/medicina.udd.cl\/fonoaudiologia-santiago\/#\/schema\/person\/f7abfa784c86da427e89287831f96ab7\"},\"breadcrumb\":{\"@id\":\"https:\/\/medicina.udd.cl\/fonoaudiologia-santiago\/noticias\/2012\/04\/17\/paso-practico-asignatura-alteraciones-del-habla\/#breadcrumb\"},\"inLanguage\":\"es\",\"potentialAction\":[{\"@type\":\"ReadAction\",\"target\":[\"https:\/\/medicina.udd.cl\/fonoaudiologia-santiago\/noticias\/2012\/04\/17\/paso-practico-asignatura-alteraciones-del-habla\/\"]}]},{\"@type\":\"ImageObject\",\"inLanguage\":\"es\",\"@id\":\"https:\/\/medicina.udd.cl\/fonoaudiologia-santiago\/noticias\/2012\/04\/17\/paso-practico-asignatura-alteraciones-del-habla\/#primaryimage\",\"url\":\"http:\/\/medicina.udd.cl\/fonoaudiologia-santiago\/files\/2012\/04\/escuela-de-lenguaje-1024x706.jpg\",\"contentUrl\":\"http:\/\/medicina.udd.cl\/fonoaudiologia-santiago\/files\/2012\/04\/escuela-de-lenguaje-1024x706.jpg\"},{\"@type\":\"BreadcrumbList\",\"@id\":\"https:\/\/medicina.udd.cl\/fonoaudiologia-santiago\/noticias\/2012\/04\/17\/paso-practico-asignatura-alteraciones-del-habla\/#breadcrumb\",\"itemListElement\":[{\"@type\":\"ListItem\",\"position\":1,\"name\":\"Home\",\"item\":\"https:\/\/medicina.udd.cl\/fonoaudiologia-santiago\/\"},{\"@type\":\"ListItem\",\"position\":2,\"name\":\"Paso pr\u00e1ctico asignatura Alteraciones del Habla\"}]},{\"@type\":\"WebSite\",\"@id\":\"https:\/\/medicina.udd.cl\/fonoaudiologia-santiago\/#website\",\"url\":\"https:\/\/medicina.udd.cl\/fonoaudiologia-santiago\/\",\"name\":\"Fonoaudiolog\u00eda\",\"description\":\"Facultad de Medicina Cl\u00ednica Alemana Universidad del Desarrollo\",\"inLanguage\":\"es\"},{\"@type\":\"Person\",\"@id\":\"https:\/\/medicina.udd.cl\/fonoaudiologia-santiago\/#\/schema\/person\/f7abfa784c86da427e89287831f96ab7\",\"name\":\"admin\",\"image\":{\"@type\":\"ImageObject\",\"inLanguage\":\"es\",\"@id\":\"https:\/\/medicina.udd.cl\/fonoaudiologia-santiago\/#\/schema\/person\/image\/\",\"url\":\"https:\/\/secure.gravatar.com\/avatar\/3cb6da298954dfb54457c0910b8c9ca010abd8d87a60f7d701b6ce4254e1c642?s=96&d=mm&r=g\",\"contentUrl\":\"https:\/\/secure.gravatar.com\/avatar\/3cb6da298954dfb54457c0910b8c9ca010abd8d87a60f7d701b6ce4254e1c642?s=96&d=mm&r=g\",\"caption\":\"admin\"},\"url\":\"https:\/\/medicina.udd.cl\/fonoaudiologia-santiago\/noticias\/author\/admin\/\"}]}<\/script>\n<!-- \/ Yoast SEO plugin. -->","yoast_head_json":{"title":"Paso pr\u00e1ctico asignatura Alteraciones del Habla - Fonoaudiolog\u00eda","robots":{"index":"index","follow":"follow","max-snippet":"max-snippet:-1","max-image-preview":"max-image-preview:large","max-video-preview":"max-video-preview:-1"},"canonical":"https:\/\/medicina.udd.cl\/fonoaudiologia-santiago\/noticias\/2012\/04\/17\/paso-practico-asignatura-alteraciones-del-habla\/","og_locale":"es_ES","og_type":"article","og_title":"Paso pr\u00e1ctico asignatura Alteraciones del Habla - Fonoaudiolog\u00eda","og_description":"Los alumnos de cuarto a\u00f1o de la carrera de Fonoaudiolog\u00eda asistieron a su primera visita de campo cl\u00ednico en la Escuela de Lenguaje \u201cJes\u00fas de Praga\u201d ubicada en Isla de Maip\u00fa. Durante la visita, debieron evaluar a ni\u00f1os con dificultades de habla para llegar a un diagn\u00f3stico cl\u00ednico de las dificultades o alteraciones encontradas.","og_url":"https:\/\/medicina.udd.cl\/fonoaudiologia-santiago\/noticias\/2012\/04\/17\/paso-practico-asignatura-alteraciones-del-habla\/","og_site_name":"Fonoaudiolog\u00eda","article_published_time":"2012-04-17T14:43:17+00:00","article_modified_time":"2012-04-17T14:44:48+00:00","og_image":[{"url":"http:\/\/medicina.udd.cl\/fonoaudiologia-santiago\/files\/2012\/04\/escuela-de-lenguaje-1024x706.jpg","type":"","width":"","height":""}],"author":"admin","twitter_misc":{"Escrito por":"admin"},"schema":{"@context":"https:\/\/schema.org","@graph":[{"@type":"Article","@id":"https:\/\/medicina.udd.cl\/fonoaudiologia-santiago\/noticias\/2012\/04\/17\/paso-practico-asignatura-alteraciones-del-habla\/#article","isPartOf":{"@id":"https:\/\/medicina.udd.cl\/fonoaudiologia-santiago\/noticias\/2012\/04\/17\/paso-practico-asignatura-alteraciones-del-habla\/"},"author":{"name":"admin","@id":"https:\/\/medicina.udd.cl\/fonoaudiologia-santiago\/#\/schema\/person\/f7abfa784c86da427e89287831f96ab7"},"headline":"Paso pr\u00e1ctico asignatura Alteraciones del Habla","datePublished":"2012-04-17T14:43:17+00:00","dateModified":"2012-04-17T14:44:48+00:00","mainEntityOfPage":{"@id":"https:\/\/medicina.udd.cl\/fonoaudiologia-santiago\/noticias\/2012\/04\/17\/paso-practico-asignatura-alteraciones-del-habla\/"},"wordCount":68,"commentCount":0,"image":{"@id":"https:\/\/medicina.udd.cl\/fonoaudiologia-santiago\/noticias\/2012\/04\/17\/paso-practico-asignatura-alteraciones-del-habla\/#primaryimage"},"thumbnailUrl":"http:\/\/medicina.udd.cl\/fonoaudiologia-santiago\/files\/2012\/04\/escuela-de-lenguaje-1024x706.jpg","articleSection":["Noticias"],"inLanguage":"es","potentialAction":[{"@type":"CommentAction","name":"Comment","target":["https:\/\/medicina.udd.cl\/fonoaudiologia-santiago\/noticias\/2012\/04\/17\/paso-practico-asignatura-alteraciones-del-habla\/#respond"]}]},{"@type":"WebPage","@id":"https:\/\/medicina.udd.cl\/fonoaudiologia-santiago\/noticias\/2012\/04\/17\/paso-practico-asignatura-alteraciones-del-habla\/","url":"https:\/\/medicina.udd.cl\/fonoaudiologia-santiago\/noticias\/2012\/04\/17\/paso-practico-asignatura-alteraciones-del-habla\/","name":"Paso pr\u00e1ctico asignatura Alteraciones del Habla - Fonoaudiolog\u00eda","isPartOf":{"@id":"https:\/\/medicina.udd.cl\/fonoaudiologia-santiago\/#website"},"primaryImageOfPage":{"@id":"https:\/\/medicina.udd.cl\/fonoaudiologia-santiago\/noticias\/2012\/04\/17\/paso-practico-asignatura-alteraciones-del-habla\/#primaryimage"},"image":{"@id":"https:\/\/medicina.udd.cl\/fonoaudiologia-santiago\/noticias\/2012\/04\/17\/paso-practico-asignatura-alteraciones-del-habla\/#primaryimage"},"thumbnailUrl":"http:\/\/medicina.udd.cl\/fonoaudiologia-santiago\/files\/2012\/04\/escuela-de-lenguaje-1024x706.jpg","datePublished":"2012-04-17T14:43:17+00:00","dateModified":"2012-04-17T14:44:48+00:00","author":{"@id":"https:\/\/medicina.udd.cl\/fonoaudiologia-santiago\/#\/schema\/person\/f7abfa784c86da427e89287831f96ab7"},"breadcrumb":{"@id":"https:\/\/medicina.udd.cl\/fonoaudiologia-santiago\/noticias\/2012\/04\/17\/paso-practico-asignatura-alteraciones-del-habla\/#breadcrumb"},"inLanguage":"es","potentialAction":[{"@type":"ReadAction","target":["https:\/\/medicina.udd.cl\/fonoaudiologia-santiago\/noticias\/2012\/04\/17\/paso-practico-asignatura-alteraciones-del-habla\/"]}]},{"@type":"ImageObject","inLanguage":"es","@id":"https:\/\/medicina.udd.cl\/fonoaudiologia-santiago\/noticias\/2012\/04\/17\/paso-practico-asignatura-alteraciones-del-habla\/#primaryimage","url":"http:\/\/medicina.udd.cl\/fonoaudiologia-santiago\/files\/2012\/04\/escuela-de-lenguaje-1024x706.jpg","contentUrl":"http:\/\/medicina.udd.cl\/fonoaudiologia-santiago\/files\/2012\/04\/escuela-de-lenguaje-1024x706.jpg"},{"@type":"BreadcrumbList","@id":"https:\/\/medicina.udd.cl\/fonoaudiologia-santiago\/noticias\/2012\/04\/17\/paso-practico-asignatura-alteraciones-del-habla\/#breadcrumb","itemListElement":[{"@type":"ListItem","position":1,"name":"Home","item":"https:\/\/medicina.udd.cl\/fonoaudiologia-santiago\/"},{"@type":"ListItem","position":2,"name":"Paso pr\u00e1ctico asignatura Alteraciones del Habla"}]},{"@type":"WebSite","@id":"https:\/\/medicina.udd.cl\/fonoaudiologia-santiago\/#website","url":"https:\/\/medicina.udd.cl\/fonoaudiologia-santiago\/","name":"Fonoaudiolog\u00eda","description":"Facultad de Medicina Cl\u00ednica Alemana Universidad del Desarrollo","inLanguage":"es"},{"@type":"Person","@id":"https:\/\/medicina.udd.cl\/fonoaudiologia-santiago\/#\/schema\/person\/f7abfa784c86da427e89287831f96ab7","name":"admin","image":{"@type":"ImageObject","inLanguage":"es","@id":"https:\/\/medicina.udd.cl\/fonoaudiologia-santiago\/#\/schema\/person\/image\/","url":"https:\/\/secure.gravatar.com\/avatar\/3cb6da298954dfb54457c0910b8c9ca010abd8d87a60f7d701b6ce4254e1c642?s=96&d=mm&r=g","contentUrl":"https:\/\/secure.gravatar.com\/avatar\/3cb6da298954dfb54457c0910b8c9ca010abd8d87a60f7d701b6ce4254e1c642?s=96&d=mm&r=g","caption":"admin"},"url":"https:\/\/medicina.udd.cl\/fonoaudiologia-santiago\/noticias\/author\/admin\/"}]}},"featured_image_url":null,"_links":{"self":[{"href":"https:\/\/medicina.udd.cl\/fonoaudiologia-santiago\/wp-json\/wp\/v2\/posts\/1122","targetHints":{"allow":["GET"]}}],"collection":[{"href":"https:\/\/medicina.udd.cl\/fonoaudiologia-santiago\/wp-json\/wp\/v2\/posts"}],"about":[{"href":"https:\/\/medicina.udd.cl\/fonoaudiologia-santiago\/wp-json\/wp\/v2\/types\/post"}],"author":[{"embeddable":true,"href":"https:\/\/medicina.udd.cl\/fonoaudiologia-santiago\/wp-json\/wp\/v2\/users\/1"}],"replies":[{"embeddable":true,"href":"https:\/\/medicina.udd.cl\/fonoaudiologia-santiago\/wp-json\/wp\/v2\/comments?post=1122"}],"version-history":[{"count":4,"href":"https:\/\/medicina.udd.cl\/fonoaudiologia-santiago\/wp-json\/wp\/v2\/posts\/1122\/revisions"}],"predecessor-version":[{"id":1129,"href":"https:\/\/medicina.udd.cl\/fonoaudiologia-santiago\/wp-json\/wp\/v2\/posts\/1122\/revisions\/1129"}],"wp:attachment":[{"href":"https:\/\/medicina.udd.cl\/fonoaudiologia-santiago\/wp-json\/wp\/v2\/media?parent=1122"}],"wp:term":[{"taxonomy":"category","embeddable":true,"href":"https:\/\/medicina.udd.cl\/fonoaudiologia-santiago\/wp-json\/wp\/v2\/categories?post=1122"},{"taxonomy":"post_tag","embeddable":true,"href":"https:\/\/medicina.udd.cl\/fonoaudiologia-santiago\/wp-json\/wp\/v2\/tags?post=1122"}],"curies":[{"name":"wp","href":"https:\/\/api.w.org\/{rel}","templated":true}]}}