{"id":1152,"date":"2012-05-17T14:56:44","date_gmt":"2012-05-17T18:56:44","guid":{"rendered":"http:\/\/medicina.udd.cl\/fonoaudiologia-santiago\/?p=1152"},"modified":"2012-05-17T14:57:43","modified_gmt":"2012-05-17T18:57:43","slug":"alumnos-de-tercer-ano-reciben-grado-de-bachiller","status":"publish","type":"post","link":"https:\/\/medicina.udd.cl\/fonoaudiologia-santiago\/noticias\/2012\/05\/17\/alumnos-de-tercer-ano-reciben-grado-de-bachiller\/","title":{"rendered":"Alumnos de tercer a\u00f1o reciben grado de bachiller"},"content":{"rendered":"<p style=\"text-align: center;\"><a href=\"http:\/\/medicina.udd.cl\/fonoaudiologia-santiago\/files\/2012\/05\/fono1.jpg\"><img loading=\"lazy\" decoding=\"async\" class=\"aligncenter size-full wp-image-1159\" title=\"fonoaudiologia bachillerato\" src=\"http:\/\/medicina.udd.cl\/fonoaudiologia-santiago\/files\/2012\/05\/fono1.jpg\" alt=\"\" width=\"441\" height=\"294\" srcset=\"https:\/\/medicina.udd.cl\/fonoaudiologia-santiago\/files\/2012\/05\/fono1.jpg 735w, https:\/\/medicina.udd.cl\/fonoaudiologia-santiago\/files\/2012\/05\/fono1-300x200.jpg 300w\" sizes=\"auto, (max-width: 441px) 100vw, 441px\" \/><\/a><\/p>\n<p style=\"text-align: justify;\">El s\u00e1bado 12 de mayo, los estudiantes de <a href=\"http:\/\/medicina.udd.cl\/kinesiologia-santiago\/\">Kinesiolog\u00eda<\/a>, <a href=\"http:\/\/medicina.udd.cl\/tecnologia-medica-santiago\/\">Tecnolog\u00eda M\u00e9dica<\/a>, <a href=\"http:\/\/medicina.udd.cl\/nutricion-dietetica-santiago\/\">Nutrici\u00f3n y Diet\u00e9tica<\/a> y <a href=\"http:\/\/medicina.udd.cl\/fonoaudiologia-santiago\/\">Fonoaudiolog\u00eda<\/a> recibieron su grado de Bachiller, momento que indica la culminaci\u00f3n de su ciclo b\u00e1sico.<\/p>\n<p style=\"text-align: justify;\">En el caso de la carrera de Fonoaudiolog\u00eda, la actividad cont\u00f3 con la participaci\u00f3n y apoyo del coordinador acad\u00e9mico, Mar\u00eda Antonella Urz\u00faa.<\/p>\n<p style=\"text-align: justify;\">Cabe destacar que a partir de esta instancia los alumnos acceden a su ciclo profesional, visitando los distintos campos cl\u00ednicos pertenecientes a la<a href=\"http:\/\/medicina.udd.cl\/\">Facultad de Medicina Cl\u00ednica Alemana Universidad del Desarrollo<\/a>.<\/p>\n","protected":false},"excerpt":{"rendered":"<p>El s\u00e1bado 12 de mayo, los estudiantes de Kinesiolog\u00eda, Tecnolog\u00eda M\u00e9dica, Nutrici\u00f3n y Diet\u00e9tica y Fonoaudiolog\u00eda recibieron su grado de Bachiller, momento que indica la culminaci\u00f3n de su ciclo b\u00e1sico. En el caso de la carrera de Fonoaudiolog\u00eda, la actividad cont\u00f3 con la participaci\u00f3n y apoyo del coordinador acad\u00e9mico, Mar\u00eda Antonella Urz\u00faa. Cabe destacar que [&hellip;]<\/p>\n","protected":false},"author":1,"featured_media":0,"comment_status":"open","ping_status":"open","sticky":false,"template":"","format":"standard","meta":{"footnotes":""},"categories":[4],"tags":[],"class_list":["post-1152","post","type-post","status-publish","format-standard","hentry","category-noticias"],"yoast_head":"<!-- This site is optimized with the Yoast SEO plugin v26.9 - https:\/\/yoast.com\/product\/yoast-seo-wordpress\/ -->\n<title>Alumnos de tercer a\u00f1o reciben grado de bachiller - Fonoaudiolog\u00eda<\/title>\n<meta name=\"robots\" content=\"index, follow, max-snippet:-1, max-image-preview:large, max-video-preview:-1\" \/>\n<link rel=\"canonical\" href=\"https:\/\/medicina.udd.cl\/fonoaudiologia-santiago\/noticias\/2012\/05\/17\/alumnos-de-tercer-ano-reciben-grado-de-bachiller\/\" \/>\n<meta property=\"og:locale\" content=\"es_ES\" \/>\n<meta property=\"og:type\" content=\"article\" \/>\n<meta property=\"og:title\" content=\"Alumnos de tercer a\u00f1o reciben grado de bachiller - Fonoaudiolog\u00eda\" \/>\n<meta property=\"og:description\" content=\"El s\u00e1bado 12 de mayo, los estudiantes de Kinesiolog\u00eda, Tecnolog\u00eda M\u00e9dica, Nutrici\u00f3n y Diet\u00e9tica y Fonoaudiolog\u00eda recibieron su grado de Bachiller, momento que indica la culminaci\u00f3n de su ciclo b\u00e1sico. En el caso de la carrera de Fonoaudiolog\u00eda, la actividad cont\u00f3 con la participaci\u00f3n y apoyo del coordinador acad\u00e9mico, Mar\u00eda Antonella Urz\u00faa. Cabe destacar que [&hellip;]\" \/>\n<meta property=\"og:url\" content=\"https:\/\/medicina.udd.cl\/fonoaudiologia-santiago\/noticias\/2012\/05\/17\/alumnos-de-tercer-ano-reciben-grado-de-bachiller\/\" \/>\n<meta property=\"og:site_name\" content=\"Fonoaudiolog\u00eda\" \/>\n<meta property=\"article:published_time\" content=\"2012-05-17T18:56:44+00:00\" \/>\n<meta property=\"article:modified_time\" content=\"2012-05-17T18:57:43+00:00\" \/>\n<meta property=\"og:image\" content=\"http:\/\/medicina.udd.cl\/fonoaudiologia-santiago\/files\/2012\/05\/fono1.jpg\" \/>\n<meta name=\"author\" content=\"admin\" \/>\n<meta name=\"twitter:label1\" content=\"Escrito por\" \/>\n\t<meta name=\"twitter:data1\" content=\"admin\" \/>\n<script type=\"application\/ld+json\" class=\"yoast-schema-graph\">{\"@context\":\"https:\/\/schema.org\",\"@graph\":[{\"@type\":\"Article\",\"@id\":\"https:\/\/medicina.udd.cl\/fonoaudiologia-santiago\/noticias\/2012\/05\/17\/alumnos-de-tercer-ano-reciben-grado-de-bachiller\/#article\",\"isPartOf\":{\"@id\":\"https:\/\/medicina.udd.cl\/fonoaudiologia-santiago\/noticias\/2012\/05\/17\/alumnos-de-tercer-ano-reciben-grado-de-bachiller\/\"},\"author\":{\"name\":\"admin\",\"@id\":\"https:\/\/medicina.udd.cl\/fonoaudiologia-santiago\/#\/schema\/person\/f7abfa784c86da427e89287831f96ab7\"},\"headline\":\"Alumnos de tercer a\u00f1o reciben grado de bachiller\",\"datePublished\":\"2012-05-17T18:56:44+00:00\",\"dateModified\":\"2012-05-17T18:57:43+00:00\",\"mainEntityOfPage\":{\"@id\":\"https:\/\/medicina.udd.cl\/fonoaudiologia-santiago\/noticias\/2012\/05\/17\/alumnos-de-tercer-ano-reciben-grado-de-bachiller\/\"},\"wordCount\":106,\"commentCount\":0,\"image\":{\"@id\":\"https:\/\/medicina.udd.cl\/fonoaudiologia-santiago\/noticias\/2012\/05\/17\/alumnos-de-tercer-ano-reciben-grado-de-bachiller\/#primaryimage\"},\"thumbnailUrl\":\"http:\/\/medicina.udd.cl\/fonoaudiologia-santiago\/files\/2012\/05\/fono1.jpg\",\"articleSection\":[\"Noticias\"],\"inLanguage\":\"es\",\"potentialAction\":[{\"@type\":\"CommentAction\",\"name\":\"Comment\",\"target\":[\"https:\/\/medicina.udd.cl\/fonoaudiologia-santiago\/noticias\/2012\/05\/17\/alumnos-de-tercer-ano-reciben-grado-de-bachiller\/#respond\"]}]},{\"@type\":\"WebPage\",\"@id\":\"https:\/\/medicina.udd.cl\/fonoaudiologia-santiago\/noticias\/2012\/05\/17\/alumnos-de-tercer-ano-reciben-grado-de-bachiller\/\",\"url\":\"https:\/\/medicina.udd.cl\/fonoaudiologia-santiago\/noticias\/2012\/05\/17\/alumnos-de-tercer-ano-reciben-grado-de-bachiller\/\",\"name\":\"Alumnos de tercer a\u00f1o reciben grado de bachiller - Fonoaudiolog\u00eda\",\"isPartOf\":{\"@id\":\"https:\/\/medicina.udd.cl\/fonoaudiologia-santiago\/#website\"},\"primaryImageOfPage\":{\"@id\":\"https:\/\/medicina.udd.cl\/fonoaudiologia-santiago\/noticias\/2012\/05\/17\/alumnos-de-tercer-ano-reciben-grado-de-bachiller\/#primaryimage\"},\"image\":{\"@id\":\"https:\/\/medicina.udd.cl\/fonoaudiologia-santiago\/noticias\/2012\/05\/17\/alumnos-de-tercer-ano-reciben-grado-de-bachiller\/#primaryimage\"},\"thumbnailUrl\":\"http:\/\/medicina.udd.cl\/fonoaudiologia-santiago\/files\/2012\/05\/fono1.jpg\",\"datePublished\":\"2012-05-17T18:56:44+00:00\",\"dateModified\":\"2012-05-17T18:57:43+00:00\",\"author\":{\"@id\":\"https:\/\/medicina.udd.cl\/fonoaudiologia-santiago\/#\/schema\/person\/f7abfa784c86da427e89287831f96ab7\"},\"breadcrumb\":{\"@id\":\"https:\/\/medicina.udd.cl\/fonoaudiologia-santiago\/noticias\/2012\/05\/17\/alumnos-de-tercer-ano-reciben-grado-de-bachiller\/#breadcrumb\"},\"inLanguage\":\"es\",\"potentialAction\":[{\"@type\":\"ReadAction\",\"target\":[\"https:\/\/medicina.udd.cl\/fonoaudiologia-santiago\/noticias\/2012\/05\/17\/alumnos-de-tercer-ano-reciben-grado-de-bachiller\/\"]}]},{\"@type\":\"ImageObject\",\"inLanguage\":\"es\",\"@id\":\"https:\/\/medicina.udd.cl\/fonoaudiologia-santiago\/noticias\/2012\/05\/17\/alumnos-de-tercer-ano-reciben-grado-de-bachiller\/#primaryimage\",\"url\":\"http:\/\/medicina.udd.cl\/fonoaudiologia-santiago\/files\/2012\/05\/fono1.jpg\",\"contentUrl\":\"http:\/\/medicina.udd.cl\/fonoaudiologia-santiago\/files\/2012\/05\/fono1.jpg\"},{\"@type\":\"BreadcrumbList\",\"@id\":\"https:\/\/medicina.udd.cl\/fonoaudiologia-santiago\/noticias\/2012\/05\/17\/alumnos-de-tercer-ano-reciben-grado-de-bachiller\/#breadcrumb\",\"itemListElement\":[{\"@type\":\"ListItem\",\"position\":1,\"name\":\"Home\",\"item\":\"https:\/\/medicina.udd.cl\/fonoaudiologia-santiago\/\"},{\"@type\":\"ListItem\",\"position\":2,\"name\":\"Alumnos de tercer a\u00f1o reciben grado de bachiller\"}]},{\"@type\":\"WebSite\",\"@id\":\"https:\/\/medicina.udd.cl\/fonoaudiologia-santiago\/#website\",\"url\":\"https:\/\/medicina.udd.cl\/fonoaudiologia-santiago\/\",\"name\":\"Fonoaudiolog\u00eda\",\"description\":\"Facultad de Medicina Cl\u00ednica Alemana Universidad del Desarrollo\",\"inLanguage\":\"es\"},{\"@type\":\"Person\",\"@id\":\"https:\/\/medicina.udd.cl\/fonoaudiologia-santiago\/#\/schema\/person\/f7abfa784c86da427e89287831f96ab7\",\"name\":\"admin\",\"image\":{\"@type\":\"ImageObject\",\"inLanguage\":\"es\",\"@id\":\"https:\/\/medicina.udd.cl\/fonoaudiologia-santiago\/#\/schema\/person\/image\/\",\"url\":\"https:\/\/secure.gravatar.com\/avatar\/3cb6da298954dfb54457c0910b8c9ca010abd8d87a60f7d701b6ce4254e1c642?s=96&d=mm&r=g\",\"contentUrl\":\"https:\/\/secure.gravatar.com\/avatar\/3cb6da298954dfb54457c0910b8c9ca010abd8d87a60f7d701b6ce4254e1c642?s=96&d=mm&r=g\",\"caption\":\"admin\"},\"url\":\"https:\/\/medicina.udd.cl\/fonoaudiologia-santiago\/noticias\/author\/admin\/\"}]}<\/script>\n<!-- \/ Yoast SEO plugin. -->","yoast_head_json":{"title":"Alumnos de tercer a\u00f1o reciben grado de bachiller - Fonoaudiolog\u00eda","robots":{"index":"index","follow":"follow","max-snippet":"max-snippet:-1","max-image-preview":"max-image-preview:large","max-video-preview":"max-video-preview:-1"},"canonical":"https:\/\/medicina.udd.cl\/fonoaudiologia-santiago\/noticias\/2012\/05\/17\/alumnos-de-tercer-ano-reciben-grado-de-bachiller\/","og_locale":"es_ES","og_type":"article","og_title":"Alumnos de tercer a\u00f1o reciben grado de bachiller - Fonoaudiolog\u00eda","og_description":"El s\u00e1bado 12 de mayo, los estudiantes de Kinesiolog\u00eda, Tecnolog\u00eda M\u00e9dica, Nutrici\u00f3n y Diet\u00e9tica y Fonoaudiolog\u00eda recibieron su grado de Bachiller, momento que indica la culminaci\u00f3n de su ciclo b\u00e1sico. En el caso de la carrera de Fonoaudiolog\u00eda, la actividad cont\u00f3 con la participaci\u00f3n y apoyo del coordinador acad\u00e9mico, Mar\u00eda Antonella Urz\u00faa. Cabe destacar que [&hellip;]","og_url":"https:\/\/medicina.udd.cl\/fonoaudiologia-santiago\/noticias\/2012\/05\/17\/alumnos-de-tercer-ano-reciben-grado-de-bachiller\/","og_site_name":"Fonoaudiolog\u00eda","article_published_time":"2012-05-17T18:56:44+00:00","article_modified_time":"2012-05-17T18:57:43+00:00","og_image":[{"url":"http:\/\/medicina.udd.cl\/fonoaudiologia-santiago\/files\/2012\/05\/fono1.jpg","type":"","width":"","height":""}],"author":"admin","twitter_misc":{"Escrito por":"admin"},"schema":{"@context":"https:\/\/schema.org","@graph":[{"@type":"Article","@id":"https:\/\/medicina.udd.cl\/fonoaudiologia-santiago\/noticias\/2012\/05\/17\/alumnos-de-tercer-ano-reciben-grado-de-bachiller\/#article","isPartOf":{"@id":"https:\/\/medicina.udd.cl\/fonoaudiologia-santiago\/noticias\/2012\/05\/17\/alumnos-de-tercer-ano-reciben-grado-de-bachiller\/"},"author":{"name":"admin","@id":"https:\/\/medicina.udd.cl\/fonoaudiologia-santiago\/#\/schema\/person\/f7abfa784c86da427e89287831f96ab7"},"headline":"Alumnos de tercer a\u00f1o reciben grado de bachiller","datePublished":"2012-05-17T18:56:44+00:00","dateModified":"2012-05-17T18:57:43+00:00","mainEntityOfPage":{"@id":"https:\/\/medicina.udd.cl\/fonoaudiologia-santiago\/noticias\/2012\/05\/17\/alumnos-de-tercer-ano-reciben-grado-de-bachiller\/"},"wordCount":106,"commentCount":0,"image":{"@id":"https:\/\/medicina.udd.cl\/fonoaudiologia-santiago\/noticias\/2012\/05\/17\/alumnos-de-tercer-ano-reciben-grado-de-bachiller\/#primaryimage"},"thumbnailUrl":"http:\/\/medicina.udd.cl\/fonoaudiologia-santiago\/files\/2012\/05\/fono1.jpg","articleSection":["Noticias"],"inLanguage":"es","potentialAction":[{"@type":"CommentAction","name":"Comment","target":["https:\/\/medicina.udd.cl\/fonoaudiologia-santiago\/noticias\/2012\/05\/17\/alumnos-de-tercer-ano-reciben-grado-de-bachiller\/#respond"]}]},{"@type":"WebPage","@id":"https:\/\/medicina.udd.cl\/fonoaudiologia-santiago\/noticias\/2012\/05\/17\/alumnos-de-tercer-ano-reciben-grado-de-bachiller\/","url":"https:\/\/medicina.udd.cl\/fonoaudiologia-santiago\/noticias\/2012\/05\/17\/alumnos-de-tercer-ano-reciben-grado-de-bachiller\/","name":"Alumnos de tercer a\u00f1o reciben grado de bachiller - Fonoaudiolog\u00eda","isPartOf":{"@id":"https:\/\/medicina.udd.cl\/fonoaudiologia-santiago\/#website"},"primaryImageOfPage":{"@id":"https:\/\/medicina.udd.cl\/fonoaudiologia-santiago\/noticias\/2012\/05\/17\/alumnos-de-tercer-ano-reciben-grado-de-bachiller\/#primaryimage"},"image":{"@id":"https:\/\/medicina.udd.cl\/fonoaudiologia-santiago\/noticias\/2012\/05\/17\/alumnos-de-tercer-ano-reciben-grado-de-bachiller\/#primaryimage"},"thumbnailUrl":"http:\/\/medicina.udd.cl\/fonoaudiologia-santiago\/files\/2012\/05\/fono1.jpg","datePublished":"2012-05-17T18:56:44+00:00","dateModified":"2012-05-17T18:57:43+00:00","author":{"@id":"https:\/\/medicina.udd.cl\/fonoaudiologia-santiago\/#\/schema\/person\/f7abfa784c86da427e89287831f96ab7"},"breadcrumb":{"@id":"https:\/\/medicina.udd.cl\/fonoaudiologia-santiago\/noticias\/2012\/05\/17\/alumnos-de-tercer-ano-reciben-grado-de-bachiller\/#breadcrumb"},"inLanguage":"es","potentialAction":[{"@type":"ReadAction","target":["https:\/\/medicina.udd.cl\/fonoaudiologia-santiago\/noticias\/2012\/05\/17\/alumnos-de-tercer-ano-reciben-grado-de-bachiller\/"]}]},{"@type":"ImageObject","inLanguage":"es","@id":"https:\/\/medicina.udd.cl\/fonoaudiologia-santiago\/noticias\/2012\/05\/17\/alumnos-de-tercer-ano-reciben-grado-de-bachiller\/#primaryimage","url":"http:\/\/medicina.udd.cl\/fonoaudiologia-santiago\/files\/2012\/05\/fono1.jpg","contentUrl":"http:\/\/medicina.udd.cl\/fonoaudiologia-santiago\/files\/2012\/05\/fono1.jpg"},{"@type":"BreadcrumbList","@id":"https:\/\/medicina.udd.cl\/fonoaudiologia-santiago\/noticias\/2012\/05\/17\/alumnos-de-tercer-ano-reciben-grado-de-bachiller\/#breadcrumb","itemListElement":[{"@type":"ListItem","position":1,"name":"Home","item":"https:\/\/medicina.udd.cl\/fonoaudiologia-santiago\/"},{"@type":"ListItem","position":2,"name":"Alumnos de tercer a\u00f1o reciben grado de bachiller"}]},{"@type":"WebSite","@id":"https:\/\/medicina.udd.cl\/fonoaudiologia-santiago\/#website","url":"https:\/\/medicina.udd.cl\/fonoaudiologia-santiago\/","name":"Fonoaudiolog\u00eda","description":"Facultad de Medicina Cl\u00ednica Alemana Universidad del Desarrollo","inLanguage":"es"},{"@type":"Person","@id":"https:\/\/medicina.udd.cl\/fonoaudiologia-santiago\/#\/schema\/person\/f7abfa784c86da427e89287831f96ab7","name":"admin","image":{"@type":"ImageObject","inLanguage":"es","@id":"https:\/\/medicina.udd.cl\/fonoaudiologia-santiago\/#\/schema\/person\/image\/","url":"https:\/\/secure.gravatar.com\/avatar\/3cb6da298954dfb54457c0910b8c9ca010abd8d87a60f7d701b6ce4254e1c642?s=96&d=mm&r=g","contentUrl":"https:\/\/secure.gravatar.com\/avatar\/3cb6da298954dfb54457c0910b8c9ca010abd8d87a60f7d701b6ce4254e1c642?s=96&d=mm&r=g","caption":"admin"},"url":"https:\/\/medicina.udd.cl\/fonoaudiologia-santiago\/noticias\/author\/admin\/"}]}},"featured_image_url":null,"_links":{"self":[{"href":"https:\/\/medicina.udd.cl\/fonoaudiologia-santiago\/wp-json\/wp\/v2\/posts\/1152","targetHints":{"allow":["GET"]}}],"collection":[{"href":"https:\/\/medicina.udd.cl\/fonoaudiologia-santiago\/wp-json\/wp\/v2\/posts"}],"about":[{"href":"https:\/\/medicina.udd.cl\/fonoaudiologia-santiago\/wp-json\/wp\/v2\/types\/post"}],"author":[{"embeddable":true,"href":"https:\/\/medicina.udd.cl\/fonoaudiologia-santiago\/wp-json\/wp\/v2\/users\/1"}],"replies":[{"embeddable":true,"href":"https:\/\/medicina.udd.cl\/fonoaudiologia-santiago\/wp-json\/wp\/v2\/comments?post=1152"}],"version-history":[{"count":10,"href":"https:\/\/medicina.udd.cl\/fonoaudiologia-santiago\/wp-json\/wp\/v2\/posts\/1152\/revisions"}],"predecessor-version":[{"id":1164,"href":"https:\/\/medicina.udd.cl\/fonoaudiologia-santiago\/wp-json\/wp\/v2\/posts\/1152\/revisions\/1164"}],"wp:attachment":[{"href":"https:\/\/medicina.udd.cl\/fonoaudiologia-santiago\/wp-json\/wp\/v2\/media?parent=1152"}],"wp:term":[{"taxonomy":"category","embeddable":true,"href":"https:\/\/medicina.udd.cl\/fonoaudiologia-santiago\/wp-json\/wp\/v2\/categories?post=1152"},{"taxonomy":"post_tag","embeddable":true,"href":"https:\/\/medicina.udd.cl\/fonoaudiologia-santiago\/wp-json\/wp\/v2\/tags?post=1152"}],"curies":[{"name":"wp","href":"https:\/\/api.w.org\/{rel}","templated":true}]}}