{"id":1166,"date":"2012-05-22T11:07:09","date_gmt":"2012-05-22T15:07:09","guid":{"rendered":"http:\/\/medicina.udd.cl\/fonoaudiologia-santiago\/?p=1166"},"modified":"2012-05-22T15:55:40","modified_gmt":"2012-05-22T19:55:40","slug":"%e2%80%9ces-impagable-seguir-tu-vocacion%e2%80%9d","status":"publish","type":"post","link":"https:\/\/medicina.udd.cl\/fonoaudiologia-santiago\/noticias\/2012\/05\/22\/%e2%80%9ces-impagable-seguir-tu-vocacion%e2%80%9d\/","title":{"rendered":"\u201cEs impagable seguir tu vocaci\u00f3n\u201d"},"content":{"rendered":"<p style=\"text-align: justify;\"><a href=\"http:\/\/medicina.udd.cl\/fonoaudiologia-santiago\/files\/2012\/05\/directora.jpg\"><img loading=\"lazy\" decoding=\"async\" class=\"alignright size-full wp-image-1171\" title=\"directora\" src=\"http:\/\/medicina.udd.cl\/fonoaudiologia-santiago\/files\/2012\/05\/directora.jpg\" alt=\"\" width=\"164\" height=\"160\" \/><\/a>Mar\u00eda Ang\u00e9lica es una mujer que transmite apasionadamente su profesi\u00f3n de fonoaudi\u00f3loga, tarea que ha desempe\u00f1ado exitosamente durante 34 a\u00f1os. Se integr\u00f3 a la <a href=\"http:\/\/www.udd.cl\/\">Universidad del Desarrollo<\/a> en octubre de 2006 con la misi\u00f3n de fundar la carrera de <a href=\"http:\/\/medicina.udd.cl\/fonoaudiologia-santiago\">Fonoaudiolog\u00eda<\/a>. Adem\u00e1s, hace 20 a\u00f1os, trabaja en <a href=\"http:\/\/portal.alemana.cl\/wps\/wcm\/connect\/internet\/home\">Cl\u00ednica Alemana<\/a> como integrante del equipo de neurorehabilitaci\u00f3n. Desde ah\u00ed, particip\u00f3 en la creaci\u00f3n de un innovador programa en fonoaudiolog\u00eda en la Unidad de Cuidados Intensivos (UCI), que consiste en asistir a pacientes cr\u00edticos \u2013que han sufrido un accidente o un grave evento neurol\u00f3gico\u2013 frente a un trastorno de lenguaje, habla o degluci\u00f3n, conocido como disfagia.<\/p>\n<p style=\"text-align: justify;\">Hace siete a\u00f1os forma parte de la UTAC (Unidad de Tratamiento del Ataque Cerebrovascular), que desde el 2002 realiza estudios de degluci\u00f3n, videofluoroscop\u00eda, convirti\u00e9ndose en el \u00fanico centro del pa\u00eds donde este examen se realiza por una fonoaudi\u00f3loga, en conjunto con un radi\u00f3logo y un broncopulmonar.<\/p>\n<p style=\"text-align: justify;\">Hoy se las ingenia para compartir sus horas entre la direcci\u00f3n de la carrera, la docencia y la atenci\u00f3n de pacientes. <em>\u201cMe las arreglo para estar con mis pacientes, principalmente haciendo turnos los fines de semana\u201d<\/em> cuenta. Esto se lo transmite a sus estudiantes, de quienes espera un excelente desempe\u00f1o a lo largo de los pasos pr\u00e1cticos en la cl\u00ednica. <em>\u201cDesde el primer d\u00eda les transmito a mis alumnos la importancia de desarrollar el lado humano de la profesi\u00f3n. La teor\u00eda est\u00e1 en los libros, en los\u00a0<em>papers<\/em>, en muchas partes; pero me interesa que desde el inicio comprendan la relevancia de acompa\u00f1ar al paciente y a sus familiares en el proceso de recuperaci\u00f3n\u201d.<\/em><\/p>\n<p style=\"text-align: justify;\">Paralelamente, y con el mismo entusiasmo, se ocupa del proceso de admisi\u00f3n. Durante todo el a\u00f1o visita colegios y da charlas a los alumnos que est\u00e1n definiendo su futuro profesional. <em>\u201cSiento que es uno quien tiene que dar a conocer su carrera. Adem\u00e1s les llama mucho la atenci\u00f3n el trabajo cl\u00ednico del fonoaudi\u00f3logo, que para la mayor\u00eda es desconocido. A quienes est\u00e1n realmente interesados los invito a la cl\u00ednica, vemos pacientes y me acompa\u00f1an a hacer ex\u00e1menes\u201d<\/em>, cuenta.<\/p>\n<p style=\"text-align: justify;\">Se confiesa como una mujer profundamente cat\u00f3lica, quien no cree en las coincidencias sino en las que ella denomina<em>\u201cdiosidencias\u201d<\/em>. Hace 17 a\u00f1os integra el coro de una comunidad de pastoral que se re\u00fane a ensayar y compartir todos los martes en la noche. <em>\u201cAdoro cantar, es mi terapia\u201d<\/em>, se\u00f1ala.<\/p>\n<p style=\"text-align: justify;\"><strong>La fiesta de los pacientes<\/strong><\/p>\n<p style=\"text-align: justify;\">El primer domingo de octubre de cada a\u00f1o, a eso del medio d\u00eda, los pacientes recuperados y sus familiares -adem\u00e1s de m\u00e9dicos y alumnos de primer a\u00f1o- comienzan a llegar a la casa de Mar\u00eda Ang\u00e9lica para compartir una jornada que la anfitriona define con emoci\u00f3n como <em>\u201cun b\u00e1lsamo de energ\u00eda positiva, una manera de dar gracias por todo lo que tienes\u201d.<\/em> El origen de esta fiesta se remonta al a\u00f1o 1982, cuando asistieron nueve pacientes. A\u00f1os m\u00e1s tarde, se ha transformado en un rito important\u00edsimo que reuni\u00f3 en su \u00faltimo encuentro a m\u00e1s de 280 personas.<\/p>\n<p style=\"text-align: justify;\">Durante la jornada, a la que todos asisten con gran entusiasmo y esperan ansiosos, conversan, comparten testimonios, celebran la presentaci\u00f3n del grupo folcl\u00f3rico de la Cl\u00ednica Alemana, y comen muy rico gracias al aporte de todos. Sobre el sentido de este encuentro, Mar\u00eda Ang\u00e9lica se\u00f1ala: <em>\u201clos pacientes creen que son los \u00fanicos a quienes les ha pasado esta tragedia y es muy enriquecedor que tengan la oportunidad de conocer la experiencia de otro al que le sucedi\u00f3 exactamente lo mismo\u201d<\/em>. La idea es que sea una fiesta de todos, en la que impl\u00edcitamente se hace un reconocimiento a quienes estuvieron al lado del paciente y colaboraron en su proceso de recuperaci\u00f3n.<\/p>\n<p style=\"text-align: justify;\">Mar\u00eda Ang\u00e9lica estuvo casada 19 a\u00f1os, tiene cuatro hijos y dos nietos. Actualmente vive con tres de sus hijos y dos sobrinas. Cuenta que cuando se jubile se visualiza en un departamento frente al mar donde goce de la tranquilidad necesaria para escribir sus memorias. \u201cTengo un cuaderno en el que he ido anotando los t\u00edtulos de cada uno de los cap\u00edtulos. En mi vida, especialmente en lo profesional, tengo una serie de an\u00e9cdotas que me gustar\u00eda dejar como testimonio\u201d, reflexiona.<\/p>\n<p style=\"text-align: justify;\">\u2013\u00a0<strong>En mi tiempo libre me gusta\u2026<\/strong><\/p>\n<p style=\"text-align: justify;\">Casi no tengo tiempo libre, pero si lo tuviera, me gustar\u00eda aprovechar y poder estar m\u00e1s con mis nietos. Adem\u00e1s me gusta mucho cantar, bailar y ver pel\u00edculas rom\u00e1nticas.<\/p>\n<p style=\"text-align: justify;\">\u2013\u00a0<strong>Lo que m\u00e1s me hace re\u00edr\u2026<\/strong><\/p>\n<p style=\"text-align: justify;\">Las \u201csalidas\u201d geniales que tienen mis alumnos.<\/p>\n<p style=\"text-align: justify;\">\u2013\u00a0<strong>El d\u00eda m\u00e1s feliz de mi vida fue\u2026<\/strong><\/p>\n<p style=\"text-align: justify;\">El d\u00eda en que nacieron cada uno de mis cuatro hijos.<\/p>\n<p style=\"text-align: justify;\"><strong>\u2013 Mi lugar favorito es\u2026<\/strong><\/p>\n<p style=\"text-align: justify;\">La tranquilidad de mi casa y la puesta de sol en una playa.<\/p>\n<p style=\"text-align: justify;\">\u2013\u00a0<strong>Me gustar\u00eda conocer\u2026<\/strong><\/p>\n<p style=\"text-align: justify;\">Grecia.<\/p>\n<p style=\"text-align: justify;\"><strong>\u2013 Mi comida favorita es\u2026<\/strong><\/p>\n<p style=\"text-align: justify;\">Cualquiera que tenga mariscos.<\/p>\n<p style=\"text-align: justify;\"><strong>\u2013 Alg\u00fan sue\u00f1o por realizar\u2026<\/strong><\/p>\n<p style=\"text-align: justify;\">Ten\u00eda un gran sue\u00f1o que afortunadamente pude cumplir el a\u00f1o pasado: viajar con mis hijas a Europa. Hoy estoy muy tranquila y siento que si me muriera ma\u00f1ana no me quedar\u00eda nada pendiente. Soy una agradecida de la vida y de las personas que Dios ha puesto en mi camino.<\/p>\n","protected":false},"excerpt":{"rendered":"<p>Mar\u00eda Ang\u00e9lica L\u00f3pez, directora de la carrera de Fonoaudiolog\u00eda, habl\u00f3 sobre su experiencia en la Universidad del Desarrollo y Cl\u00ednica Alemana.<\/p>\n","protected":false},"author":1,"featured_media":0,"comment_status":"open","ping_status":"open","sticky":false,"template":"","format":"standard","meta":{"footnotes":""},"categories":[4],"tags":[],"class_list":["post-1166","post","type-post","status-publish","format-standard","hentry","category-noticias"],"yoast_head":"<!-- This site is optimized with the Yoast SEO plugin v26.9 - https:\/\/yoast.com\/product\/yoast-seo-wordpress\/ -->\n<title>\u201cEs impagable seguir tu vocaci\u00f3n\u201d - Fonoaudiolog\u00eda<\/title>\n<meta name=\"robots\" content=\"index, follow, max-snippet:-1, max-image-preview:large, max-video-preview:-1\" \/>\n<link rel=\"canonical\" href=\"https:\/\/medicina.udd.cl\/fonoaudiologia-santiago\/noticias\/2012\/05\/22\/\u201ces-impagable-seguir-tu-vocacion\u201d\/\" \/>\n<meta property=\"og:locale\" content=\"es_ES\" \/>\n<meta property=\"og:type\" content=\"article\" \/>\n<meta property=\"og:title\" content=\"\u201cEs impagable seguir tu vocaci\u00f3n\u201d - Fonoaudiolog\u00eda\" \/>\n<meta property=\"og:description\" content=\"Mar\u00eda Ang\u00e9lica L\u00f3pez, directora de la carrera de Fonoaudiolog\u00eda, habl\u00f3 sobre su experiencia en la Universidad del Desarrollo y Cl\u00ednica Alemana.\" \/>\n<meta property=\"og:url\" content=\"https:\/\/medicina.udd.cl\/fonoaudiologia-santiago\/noticias\/2012\/05\/22\/\u201ces-impagable-seguir-tu-vocacion\u201d\/\" \/>\n<meta property=\"og:site_name\" content=\"Fonoaudiolog\u00eda\" \/>\n<meta property=\"article:published_time\" content=\"2012-05-22T15:07:09+00:00\" \/>\n<meta property=\"article:modified_time\" content=\"2012-05-22T19:55:40+00:00\" \/>\n<meta property=\"og:image\" content=\"http:\/\/medicina.udd.cl\/fonoaudiologia-santiago\/files\/2012\/05\/directora.jpg\" \/>\n<meta name=\"author\" content=\"admin\" \/>\n<meta name=\"twitter:label1\" content=\"Escrito por\" \/>\n\t<meta name=\"twitter:data1\" content=\"admin\" \/>\n\t<meta name=\"twitter:label2\" content=\"Tiempo de lectura\" \/>\n\t<meta name=\"twitter:data2\" content=\"5 minutos\" \/>\n<script type=\"application\/ld+json\" class=\"yoast-schema-graph\">{\"@context\":\"https:\/\/schema.org\",\"@graph\":[{\"@type\":\"Article\",\"@id\":\"https:\/\/medicina.udd.cl\/fonoaudiologia-santiago\/noticias\/2012\/05\/22\/%e2%80%9ces-impagable-seguir-tu-vocacion%e2%80%9d\/#article\",\"isPartOf\":{\"@id\":\"https:\/\/medicina.udd.cl\/fonoaudiologia-santiago\/noticias\/2012\/05\/22\/%e2%80%9ces-impagable-seguir-tu-vocacion%e2%80%9d\/\"},\"author\":{\"name\":\"admin\",\"@id\":\"https:\/\/medicina.udd.cl\/fonoaudiologia-santiago\/#\/schema\/person\/f7abfa784c86da427e89287831f96ab7\"},\"headline\":\"\u201cEs impagable seguir tu vocaci\u00f3n\u201d\",\"datePublished\":\"2012-05-22T15:07:09+00:00\",\"dateModified\":\"2012-05-22T19:55:40+00:00\",\"mainEntityOfPage\":{\"@id\":\"https:\/\/medicina.udd.cl\/fonoaudiologia-santiago\/noticias\/2012\/05\/22\/%e2%80%9ces-impagable-seguir-tu-vocacion%e2%80%9d\/\"},\"wordCount\":930,\"commentCount\":2,\"image\":{\"@id\":\"https:\/\/medicina.udd.cl\/fonoaudiologia-santiago\/noticias\/2012\/05\/22\/%e2%80%9ces-impagable-seguir-tu-vocacion%e2%80%9d\/#primaryimage\"},\"thumbnailUrl\":\"http:\/\/medicina.udd.cl\/fonoaudiologia-santiago\/files\/2012\/05\/directora.jpg\",\"articleSection\":[\"Noticias\"],\"inLanguage\":\"es\",\"potentialAction\":[{\"@type\":\"CommentAction\",\"name\":\"Comment\",\"target\":[\"https:\/\/medicina.udd.cl\/fonoaudiologia-santiago\/noticias\/2012\/05\/22\/%e2%80%9ces-impagable-seguir-tu-vocacion%e2%80%9d\/#respond\"]}]},{\"@type\":\"WebPage\",\"@id\":\"https:\/\/medicina.udd.cl\/fonoaudiologia-santiago\/noticias\/2012\/05\/22\/%e2%80%9ces-impagable-seguir-tu-vocacion%e2%80%9d\/\",\"url\":\"https:\/\/medicina.udd.cl\/fonoaudiologia-santiago\/noticias\/2012\/05\/22\/%e2%80%9ces-impagable-seguir-tu-vocacion%e2%80%9d\/\",\"name\":\"\u201cEs impagable seguir tu vocaci\u00f3n\u201d - Fonoaudiolog\u00eda\",\"isPartOf\":{\"@id\":\"https:\/\/medicina.udd.cl\/fonoaudiologia-santiago\/#website\"},\"primaryImageOfPage\":{\"@id\":\"https:\/\/medicina.udd.cl\/fonoaudiologia-santiago\/noticias\/2012\/05\/22\/%e2%80%9ces-impagable-seguir-tu-vocacion%e2%80%9d\/#primaryimage\"},\"image\":{\"@id\":\"https:\/\/medicina.udd.cl\/fonoaudiologia-santiago\/noticias\/2012\/05\/22\/%e2%80%9ces-impagable-seguir-tu-vocacion%e2%80%9d\/#primaryimage\"},\"thumbnailUrl\":\"http:\/\/medicina.udd.cl\/fonoaudiologia-santiago\/files\/2012\/05\/directora.jpg\",\"datePublished\":\"2012-05-22T15:07:09+00:00\",\"dateModified\":\"2012-05-22T19:55:40+00:00\",\"author\":{\"@id\":\"https:\/\/medicina.udd.cl\/fonoaudiologia-santiago\/#\/schema\/person\/f7abfa784c86da427e89287831f96ab7\"},\"breadcrumb\":{\"@id\":\"https:\/\/medicina.udd.cl\/fonoaudiologia-santiago\/noticias\/2012\/05\/22\/%e2%80%9ces-impagable-seguir-tu-vocacion%e2%80%9d\/#breadcrumb\"},\"inLanguage\":\"es\",\"potentialAction\":[{\"@type\":\"ReadAction\",\"target\":[\"https:\/\/medicina.udd.cl\/fonoaudiologia-santiago\/noticias\/2012\/05\/22\/%e2%80%9ces-impagable-seguir-tu-vocacion%e2%80%9d\/\"]}]},{\"@type\":\"ImageObject\",\"inLanguage\":\"es\",\"@id\":\"https:\/\/medicina.udd.cl\/fonoaudiologia-santiago\/noticias\/2012\/05\/22\/%e2%80%9ces-impagable-seguir-tu-vocacion%e2%80%9d\/#primaryimage\",\"url\":\"http:\/\/medicina.udd.cl\/fonoaudiologia-santiago\/files\/2012\/05\/directora.jpg\",\"contentUrl\":\"http:\/\/medicina.udd.cl\/fonoaudiologia-santiago\/files\/2012\/05\/directora.jpg\"},{\"@type\":\"BreadcrumbList\",\"@id\":\"https:\/\/medicina.udd.cl\/fonoaudiologia-santiago\/noticias\/2012\/05\/22\/%e2%80%9ces-impagable-seguir-tu-vocacion%e2%80%9d\/#breadcrumb\",\"itemListElement\":[{\"@type\":\"ListItem\",\"position\":1,\"name\":\"Home\",\"item\":\"https:\/\/medicina.udd.cl\/fonoaudiologia-santiago\/\"},{\"@type\":\"ListItem\",\"position\":2,\"name\":\"\u201cEs impagable seguir tu vocaci\u00f3n\u201d\"}]},{\"@type\":\"WebSite\",\"@id\":\"https:\/\/medicina.udd.cl\/fonoaudiologia-santiago\/#website\",\"url\":\"https:\/\/medicina.udd.cl\/fonoaudiologia-santiago\/\",\"name\":\"Fonoaudiolog\u00eda\",\"description\":\"Facultad de Medicina Cl\u00ednica Alemana Universidad del Desarrollo\",\"inLanguage\":\"es\"},{\"@type\":\"Person\",\"@id\":\"https:\/\/medicina.udd.cl\/fonoaudiologia-santiago\/#\/schema\/person\/f7abfa784c86da427e89287831f96ab7\",\"name\":\"admin\",\"image\":{\"@type\":\"ImageObject\",\"inLanguage\":\"es\",\"@id\":\"https:\/\/medicina.udd.cl\/fonoaudiologia-santiago\/#\/schema\/person\/image\/\",\"url\":\"https:\/\/secure.gravatar.com\/avatar\/3cb6da298954dfb54457c0910b8c9ca010abd8d87a60f7d701b6ce4254e1c642?s=96&d=mm&r=g\",\"contentUrl\":\"https:\/\/secure.gravatar.com\/avatar\/3cb6da298954dfb54457c0910b8c9ca010abd8d87a60f7d701b6ce4254e1c642?s=96&d=mm&r=g\",\"caption\":\"admin\"},\"url\":\"https:\/\/medicina.udd.cl\/fonoaudiologia-santiago\/noticias\/author\/admin\/\"}]}<\/script>\n<!-- \/ Yoast SEO plugin. -->","yoast_head_json":{"title":"\u201cEs impagable seguir tu vocaci\u00f3n\u201d - Fonoaudiolog\u00eda","robots":{"index":"index","follow":"follow","max-snippet":"max-snippet:-1","max-image-preview":"max-image-preview:large","max-video-preview":"max-video-preview:-1"},"canonical":"https:\/\/medicina.udd.cl\/fonoaudiologia-santiago\/noticias\/2012\/05\/22\/\u201ces-impagable-seguir-tu-vocacion\u201d\/","og_locale":"es_ES","og_type":"article","og_title":"\u201cEs impagable seguir tu vocaci\u00f3n\u201d - Fonoaudiolog\u00eda","og_description":"Mar\u00eda Ang\u00e9lica L\u00f3pez, directora de la carrera de Fonoaudiolog\u00eda, habl\u00f3 sobre su experiencia en la Universidad del Desarrollo y Cl\u00ednica Alemana.","og_url":"https:\/\/medicina.udd.cl\/fonoaudiologia-santiago\/noticias\/2012\/05\/22\/\u201ces-impagable-seguir-tu-vocacion\u201d\/","og_site_name":"Fonoaudiolog\u00eda","article_published_time":"2012-05-22T15:07:09+00:00","article_modified_time":"2012-05-22T19:55:40+00:00","og_image":[{"url":"http:\/\/medicina.udd.cl\/fonoaudiologia-santiago\/files\/2012\/05\/directora.jpg","type":"","width":"","height":""}],"author":"admin","twitter_misc":{"Escrito por":"admin","Tiempo de lectura":"5 minutos"},"schema":{"@context":"https:\/\/schema.org","@graph":[{"@type":"Article","@id":"https:\/\/medicina.udd.cl\/fonoaudiologia-santiago\/noticias\/2012\/05\/22\/%e2%80%9ces-impagable-seguir-tu-vocacion%e2%80%9d\/#article","isPartOf":{"@id":"https:\/\/medicina.udd.cl\/fonoaudiologia-santiago\/noticias\/2012\/05\/22\/%e2%80%9ces-impagable-seguir-tu-vocacion%e2%80%9d\/"},"author":{"name":"admin","@id":"https:\/\/medicina.udd.cl\/fonoaudiologia-santiago\/#\/schema\/person\/f7abfa784c86da427e89287831f96ab7"},"headline":"\u201cEs impagable seguir tu vocaci\u00f3n\u201d","datePublished":"2012-05-22T15:07:09+00:00","dateModified":"2012-05-22T19:55:40+00:00","mainEntityOfPage":{"@id":"https:\/\/medicina.udd.cl\/fonoaudiologia-santiago\/noticias\/2012\/05\/22\/%e2%80%9ces-impagable-seguir-tu-vocacion%e2%80%9d\/"},"wordCount":930,"commentCount":2,"image":{"@id":"https:\/\/medicina.udd.cl\/fonoaudiologia-santiago\/noticias\/2012\/05\/22\/%e2%80%9ces-impagable-seguir-tu-vocacion%e2%80%9d\/#primaryimage"},"thumbnailUrl":"http:\/\/medicina.udd.cl\/fonoaudiologia-santiago\/files\/2012\/05\/directora.jpg","articleSection":["Noticias"],"inLanguage":"es","potentialAction":[{"@type":"CommentAction","name":"Comment","target":["https:\/\/medicina.udd.cl\/fonoaudiologia-santiago\/noticias\/2012\/05\/22\/%e2%80%9ces-impagable-seguir-tu-vocacion%e2%80%9d\/#respond"]}]},{"@type":"WebPage","@id":"https:\/\/medicina.udd.cl\/fonoaudiologia-santiago\/noticias\/2012\/05\/22\/%e2%80%9ces-impagable-seguir-tu-vocacion%e2%80%9d\/","url":"https:\/\/medicina.udd.cl\/fonoaudiologia-santiago\/noticias\/2012\/05\/22\/%e2%80%9ces-impagable-seguir-tu-vocacion%e2%80%9d\/","name":"\u201cEs impagable seguir tu vocaci\u00f3n\u201d - Fonoaudiolog\u00eda","isPartOf":{"@id":"https:\/\/medicina.udd.cl\/fonoaudiologia-santiago\/#website"},"primaryImageOfPage":{"@id":"https:\/\/medicina.udd.cl\/fonoaudiologia-santiago\/noticias\/2012\/05\/22\/%e2%80%9ces-impagable-seguir-tu-vocacion%e2%80%9d\/#primaryimage"},"image":{"@id":"https:\/\/medicina.udd.cl\/fonoaudiologia-santiago\/noticias\/2012\/05\/22\/%e2%80%9ces-impagable-seguir-tu-vocacion%e2%80%9d\/#primaryimage"},"thumbnailUrl":"http:\/\/medicina.udd.cl\/fonoaudiologia-santiago\/files\/2012\/05\/directora.jpg","datePublished":"2012-05-22T15:07:09+00:00","dateModified":"2012-05-22T19:55:40+00:00","author":{"@id":"https:\/\/medicina.udd.cl\/fonoaudiologia-santiago\/#\/schema\/person\/f7abfa784c86da427e89287831f96ab7"},"breadcrumb":{"@id":"https:\/\/medicina.udd.cl\/fonoaudiologia-santiago\/noticias\/2012\/05\/22\/%e2%80%9ces-impagable-seguir-tu-vocacion%e2%80%9d\/#breadcrumb"},"inLanguage":"es","potentialAction":[{"@type":"ReadAction","target":["https:\/\/medicina.udd.cl\/fonoaudiologia-santiago\/noticias\/2012\/05\/22\/%e2%80%9ces-impagable-seguir-tu-vocacion%e2%80%9d\/"]}]},{"@type":"ImageObject","inLanguage":"es","@id":"https:\/\/medicina.udd.cl\/fonoaudiologia-santiago\/noticias\/2012\/05\/22\/%e2%80%9ces-impagable-seguir-tu-vocacion%e2%80%9d\/#primaryimage","url":"http:\/\/medicina.udd.cl\/fonoaudiologia-santiago\/files\/2012\/05\/directora.jpg","contentUrl":"http:\/\/medicina.udd.cl\/fonoaudiologia-santiago\/files\/2012\/05\/directora.jpg"},{"@type":"BreadcrumbList","@id":"https:\/\/medicina.udd.cl\/fonoaudiologia-santiago\/noticias\/2012\/05\/22\/%e2%80%9ces-impagable-seguir-tu-vocacion%e2%80%9d\/#breadcrumb","itemListElement":[{"@type":"ListItem","position":1,"name":"Home","item":"https:\/\/medicina.udd.cl\/fonoaudiologia-santiago\/"},{"@type":"ListItem","position":2,"name":"\u201cEs impagable seguir tu vocaci\u00f3n\u201d"}]},{"@type":"WebSite","@id":"https:\/\/medicina.udd.cl\/fonoaudiologia-santiago\/#website","url":"https:\/\/medicina.udd.cl\/fonoaudiologia-santiago\/","name":"Fonoaudiolog\u00eda","description":"Facultad de Medicina Cl\u00ednica Alemana Universidad del Desarrollo","inLanguage":"es"},{"@type":"Person","@id":"https:\/\/medicina.udd.cl\/fonoaudiologia-santiago\/#\/schema\/person\/f7abfa784c86da427e89287831f96ab7","name":"admin","image":{"@type":"ImageObject","inLanguage":"es","@id":"https:\/\/medicina.udd.cl\/fonoaudiologia-santiago\/#\/schema\/person\/image\/","url":"https:\/\/secure.gravatar.com\/avatar\/3cb6da298954dfb54457c0910b8c9ca010abd8d87a60f7d701b6ce4254e1c642?s=96&d=mm&r=g","contentUrl":"https:\/\/secure.gravatar.com\/avatar\/3cb6da298954dfb54457c0910b8c9ca010abd8d87a60f7d701b6ce4254e1c642?s=96&d=mm&r=g","caption":"admin"},"url":"https:\/\/medicina.udd.cl\/fonoaudiologia-santiago\/noticias\/author\/admin\/"}]}},"featured_image_url":null,"_links":{"self":[{"href":"https:\/\/medicina.udd.cl\/fonoaudiologia-santiago\/wp-json\/wp\/v2\/posts\/1166","targetHints":{"allow":["GET"]}}],"collection":[{"href":"https:\/\/medicina.udd.cl\/fonoaudiologia-santiago\/wp-json\/wp\/v2\/posts"}],"about":[{"href":"https:\/\/medicina.udd.cl\/fonoaudiologia-santiago\/wp-json\/wp\/v2\/types\/post"}],"author":[{"embeddable":true,"href":"https:\/\/medicina.udd.cl\/fonoaudiologia-santiago\/wp-json\/wp\/v2\/users\/1"}],"replies":[{"embeddable":true,"href":"https:\/\/medicina.udd.cl\/fonoaudiologia-santiago\/wp-json\/wp\/v2\/comments?post=1166"}],"version-history":[{"count":6,"href":"https:\/\/medicina.udd.cl\/fonoaudiologia-santiago\/wp-json\/wp\/v2\/posts\/1166\/revisions"}],"predecessor-version":[{"id":1173,"href":"https:\/\/medicina.udd.cl\/fonoaudiologia-santiago\/wp-json\/wp\/v2\/posts\/1166\/revisions\/1173"}],"wp:attachment":[{"href":"https:\/\/medicina.udd.cl\/fonoaudiologia-santiago\/wp-json\/wp\/v2\/media?parent=1166"}],"wp:term":[{"taxonomy":"category","embeddable":true,"href":"https:\/\/medicina.udd.cl\/fonoaudiologia-santiago\/wp-json\/wp\/v2\/categories?post=1166"},{"taxonomy":"post_tag","embeddable":true,"href":"https:\/\/medicina.udd.cl\/fonoaudiologia-santiago\/wp-json\/wp\/v2\/tags?post=1166"}],"curies":[{"name":"wp","href":"https:\/\/api.w.org\/{rel}","templated":true}]}}