{"id":1215,"date":"2012-06-19T16:39:20","date_gmt":"2012-06-19T20:39:20","guid":{"rendered":"http:\/\/medicina.udd.cl\/fonoaudiologia-santiago\/?p=1215"},"modified":"2012-06-21T09:02:57","modified_gmt":"2012-06-21T13:02:57","slug":"cierre-actividades-practicas-asignaturas-area-linguistica","status":"publish","type":"post","link":"https:\/\/medicina.udd.cl\/fonoaudiologia-santiago\/noticias\/2012\/06\/19\/cierre-actividades-practicas-asignaturas-area-linguistica\/","title":{"rendered":"Cierre actividades pr\u00e1cticas asignaturas \u00e1rea ling\u00fc\u00edstica"},"content":{"rendered":"<p style=\"text-align: justify;\">Con gran \u00e9xito finalizaron las diferentes actividades pr\u00e1cticas llevadas a cabo en cada una de las asignaturas del \u00e1rea de ling\u00fc\u00edstica: Bases Ling\u00fc\u00edsticas de la Comunicaci\u00f3n, Procesos Neuropsicol\u00f3gicos del Lenguaje, Neuroling\u00fc\u00edstica y Fon\u00e9tica y Fonolog\u00eda.<\/p>\n<p style=\"text-align: justify;\">Los alumnos de <a href=\"http:\/\/medicina.udd.cl\/fonoaudiologia-santiago\">Fonoaudiolog\u00eda<\/a> asistieron a Escuelas de Lenguaje, Centros de Rehabilitaci\u00f3n, Hogares de Ancianos y colegios integrados. En ellos, los estudiantes debieron poner en pr\u00e1ctica cada uno de los contenidos vistos en clases y adem\u00e1s realizar intervenciones espec\u00edficas de acuerdo a su nivel formativo.<\/p>\n<div id=\"gallery-1\" class=\"carousel slide carousel-gallery\" data-ride=\"false\" data-interval=\"false\"><div class=\"carousel-inner\" role=\"listbox\"><figure class=\"carousel-item active\"><img loading=\"lazy\" decoding=\"async\" width=\"712\" height=\"534\" src=\"https:\/\/medicina.udd.cl\/fonoaudiologia-santiago\/files\/2012\/06\/2012-06-11-10.46.44.jpg\" class=\"attachment-landscape_952 size-landscape_952\" alt=\"\" srcset=\"https:\/\/medicina.udd.cl\/fonoaudiologia-santiago\/files\/2012\/06\/2012-06-11-10.46.44.jpg 2560w, https:\/\/medicina.udd.cl\/fonoaudiologia-santiago\/files\/2012\/06\/2012-06-11-10.46.44-300x225.jpg 300w, https:\/\/medicina.udd.cl\/fonoaudiologia-santiago\/files\/2012\/06\/2012-06-11-10.46.44-768x576.jpg 768w, https:\/\/medicina.udd.cl\/fonoaudiologia-santiago\/files\/2012\/06\/2012-06-11-10.46.44-1024x768.jpg 1024w, https:\/\/medicina.udd.cl\/fonoaudiologia-santiago\/files\/2012\/06\/2012-06-11-10.46.44-960x720.jpg 960w\" sizes=\"auto, (max-width: 712px) 100vw, 712px\" \/><\/figure><figure class=\"carousel-item\"><img loading=\"lazy\" decoding=\"async\" width=\"712\" height=\"534\" src=\"https:\/\/medicina.udd.cl\/fonoaudiologia-santiago\/files\/2012\/06\/2012-06-11-09.42.49.jpg\" class=\"attachment-landscape_952 size-landscape_952\" alt=\"\" srcset=\"https:\/\/medicina.udd.cl\/fonoaudiologia-santiago\/files\/2012\/06\/2012-06-11-09.42.49.jpg 2560w, https:\/\/medicina.udd.cl\/fonoaudiologia-santiago\/files\/2012\/06\/2012-06-11-09.42.49-300x225.jpg 300w, https:\/\/medicina.udd.cl\/fonoaudiologia-santiago\/files\/2012\/06\/2012-06-11-09.42.49-768x576.jpg 768w, https:\/\/medicina.udd.cl\/fonoaudiologia-santiago\/files\/2012\/06\/2012-06-11-09.42.49-1024x768.jpg 1024w, https:\/\/medicina.udd.cl\/fonoaudiologia-santiago\/files\/2012\/06\/2012-06-11-09.42.49-960x720.jpg 960w\" sizes=\"auto, (max-width: 712px) 100vw, 712px\" \/><\/figure><figure class=\"carousel-item\"><img loading=\"lazy\" decoding=\"async\" width=\"839\" height=\"534\" src=\"https:\/\/medicina.udd.cl\/fonoaudiologia-santiago\/files\/2012\/06\/2012-06-11-09.42.04-e1340283770973.jpg\" class=\"attachment-landscape_952 size-landscape_952\" alt=\"\" srcset=\"https:\/\/medicina.udd.cl\/fonoaudiologia-santiago\/files\/2012\/06\/2012-06-11-09.42.04-e1340283770973.jpg 2553w, https:\/\/medicina.udd.cl\/fonoaudiologia-santiago\/files\/2012\/06\/2012-06-11-09.42.04-e1340283770973-300x191.jpg 300w, https:\/\/medicina.udd.cl\/fonoaudiologia-santiago\/files\/2012\/06\/2012-06-11-09.42.04-e1340283770973-768x489.jpg 768w, https:\/\/medicina.udd.cl\/fonoaudiologia-santiago\/files\/2012\/06\/2012-06-11-09.42.04-e1340283770973-1024x652.jpg 1024w, https:\/\/medicina.udd.cl\/fonoaudiologia-santiago\/files\/2012\/06\/2012-06-11-09.42.04-e1340283770973-125x80.jpg 125w, https:\/\/medicina.udd.cl\/fonoaudiologia-santiago\/files\/2012\/06\/2012-06-11-09.42.04-e1340283770973-960x611.jpg 960w\" sizes=\"auto, (max-width: 839px) 100vw, 839px\" \/><\/figure><\/div><footer class=\"carousel-footer\"><div class=\"carousel-counter\"><span class=\"carousel-counter-current\"><\/span> \/ <span class=\"carousel-counter-total\"><\/span><\/div><a class=\"carousel-control-prev\" href=\"#gallery-1\" role=\"button\" data-slide=\"prev\"><svg aria-hidden=\"true\" class=\"svg-chevron-left-dims\"><use xlink:href='https:\/\/medicina.udd.cl\/fonoaudiologia-santiago\/wp-content\/themes\/facultades-2018\/assets\/img\/svg\/dist\/main.svg?version=1695853099#chevron-left'><\/use><\/svg><span class=\"sr-only\">Anterior<\/span><\/a><a class=\"carousel-control-next\" href=\"#gallery-1\" role=\"button\" data-slide=\"next\"><svg aria-hidden=\"true\" class=\"svg-chevron-right-dims\"><use xlink:href='https:\/\/medicina.udd.cl\/fonoaudiologia-santiago\/wp-content\/themes\/facultades-2018\/assets\/img\/svg\/dist\/main.svg?version=1695853099#chevron-right'><\/use><\/svg><span class=\"sr-only\">Siguiente<\/span><\/a><\/footer><\/div>\n","protected":false},"excerpt":{"rendered":"<p>Con gran \u00e9xito finalizaron las diferentes actividades pr\u00e1cticas llevadas a cabo en cada una de las asignaturas del \u00e1rea de ling\u00fc\u00edstica: Bases Ling\u00fc\u00edsticas de la Comunicaci\u00f3n, Procesos Neuropsicol\u00f3gicos del Lenguaje, Neuroling\u00fc\u00edstica y Fon\u00e9tica y Fonolog\u00eda. Los alumnos de Fonoaudiolog\u00eda asistieron a Escuelas de Lenguaje, Centros de Rehabilitaci\u00f3n, Hogares de Ancianos y colegios integrados. En ellos, [&hellip;]<\/p>\n","protected":false},"author":1,"featured_media":0,"comment_status":"open","ping_status":"open","sticky":false,"template":"","format":"standard","meta":{"footnotes":""},"categories":[4],"tags":[],"class_list":["post-1215","post","type-post","status-publish","format-standard","hentry","category-noticias"],"yoast_head":"<!-- This site is optimized with the Yoast SEO plugin v26.9 - https:\/\/yoast.com\/product\/yoast-seo-wordpress\/ -->\n<title>Cierre actividades pr\u00e1cticas asignaturas \u00e1rea ling\u00fc\u00edstica - Fonoaudiolog\u00eda<\/title>\n<meta name=\"robots\" content=\"index, follow, max-snippet:-1, max-image-preview:large, max-video-preview:-1\" \/>\n<link rel=\"canonical\" href=\"https:\/\/medicina.udd.cl\/fonoaudiologia-santiago\/noticias\/2012\/06\/19\/cierre-actividades-practicas-asignaturas-area-linguistica\/\" \/>\n<meta property=\"og:locale\" content=\"es_ES\" \/>\n<meta property=\"og:type\" content=\"article\" \/>\n<meta property=\"og:title\" content=\"Cierre actividades pr\u00e1cticas asignaturas \u00e1rea ling\u00fc\u00edstica - Fonoaudiolog\u00eda\" \/>\n<meta property=\"og:description\" content=\"Con gran \u00e9xito finalizaron las diferentes actividades pr\u00e1cticas llevadas a cabo en cada una de las asignaturas del \u00e1rea de ling\u00fc\u00edstica: Bases Ling\u00fc\u00edsticas de la Comunicaci\u00f3n, Procesos Neuropsicol\u00f3gicos del Lenguaje, Neuroling\u00fc\u00edstica y Fon\u00e9tica y Fonolog\u00eda. Los alumnos de Fonoaudiolog\u00eda asistieron a Escuelas de Lenguaje, Centros de Rehabilitaci\u00f3n, Hogares de Ancianos y colegios integrados. En ellos, [&hellip;]\" \/>\n<meta property=\"og:url\" content=\"https:\/\/medicina.udd.cl\/fonoaudiologia-santiago\/noticias\/2012\/06\/19\/cierre-actividades-practicas-asignaturas-area-linguistica\/\" \/>\n<meta property=\"og:site_name\" content=\"Fonoaudiolog\u00eda\" \/>\n<meta property=\"article:published_time\" content=\"2012-06-19T20:39:20+00:00\" \/>\n<meta property=\"article:modified_time\" content=\"2012-06-21T13:02:57+00:00\" \/>\n<meta property=\"og:image\" content=\"https:\/\/medicina.udd.cl\/fonoaudiologia-santiago\/files\/2012\/06\/2012-06-11-10.46.44.jpg\" \/>\n<meta name=\"author\" content=\"admin\" \/>\n<meta name=\"twitter:label1\" content=\"Escrito por\" \/>\n\t<meta name=\"twitter:data1\" content=\"admin\" \/>\n<script type=\"application\/ld+json\" class=\"yoast-schema-graph\">{\"@context\":\"https:\/\/schema.org\",\"@graph\":[{\"@type\":\"Article\",\"@id\":\"https:\/\/medicina.udd.cl\/fonoaudiologia-santiago\/noticias\/2012\/06\/19\/cierre-actividades-practicas-asignaturas-area-linguistica\/#article\",\"isPartOf\":{\"@id\":\"https:\/\/medicina.udd.cl\/fonoaudiologia-santiago\/noticias\/2012\/06\/19\/cierre-actividades-practicas-asignaturas-area-linguistica\/\"},\"author\":{\"name\":\"admin\",\"@id\":\"https:\/\/medicina.udd.cl\/fonoaudiologia-santiago\/#\/schema\/person\/f7abfa784c86da427e89287831f96ab7\"},\"headline\":\"Cierre actividades pr\u00e1cticas asignaturas \u00e1rea ling\u00fc\u00edstica\",\"datePublished\":\"2012-06-19T20:39:20+00:00\",\"dateModified\":\"2012-06-21T13:02:57+00:00\",\"mainEntityOfPage\":{\"@id\":\"https:\/\/medicina.udd.cl\/fonoaudiologia-santiago\/noticias\/2012\/06\/19\/cierre-actividades-practicas-asignaturas-area-linguistica\/\"},\"wordCount\":104,\"commentCount\":0,\"articleSection\":[\"Noticias\"],\"inLanguage\":\"es\",\"potentialAction\":[{\"@type\":\"CommentAction\",\"name\":\"Comment\",\"target\":[\"https:\/\/medicina.udd.cl\/fonoaudiologia-santiago\/noticias\/2012\/06\/19\/cierre-actividades-practicas-asignaturas-area-linguistica\/#respond\"]}]},{\"@type\":\"WebPage\",\"@id\":\"https:\/\/medicina.udd.cl\/fonoaudiologia-santiago\/noticias\/2012\/06\/19\/cierre-actividades-practicas-asignaturas-area-linguistica\/\",\"url\":\"https:\/\/medicina.udd.cl\/fonoaudiologia-santiago\/noticias\/2012\/06\/19\/cierre-actividades-practicas-asignaturas-area-linguistica\/\",\"name\":\"Cierre actividades pr\u00e1cticas asignaturas \u00e1rea ling\u00fc\u00edstica - Fonoaudiolog\u00eda\",\"isPartOf\":{\"@id\":\"https:\/\/medicina.udd.cl\/fonoaudiologia-santiago\/#website\"},\"datePublished\":\"2012-06-19T20:39:20+00:00\",\"dateModified\":\"2012-06-21T13:02:57+00:00\",\"author\":{\"@id\":\"https:\/\/medicina.udd.cl\/fonoaudiologia-santiago\/#\/schema\/person\/f7abfa784c86da427e89287831f96ab7\"},\"breadcrumb\":{\"@id\":\"https:\/\/medicina.udd.cl\/fonoaudiologia-santiago\/noticias\/2012\/06\/19\/cierre-actividades-practicas-asignaturas-area-linguistica\/#breadcrumb\"},\"inLanguage\":\"es\",\"potentialAction\":[{\"@type\":\"ReadAction\",\"target\":[\"https:\/\/medicina.udd.cl\/fonoaudiologia-santiago\/noticias\/2012\/06\/19\/cierre-actividades-practicas-asignaturas-area-linguistica\/\"]}]},{\"@type\":\"BreadcrumbList\",\"@id\":\"https:\/\/medicina.udd.cl\/fonoaudiologia-santiago\/noticias\/2012\/06\/19\/cierre-actividades-practicas-asignaturas-area-linguistica\/#breadcrumb\",\"itemListElement\":[{\"@type\":\"ListItem\",\"position\":1,\"name\":\"Home\",\"item\":\"https:\/\/medicina.udd.cl\/fonoaudiologia-santiago\/\"},{\"@type\":\"ListItem\",\"position\":2,\"name\":\"Cierre actividades pr\u00e1cticas asignaturas \u00e1rea ling\u00fc\u00edstica\"}]},{\"@type\":\"WebSite\",\"@id\":\"https:\/\/medicina.udd.cl\/fonoaudiologia-santiago\/#website\",\"url\":\"https:\/\/medicina.udd.cl\/fonoaudiologia-santiago\/\",\"name\":\"Fonoaudiolog\u00eda\",\"description\":\"Facultad de Medicina Cl\u00ednica Alemana Universidad del Desarrollo\",\"inLanguage\":\"es\"},{\"@type\":\"Person\",\"@id\":\"https:\/\/medicina.udd.cl\/fonoaudiologia-santiago\/#\/schema\/person\/f7abfa784c86da427e89287831f96ab7\",\"name\":\"admin\",\"image\":{\"@type\":\"ImageObject\",\"inLanguage\":\"es\",\"@id\":\"https:\/\/medicina.udd.cl\/fonoaudiologia-santiago\/#\/schema\/person\/image\/\",\"url\":\"https:\/\/secure.gravatar.com\/avatar\/3cb6da298954dfb54457c0910b8c9ca010abd8d87a60f7d701b6ce4254e1c642?s=96&d=mm&r=g\",\"contentUrl\":\"https:\/\/secure.gravatar.com\/avatar\/3cb6da298954dfb54457c0910b8c9ca010abd8d87a60f7d701b6ce4254e1c642?s=96&d=mm&r=g\",\"caption\":\"admin\"},\"url\":\"https:\/\/medicina.udd.cl\/fonoaudiologia-santiago\/noticias\/author\/admin\/\"}]}<\/script>\n<!-- \/ Yoast SEO plugin. -->","yoast_head_json":{"title":"Cierre actividades pr\u00e1cticas asignaturas \u00e1rea ling\u00fc\u00edstica - Fonoaudiolog\u00eda","robots":{"index":"index","follow":"follow","max-snippet":"max-snippet:-1","max-image-preview":"max-image-preview:large","max-video-preview":"max-video-preview:-1"},"canonical":"https:\/\/medicina.udd.cl\/fonoaudiologia-santiago\/noticias\/2012\/06\/19\/cierre-actividades-practicas-asignaturas-area-linguistica\/","og_locale":"es_ES","og_type":"article","og_title":"Cierre actividades pr\u00e1cticas asignaturas \u00e1rea ling\u00fc\u00edstica - Fonoaudiolog\u00eda","og_description":"Con gran \u00e9xito finalizaron las diferentes actividades pr\u00e1cticas llevadas a cabo en cada una de las asignaturas del \u00e1rea de ling\u00fc\u00edstica: Bases Ling\u00fc\u00edsticas de la Comunicaci\u00f3n, Procesos Neuropsicol\u00f3gicos del Lenguaje, Neuroling\u00fc\u00edstica y Fon\u00e9tica y Fonolog\u00eda. Los alumnos de Fonoaudiolog\u00eda asistieron a Escuelas de Lenguaje, Centros de Rehabilitaci\u00f3n, Hogares de Ancianos y colegios integrados. En ellos, [&hellip;]","og_url":"https:\/\/medicina.udd.cl\/fonoaudiologia-santiago\/noticias\/2012\/06\/19\/cierre-actividades-practicas-asignaturas-area-linguistica\/","og_site_name":"Fonoaudiolog\u00eda","article_published_time":"2012-06-19T20:39:20+00:00","article_modified_time":"2012-06-21T13:02:57+00:00","og_image":[{"url":"https:\/\/medicina.udd.cl\/fonoaudiologia-santiago\/files\/2012\/06\/2012-06-11-10.46.44.jpg","type":"","width":"","height":""}],"author":"admin","twitter_misc":{"Escrito por":"admin"},"schema":{"@context":"https:\/\/schema.org","@graph":[{"@type":"Article","@id":"https:\/\/medicina.udd.cl\/fonoaudiologia-santiago\/noticias\/2012\/06\/19\/cierre-actividades-practicas-asignaturas-area-linguistica\/#article","isPartOf":{"@id":"https:\/\/medicina.udd.cl\/fonoaudiologia-santiago\/noticias\/2012\/06\/19\/cierre-actividades-practicas-asignaturas-area-linguistica\/"},"author":{"name":"admin","@id":"https:\/\/medicina.udd.cl\/fonoaudiologia-santiago\/#\/schema\/person\/f7abfa784c86da427e89287831f96ab7"},"headline":"Cierre actividades pr\u00e1cticas asignaturas \u00e1rea ling\u00fc\u00edstica","datePublished":"2012-06-19T20:39:20+00:00","dateModified":"2012-06-21T13:02:57+00:00","mainEntityOfPage":{"@id":"https:\/\/medicina.udd.cl\/fonoaudiologia-santiago\/noticias\/2012\/06\/19\/cierre-actividades-practicas-asignaturas-area-linguistica\/"},"wordCount":104,"commentCount":0,"articleSection":["Noticias"],"inLanguage":"es","potentialAction":[{"@type":"CommentAction","name":"Comment","target":["https:\/\/medicina.udd.cl\/fonoaudiologia-santiago\/noticias\/2012\/06\/19\/cierre-actividades-practicas-asignaturas-area-linguistica\/#respond"]}]},{"@type":"WebPage","@id":"https:\/\/medicina.udd.cl\/fonoaudiologia-santiago\/noticias\/2012\/06\/19\/cierre-actividades-practicas-asignaturas-area-linguistica\/","url":"https:\/\/medicina.udd.cl\/fonoaudiologia-santiago\/noticias\/2012\/06\/19\/cierre-actividades-practicas-asignaturas-area-linguistica\/","name":"Cierre actividades pr\u00e1cticas asignaturas \u00e1rea ling\u00fc\u00edstica - Fonoaudiolog\u00eda","isPartOf":{"@id":"https:\/\/medicina.udd.cl\/fonoaudiologia-santiago\/#website"},"datePublished":"2012-06-19T20:39:20+00:00","dateModified":"2012-06-21T13:02:57+00:00","author":{"@id":"https:\/\/medicina.udd.cl\/fonoaudiologia-santiago\/#\/schema\/person\/f7abfa784c86da427e89287831f96ab7"},"breadcrumb":{"@id":"https:\/\/medicina.udd.cl\/fonoaudiologia-santiago\/noticias\/2012\/06\/19\/cierre-actividades-practicas-asignaturas-area-linguistica\/#breadcrumb"},"inLanguage":"es","potentialAction":[{"@type":"ReadAction","target":["https:\/\/medicina.udd.cl\/fonoaudiologia-santiago\/noticias\/2012\/06\/19\/cierre-actividades-practicas-asignaturas-area-linguistica\/"]}]},{"@type":"BreadcrumbList","@id":"https:\/\/medicina.udd.cl\/fonoaudiologia-santiago\/noticias\/2012\/06\/19\/cierre-actividades-practicas-asignaturas-area-linguistica\/#breadcrumb","itemListElement":[{"@type":"ListItem","position":1,"name":"Home","item":"https:\/\/medicina.udd.cl\/fonoaudiologia-santiago\/"},{"@type":"ListItem","position":2,"name":"Cierre actividades pr\u00e1cticas asignaturas \u00e1rea ling\u00fc\u00edstica"}]},{"@type":"WebSite","@id":"https:\/\/medicina.udd.cl\/fonoaudiologia-santiago\/#website","url":"https:\/\/medicina.udd.cl\/fonoaudiologia-santiago\/","name":"Fonoaudiolog\u00eda","description":"Facultad de Medicina Cl\u00ednica Alemana Universidad del Desarrollo","inLanguage":"es"},{"@type":"Person","@id":"https:\/\/medicina.udd.cl\/fonoaudiologia-santiago\/#\/schema\/person\/f7abfa784c86da427e89287831f96ab7","name":"admin","image":{"@type":"ImageObject","inLanguage":"es","@id":"https:\/\/medicina.udd.cl\/fonoaudiologia-santiago\/#\/schema\/person\/image\/","url":"https:\/\/secure.gravatar.com\/avatar\/3cb6da298954dfb54457c0910b8c9ca010abd8d87a60f7d701b6ce4254e1c642?s=96&d=mm&r=g","contentUrl":"https:\/\/secure.gravatar.com\/avatar\/3cb6da298954dfb54457c0910b8c9ca010abd8d87a60f7d701b6ce4254e1c642?s=96&d=mm&r=g","caption":"admin"},"url":"https:\/\/medicina.udd.cl\/fonoaudiologia-santiago\/noticias\/author\/admin\/"}]}},"featured_image_url":null,"_links":{"self":[{"href":"https:\/\/medicina.udd.cl\/fonoaudiologia-santiago\/wp-json\/wp\/v2\/posts\/1215","targetHints":{"allow":["GET"]}}],"collection":[{"href":"https:\/\/medicina.udd.cl\/fonoaudiologia-santiago\/wp-json\/wp\/v2\/posts"}],"about":[{"href":"https:\/\/medicina.udd.cl\/fonoaudiologia-santiago\/wp-json\/wp\/v2\/types\/post"}],"author":[{"embeddable":true,"href":"https:\/\/medicina.udd.cl\/fonoaudiologia-santiago\/wp-json\/wp\/v2\/users\/1"}],"replies":[{"embeddable":true,"href":"https:\/\/medicina.udd.cl\/fonoaudiologia-santiago\/wp-json\/wp\/v2\/comments?post=1215"}],"version-history":[{"count":9,"href":"https:\/\/medicina.udd.cl\/fonoaudiologia-santiago\/wp-json\/wp\/v2\/posts\/1215\/revisions"}],"predecessor-version":[{"id":1230,"href":"https:\/\/medicina.udd.cl\/fonoaudiologia-santiago\/wp-json\/wp\/v2\/posts\/1215\/revisions\/1230"}],"wp:attachment":[{"href":"https:\/\/medicina.udd.cl\/fonoaudiologia-santiago\/wp-json\/wp\/v2\/media?parent=1215"}],"wp:term":[{"taxonomy":"category","embeddable":true,"href":"https:\/\/medicina.udd.cl\/fonoaudiologia-santiago\/wp-json\/wp\/v2\/categories?post=1215"},{"taxonomy":"post_tag","embeddable":true,"href":"https:\/\/medicina.udd.cl\/fonoaudiologia-santiago\/wp-json\/wp\/v2\/tags?post=1215"}],"curies":[{"name":"wp","href":"https:\/\/api.w.org\/{rel}","templated":true}]}}