{"id":1233,"date":"2012-06-13T10:16:52","date_gmt":"2012-06-13T14:16:52","guid":{"rendered":"http:\/\/medicina.udd.cl\/fonoaudiologia-santiago\/?p=1233"},"modified":"2012-06-21T10:17:39","modified_gmt":"2012-06-21T14:17:39","slug":"docente-dicto-seminario-en-la-serena","status":"publish","type":"post","link":"https:\/\/medicina.udd.cl\/fonoaudiologia-santiago\/noticias\/2012\/06\/13\/docente-dicto-seminario-en-la-serena\/","title":{"rendered":"Docente dict\u00f3 seminario en La Serena"},"content":{"rendered":"<div id=\"gallery-1\" class=\"carousel slide carousel-gallery\" data-ride=\"false\" data-interval=\"false\"><div class=\"carousel-inner\" role=\"listbox\"><figure class=\"carousel-item active\"><img loading=\"lazy\" decoding=\"async\" width=\"950\" height=\"534\" src=\"https:\/\/medicina.udd.cl\/fonoaudiologia-santiago\/files\/2012\/06\/2012-06-02-141.jpg\" class=\"attachment-landscape_952 size-landscape_952\" alt=\"\" srcset=\"https:\/\/medicina.udd.cl\/fonoaudiologia-santiago\/files\/2012\/06\/2012-06-02-141.jpg 4000w, https:\/\/medicina.udd.cl\/fonoaudiologia-santiago\/files\/2012\/06\/2012-06-02-141-300x169.jpg 300w, https:\/\/medicina.udd.cl\/fonoaudiologia-santiago\/files\/2012\/06\/2012-06-02-141-768x432.jpg 768w, https:\/\/medicina.udd.cl\/fonoaudiologia-santiago\/files\/2012\/06\/2012-06-02-141-1024x575.jpg 1024w, https:\/\/medicina.udd.cl\/fonoaudiologia-santiago\/files\/2012\/06\/2012-06-02-141-800x450.jpg 800w, https:\/\/medicina.udd.cl\/fonoaudiologia-santiago\/files\/2012\/06\/2012-06-02-141-960x540.jpg 960w\" sizes=\"auto, (max-width: 950px) 100vw, 950px\" \/><\/figure><figure class=\"carousel-item\"><img loading=\"lazy\" decoding=\"async\" width=\"950\" height=\"534\" src=\"https:\/\/medicina.udd.cl\/fonoaudiologia-santiago\/files\/2012\/06\/2012-06-02-132.jpg\" class=\"attachment-landscape_952 size-landscape_952\" alt=\"\" srcset=\"https:\/\/medicina.udd.cl\/fonoaudiologia-santiago\/files\/2012\/06\/2012-06-02-132.jpg 4000w, https:\/\/medicina.udd.cl\/fonoaudiologia-santiago\/files\/2012\/06\/2012-06-02-132-300x169.jpg 300w, https:\/\/medicina.udd.cl\/fonoaudiologia-santiago\/files\/2012\/06\/2012-06-02-132-768x432.jpg 768w, https:\/\/medicina.udd.cl\/fonoaudiologia-santiago\/files\/2012\/06\/2012-06-02-132-1024x575.jpg 1024w, https:\/\/medicina.udd.cl\/fonoaudiologia-santiago\/files\/2012\/06\/2012-06-02-132-800x450.jpg 800w, https:\/\/medicina.udd.cl\/fonoaudiologia-santiago\/files\/2012\/06\/2012-06-02-132-960x540.jpg 960w\" sizes=\"auto, (max-width: 950px) 100vw, 950px\" \/><\/figure><figure class=\"carousel-item\"><img loading=\"lazy\" decoding=\"async\" width=\"950\" height=\"534\" src=\"https:\/\/medicina.udd.cl\/fonoaudiologia-santiago\/files\/2012\/06\/2012-06-02-121.jpg\" class=\"attachment-landscape_952 size-landscape_952\" alt=\"\" srcset=\"https:\/\/medicina.udd.cl\/fonoaudiologia-santiago\/files\/2012\/06\/2012-06-02-121.jpg 4000w, https:\/\/medicina.udd.cl\/fonoaudiologia-santiago\/files\/2012\/06\/2012-06-02-121-300x169.jpg 300w, https:\/\/medicina.udd.cl\/fonoaudiologia-santiago\/files\/2012\/06\/2012-06-02-121-768x432.jpg 768w, https:\/\/medicina.udd.cl\/fonoaudiologia-santiago\/files\/2012\/06\/2012-06-02-121-1024x575.jpg 1024w, https:\/\/medicina.udd.cl\/fonoaudiologia-santiago\/files\/2012\/06\/2012-06-02-121-800x450.jpg 800w, https:\/\/medicina.udd.cl\/fonoaudiologia-santiago\/files\/2012\/06\/2012-06-02-121-960x540.jpg 960w\" sizes=\"auto, (max-width: 950px) 100vw, 950px\" \/><\/figure><\/div><footer class=\"carousel-footer\"><div class=\"carousel-counter\"><span class=\"carousel-counter-current\"><\/span> \/ <span class=\"carousel-counter-total\"><\/span><\/div><a class=\"carousel-control-prev\" href=\"#gallery-1\" role=\"button\" data-slide=\"prev\"><svg aria-hidden=\"true\" class=\"svg-chevron-left-dims\"><use xlink:href='https:\/\/medicina.udd.cl\/fonoaudiologia-santiago\/wp-content\/themes\/facultades-2018\/assets\/img\/svg\/dist\/main.svg?version=1695853099#chevron-left'><\/use><\/svg><span class=\"sr-only\">Anterior<\/span><\/a><a class=\"carousel-control-next\" href=\"#gallery-1\" role=\"button\" data-slide=\"next\"><svg aria-hidden=\"true\" class=\"svg-chevron-right-dims\"><use xlink:href='https:\/\/medicina.udd.cl\/fonoaudiologia-santiago\/wp-content\/themes\/facultades-2018\/assets\/img\/svg\/dist\/main.svg?version=1695853099#chevron-right'><\/use><\/svg><span class=\"sr-only\">Siguiente<\/span><\/a><\/footer><\/div>\n<p style=\"text-align: justify;\">Iv\u00e1n Castillo, el coordinador del \u00e1rea de habla de la <a href=\"http:\/\/medicina.udd.cl\/fonoaudiologia-santiago\/\">carrera de Fonoaudiolog\u00eda<\/a> de la <a href=\"http:\/\/medicina.udd.cl\/\">Facultad de Medicina Cl\u00ednica Alemana Universidad del Desarrollo<\/a>, dict\u00f3 el \u201c<em><strong>Seminario sobre Tratamiento del TEL y Programaci\u00f3n Neuroling\u00fc\u00edstica aplicada a la cl\u00ednica fonoaudiol\u00f3gica<\/strong><\/em>\u201d en la carrera de Fonoaudiolog\u00eda de la Universidad Pedro de Valdivia en La Serena.<\/p>\n<p style=\"text-align: justify;\">La ponencia se llev\u00f3 a cabo los d\u00edas 9 y 10 de junio y aplic\u00f3 este modelo de comunicaci\u00f3n interpersonal, que se ocupa fundamentalmente de la relaci\u00f3n entre los comportamientos exitosos y las experiencias subjetivas dentro de la figura de la cl\u00ednica fonoaudiol\u00f3gica.<\/p>\n<p style=\"text-align: justify;\">Cabe destacar que el PNL pretende educar a las personas en la autoconciencia y la comunicaci\u00f3n efectiva, as\u00ed como cambiar sus modelos de conducta mental y emocional.<\/p>\n","protected":false},"excerpt":{"rendered":"<p>Realiz\u00f3 el Seminario sobre Tratamiento del TEL y Programaci\u00f3n Neuroling\u00fc\u00edstica aplicada a la cl\u00ednica fonoaudiol\u00f3gica.<\/p>\n","protected":false},"author":1,"featured_media":0,"comment_status":"open","ping_status":"open","sticky":false,"template":"","format":"standard","meta":{"footnotes":""},"categories":[4],"tags":[],"class_list":["post-1233","post","type-post","status-publish","format-standard","hentry","category-noticias"],"yoast_head":"<!-- This site is optimized with the Yoast SEO plugin v26.9 - https:\/\/yoast.com\/product\/yoast-seo-wordpress\/ -->\n<title>Docente dict\u00f3 seminario en La Serena - Fonoaudiolog\u00eda<\/title>\n<meta name=\"robots\" content=\"index, follow, max-snippet:-1, max-image-preview:large, max-video-preview:-1\" \/>\n<link rel=\"canonical\" href=\"https:\/\/medicina.udd.cl\/fonoaudiologia-santiago\/noticias\/2012\/06\/13\/docente-dicto-seminario-en-la-serena\/\" \/>\n<meta property=\"og:locale\" content=\"es_ES\" \/>\n<meta property=\"og:type\" content=\"article\" \/>\n<meta property=\"og:title\" content=\"Docente dict\u00f3 seminario en La Serena - Fonoaudiolog\u00eda\" \/>\n<meta property=\"og:description\" content=\"Realiz\u00f3 el Seminario sobre Tratamiento del TEL y Programaci\u00f3n Neuroling\u00fc\u00edstica aplicada a la cl\u00ednica fonoaudiol\u00f3gica.\" \/>\n<meta property=\"og:url\" content=\"https:\/\/medicina.udd.cl\/fonoaudiologia-santiago\/noticias\/2012\/06\/13\/docente-dicto-seminario-en-la-serena\/\" \/>\n<meta property=\"og:site_name\" content=\"Fonoaudiolog\u00eda\" \/>\n<meta property=\"article:published_time\" content=\"2012-06-13T14:16:52+00:00\" \/>\n<meta property=\"article:modified_time\" content=\"2012-06-21T14:17:39+00:00\" \/>\n<meta property=\"og:image\" content=\"https:\/\/medicina.udd.cl\/fonoaudiologia-santiago\/files\/2012\/06\/2012-06-02-141.jpg\" \/>\n<meta name=\"author\" content=\"admin\" \/>\n<meta name=\"twitter:label1\" content=\"Escrito por\" \/>\n\t<meta name=\"twitter:data1\" content=\"admin\" \/>\n\t<meta name=\"twitter:label2\" content=\"Tiempo de lectura\" \/>\n\t<meta name=\"twitter:data2\" content=\"1 minuto\" \/>\n<script type=\"application\/ld+json\" class=\"yoast-schema-graph\">{\"@context\":\"https:\/\/schema.org\",\"@graph\":[{\"@type\":\"Article\",\"@id\":\"https:\/\/medicina.udd.cl\/fonoaudiologia-santiago\/noticias\/2012\/06\/13\/docente-dicto-seminario-en-la-serena\/#article\",\"isPartOf\":{\"@id\":\"https:\/\/medicina.udd.cl\/fonoaudiologia-santiago\/noticias\/2012\/06\/13\/docente-dicto-seminario-en-la-serena\/\"},\"author\":{\"name\":\"admin\",\"@id\":\"https:\/\/medicina.udd.cl\/fonoaudiologia-santiago\/#\/schema\/person\/f7abfa784c86da427e89287831f96ab7\"},\"headline\":\"Docente dict\u00f3 seminario en La Serena\",\"datePublished\":\"2012-06-13T14:16:52+00:00\",\"dateModified\":\"2012-06-21T14:17:39+00:00\",\"mainEntityOfPage\":{\"@id\":\"https:\/\/medicina.udd.cl\/fonoaudiologia-santiago\/noticias\/2012\/06\/13\/docente-dicto-seminario-en-la-serena\/\"},\"wordCount\":143,\"commentCount\":0,\"articleSection\":[\"Noticias\"],\"inLanguage\":\"es\",\"potentialAction\":[{\"@type\":\"CommentAction\",\"name\":\"Comment\",\"target\":[\"https:\/\/medicina.udd.cl\/fonoaudiologia-santiago\/noticias\/2012\/06\/13\/docente-dicto-seminario-en-la-serena\/#respond\"]}]},{\"@type\":\"WebPage\",\"@id\":\"https:\/\/medicina.udd.cl\/fonoaudiologia-santiago\/noticias\/2012\/06\/13\/docente-dicto-seminario-en-la-serena\/\",\"url\":\"https:\/\/medicina.udd.cl\/fonoaudiologia-santiago\/noticias\/2012\/06\/13\/docente-dicto-seminario-en-la-serena\/\",\"name\":\"Docente dict\u00f3 seminario en La Serena - Fonoaudiolog\u00eda\",\"isPartOf\":{\"@id\":\"https:\/\/medicina.udd.cl\/fonoaudiologia-santiago\/#website\"},\"datePublished\":\"2012-06-13T14:16:52+00:00\",\"dateModified\":\"2012-06-21T14:17:39+00:00\",\"author\":{\"@id\":\"https:\/\/medicina.udd.cl\/fonoaudiologia-santiago\/#\/schema\/person\/f7abfa784c86da427e89287831f96ab7\"},\"breadcrumb\":{\"@id\":\"https:\/\/medicina.udd.cl\/fonoaudiologia-santiago\/noticias\/2012\/06\/13\/docente-dicto-seminario-en-la-serena\/#breadcrumb\"},\"inLanguage\":\"es\",\"potentialAction\":[{\"@type\":\"ReadAction\",\"target\":[\"https:\/\/medicina.udd.cl\/fonoaudiologia-santiago\/noticias\/2012\/06\/13\/docente-dicto-seminario-en-la-serena\/\"]}]},{\"@type\":\"BreadcrumbList\",\"@id\":\"https:\/\/medicina.udd.cl\/fonoaudiologia-santiago\/noticias\/2012\/06\/13\/docente-dicto-seminario-en-la-serena\/#breadcrumb\",\"itemListElement\":[{\"@type\":\"ListItem\",\"position\":1,\"name\":\"Home\",\"item\":\"https:\/\/medicina.udd.cl\/fonoaudiologia-santiago\/\"},{\"@type\":\"ListItem\",\"position\":2,\"name\":\"Docente dict\u00f3 seminario en La Serena\"}]},{\"@type\":\"WebSite\",\"@id\":\"https:\/\/medicina.udd.cl\/fonoaudiologia-santiago\/#website\",\"url\":\"https:\/\/medicina.udd.cl\/fonoaudiologia-santiago\/\",\"name\":\"Fonoaudiolog\u00eda\",\"description\":\"Facultad de Medicina Cl\u00ednica Alemana Universidad del Desarrollo\",\"inLanguage\":\"es\"},{\"@type\":\"Person\",\"@id\":\"https:\/\/medicina.udd.cl\/fonoaudiologia-santiago\/#\/schema\/person\/f7abfa784c86da427e89287831f96ab7\",\"name\":\"admin\",\"image\":{\"@type\":\"ImageObject\",\"inLanguage\":\"es\",\"@id\":\"https:\/\/medicina.udd.cl\/fonoaudiologia-santiago\/#\/schema\/person\/image\/\",\"url\":\"https:\/\/secure.gravatar.com\/avatar\/3cb6da298954dfb54457c0910b8c9ca010abd8d87a60f7d701b6ce4254e1c642?s=96&d=mm&r=g\",\"contentUrl\":\"https:\/\/secure.gravatar.com\/avatar\/3cb6da298954dfb54457c0910b8c9ca010abd8d87a60f7d701b6ce4254e1c642?s=96&d=mm&r=g\",\"caption\":\"admin\"},\"url\":\"https:\/\/medicina.udd.cl\/fonoaudiologia-santiago\/noticias\/author\/admin\/\"}]}<\/script>\n<!-- \/ Yoast SEO plugin. -->","yoast_head_json":{"title":"Docente dict\u00f3 seminario en La Serena - Fonoaudiolog\u00eda","robots":{"index":"index","follow":"follow","max-snippet":"max-snippet:-1","max-image-preview":"max-image-preview:large","max-video-preview":"max-video-preview:-1"},"canonical":"https:\/\/medicina.udd.cl\/fonoaudiologia-santiago\/noticias\/2012\/06\/13\/docente-dicto-seminario-en-la-serena\/","og_locale":"es_ES","og_type":"article","og_title":"Docente dict\u00f3 seminario en La Serena - Fonoaudiolog\u00eda","og_description":"Realiz\u00f3 el Seminario sobre Tratamiento del TEL y Programaci\u00f3n Neuroling\u00fc\u00edstica aplicada a la cl\u00ednica fonoaudiol\u00f3gica.","og_url":"https:\/\/medicina.udd.cl\/fonoaudiologia-santiago\/noticias\/2012\/06\/13\/docente-dicto-seminario-en-la-serena\/","og_site_name":"Fonoaudiolog\u00eda","article_published_time":"2012-06-13T14:16:52+00:00","article_modified_time":"2012-06-21T14:17:39+00:00","og_image":[{"url":"https:\/\/medicina.udd.cl\/fonoaudiologia-santiago\/files\/2012\/06\/2012-06-02-141.jpg","type":"","width":"","height":""}],"author":"admin","twitter_misc":{"Escrito por":"admin","Tiempo de lectura":"1 minuto"},"schema":{"@context":"https:\/\/schema.org","@graph":[{"@type":"Article","@id":"https:\/\/medicina.udd.cl\/fonoaudiologia-santiago\/noticias\/2012\/06\/13\/docente-dicto-seminario-en-la-serena\/#article","isPartOf":{"@id":"https:\/\/medicina.udd.cl\/fonoaudiologia-santiago\/noticias\/2012\/06\/13\/docente-dicto-seminario-en-la-serena\/"},"author":{"name":"admin","@id":"https:\/\/medicina.udd.cl\/fonoaudiologia-santiago\/#\/schema\/person\/f7abfa784c86da427e89287831f96ab7"},"headline":"Docente dict\u00f3 seminario en La Serena","datePublished":"2012-06-13T14:16:52+00:00","dateModified":"2012-06-21T14:17:39+00:00","mainEntityOfPage":{"@id":"https:\/\/medicina.udd.cl\/fonoaudiologia-santiago\/noticias\/2012\/06\/13\/docente-dicto-seminario-en-la-serena\/"},"wordCount":143,"commentCount":0,"articleSection":["Noticias"],"inLanguage":"es","potentialAction":[{"@type":"CommentAction","name":"Comment","target":["https:\/\/medicina.udd.cl\/fonoaudiologia-santiago\/noticias\/2012\/06\/13\/docente-dicto-seminario-en-la-serena\/#respond"]}]},{"@type":"WebPage","@id":"https:\/\/medicina.udd.cl\/fonoaudiologia-santiago\/noticias\/2012\/06\/13\/docente-dicto-seminario-en-la-serena\/","url":"https:\/\/medicina.udd.cl\/fonoaudiologia-santiago\/noticias\/2012\/06\/13\/docente-dicto-seminario-en-la-serena\/","name":"Docente dict\u00f3 seminario en La Serena - Fonoaudiolog\u00eda","isPartOf":{"@id":"https:\/\/medicina.udd.cl\/fonoaudiologia-santiago\/#website"},"datePublished":"2012-06-13T14:16:52+00:00","dateModified":"2012-06-21T14:17:39+00:00","author":{"@id":"https:\/\/medicina.udd.cl\/fonoaudiologia-santiago\/#\/schema\/person\/f7abfa784c86da427e89287831f96ab7"},"breadcrumb":{"@id":"https:\/\/medicina.udd.cl\/fonoaudiologia-santiago\/noticias\/2012\/06\/13\/docente-dicto-seminario-en-la-serena\/#breadcrumb"},"inLanguage":"es","potentialAction":[{"@type":"ReadAction","target":["https:\/\/medicina.udd.cl\/fonoaudiologia-santiago\/noticias\/2012\/06\/13\/docente-dicto-seminario-en-la-serena\/"]}]},{"@type":"BreadcrumbList","@id":"https:\/\/medicina.udd.cl\/fonoaudiologia-santiago\/noticias\/2012\/06\/13\/docente-dicto-seminario-en-la-serena\/#breadcrumb","itemListElement":[{"@type":"ListItem","position":1,"name":"Home","item":"https:\/\/medicina.udd.cl\/fonoaudiologia-santiago\/"},{"@type":"ListItem","position":2,"name":"Docente dict\u00f3 seminario en La Serena"}]},{"@type":"WebSite","@id":"https:\/\/medicina.udd.cl\/fonoaudiologia-santiago\/#website","url":"https:\/\/medicina.udd.cl\/fonoaudiologia-santiago\/","name":"Fonoaudiolog\u00eda","description":"Facultad de Medicina Cl\u00ednica Alemana Universidad del Desarrollo","inLanguage":"es"},{"@type":"Person","@id":"https:\/\/medicina.udd.cl\/fonoaudiologia-santiago\/#\/schema\/person\/f7abfa784c86da427e89287831f96ab7","name":"admin","image":{"@type":"ImageObject","inLanguage":"es","@id":"https:\/\/medicina.udd.cl\/fonoaudiologia-santiago\/#\/schema\/person\/image\/","url":"https:\/\/secure.gravatar.com\/avatar\/3cb6da298954dfb54457c0910b8c9ca010abd8d87a60f7d701b6ce4254e1c642?s=96&d=mm&r=g","contentUrl":"https:\/\/secure.gravatar.com\/avatar\/3cb6da298954dfb54457c0910b8c9ca010abd8d87a60f7d701b6ce4254e1c642?s=96&d=mm&r=g","caption":"admin"},"url":"https:\/\/medicina.udd.cl\/fonoaudiologia-santiago\/noticias\/author\/admin\/"}]}},"featured_image_url":null,"_links":{"self":[{"href":"https:\/\/medicina.udd.cl\/fonoaudiologia-santiago\/wp-json\/wp\/v2\/posts\/1233","targetHints":{"allow":["GET"]}}],"collection":[{"href":"https:\/\/medicina.udd.cl\/fonoaudiologia-santiago\/wp-json\/wp\/v2\/posts"}],"about":[{"href":"https:\/\/medicina.udd.cl\/fonoaudiologia-santiago\/wp-json\/wp\/v2\/types\/post"}],"author":[{"embeddable":true,"href":"https:\/\/medicina.udd.cl\/fonoaudiologia-santiago\/wp-json\/wp\/v2\/users\/1"}],"replies":[{"embeddable":true,"href":"https:\/\/medicina.udd.cl\/fonoaudiologia-santiago\/wp-json\/wp\/v2\/comments?post=1233"}],"version-history":[{"count":10,"href":"https:\/\/medicina.udd.cl\/fonoaudiologia-santiago\/wp-json\/wp\/v2\/posts\/1233\/revisions"}],"predecessor-version":[{"id":1246,"href":"https:\/\/medicina.udd.cl\/fonoaudiologia-santiago\/wp-json\/wp\/v2\/posts\/1233\/revisions\/1246"}],"wp:attachment":[{"href":"https:\/\/medicina.udd.cl\/fonoaudiologia-santiago\/wp-json\/wp\/v2\/media?parent=1233"}],"wp:term":[{"taxonomy":"category","embeddable":true,"href":"https:\/\/medicina.udd.cl\/fonoaudiologia-santiago\/wp-json\/wp\/v2\/categories?post=1233"},{"taxonomy":"post_tag","embeddable":true,"href":"https:\/\/medicina.udd.cl\/fonoaudiologia-santiago\/wp-json\/wp\/v2\/tags?post=1233"}],"curies":[{"name":"wp","href":"https:\/\/api.w.org\/{rel}","templated":true}]}}