{"id":1277,"date":"2012-07-13T11:32:33","date_gmt":"2012-07-13T15:32:33","guid":{"rendered":"http:\/\/medicina.udd.cl\/fonoaudiologia-santiago\/?p=1277"},"modified":"2012-07-23T11:36:22","modified_gmt":"2012-07-23T15:36:22","slug":"equipo-de-admision-2012","status":"publish","type":"post","link":"https:\/\/medicina.udd.cl\/fonoaudiologia-santiago\/noticias\/2012\/07\/13\/equipo-de-admision-2012\/","title":{"rendered":"Equipo de Admisi\u00f3n 2012"},"content":{"rendered":"<div id=\"gallery-1\" class=\"carousel slide carousel-gallery\" data-ride=\"false\" data-interval=\"false\"><div class=\"carousel-inner\" role=\"listbox\"><figure class=\"carousel-item active\"><img loading=\"lazy\" decoding=\"async\" width=\"794\" height=\"534\" src=\"https:\/\/medicina.udd.cl\/fonoaudiologia-santiago\/files\/2012\/07\/Rodrigo-Navia.jpg\" class=\"attachment-landscape_952 size-landscape_952\" alt=\"\" srcset=\"https:\/\/medicina.udd.cl\/fonoaudiologia-santiago\/files\/2012\/07\/Rodrigo-Navia.jpg 2403w, https:\/\/medicina.udd.cl\/fonoaudiologia-santiago\/files\/2012\/07\/Rodrigo-Navia-300x202.jpg 300w, https:\/\/medicina.udd.cl\/fonoaudiologia-santiago\/files\/2012\/07\/Rodrigo-Navia-768x517.jpg 768w, https:\/\/medicina.udd.cl\/fonoaudiologia-santiago\/files\/2012\/07\/Rodrigo-Navia-1024x689.jpg 1024w, https:\/\/medicina.udd.cl\/fonoaudiologia-santiago\/files\/2012\/07\/Rodrigo-Navia-960x646.jpg 960w\" sizes=\"auto, (max-width: 794px) 100vw, 794px\" \/><\/figure><figure class=\"carousel-item\"><img loading=\"lazy\" decoding=\"async\" width=\"729\" height=\"534\" src=\"https:\/\/medicina.udd.cl\/fonoaudiologia-santiago\/files\/2012\/07\/Constanza-Valenzuela.jpg\" class=\"attachment-landscape_952 size-landscape_952\" alt=\"\" srcset=\"https:\/\/medicina.udd.cl\/fonoaudiologia-santiago\/files\/2012\/07\/Constanza-Valenzuela.jpg 1810w, https:\/\/medicina.udd.cl\/fonoaudiologia-santiago\/files\/2012\/07\/Constanza-Valenzuela-300x220.jpg 300w, https:\/\/medicina.udd.cl\/fonoaudiologia-santiago\/files\/2012\/07\/Constanza-Valenzuela-768x563.jpg 768w, https:\/\/medicina.udd.cl\/fonoaudiologia-santiago\/files\/2012\/07\/Constanza-Valenzuela-1024x750.jpg 1024w, https:\/\/medicina.udd.cl\/fonoaudiologia-santiago\/files\/2012\/07\/Constanza-Valenzuela-960x703.jpg 960w\" sizes=\"auto, (max-width: 729px) 100vw, 729px\" \/><\/figure><figure class=\"carousel-item\"><img loading=\"lazy\" decoding=\"async\" width=\"780\" height=\"534\" src=\"https:\/\/medicina.udd.cl\/fonoaudiologia-santiago\/files\/2012\/07\/Constanza-Mislej.jpg\" class=\"attachment-landscape_952 size-landscape_952\" alt=\"\" srcset=\"https:\/\/medicina.udd.cl\/fonoaudiologia-santiago\/files\/2012\/07\/Constanza-Mislej.jpg 2277w, https:\/\/medicina.udd.cl\/fonoaudiologia-santiago\/files\/2012\/07\/Constanza-Mislej-300x205.jpg 300w, https:\/\/medicina.udd.cl\/fonoaudiologia-santiago\/files\/2012\/07\/Constanza-Mislej-768x526.jpg 768w, https:\/\/medicina.udd.cl\/fonoaudiologia-santiago\/files\/2012\/07\/Constanza-Mislej-1024x701.jpg 1024w, https:\/\/medicina.udd.cl\/fonoaudiologia-santiago\/files\/2012\/07\/Constanza-Mislej-960x657.jpg 960w\" sizes=\"auto, (max-width: 780px) 100vw, 780px\" \/><\/figure><figure class=\"carousel-item\"><img loading=\"lazy\" decoding=\"async\" width=\"724\" height=\"534\" src=\"https:\/\/medicina.udd.cl\/fonoaudiologia-santiago\/files\/2012\/07\/Barbara-Sanzana.jpg\" class=\"attachment-landscape_952 size-landscape_952\" alt=\"\" srcset=\"https:\/\/medicina.udd.cl\/fonoaudiologia-santiago\/files\/2012\/07\/Barbara-Sanzana.jpg 2087w, https:\/\/medicina.udd.cl\/fonoaudiologia-santiago\/files\/2012\/07\/Barbara-Sanzana-300x221.jpg 300w, https:\/\/medicina.udd.cl\/fonoaudiologia-santiago\/files\/2012\/07\/Barbara-Sanzana-768x567.jpg 768w, https:\/\/medicina.udd.cl\/fonoaudiologia-santiago\/files\/2012\/07\/Barbara-Sanzana-1024x756.jpg 1024w, https:\/\/medicina.udd.cl\/fonoaudiologia-santiago\/files\/2012\/07\/Barbara-Sanzana-960x708.jpg 960w\" sizes=\"auto, (max-width: 724px) 100vw, 724px\" \/><\/figure><figure class=\"carousel-item\"><img loading=\"lazy\" decoding=\"async\" width=\"727\" height=\"534\" src=\"https:\/\/medicina.udd.cl\/fonoaudiologia-santiago\/files\/2012\/07\/Andr\u00e9s-Carillo.jpg\" class=\"attachment-landscape_952 size-landscape_952\" alt=\"\" srcset=\"https:\/\/medicina.udd.cl\/fonoaudiologia-santiago\/files\/2012\/07\/Andr\u00e9s-Carillo.jpg 1800w, https:\/\/medicina.udd.cl\/fonoaudiologia-santiago\/files\/2012\/07\/Andr\u00e9s-Carillo-300x220.jpg 300w, https:\/\/medicina.udd.cl\/fonoaudiologia-santiago\/files\/2012\/07\/Andr\u00e9s-Carillo-768x564.jpg 768w, https:\/\/medicina.udd.cl\/fonoaudiologia-santiago\/files\/2012\/07\/Andr\u00e9s-Carillo-1024x752.jpg 1024w, https:\/\/medicina.udd.cl\/fonoaudiologia-santiago\/files\/2012\/07\/Andr\u00e9s-Carillo-960x705.jpg 960w\" sizes=\"auto, (max-width: 727px) 100vw, 727px\" \/><\/figure><\/div><footer class=\"carousel-footer\"><div class=\"carousel-counter\"><span class=\"carousel-counter-current\"><\/span> \/ <span class=\"carousel-counter-total\"><\/span><\/div><a class=\"carousel-control-prev\" href=\"#gallery-1\" role=\"button\" data-slide=\"prev\"><svg aria-hidden=\"true\" class=\"svg-chevron-left-dims\"><use xlink:href='https:\/\/medicina.udd.cl\/fonoaudiologia-santiago\/wp-content\/themes\/facultades-2018\/assets\/img\/svg\/dist\/main.svg?version=1695853099#chevron-left'><\/use><\/svg><span class=\"sr-only\">Anterior<\/span><\/a><a class=\"carousel-control-next\" href=\"#gallery-1\" role=\"button\" data-slide=\"next\"><svg aria-hidden=\"true\" class=\"svg-chevron-right-dims\"><use xlink:href='https:\/\/medicina.udd.cl\/fonoaudiologia-santiago\/wp-content\/themes\/facultades-2018\/assets\/img\/svg\/dist\/main.svg?version=1695853099#chevron-right'><\/use><\/svg><span class=\"sr-only\">Siguiente<\/span><\/a><\/footer><\/div>\n<p>Los alumnos B\u00e1rbara Sanzana, Constanza Valenzuela, Constanza Mislej, Rodrigo Navia y Andr\u00e9s Carrillo conforman el equipo de admisi\u00f3n encargado de apoyar a la directora de carrera flga. Mar\u00eda Ang\u00e9lica L\u00f3pez O\u00f1ate en el proceso de admisi\u00f3n 2012.<\/p>\n<p style=\"text-align: justify;\">Para los estudiantes ha resultado una actividad altamente gratificante ya que <em>\u201cpodemos mostrar lo que significa la carrera y los elementos diferenciadores que hacen de esta Universidad una opci\u00f3n real para los que deseen estudiar fonoaudiolog\u00eda\u201d,<\/em> comentarios los j\u00f3venes.<\/p>\n","protected":false},"excerpt":{"rendered":"<p>Un grupo de cinco estudiantes conforman el equipo de admisi\u00f3n encargado de apoyar en el proceso para este a\u00f1o.<\/p>\n","protected":false},"author":1,"featured_media":0,"comment_status":"open","ping_status":"open","sticky":false,"template":"","format":"standard","meta":{"footnotes":""},"categories":[4],"tags":[],"class_list":["post-1277","post","type-post","status-publish","format-standard","hentry","category-noticias"],"yoast_head":"<!-- This site is optimized with the Yoast SEO plugin v26.9 - https:\/\/yoast.com\/product\/yoast-seo-wordpress\/ -->\n<title>Equipo de Admisi\u00f3n 2012 - Fonoaudiolog\u00eda<\/title>\n<meta name=\"robots\" content=\"index, follow, max-snippet:-1, max-image-preview:large, max-video-preview:-1\" \/>\n<link rel=\"canonical\" href=\"https:\/\/medicina.udd.cl\/fonoaudiologia-santiago\/noticias\/2012\/07\/13\/equipo-de-admision-2012\/\" \/>\n<meta property=\"og:locale\" content=\"es_ES\" \/>\n<meta property=\"og:type\" content=\"article\" \/>\n<meta property=\"og:title\" content=\"Equipo de Admisi\u00f3n 2012 - Fonoaudiolog\u00eda\" \/>\n<meta property=\"og:description\" content=\"Un grupo de cinco estudiantes conforman el equipo de admisi\u00f3n encargado de apoyar en el proceso para este a\u00f1o.\" \/>\n<meta property=\"og:url\" content=\"https:\/\/medicina.udd.cl\/fonoaudiologia-santiago\/noticias\/2012\/07\/13\/equipo-de-admision-2012\/\" \/>\n<meta property=\"og:site_name\" content=\"Fonoaudiolog\u00eda\" \/>\n<meta property=\"article:published_time\" content=\"2012-07-13T15:32:33+00:00\" \/>\n<meta property=\"article:modified_time\" content=\"2012-07-23T15:36:22+00:00\" \/>\n<meta property=\"og:image\" content=\"https:\/\/medicina.udd.cl\/fonoaudiologia-santiago\/files\/2012\/07\/Rodrigo-Navia.jpg\" \/>\n<meta name=\"author\" content=\"admin\" \/>\n<meta name=\"twitter:label1\" content=\"Escrito por\" \/>\n\t<meta name=\"twitter:data1\" content=\"admin\" \/>\n<script type=\"application\/ld+json\" class=\"yoast-schema-graph\">{\"@context\":\"https:\/\/schema.org\",\"@graph\":[{\"@type\":\"Article\",\"@id\":\"https:\/\/medicina.udd.cl\/fonoaudiologia-santiago\/noticias\/2012\/07\/13\/equipo-de-admision-2012\/#article\",\"isPartOf\":{\"@id\":\"https:\/\/medicina.udd.cl\/fonoaudiologia-santiago\/noticias\/2012\/07\/13\/equipo-de-admision-2012\/\"},\"author\":{\"name\":\"admin\",\"@id\":\"https:\/\/medicina.udd.cl\/fonoaudiologia-santiago\/#\/schema\/person\/f7abfa784c86da427e89287831f96ab7\"},\"headline\":\"Equipo de Admisi\u00f3n 2012\",\"datePublished\":\"2012-07-13T15:32:33+00:00\",\"dateModified\":\"2012-07-23T15:36:22+00:00\",\"mainEntityOfPage\":{\"@id\":\"https:\/\/medicina.udd.cl\/fonoaudiologia-santiago\/noticias\/2012\/07\/13\/equipo-de-admision-2012\/\"},\"wordCount\":93,\"commentCount\":1,\"articleSection\":[\"Noticias\"],\"inLanguage\":\"es\",\"potentialAction\":[{\"@type\":\"CommentAction\",\"name\":\"Comment\",\"target\":[\"https:\/\/medicina.udd.cl\/fonoaudiologia-santiago\/noticias\/2012\/07\/13\/equipo-de-admision-2012\/#respond\"]}]},{\"@type\":\"WebPage\",\"@id\":\"https:\/\/medicina.udd.cl\/fonoaudiologia-santiago\/noticias\/2012\/07\/13\/equipo-de-admision-2012\/\",\"url\":\"https:\/\/medicina.udd.cl\/fonoaudiologia-santiago\/noticias\/2012\/07\/13\/equipo-de-admision-2012\/\",\"name\":\"Equipo de Admisi\u00f3n 2012 - Fonoaudiolog\u00eda\",\"isPartOf\":{\"@id\":\"https:\/\/medicina.udd.cl\/fonoaudiologia-santiago\/#website\"},\"datePublished\":\"2012-07-13T15:32:33+00:00\",\"dateModified\":\"2012-07-23T15:36:22+00:00\",\"author\":{\"@id\":\"https:\/\/medicina.udd.cl\/fonoaudiologia-santiago\/#\/schema\/person\/f7abfa784c86da427e89287831f96ab7\"},\"breadcrumb\":{\"@id\":\"https:\/\/medicina.udd.cl\/fonoaudiologia-santiago\/noticias\/2012\/07\/13\/equipo-de-admision-2012\/#breadcrumb\"},\"inLanguage\":\"es\",\"potentialAction\":[{\"@type\":\"ReadAction\",\"target\":[\"https:\/\/medicina.udd.cl\/fonoaudiologia-santiago\/noticias\/2012\/07\/13\/equipo-de-admision-2012\/\"]}]},{\"@type\":\"BreadcrumbList\",\"@id\":\"https:\/\/medicina.udd.cl\/fonoaudiologia-santiago\/noticias\/2012\/07\/13\/equipo-de-admision-2012\/#breadcrumb\",\"itemListElement\":[{\"@type\":\"ListItem\",\"position\":1,\"name\":\"Home\",\"item\":\"https:\/\/medicina.udd.cl\/fonoaudiologia-santiago\/\"},{\"@type\":\"ListItem\",\"position\":2,\"name\":\"Equipo de Admisi\u00f3n 2012\"}]},{\"@type\":\"WebSite\",\"@id\":\"https:\/\/medicina.udd.cl\/fonoaudiologia-santiago\/#website\",\"url\":\"https:\/\/medicina.udd.cl\/fonoaudiologia-santiago\/\",\"name\":\"Fonoaudiolog\u00eda\",\"description\":\"Facultad de Medicina Cl\u00ednica Alemana Universidad del Desarrollo\",\"inLanguage\":\"es\"},{\"@type\":\"Person\",\"@id\":\"https:\/\/medicina.udd.cl\/fonoaudiologia-santiago\/#\/schema\/person\/f7abfa784c86da427e89287831f96ab7\",\"name\":\"admin\",\"image\":{\"@type\":\"ImageObject\",\"inLanguage\":\"es\",\"@id\":\"https:\/\/medicina.udd.cl\/fonoaudiologia-santiago\/#\/schema\/person\/image\/\",\"url\":\"https:\/\/secure.gravatar.com\/avatar\/3cb6da298954dfb54457c0910b8c9ca010abd8d87a60f7d701b6ce4254e1c642?s=96&d=mm&r=g\",\"contentUrl\":\"https:\/\/secure.gravatar.com\/avatar\/3cb6da298954dfb54457c0910b8c9ca010abd8d87a60f7d701b6ce4254e1c642?s=96&d=mm&r=g\",\"caption\":\"admin\"},\"url\":\"https:\/\/medicina.udd.cl\/fonoaudiologia-santiago\/noticias\/author\/admin\/\"}]}<\/script>\n<!-- \/ Yoast SEO plugin. -->","yoast_head_json":{"title":"Equipo de Admisi\u00f3n 2012 - Fonoaudiolog\u00eda","robots":{"index":"index","follow":"follow","max-snippet":"max-snippet:-1","max-image-preview":"max-image-preview:large","max-video-preview":"max-video-preview:-1"},"canonical":"https:\/\/medicina.udd.cl\/fonoaudiologia-santiago\/noticias\/2012\/07\/13\/equipo-de-admision-2012\/","og_locale":"es_ES","og_type":"article","og_title":"Equipo de Admisi\u00f3n 2012 - Fonoaudiolog\u00eda","og_description":"Un grupo de cinco estudiantes conforman el equipo de admisi\u00f3n encargado de apoyar en el proceso para este a\u00f1o.","og_url":"https:\/\/medicina.udd.cl\/fonoaudiologia-santiago\/noticias\/2012\/07\/13\/equipo-de-admision-2012\/","og_site_name":"Fonoaudiolog\u00eda","article_published_time":"2012-07-13T15:32:33+00:00","article_modified_time":"2012-07-23T15:36:22+00:00","og_image":[{"url":"https:\/\/medicina.udd.cl\/fonoaudiologia-santiago\/files\/2012\/07\/Rodrigo-Navia.jpg","type":"","width":"","height":""}],"author":"admin","twitter_misc":{"Escrito por":"admin"},"schema":{"@context":"https:\/\/schema.org","@graph":[{"@type":"Article","@id":"https:\/\/medicina.udd.cl\/fonoaudiologia-santiago\/noticias\/2012\/07\/13\/equipo-de-admision-2012\/#article","isPartOf":{"@id":"https:\/\/medicina.udd.cl\/fonoaudiologia-santiago\/noticias\/2012\/07\/13\/equipo-de-admision-2012\/"},"author":{"name":"admin","@id":"https:\/\/medicina.udd.cl\/fonoaudiologia-santiago\/#\/schema\/person\/f7abfa784c86da427e89287831f96ab7"},"headline":"Equipo de Admisi\u00f3n 2012","datePublished":"2012-07-13T15:32:33+00:00","dateModified":"2012-07-23T15:36:22+00:00","mainEntityOfPage":{"@id":"https:\/\/medicina.udd.cl\/fonoaudiologia-santiago\/noticias\/2012\/07\/13\/equipo-de-admision-2012\/"},"wordCount":93,"commentCount":1,"articleSection":["Noticias"],"inLanguage":"es","potentialAction":[{"@type":"CommentAction","name":"Comment","target":["https:\/\/medicina.udd.cl\/fonoaudiologia-santiago\/noticias\/2012\/07\/13\/equipo-de-admision-2012\/#respond"]}]},{"@type":"WebPage","@id":"https:\/\/medicina.udd.cl\/fonoaudiologia-santiago\/noticias\/2012\/07\/13\/equipo-de-admision-2012\/","url":"https:\/\/medicina.udd.cl\/fonoaudiologia-santiago\/noticias\/2012\/07\/13\/equipo-de-admision-2012\/","name":"Equipo de Admisi\u00f3n 2012 - Fonoaudiolog\u00eda","isPartOf":{"@id":"https:\/\/medicina.udd.cl\/fonoaudiologia-santiago\/#website"},"datePublished":"2012-07-13T15:32:33+00:00","dateModified":"2012-07-23T15:36:22+00:00","author":{"@id":"https:\/\/medicina.udd.cl\/fonoaudiologia-santiago\/#\/schema\/person\/f7abfa784c86da427e89287831f96ab7"},"breadcrumb":{"@id":"https:\/\/medicina.udd.cl\/fonoaudiologia-santiago\/noticias\/2012\/07\/13\/equipo-de-admision-2012\/#breadcrumb"},"inLanguage":"es","potentialAction":[{"@type":"ReadAction","target":["https:\/\/medicina.udd.cl\/fonoaudiologia-santiago\/noticias\/2012\/07\/13\/equipo-de-admision-2012\/"]}]},{"@type":"BreadcrumbList","@id":"https:\/\/medicina.udd.cl\/fonoaudiologia-santiago\/noticias\/2012\/07\/13\/equipo-de-admision-2012\/#breadcrumb","itemListElement":[{"@type":"ListItem","position":1,"name":"Home","item":"https:\/\/medicina.udd.cl\/fonoaudiologia-santiago\/"},{"@type":"ListItem","position":2,"name":"Equipo de Admisi\u00f3n 2012"}]},{"@type":"WebSite","@id":"https:\/\/medicina.udd.cl\/fonoaudiologia-santiago\/#website","url":"https:\/\/medicina.udd.cl\/fonoaudiologia-santiago\/","name":"Fonoaudiolog\u00eda","description":"Facultad de Medicina Cl\u00ednica Alemana Universidad del Desarrollo","inLanguage":"es"},{"@type":"Person","@id":"https:\/\/medicina.udd.cl\/fonoaudiologia-santiago\/#\/schema\/person\/f7abfa784c86da427e89287831f96ab7","name":"admin","image":{"@type":"ImageObject","inLanguage":"es","@id":"https:\/\/medicina.udd.cl\/fonoaudiologia-santiago\/#\/schema\/person\/image\/","url":"https:\/\/secure.gravatar.com\/avatar\/3cb6da298954dfb54457c0910b8c9ca010abd8d87a60f7d701b6ce4254e1c642?s=96&d=mm&r=g","contentUrl":"https:\/\/secure.gravatar.com\/avatar\/3cb6da298954dfb54457c0910b8c9ca010abd8d87a60f7d701b6ce4254e1c642?s=96&d=mm&r=g","caption":"admin"},"url":"https:\/\/medicina.udd.cl\/fonoaudiologia-santiago\/noticias\/author\/admin\/"}]}},"featured_image_url":null,"_links":{"self":[{"href":"https:\/\/medicina.udd.cl\/fonoaudiologia-santiago\/wp-json\/wp\/v2\/posts\/1277","targetHints":{"allow":["GET"]}}],"collection":[{"href":"https:\/\/medicina.udd.cl\/fonoaudiologia-santiago\/wp-json\/wp\/v2\/posts"}],"about":[{"href":"https:\/\/medicina.udd.cl\/fonoaudiologia-santiago\/wp-json\/wp\/v2\/types\/post"}],"author":[{"embeddable":true,"href":"https:\/\/medicina.udd.cl\/fonoaudiologia-santiago\/wp-json\/wp\/v2\/users\/1"}],"replies":[{"embeddable":true,"href":"https:\/\/medicina.udd.cl\/fonoaudiologia-santiago\/wp-json\/wp\/v2\/comments?post=1277"}],"version-history":[{"count":7,"href":"https:\/\/medicina.udd.cl\/fonoaudiologia-santiago\/wp-json\/wp\/v2\/posts\/1277\/revisions"}],"predecessor-version":[{"id":1289,"href":"https:\/\/medicina.udd.cl\/fonoaudiologia-santiago\/wp-json\/wp\/v2\/posts\/1277\/revisions\/1289"}],"wp:attachment":[{"href":"https:\/\/medicina.udd.cl\/fonoaudiologia-santiago\/wp-json\/wp\/v2\/media?parent=1277"}],"wp:term":[{"taxonomy":"category","embeddable":true,"href":"https:\/\/medicina.udd.cl\/fonoaudiologia-santiago\/wp-json\/wp\/v2\/categories?post=1277"},{"taxonomy":"post_tag","embeddable":true,"href":"https:\/\/medicina.udd.cl\/fonoaudiologia-santiago\/wp-json\/wp\/v2\/tags?post=1277"}],"curies":[{"name":"wp","href":"https:\/\/api.w.org\/{rel}","templated":true}]}}