{"id":1290,"date":"2012-07-10T11:41:29","date_gmt":"2012-07-10T15:41:29","guid":{"rendered":"http:\/\/medicina.udd.cl\/fonoaudiologia-santiago\/?p=1290"},"modified":"2012-07-23T11:41:59","modified_gmt":"2012-07-23T15:41:59","slug":"docente-pamela-tomicic-expuso-en-curso-internacional","status":"publish","type":"post","link":"https:\/\/medicina.udd.cl\/fonoaudiologia-santiago\/noticias\/2012\/07\/10\/docente-pamela-tomicic-expuso-en-curso-internacional\/","title":{"rendered":"Docente Pamela Tomicic expuso en curso internacional"},"content":{"rendered":"<div id=\"gallery-1\" class=\"carousel slide carousel-gallery\" data-ride=\"false\" data-interval=\"false\"><div class=\"carousel-inner\" role=\"listbox\"><figure class=\"carousel-item active\"><img loading=\"lazy\" decoding=\"async\" width=\"712\" height=\"534\" src=\"https:\/\/medicina.udd.cl\/fonoaudiologia-santiago\/files\/2012\/07\/20120607_113532.jpg\" class=\"attachment-landscape_952 size-landscape_952\" alt=\"\" srcset=\"https:\/\/medicina.udd.cl\/fonoaudiologia-santiago\/files\/2012\/07\/20120607_113532.jpg 2048w, https:\/\/medicina.udd.cl\/fonoaudiologia-santiago\/files\/2012\/07\/20120607_113532-300x225.jpg 300w, https:\/\/medicina.udd.cl\/fonoaudiologia-santiago\/files\/2012\/07\/20120607_113532-768x576.jpg 768w, https:\/\/medicina.udd.cl\/fonoaudiologia-santiago\/files\/2012\/07\/20120607_113532-1024x768.jpg 1024w, https:\/\/medicina.udd.cl\/fonoaudiologia-santiago\/files\/2012\/07\/20120607_113532-960x720.jpg 960w\" sizes=\"auto, (max-width: 712px) 100vw, 712px\" \/><\/figure><figure class=\"carousel-item\"><img loading=\"lazy\" decoding=\"async\" width=\"712\" height=\"534\" src=\"https:\/\/medicina.udd.cl\/fonoaudiologia-santiago\/files\/2012\/07\/2012-06-08-12.10.50.jpg\" class=\"attachment-landscape_952 size-landscape_952\" alt=\"\" srcset=\"https:\/\/medicina.udd.cl\/fonoaudiologia-santiago\/files\/2012\/07\/2012-06-08-12.10.50.jpg 2560w, https:\/\/medicina.udd.cl\/fonoaudiologia-santiago\/files\/2012\/07\/2012-06-08-12.10.50-300x225.jpg 300w, https:\/\/medicina.udd.cl\/fonoaudiologia-santiago\/files\/2012\/07\/2012-06-08-12.10.50-768x576.jpg 768w, https:\/\/medicina.udd.cl\/fonoaudiologia-santiago\/files\/2012\/07\/2012-06-08-12.10.50-1024x768.jpg 1024w, https:\/\/medicina.udd.cl\/fonoaudiologia-santiago\/files\/2012\/07\/2012-06-08-12.10.50-960x720.jpg 960w\" sizes=\"auto, (max-width: 712px) 100vw, 712px\" \/><\/figure><\/div><footer class=\"carousel-footer\"><div class=\"carousel-counter\"><span class=\"carousel-counter-current\"><\/span> \/ <span class=\"carousel-counter-total\"><\/span><\/div><a class=\"carousel-control-prev\" href=\"#gallery-1\" role=\"button\" data-slide=\"prev\"><svg aria-hidden=\"true\" class=\"svg-chevron-left-dims\"><use xlink:href='https:\/\/medicina.udd.cl\/fonoaudiologia-santiago\/wp-content\/themes\/facultades-2018\/assets\/img\/svg\/dist\/main.svg?version=1695853099#chevron-left'><\/use><\/svg><span class=\"sr-only\">Anterior<\/span><\/a><a class=\"carousel-control-next\" href=\"#gallery-1\" role=\"button\" data-slide=\"next\"><svg aria-hidden=\"true\" class=\"svg-chevron-right-dims\"><use xlink:href='https:\/\/medicina.udd.cl\/fonoaudiologia-santiago\/wp-content\/themes\/facultades-2018\/assets\/img\/svg\/dist\/main.svg?version=1695853099#chevron-right'><\/use><\/svg><span class=\"sr-only\">Siguiente<\/span><\/a><\/footer><\/div>\n<p style=\"text-align: justify;\">Los d\u00edas 7 y 8 de junio se llev\u00f3 a cabo el <strong>\u201cPrimer Curso Internacional de Audiolog\u00eda: Hipoacusia en el lactante y pre-escolar\u201d<\/strong>, organizado por la Unidad de Audici\u00f3n y Lenguaje Servicio de Otorrinolaringolog\u00eda del <a href=\"http:\/\/www.hurtadohosp.cl\/\">Hospital Padre Hurtado<\/a>.<\/p>\n<p style=\"text-align: justify;\">Las dos jornadas se realizaron en el Hotel Radisson de Santiago y cont\u00f3 con la exposici\u00f3n de la reconocida fonoaudi\u00f3loga Prof. <strong>Suzanne Purdy PhD en Audiolog\u00eda<\/strong>, Directora Departamento de Ciencias del Habla, University of Auckland, Nueva Zelanda.<\/p>\n<p style=\"text-align: justify;\">Cabe destacar la participaci\u00f3n de la docente de la carrera de <a href=\"http:\/\/medicina.udd.cl\/fonoaudiologia-santiago\/\">Fonoaudiolog\u00eda <\/a>de la <a href=\"http:\/\/medicina.udd.cl\/\">Facultad de Medicina CAS-UDD<\/a>, Pamela Tomicic, quien dict\u00f3 la charla sobre<strong> \u00abHabilitaci\u00f3n, seguimiento e inclusi\u00f3n a la familia\u00bb<\/strong>. Adem\u00e1s, estuvo a cargo de la mesa redonda donde comparti\u00f3 con otros expositores y discutieron casos cl\u00ednicos, entregando la visi\u00f3n del fonoaudi\u00f3logo en los abordajes de los pacientes con hipoacusia.<\/p>\n","protected":false},"excerpt":{"rendered":"<p>Dentro de los temas se debati\u00f3 sobre el procesamiento auditivo y trastornos del lenguaje y la adaptaci\u00f3n de aud\u00edfonos en infantes, entre otros.<\/p>\n","protected":false},"author":1,"featured_media":0,"comment_status":"open","ping_status":"open","sticky":false,"template":"","format":"standard","meta":{"footnotes":""},"categories":[4,1],"tags":[],"class_list":["post-1290","post","type-post","status-publish","format-standard","hentry","category-noticias","category-sin-categoria"],"yoast_head":"<!-- This site is optimized with the Yoast SEO plugin v26.9 - https:\/\/yoast.com\/product\/yoast-seo-wordpress\/ -->\n<title>Docente Pamela Tomicic expuso en curso internacional - Fonoaudiolog\u00eda<\/title>\n<meta name=\"robots\" content=\"index, follow, max-snippet:-1, max-image-preview:large, max-video-preview:-1\" \/>\n<link rel=\"canonical\" href=\"https:\/\/medicina.udd.cl\/fonoaudiologia-santiago\/noticias\/2012\/07\/10\/docente-pamela-tomicic-expuso-en-curso-internacional\/\" \/>\n<meta property=\"og:locale\" content=\"es_ES\" \/>\n<meta property=\"og:type\" content=\"article\" \/>\n<meta property=\"og:title\" content=\"Docente Pamela Tomicic expuso en curso internacional - Fonoaudiolog\u00eda\" \/>\n<meta property=\"og:description\" content=\"Dentro de los temas se debati\u00f3 sobre el procesamiento auditivo y trastornos del lenguaje y la adaptaci\u00f3n de aud\u00edfonos en infantes, entre otros.\" \/>\n<meta property=\"og:url\" content=\"https:\/\/medicina.udd.cl\/fonoaudiologia-santiago\/noticias\/2012\/07\/10\/docente-pamela-tomicic-expuso-en-curso-internacional\/\" \/>\n<meta property=\"og:site_name\" content=\"Fonoaudiolog\u00eda\" \/>\n<meta property=\"article:published_time\" content=\"2012-07-10T15:41:29+00:00\" \/>\n<meta property=\"article:modified_time\" content=\"2012-07-23T15:41:59+00:00\" \/>\n<meta property=\"og:image\" content=\"https:\/\/medicina.udd.cl\/fonoaudiologia-santiago\/files\/2012\/07\/20120607_113532.jpg\" \/>\n<meta name=\"author\" content=\"admin\" \/>\n<meta name=\"twitter:label1\" content=\"Escrito por\" \/>\n\t<meta name=\"twitter:data1\" content=\"admin\" \/>\n\t<meta name=\"twitter:label2\" content=\"Tiempo de lectura\" \/>\n\t<meta name=\"twitter:data2\" content=\"1 minuto\" \/>\n<script type=\"application\/ld+json\" class=\"yoast-schema-graph\">{\"@context\":\"https:\/\/schema.org\",\"@graph\":[{\"@type\":\"Article\",\"@id\":\"https:\/\/medicina.udd.cl\/fonoaudiologia-santiago\/noticias\/2012\/07\/10\/docente-pamela-tomicic-expuso-en-curso-internacional\/#article\",\"isPartOf\":{\"@id\":\"https:\/\/medicina.udd.cl\/fonoaudiologia-santiago\/noticias\/2012\/07\/10\/docente-pamela-tomicic-expuso-en-curso-internacional\/\"},\"author\":{\"name\":\"admin\",\"@id\":\"https:\/\/medicina.udd.cl\/fonoaudiologia-santiago\/#\/schema\/person\/f7abfa784c86da427e89287831f96ab7\"},\"headline\":\"Docente Pamela Tomicic expuso en curso internacional\",\"datePublished\":\"2012-07-10T15:41:29+00:00\",\"dateModified\":\"2012-07-23T15:41:59+00:00\",\"mainEntityOfPage\":{\"@id\":\"https:\/\/medicina.udd.cl\/fonoaudiologia-santiago\/noticias\/2012\/07\/10\/docente-pamela-tomicic-expuso-en-curso-internacional\/\"},\"wordCount\":160,\"commentCount\":0,\"articleSection\":[\"Noticias\"],\"inLanguage\":\"es\",\"potentialAction\":[{\"@type\":\"CommentAction\",\"name\":\"Comment\",\"target\":[\"https:\/\/medicina.udd.cl\/fonoaudiologia-santiago\/noticias\/2012\/07\/10\/docente-pamela-tomicic-expuso-en-curso-internacional\/#respond\"]}]},{\"@type\":\"WebPage\",\"@id\":\"https:\/\/medicina.udd.cl\/fonoaudiologia-santiago\/noticias\/2012\/07\/10\/docente-pamela-tomicic-expuso-en-curso-internacional\/\",\"url\":\"https:\/\/medicina.udd.cl\/fonoaudiologia-santiago\/noticias\/2012\/07\/10\/docente-pamela-tomicic-expuso-en-curso-internacional\/\",\"name\":\"Docente Pamela Tomicic expuso en curso internacional - Fonoaudiolog\u00eda\",\"isPartOf\":{\"@id\":\"https:\/\/medicina.udd.cl\/fonoaudiologia-santiago\/#website\"},\"datePublished\":\"2012-07-10T15:41:29+00:00\",\"dateModified\":\"2012-07-23T15:41:59+00:00\",\"author\":{\"@id\":\"https:\/\/medicina.udd.cl\/fonoaudiologia-santiago\/#\/schema\/person\/f7abfa784c86da427e89287831f96ab7\"},\"breadcrumb\":{\"@id\":\"https:\/\/medicina.udd.cl\/fonoaudiologia-santiago\/noticias\/2012\/07\/10\/docente-pamela-tomicic-expuso-en-curso-internacional\/#breadcrumb\"},\"inLanguage\":\"es\",\"potentialAction\":[{\"@type\":\"ReadAction\",\"target\":[\"https:\/\/medicina.udd.cl\/fonoaudiologia-santiago\/noticias\/2012\/07\/10\/docente-pamela-tomicic-expuso-en-curso-internacional\/\"]}]},{\"@type\":\"BreadcrumbList\",\"@id\":\"https:\/\/medicina.udd.cl\/fonoaudiologia-santiago\/noticias\/2012\/07\/10\/docente-pamela-tomicic-expuso-en-curso-internacional\/#breadcrumb\",\"itemListElement\":[{\"@type\":\"ListItem\",\"position\":1,\"name\":\"Home\",\"item\":\"https:\/\/medicina.udd.cl\/fonoaudiologia-santiago\/\"},{\"@type\":\"ListItem\",\"position\":2,\"name\":\"Docente Pamela Tomicic expuso en curso internacional\"}]},{\"@type\":\"WebSite\",\"@id\":\"https:\/\/medicina.udd.cl\/fonoaudiologia-santiago\/#website\",\"url\":\"https:\/\/medicina.udd.cl\/fonoaudiologia-santiago\/\",\"name\":\"Fonoaudiolog\u00eda\",\"description\":\"Facultad de Medicina Cl\u00ednica Alemana Universidad del Desarrollo\",\"inLanguage\":\"es\"},{\"@type\":\"Person\",\"@id\":\"https:\/\/medicina.udd.cl\/fonoaudiologia-santiago\/#\/schema\/person\/f7abfa784c86da427e89287831f96ab7\",\"name\":\"admin\",\"image\":{\"@type\":\"ImageObject\",\"inLanguage\":\"es\",\"@id\":\"https:\/\/medicina.udd.cl\/fonoaudiologia-santiago\/#\/schema\/person\/image\/\",\"url\":\"https:\/\/secure.gravatar.com\/avatar\/3cb6da298954dfb54457c0910b8c9ca010abd8d87a60f7d701b6ce4254e1c642?s=96&d=mm&r=g\",\"contentUrl\":\"https:\/\/secure.gravatar.com\/avatar\/3cb6da298954dfb54457c0910b8c9ca010abd8d87a60f7d701b6ce4254e1c642?s=96&d=mm&r=g\",\"caption\":\"admin\"},\"url\":\"https:\/\/medicina.udd.cl\/fonoaudiologia-santiago\/noticias\/author\/admin\/\"}]}<\/script>\n<!-- \/ Yoast SEO plugin. -->","yoast_head_json":{"title":"Docente Pamela Tomicic expuso en curso internacional - Fonoaudiolog\u00eda","robots":{"index":"index","follow":"follow","max-snippet":"max-snippet:-1","max-image-preview":"max-image-preview:large","max-video-preview":"max-video-preview:-1"},"canonical":"https:\/\/medicina.udd.cl\/fonoaudiologia-santiago\/noticias\/2012\/07\/10\/docente-pamela-tomicic-expuso-en-curso-internacional\/","og_locale":"es_ES","og_type":"article","og_title":"Docente Pamela Tomicic expuso en curso internacional - Fonoaudiolog\u00eda","og_description":"Dentro de los temas se debati\u00f3 sobre el procesamiento auditivo y trastornos del lenguaje y la adaptaci\u00f3n de aud\u00edfonos en infantes, entre otros.","og_url":"https:\/\/medicina.udd.cl\/fonoaudiologia-santiago\/noticias\/2012\/07\/10\/docente-pamela-tomicic-expuso-en-curso-internacional\/","og_site_name":"Fonoaudiolog\u00eda","article_published_time":"2012-07-10T15:41:29+00:00","article_modified_time":"2012-07-23T15:41:59+00:00","og_image":[{"url":"https:\/\/medicina.udd.cl\/fonoaudiologia-santiago\/files\/2012\/07\/20120607_113532.jpg","type":"","width":"","height":""}],"author":"admin","twitter_misc":{"Escrito por":"admin","Tiempo de lectura":"1 minuto"},"schema":{"@context":"https:\/\/schema.org","@graph":[{"@type":"Article","@id":"https:\/\/medicina.udd.cl\/fonoaudiologia-santiago\/noticias\/2012\/07\/10\/docente-pamela-tomicic-expuso-en-curso-internacional\/#article","isPartOf":{"@id":"https:\/\/medicina.udd.cl\/fonoaudiologia-santiago\/noticias\/2012\/07\/10\/docente-pamela-tomicic-expuso-en-curso-internacional\/"},"author":{"name":"admin","@id":"https:\/\/medicina.udd.cl\/fonoaudiologia-santiago\/#\/schema\/person\/f7abfa784c86da427e89287831f96ab7"},"headline":"Docente Pamela Tomicic expuso en curso internacional","datePublished":"2012-07-10T15:41:29+00:00","dateModified":"2012-07-23T15:41:59+00:00","mainEntityOfPage":{"@id":"https:\/\/medicina.udd.cl\/fonoaudiologia-santiago\/noticias\/2012\/07\/10\/docente-pamela-tomicic-expuso-en-curso-internacional\/"},"wordCount":160,"commentCount":0,"articleSection":["Noticias"],"inLanguage":"es","potentialAction":[{"@type":"CommentAction","name":"Comment","target":["https:\/\/medicina.udd.cl\/fonoaudiologia-santiago\/noticias\/2012\/07\/10\/docente-pamela-tomicic-expuso-en-curso-internacional\/#respond"]}]},{"@type":"WebPage","@id":"https:\/\/medicina.udd.cl\/fonoaudiologia-santiago\/noticias\/2012\/07\/10\/docente-pamela-tomicic-expuso-en-curso-internacional\/","url":"https:\/\/medicina.udd.cl\/fonoaudiologia-santiago\/noticias\/2012\/07\/10\/docente-pamela-tomicic-expuso-en-curso-internacional\/","name":"Docente Pamela Tomicic expuso en curso internacional - Fonoaudiolog\u00eda","isPartOf":{"@id":"https:\/\/medicina.udd.cl\/fonoaudiologia-santiago\/#website"},"datePublished":"2012-07-10T15:41:29+00:00","dateModified":"2012-07-23T15:41:59+00:00","author":{"@id":"https:\/\/medicina.udd.cl\/fonoaudiologia-santiago\/#\/schema\/person\/f7abfa784c86da427e89287831f96ab7"},"breadcrumb":{"@id":"https:\/\/medicina.udd.cl\/fonoaudiologia-santiago\/noticias\/2012\/07\/10\/docente-pamela-tomicic-expuso-en-curso-internacional\/#breadcrumb"},"inLanguage":"es","potentialAction":[{"@type":"ReadAction","target":["https:\/\/medicina.udd.cl\/fonoaudiologia-santiago\/noticias\/2012\/07\/10\/docente-pamela-tomicic-expuso-en-curso-internacional\/"]}]},{"@type":"BreadcrumbList","@id":"https:\/\/medicina.udd.cl\/fonoaudiologia-santiago\/noticias\/2012\/07\/10\/docente-pamela-tomicic-expuso-en-curso-internacional\/#breadcrumb","itemListElement":[{"@type":"ListItem","position":1,"name":"Home","item":"https:\/\/medicina.udd.cl\/fonoaudiologia-santiago\/"},{"@type":"ListItem","position":2,"name":"Docente Pamela Tomicic expuso en curso internacional"}]},{"@type":"WebSite","@id":"https:\/\/medicina.udd.cl\/fonoaudiologia-santiago\/#website","url":"https:\/\/medicina.udd.cl\/fonoaudiologia-santiago\/","name":"Fonoaudiolog\u00eda","description":"Facultad de Medicina Cl\u00ednica Alemana Universidad del Desarrollo","inLanguage":"es"},{"@type":"Person","@id":"https:\/\/medicina.udd.cl\/fonoaudiologia-santiago\/#\/schema\/person\/f7abfa784c86da427e89287831f96ab7","name":"admin","image":{"@type":"ImageObject","inLanguage":"es","@id":"https:\/\/medicina.udd.cl\/fonoaudiologia-santiago\/#\/schema\/person\/image\/","url":"https:\/\/secure.gravatar.com\/avatar\/3cb6da298954dfb54457c0910b8c9ca010abd8d87a60f7d701b6ce4254e1c642?s=96&d=mm&r=g","contentUrl":"https:\/\/secure.gravatar.com\/avatar\/3cb6da298954dfb54457c0910b8c9ca010abd8d87a60f7d701b6ce4254e1c642?s=96&d=mm&r=g","caption":"admin"},"url":"https:\/\/medicina.udd.cl\/fonoaudiologia-santiago\/noticias\/author\/admin\/"}]}},"featured_image_url":null,"_links":{"self":[{"href":"https:\/\/medicina.udd.cl\/fonoaudiologia-santiago\/wp-json\/wp\/v2\/posts\/1290","targetHints":{"allow":["GET"]}}],"collection":[{"href":"https:\/\/medicina.udd.cl\/fonoaudiologia-santiago\/wp-json\/wp\/v2\/posts"}],"about":[{"href":"https:\/\/medicina.udd.cl\/fonoaudiologia-santiago\/wp-json\/wp\/v2\/types\/post"}],"author":[{"embeddable":true,"href":"https:\/\/medicina.udd.cl\/fonoaudiologia-santiago\/wp-json\/wp\/v2\/users\/1"}],"replies":[{"embeddable":true,"href":"https:\/\/medicina.udd.cl\/fonoaudiologia-santiago\/wp-json\/wp\/v2\/comments?post=1290"}],"version-history":[{"count":7,"href":"https:\/\/medicina.udd.cl\/fonoaudiologia-santiago\/wp-json\/wp\/v2\/posts\/1290\/revisions"}],"predecessor-version":[{"id":1299,"href":"https:\/\/medicina.udd.cl\/fonoaudiologia-santiago\/wp-json\/wp\/v2\/posts\/1290\/revisions\/1299"}],"wp:attachment":[{"href":"https:\/\/medicina.udd.cl\/fonoaudiologia-santiago\/wp-json\/wp\/v2\/media?parent=1290"}],"wp:term":[{"taxonomy":"category","embeddable":true,"href":"https:\/\/medicina.udd.cl\/fonoaudiologia-santiago\/wp-json\/wp\/v2\/categories?post=1290"},{"taxonomy":"post_tag","embeddable":true,"href":"https:\/\/medicina.udd.cl\/fonoaudiologia-santiago\/wp-json\/wp\/v2\/tags?post=1290"}],"curies":[{"name":"wp","href":"https:\/\/api.w.org\/{rel}","templated":true}]}}