{"id":1370,"date":"2012-10-10T14:09:45","date_gmt":"2012-10-10T17:09:45","guid":{"rendered":"http:\/\/medicina.udd.cl\/fonoaudiologia-santiago\/?p=1370"},"modified":"2012-10-12T10:57:51","modified_gmt":"2012-10-12T13:57:51","slug":"directora-de-carrera-de-fonoaudiologia-expone-en-el-xxix-congreso-nacional","status":"publish","type":"post","link":"https:\/\/medicina.udd.cl\/fonoaudiologia-santiago\/noticias\/2012\/10\/10\/directora-de-carrera-de-fonoaudiologia-expone-en-el-xxix-congreso-nacional\/","title":{"rendered":"Directora y coordinadora de Fonoaudiolog\u00eda exponen en el XXIX Congreso Nacional"},"content":{"rendered":"<div id=\"_mcePaste\">En el marco del XXIX Congreso Chileno de Fonoaudiolog\u00eda, la directora de carrera, Sra. Mar\u00eda Ang\u00e9lica L\u00f3pez, expondr\u00e1 sobre el tema: \u201cDegluci\u00f3n Adultos\u201d, el d\u00eda viernes 26 de octubre de 18:00. Asimismo, la coordinadora de la carrera, Sra. Antonella Urz\u00faa, se referir\u00e1 al tema \u00abFloor Time\u00bb, el viernes 26, a \u00f1as 14:30 horas.<\/div>\n<div>El congreso se realizar\u00e1 los d\u00edas: 25, 26 y 27 de Octubre , en el\u00a0campus Bellavista de la Universidad San Sebasti\u00e1n.<\/div>\n<div><a href=\"http:\/\/medicina.udd.cl\/fonoaudiologia-santiago\/files\/2012\/10\/Afiche.jpg\"><img loading=\"lazy\" decoding=\"async\" class=\"alignleft size-full wp-image-1371\" title=\"Afiche\" src=\"http:\/\/medicina.udd.cl\/fonoaudiologia-santiago\/files\/2012\/10\/Afiche.jpg\" alt=\"\" width=\"306\" height=\"400\" srcset=\"https:\/\/medicina.udd.cl\/fonoaudiologia-santiago\/files\/2012\/10\/Afiche.jpg 306w, https:\/\/medicina.udd.cl\/fonoaudiologia-santiago\/files\/2012\/10\/Afiche-230x300.jpg 230w\" sizes=\"auto, (max-width: 306px) 100vw, 306px\" \/><\/a><\/div>\n","protected":false},"excerpt":{"rendered":"<p>En el marco del XXIX Congreso Chileno de Fonoaudiolog\u00eda, la directora de carrera, Sra. Mar\u00eda Ang\u00e9lica L\u00f3pez, expondr\u00e1 sobre el tema: \u201cDegluci\u00f3n Adultos\u201d, el d\u00eda viernes 26 de octubre de 18:00. Asimismo, la coordinadora de la carrera, Sra. Antonella Urz\u00faa, se referir\u00e1 al tema \u00abFloor Time\u00bb, el viernes 26, a \u00f1as 14:30 horas. El congreso [&hellip;]<\/p>\n","protected":false},"author":1,"featured_media":0,"comment_status":"closed","ping_status":"closed","sticky":false,"template":"","format":"standard","meta":{"footnotes":""},"categories":[4],"tags":[3105],"class_list":["post-1370","post","type-post","status-publish","format-standard","hentry","category-noticias","tag-fonoaudiologia"],"yoast_head":"<!-- This site is optimized with the Yoast SEO plugin v26.9 - https:\/\/yoast.com\/product\/yoast-seo-wordpress\/ -->\n<title>Directora de Carrera de Fonoaudiolog\u00eda expone en el XXIX Congreso Nacional<\/title>\n<meta name=\"robots\" content=\"index, follow, max-snippet:-1, max-image-preview:large, max-video-preview:-1\" \/>\n<link rel=\"canonical\" href=\"https:\/\/medicina.udd.cl\/fonoaudiologia-santiago\/noticias\/2012\/10\/10\/directora-de-carrera-de-fonoaudiologia-expone-en-el-xxix-congreso-nacional\/\" \/>\n<meta property=\"og:locale\" content=\"es_ES\" \/>\n<meta property=\"og:type\" content=\"article\" \/>\n<meta property=\"og:title\" content=\"Directora de Carrera de Fonoaudiolog\u00eda expone en el XXIX Congreso Nacional\" \/>\n<meta property=\"og:description\" content=\"En el marco del XXIX Congreso Chileno de Fonoaudiolog\u00eda, la directora de carrera, Sra. Mar\u00eda Ang\u00e9lica L\u00f3pez, expondr\u00e1 sobre el tema: \u201cDegluci\u00f3n Adultos\u201d, el d\u00eda viernes 26 de octubre de 18:00. Asimismo, la coordinadora de la carrera, Sra. Antonella Urz\u00faa, se referir\u00e1 al tema \u00abFloor Time\u00bb, el viernes 26, a \u00f1as 14:30 horas. El congreso [&hellip;]\" \/>\n<meta property=\"og:url\" content=\"https:\/\/medicina.udd.cl\/fonoaudiologia-santiago\/noticias\/2012\/10\/10\/directora-de-carrera-de-fonoaudiologia-expone-en-el-xxix-congreso-nacional\/\" \/>\n<meta property=\"og:site_name\" content=\"Fonoaudiolog\u00eda\" \/>\n<meta property=\"article:published_time\" content=\"2012-10-10T17:09:45+00:00\" \/>\n<meta property=\"article:modified_time\" content=\"2012-10-12T13:57:51+00:00\" \/>\n<meta property=\"og:image\" content=\"http:\/\/medicina.udd.cl\/fonoaudiologia-santiago\/files\/2012\/10\/Afiche.jpg\" \/>\n<meta name=\"author\" content=\"admin\" \/>\n<meta name=\"twitter:label1\" content=\"Escrito por\" \/>\n\t<meta name=\"twitter:data1\" content=\"admin\" \/>\n<script type=\"application\/ld+json\" class=\"yoast-schema-graph\">{\"@context\":\"https:\/\/schema.org\",\"@graph\":[{\"@type\":\"Article\",\"@id\":\"https:\/\/medicina.udd.cl\/fonoaudiologia-santiago\/noticias\/2012\/10\/10\/directora-de-carrera-de-fonoaudiologia-expone-en-el-xxix-congreso-nacional\/#article\",\"isPartOf\":{\"@id\":\"https:\/\/medicina.udd.cl\/fonoaudiologia-santiago\/noticias\/2012\/10\/10\/directora-de-carrera-de-fonoaudiologia-expone-en-el-xxix-congreso-nacional\/\"},\"author\":{\"name\":\"admin\",\"@id\":\"https:\/\/medicina.udd.cl\/fonoaudiologia-santiago\/#\/schema\/person\/f7abfa784c86da427e89287831f96ab7\"},\"headline\":\"Directora y coordinadora de Fonoaudiolog\u00eda exponen en el XXIX Congreso Nacional\",\"datePublished\":\"2012-10-10T17:09:45+00:00\",\"dateModified\":\"2012-10-12T13:57:51+00:00\",\"mainEntityOfPage\":{\"@id\":\"https:\/\/medicina.udd.cl\/fonoaudiologia-santiago\/noticias\/2012\/10\/10\/directora-de-carrera-de-fonoaudiologia-expone-en-el-xxix-congreso-nacional\/\"},\"wordCount\":88,\"image\":{\"@id\":\"https:\/\/medicina.udd.cl\/fonoaudiologia-santiago\/noticias\/2012\/10\/10\/directora-de-carrera-de-fonoaudiologia-expone-en-el-xxix-congreso-nacional\/#primaryimage\"},\"thumbnailUrl\":\"http:\/\/medicina.udd.cl\/fonoaudiologia-santiago\/files\/2012\/10\/Afiche.jpg\",\"keywords\":[\"fonoaudiologia\"],\"articleSection\":[\"Noticias\"],\"inLanguage\":\"es\"},{\"@type\":\"WebPage\",\"@id\":\"https:\/\/medicina.udd.cl\/fonoaudiologia-santiago\/noticias\/2012\/10\/10\/directora-de-carrera-de-fonoaudiologia-expone-en-el-xxix-congreso-nacional\/\",\"url\":\"https:\/\/medicina.udd.cl\/fonoaudiologia-santiago\/noticias\/2012\/10\/10\/directora-de-carrera-de-fonoaudiologia-expone-en-el-xxix-congreso-nacional\/\",\"name\":\"Directora de Carrera de Fonoaudiolog\u00eda expone en el XXIX Congreso Nacional\",\"isPartOf\":{\"@id\":\"https:\/\/medicina.udd.cl\/fonoaudiologia-santiago\/#website\"},\"primaryImageOfPage\":{\"@id\":\"https:\/\/medicina.udd.cl\/fonoaudiologia-santiago\/noticias\/2012\/10\/10\/directora-de-carrera-de-fonoaudiologia-expone-en-el-xxix-congreso-nacional\/#primaryimage\"},\"image\":{\"@id\":\"https:\/\/medicina.udd.cl\/fonoaudiologia-santiago\/noticias\/2012\/10\/10\/directora-de-carrera-de-fonoaudiologia-expone-en-el-xxix-congreso-nacional\/#primaryimage\"},\"thumbnailUrl\":\"http:\/\/medicina.udd.cl\/fonoaudiologia-santiago\/files\/2012\/10\/Afiche.jpg\",\"datePublished\":\"2012-10-10T17:09:45+00:00\",\"dateModified\":\"2012-10-12T13:57:51+00:00\",\"author\":{\"@id\":\"https:\/\/medicina.udd.cl\/fonoaudiologia-santiago\/#\/schema\/person\/f7abfa784c86da427e89287831f96ab7\"},\"breadcrumb\":{\"@id\":\"https:\/\/medicina.udd.cl\/fonoaudiologia-santiago\/noticias\/2012\/10\/10\/directora-de-carrera-de-fonoaudiologia-expone-en-el-xxix-congreso-nacional\/#breadcrumb\"},\"inLanguage\":\"es\",\"potentialAction\":[{\"@type\":\"ReadAction\",\"target\":[\"https:\/\/medicina.udd.cl\/fonoaudiologia-santiago\/noticias\/2012\/10\/10\/directora-de-carrera-de-fonoaudiologia-expone-en-el-xxix-congreso-nacional\/\"]}]},{\"@type\":\"ImageObject\",\"inLanguage\":\"es\",\"@id\":\"https:\/\/medicina.udd.cl\/fonoaudiologia-santiago\/noticias\/2012\/10\/10\/directora-de-carrera-de-fonoaudiologia-expone-en-el-xxix-congreso-nacional\/#primaryimage\",\"url\":\"http:\/\/medicina.udd.cl\/fonoaudiologia-santiago\/files\/2012\/10\/Afiche.jpg\",\"contentUrl\":\"http:\/\/medicina.udd.cl\/fonoaudiologia-santiago\/files\/2012\/10\/Afiche.jpg\"},{\"@type\":\"BreadcrumbList\",\"@id\":\"https:\/\/medicina.udd.cl\/fonoaudiologia-santiago\/noticias\/2012\/10\/10\/directora-de-carrera-de-fonoaudiologia-expone-en-el-xxix-congreso-nacional\/#breadcrumb\",\"itemListElement\":[{\"@type\":\"ListItem\",\"position\":1,\"name\":\"Home\",\"item\":\"https:\/\/medicina.udd.cl\/fonoaudiologia-santiago\/\"},{\"@type\":\"ListItem\",\"position\":2,\"name\":\"Directora y coordinadora de Fonoaudiolog\u00eda exponen en el XXIX Congreso Nacional\"}]},{\"@type\":\"WebSite\",\"@id\":\"https:\/\/medicina.udd.cl\/fonoaudiologia-santiago\/#website\",\"url\":\"https:\/\/medicina.udd.cl\/fonoaudiologia-santiago\/\",\"name\":\"Fonoaudiolog\u00eda\",\"description\":\"Facultad de Medicina Cl\u00ednica Alemana Universidad del Desarrollo\",\"inLanguage\":\"es\"},{\"@type\":\"Person\",\"@id\":\"https:\/\/medicina.udd.cl\/fonoaudiologia-santiago\/#\/schema\/person\/f7abfa784c86da427e89287831f96ab7\",\"name\":\"admin\",\"image\":{\"@type\":\"ImageObject\",\"inLanguage\":\"es\",\"@id\":\"https:\/\/medicina.udd.cl\/fonoaudiologia-santiago\/#\/schema\/person\/image\/\",\"url\":\"https:\/\/secure.gravatar.com\/avatar\/3cb6da298954dfb54457c0910b8c9ca010abd8d87a60f7d701b6ce4254e1c642?s=96&d=mm&r=g\",\"contentUrl\":\"https:\/\/secure.gravatar.com\/avatar\/3cb6da298954dfb54457c0910b8c9ca010abd8d87a60f7d701b6ce4254e1c642?s=96&d=mm&r=g\",\"caption\":\"admin\"},\"url\":\"https:\/\/medicina.udd.cl\/fonoaudiologia-santiago\/noticias\/author\/admin\/\"}]}<\/script>\n<!-- \/ Yoast SEO plugin. -->","yoast_head_json":{"title":"Directora de Carrera de Fonoaudiolog\u00eda expone en el XXIX Congreso Nacional","robots":{"index":"index","follow":"follow","max-snippet":"max-snippet:-1","max-image-preview":"max-image-preview:large","max-video-preview":"max-video-preview:-1"},"canonical":"https:\/\/medicina.udd.cl\/fonoaudiologia-santiago\/noticias\/2012\/10\/10\/directora-de-carrera-de-fonoaudiologia-expone-en-el-xxix-congreso-nacional\/","og_locale":"es_ES","og_type":"article","og_title":"Directora de Carrera de Fonoaudiolog\u00eda expone en el XXIX Congreso Nacional","og_description":"En el marco del XXIX Congreso Chileno de Fonoaudiolog\u00eda, la directora de carrera, Sra. Mar\u00eda Ang\u00e9lica L\u00f3pez, expondr\u00e1 sobre el tema: \u201cDegluci\u00f3n Adultos\u201d, el d\u00eda viernes 26 de octubre de 18:00. Asimismo, la coordinadora de la carrera, Sra. Antonella Urz\u00faa, se referir\u00e1 al tema \u00abFloor Time\u00bb, el viernes 26, a \u00f1as 14:30 horas. El congreso [&hellip;]","og_url":"https:\/\/medicina.udd.cl\/fonoaudiologia-santiago\/noticias\/2012\/10\/10\/directora-de-carrera-de-fonoaudiologia-expone-en-el-xxix-congreso-nacional\/","og_site_name":"Fonoaudiolog\u00eda","article_published_time":"2012-10-10T17:09:45+00:00","article_modified_time":"2012-10-12T13:57:51+00:00","og_image":[{"url":"http:\/\/medicina.udd.cl\/fonoaudiologia-santiago\/files\/2012\/10\/Afiche.jpg","type":"","width":"","height":""}],"author":"admin","twitter_misc":{"Escrito por":"admin"},"schema":{"@context":"https:\/\/schema.org","@graph":[{"@type":"Article","@id":"https:\/\/medicina.udd.cl\/fonoaudiologia-santiago\/noticias\/2012\/10\/10\/directora-de-carrera-de-fonoaudiologia-expone-en-el-xxix-congreso-nacional\/#article","isPartOf":{"@id":"https:\/\/medicina.udd.cl\/fonoaudiologia-santiago\/noticias\/2012\/10\/10\/directora-de-carrera-de-fonoaudiologia-expone-en-el-xxix-congreso-nacional\/"},"author":{"name":"admin","@id":"https:\/\/medicina.udd.cl\/fonoaudiologia-santiago\/#\/schema\/person\/f7abfa784c86da427e89287831f96ab7"},"headline":"Directora y coordinadora de Fonoaudiolog\u00eda exponen en el XXIX Congreso Nacional","datePublished":"2012-10-10T17:09:45+00:00","dateModified":"2012-10-12T13:57:51+00:00","mainEntityOfPage":{"@id":"https:\/\/medicina.udd.cl\/fonoaudiologia-santiago\/noticias\/2012\/10\/10\/directora-de-carrera-de-fonoaudiologia-expone-en-el-xxix-congreso-nacional\/"},"wordCount":88,"image":{"@id":"https:\/\/medicina.udd.cl\/fonoaudiologia-santiago\/noticias\/2012\/10\/10\/directora-de-carrera-de-fonoaudiologia-expone-en-el-xxix-congreso-nacional\/#primaryimage"},"thumbnailUrl":"http:\/\/medicina.udd.cl\/fonoaudiologia-santiago\/files\/2012\/10\/Afiche.jpg","keywords":["fonoaudiologia"],"articleSection":["Noticias"],"inLanguage":"es"},{"@type":"WebPage","@id":"https:\/\/medicina.udd.cl\/fonoaudiologia-santiago\/noticias\/2012\/10\/10\/directora-de-carrera-de-fonoaudiologia-expone-en-el-xxix-congreso-nacional\/","url":"https:\/\/medicina.udd.cl\/fonoaudiologia-santiago\/noticias\/2012\/10\/10\/directora-de-carrera-de-fonoaudiologia-expone-en-el-xxix-congreso-nacional\/","name":"Directora de Carrera de Fonoaudiolog\u00eda expone en el XXIX Congreso Nacional","isPartOf":{"@id":"https:\/\/medicina.udd.cl\/fonoaudiologia-santiago\/#website"},"primaryImageOfPage":{"@id":"https:\/\/medicina.udd.cl\/fonoaudiologia-santiago\/noticias\/2012\/10\/10\/directora-de-carrera-de-fonoaudiologia-expone-en-el-xxix-congreso-nacional\/#primaryimage"},"image":{"@id":"https:\/\/medicina.udd.cl\/fonoaudiologia-santiago\/noticias\/2012\/10\/10\/directora-de-carrera-de-fonoaudiologia-expone-en-el-xxix-congreso-nacional\/#primaryimage"},"thumbnailUrl":"http:\/\/medicina.udd.cl\/fonoaudiologia-santiago\/files\/2012\/10\/Afiche.jpg","datePublished":"2012-10-10T17:09:45+00:00","dateModified":"2012-10-12T13:57:51+00:00","author":{"@id":"https:\/\/medicina.udd.cl\/fonoaudiologia-santiago\/#\/schema\/person\/f7abfa784c86da427e89287831f96ab7"},"breadcrumb":{"@id":"https:\/\/medicina.udd.cl\/fonoaudiologia-santiago\/noticias\/2012\/10\/10\/directora-de-carrera-de-fonoaudiologia-expone-en-el-xxix-congreso-nacional\/#breadcrumb"},"inLanguage":"es","potentialAction":[{"@type":"ReadAction","target":["https:\/\/medicina.udd.cl\/fonoaudiologia-santiago\/noticias\/2012\/10\/10\/directora-de-carrera-de-fonoaudiologia-expone-en-el-xxix-congreso-nacional\/"]}]},{"@type":"ImageObject","inLanguage":"es","@id":"https:\/\/medicina.udd.cl\/fonoaudiologia-santiago\/noticias\/2012\/10\/10\/directora-de-carrera-de-fonoaudiologia-expone-en-el-xxix-congreso-nacional\/#primaryimage","url":"http:\/\/medicina.udd.cl\/fonoaudiologia-santiago\/files\/2012\/10\/Afiche.jpg","contentUrl":"http:\/\/medicina.udd.cl\/fonoaudiologia-santiago\/files\/2012\/10\/Afiche.jpg"},{"@type":"BreadcrumbList","@id":"https:\/\/medicina.udd.cl\/fonoaudiologia-santiago\/noticias\/2012\/10\/10\/directora-de-carrera-de-fonoaudiologia-expone-en-el-xxix-congreso-nacional\/#breadcrumb","itemListElement":[{"@type":"ListItem","position":1,"name":"Home","item":"https:\/\/medicina.udd.cl\/fonoaudiologia-santiago\/"},{"@type":"ListItem","position":2,"name":"Directora y coordinadora de Fonoaudiolog\u00eda exponen en el XXIX Congreso Nacional"}]},{"@type":"WebSite","@id":"https:\/\/medicina.udd.cl\/fonoaudiologia-santiago\/#website","url":"https:\/\/medicina.udd.cl\/fonoaudiologia-santiago\/","name":"Fonoaudiolog\u00eda","description":"Facultad de Medicina Cl\u00ednica Alemana Universidad del Desarrollo","inLanguage":"es"},{"@type":"Person","@id":"https:\/\/medicina.udd.cl\/fonoaudiologia-santiago\/#\/schema\/person\/f7abfa784c86da427e89287831f96ab7","name":"admin","image":{"@type":"ImageObject","inLanguage":"es","@id":"https:\/\/medicina.udd.cl\/fonoaudiologia-santiago\/#\/schema\/person\/image\/","url":"https:\/\/secure.gravatar.com\/avatar\/3cb6da298954dfb54457c0910b8c9ca010abd8d87a60f7d701b6ce4254e1c642?s=96&d=mm&r=g","contentUrl":"https:\/\/secure.gravatar.com\/avatar\/3cb6da298954dfb54457c0910b8c9ca010abd8d87a60f7d701b6ce4254e1c642?s=96&d=mm&r=g","caption":"admin"},"url":"https:\/\/medicina.udd.cl\/fonoaudiologia-santiago\/noticias\/author\/admin\/"}]}},"featured_image_url":null,"_links":{"self":[{"href":"https:\/\/medicina.udd.cl\/fonoaudiologia-santiago\/wp-json\/wp\/v2\/posts\/1370","targetHints":{"allow":["GET"]}}],"collection":[{"href":"https:\/\/medicina.udd.cl\/fonoaudiologia-santiago\/wp-json\/wp\/v2\/posts"}],"about":[{"href":"https:\/\/medicina.udd.cl\/fonoaudiologia-santiago\/wp-json\/wp\/v2\/types\/post"}],"author":[{"embeddable":true,"href":"https:\/\/medicina.udd.cl\/fonoaudiologia-santiago\/wp-json\/wp\/v2\/users\/1"}],"replies":[{"embeddable":true,"href":"https:\/\/medicina.udd.cl\/fonoaudiologia-santiago\/wp-json\/wp\/v2\/comments?post=1370"}],"version-history":[{"count":15,"href":"https:\/\/medicina.udd.cl\/fonoaudiologia-santiago\/wp-json\/wp\/v2\/posts\/1370\/revisions"}],"predecessor-version":[{"id":1392,"href":"https:\/\/medicina.udd.cl\/fonoaudiologia-santiago\/wp-json\/wp\/v2\/posts\/1370\/revisions\/1392"}],"wp:attachment":[{"href":"https:\/\/medicina.udd.cl\/fonoaudiologia-santiago\/wp-json\/wp\/v2\/media?parent=1370"}],"wp:term":[{"taxonomy":"category","embeddable":true,"href":"https:\/\/medicina.udd.cl\/fonoaudiologia-santiago\/wp-json\/wp\/v2\/categories?post=1370"},{"taxonomy":"post_tag","embeddable":true,"href":"https:\/\/medicina.udd.cl\/fonoaudiologia-santiago\/wp-json\/wp\/v2\/tags?post=1370"}],"curies":[{"name":"wp","href":"https:\/\/api.w.org\/{rel}","templated":true}]}}