{"id":1395,"date":"2012-10-19T12:38:45","date_gmt":"2012-10-19T15:38:45","guid":{"rendered":"http:\/\/medicina.udd.cl\/fonoaudiologia-santiago\/?p=1395"},"modified":"2012-10-23T10:54:44","modified_gmt":"2012-10-23T13:54:44","slug":"cuarto-congreso-de-estudiantes-de-fonoaudiologia","status":"publish","type":"post","link":"https:\/\/medicina.udd.cl\/fonoaudiologia-santiago\/noticias\/2012\/10\/19\/cuarto-congreso-de-estudiantes-de-fonoaudiologia\/","title":{"rendered":"Cuarto Congreso de Estudiantes de Fonoaudiolog\u00eda"},"content":{"rendered":"<p><a href=\"http:\/\/medicina.udd.cl\/fonoaudiologia-santiago\/files\/2012\/10\/CONGRESO-ESTUDIANTES-FONOAUDIOLOGIA-1.jpg\"><img loading=\"lazy\" decoding=\"async\" class=\"alignleft size-medium wp-image-1403\" title=\"CONGRESO ESTUDIANTES FONOAUDIOLOGIA 1\" src=\"http:\/\/medicina.udd.cl\/fonoaudiologia-santiago\/files\/2012\/10\/CONGRESO-ESTUDIANTES-FONOAUDIOLOGIA-1-300x200.jpg\" alt=\"\" width=\"300\" height=\"200\" srcset=\"https:\/\/medicina.udd.cl\/fonoaudiologia-santiago\/files\/2012\/10\/CONGRESO-ESTUDIANTES-FONOAUDIOLOGIA-1-300x200.jpg 300w, https:\/\/medicina.udd.cl\/fonoaudiologia-santiago\/files\/2012\/10\/CONGRESO-ESTUDIANTES-FONOAUDIOLOGIA-1.jpg 400w\" sizes=\"auto, (max-width: 300px) 100vw, 300px\" \/><\/a>El lunes 22 de octubre se realiz\u00f3 en el Aula Magna de la Facultad de Medicina de la Cl\u00ednica Alemana Universidad del Desarrollo el cuarto Congreso de Estudiantes de Fonoaudiolog\u00eda.<\/p>\n<p>En la oportunidad se\u00a0reunieron y expusieron alumnos de diferentes universidades, tanto de Santiago como de regiones del pa\u00eds, \u00a0quienes se refirieron a los siguientes temas:<\/p>\n<p>PROGRAMA<\/p>\n<p>9.00- Inauguraci\u00f3n.<\/p>\n<p>Palabras de bienvenida: Vicedecana Acad\u00e9mica, doctora Liliana Jadue<\/p>\n<p>Saludos a autoridades, docentes y alumnos<\/p>\n<p>9.10- Primera presentaci\u00f3n<\/p>\n<p>Tema: <strong>ABORDAJE DE PACIENTES CON ALTERACIONES PSIQUI\u00c1TRICAS DESDE LA  PERSPECTIVA DE LA COGNICI\u00d3N  SOCIAL<\/strong><\/p>\n<p><strong> <\/strong><\/p>\n<p>Expositora: Vania Gardilcic. Alumna cuarto a\u00f1o Universidad del Desarrollo sede Santiago.<\/p>\n<p>9.40- Segunda presentaci\u00f3n<\/p>\n<p>Tema: <strong>DISFAGIA NEUROG\u00c9NICA SEVERA SECUNDARIA A PAQUIMENINGITIS HIPERTR\u00d3FICA IDIOP\u00c1TICA.<\/strong><\/p>\n<p>Expositora: Viviana A. Vidal Ojeda;\u00a0 Estudiante de Quinto a\u00f1o de Fonoaudiolog\u00eda Universidad Austral de Chile, Sede Puerto Montt.<\/p>\n<p>10.10- Tercera presentaci\u00f3n<\/p>\n<p>Tema:<strong> <\/strong><strong>TRATAMIENTO PARA ESCLEROSIS LATERAL AMIOTR\u00d3FICA . AN\u00c1LISIS DE CASO CL\u00cdNICO.<\/strong><\/p>\n<p>Expositora: Natalia Pinochet. Alumna de cuarto a\u00f1o\u00a0 Instituto Profesional de Chile, sede Santiago<\/p>\n<p>10.40- Presentaci\u00f3n art\u00edstica<\/p>\n<p>11.00- Coffe Break<\/p>\n<p>11.20- Cuarta presentaci\u00f3n<\/p>\n<p><a href=\"http:\/\/medicina.udd.cl\/fonoaudiologia-santiago\/files\/2012\/10\/CONGRESO-ESTUDIANTES-FONOAUDIOLOGIA-2.jpg\"><img loading=\"lazy\" decoding=\"async\" class=\"alignright size-medium wp-image-1402\" title=\"CONGRESO ESTUDIANTES FONOAUDIOLOGIA 2\" src=\"http:\/\/medicina.udd.cl\/fonoaudiologia-santiago\/files\/2012\/10\/CONGRESO-ESTUDIANTES-FONOAUDIOLOGIA-2-300x200.jpg\" alt=\"\" width=\"300\" height=\"200\" srcset=\"https:\/\/medicina.udd.cl\/fonoaudiologia-santiago\/files\/2012\/10\/CONGRESO-ESTUDIANTES-FONOAUDIOLOGIA-2-300x200.jpg 300w, https:\/\/medicina.udd.cl\/fonoaudiologia-santiago\/files\/2012\/10\/CONGRESO-ESTUDIANTES-FONOAUDIOLOGIA-2.jpg 400w\" sizes=\"auto, (max-width: 300px) 100vw, 300px\" \/><\/a>Tema: <strong>EPIDEMIOLOG\u00cdA DE LOS TRASTORNOS DE LA\u00a0 COMUNICACI\u00d3N Y\/O DEGLUCI\u00d3N EN EL PACIENTE\u00a0 ADULTO<\/strong><\/p>\n<p><strong> <\/strong><\/p>\n<p>Expositores: Gustavo Aballay N., Valentina Adasme B., Javier \u00c1lvarez G., Catalina Bravo B., Giselle Casta\u00f1\u00f3n S., Camila Cid M., Daniela Onfray A., Karla Volkwein O.<\/p>\n<p>Alumnos Universidad Mayor, sede Santiago<\/p>\n<p>11.50- Quinta presentaci\u00f3n<\/p>\n<p>Tema: <strong>AN\u00c1LISIS DESCRIPTIVO DEL DESEMPE\u00d1O PRAGM\u00c1TICO EN NI\u00d1OS MENORES DE 15 A\u00d1OS CON C\u00c1NCER DE LA REGI\u00d3N DEL B\u00cdO B\u00cdO, 2011<\/strong><\/p>\n<p><strong> <\/strong><\/p>\n<p>Expositora: Cecilia Saba Namur. Alumna quinto a\u00f1o Universidad del Desarrollo sede Concepci\u00f3n<\/p>\n<p>12.20- Sexta presentaci\u00f3n<\/p>\n<p>Tema: <strong>MANTENIMIENTO DEL T\u00d3PICO EN EL DISCURSO NARRATIVO DE PACIENTES CON ESQUIZOFRENIA PARANOIDE ENTRE 30 Y 45 A\u00d1OS<\/strong><\/p>\n<p><strong> <\/strong><\/p>\n<p>Expositores: Consuelo Aguirre P., Jonathan Aliaga A., Crist\u00f3bal Lagos, Jocelyn Morales y Javiera P\u00e9rez. Alumnos Universidad Aut\u00f3noma<\/p>\n<p>13.00- 14.00<\/p>\n<p>Almuerzo<\/p>\n<p>14.00- S\u00e9ptima presentaci\u00f3n<\/p>\n<p>Tema: <strong>V\u00c9RTIGO POSTURAL PAROX\u00cdSTICO BENIGNO DEL CANAL LATERAL: REVISI\u00d3N DE UN CASO CL\u00cdNICO<\/strong><\/p>\n<p><strong> <\/strong><\/p>\n<p>Expositor: Cynthya Cerna Garc\u00eda. Estudiante de Quinto a\u00f1o de Fonoaudiolog\u00eda Universidad Austral de Chile<\/p>\n<p>14.30- Octava presentaci\u00f3n<\/p>\n<p>Tema: <strong>PERFIL DEL USUARIO QUE ACUDE A CONSULTA FONOAUDIOL\u00d3GICA EN UN\u00a0 CENTRO DE SALUD FAMILIAR<\/strong>.<\/p>\n<p>Expositores: Karen Hern\u00e1ndez C., Paula Jaramillo A., Daniel Larenas R., Sof\u00eda Madrid T., Yerko Rebolledo G., Estefan\u00eda Vega . Alumnos Universidad de Chile<strong> <\/strong><\/p>\n<p>15.00- Novena presentaci\u00f3n<\/p>\n<p>Tema:<strong> UTILIZACI\u00d3N DE DISPOSITIVOS DE RETROALIMENTACI\u00d3N AUDITIVA COMO M\u00c9TODO PARA DISMINUIR LA DISFLUENCIA EN PACIENTES ADULTOS EN CHILE<\/strong><\/p>\n<p>Expositores: Karin Gebauer, Rocio Kettlum, Claudia Tamame y Catalina Tapia.<\/p>\n<p>Alumnos cuarto a\u00f1o Universidad del Desarrollo, sede Santiago<\/p>\n<p>15.30- Coffe Break<\/p>\n<p>16.00- D\u00e9cima presentaci\u00f3n<\/p>\n<p><a href=\"http:\/\/medicina.udd.cl\/fonoaudiologia-santiago\/files\/2012\/10\/CONGRESO-ESTUDIANTES-FONOAUDIOLOGIA-3.jpg\"><img loading=\"lazy\" decoding=\"async\" class=\"alignleft size-medium wp-image-1401\" title=\"CONGRESO ESTUDIANTES FONOAUDIOLOGIA 3\" src=\"http:\/\/medicina.udd.cl\/fonoaudiologia-santiago\/files\/2012\/10\/CONGRESO-ESTUDIANTES-FONOAUDIOLOGIA-3-300x200.jpg\" alt=\"\" width=\"300\" height=\"200\" srcset=\"https:\/\/medicina.udd.cl\/fonoaudiologia-santiago\/files\/2012\/10\/CONGRESO-ESTUDIANTES-FONOAUDIOLOGIA-3-300x200.jpg 300w, https:\/\/medicina.udd.cl\/fonoaudiologia-santiago\/files\/2012\/10\/CONGRESO-ESTUDIANTES-FONOAUDIOLOGIA-3.jpg 400w\" sizes=\"auto, (max-width: 300px) 100vw, 300px\" \/><\/a>Tema:<strong> ESTUDIO COMPARATIVO DE LOS AL\u00d3FONOS DEL ESPA\u00d1OL DE CHILE EN<\/strong><\/p>\n<p><strong>ADULTOS ENTRE 35 Y 85 A\u00d1OS MONOLONG\u00dcES Y ADULTOS BILING\u00dcES QUE TENGAN COMO LENGA NATIVA EL MAPUDUNGUN, PERTENECIENTES A LA   CIUDAD DE VISTORIA, 211<\/strong><\/p>\n<p>Expositora: Natalia Candia Huenchull\u00e1n. Alumna quinto a\u00f1o Universidad del Desarrollo, sede Concepci\u00f3n<\/p>\n<p>16.30- D\u00e9cima primera presentaci\u00f3n<\/p>\n<p>Tema: <strong>INTERVENCI\u00d3N FONOAUDIOL\u00d3GICA CON UN ADOLESCENTE DISFLUENTE. AN\u00c1LISIS DE CASO CL\u00cdNICO<\/strong><\/p>\n<p><strong> <\/strong><\/p>\n<p>Expositora: Katherine Aguilera. Alumna quinto a\u00f1o Instituto Profesional de Chile sede Santiago<\/p>\n<p>17.00- Cierre musical<\/p>\n","protected":false},"excerpt":{"rendered":"<p>En el Aula Magna de la Facultad de Medicina Cl\u00ednica Alemana Universidad del Desarrollo se realiz\u00f3 el encuentro, con estudiantes provenientes de diferentes universidades y regiones del pa\u00eds.<\/p>\n","protected":false},"author":1,"featured_media":0,"comment_status":"closed","ping_status":"closed","sticky":false,"template":"","format":"standard","meta":{"footnotes":""},"categories":[4],"tags":[],"class_list":["post-1395","post","type-post","status-publish","format-standard","hentry","category-noticias"],"yoast_head":"<!-- This site is optimized with the Yoast SEO plugin v26.9 - https:\/\/yoast.com\/product\/yoast-seo-wordpress\/ -->\n<title>Cuarto Congreso de Estudiantes de Fonoaudiolog\u00eda<\/title>\n<meta name=\"description\" content=\"El lunes 22 de octubre se desarroll\u00f3 este encuentro, en el Aula Magna de la Facultad de Medicina Cl\u00ednica Alemana Universidad del Desarrollo.\" \/>\n<meta name=\"robots\" content=\"index, follow, max-snippet:-1, max-image-preview:large, max-video-preview:-1\" \/>\n<link rel=\"canonical\" href=\"https:\/\/medicina.udd.cl\/fonoaudiologia-santiago\/noticias\/2012\/10\/19\/cuarto-congreso-de-estudiantes-de-fonoaudiologia\/\" \/>\n<meta property=\"og:locale\" content=\"es_ES\" \/>\n<meta property=\"og:type\" content=\"article\" \/>\n<meta property=\"og:title\" content=\"Cuarto Congreso de Estudiantes de Fonoaudiolog\u00eda\" \/>\n<meta property=\"og:description\" content=\"El lunes 22 de octubre se desarroll\u00f3 este encuentro, en el Aula Magna de la Facultad de Medicina Cl\u00ednica Alemana Universidad del Desarrollo.\" \/>\n<meta property=\"og:url\" content=\"https:\/\/medicina.udd.cl\/fonoaudiologia-santiago\/noticias\/2012\/10\/19\/cuarto-congreso-de-estudiantes-de-fonoaudiologia\/\" \/>\n<meta property=\"og:site_name\" content=\"Fonoaudiolog\u00eda\" \/>\n<meta property=\"article:published_time\" content=\"2012-10-19T15:38:45+00:00\" \/>\n<meta property=\"article:modified_time\" content=\"2012-10-23T13:54:44+00:00\" \/>\n<meta property=\"og:image\" content=\"http:\/\/medicina.udd.cl\/fonoaudiologia-santiago\/files\/2012\/10\/CONGRESO-ESTUDIANTES-FONOAUDIOLOGIA-1-300x200.jpg\" \/>\n<meta name=\"author\" content=\"admin\" \/>\n<meta name=\"twitter:label1\" content=\"Escrito por\" \/>\n\t<meta name=\"twitter:data1\" content=\"admin\" \/>\n\t<meta name=\"twitter:label2\" content=\"Tiempo de lectura\" \/>\n\t<meta name=\"twitter:data2\" content=\"3 minutos\" \/>\n<script type=\"application\/ld+json\" class=\"yoast-schema-graph\">{\"@context\":\"https:\/\/schema.org\",\"@graph\":[{\"@type\":\"Article\",\"@id\":\"https:\/\/medicina.udd.cl\/fonoaudiologia-santiago\/noticias\/2012\/10\/19\/cuarto-congreso-de-estudiantes-de-fonoaudiologia\/#article\",\"isPartOf\":{\"@id\":\"https:\/\/medicina.udd.cl\/fonoaudiologia-santiago\/noticias\/2012\/10\/19\/cuarto-congreso-de-estudiantes-de-fonoaudiologia\/\"},\"author\":{\"name\":\"admin\",\"@id\":\"https:\/\/medicina.udd.cl\/fonoaudiologia-santiago\/#\/schema\/person\/f7abfa784c86da427e89287831f96ab7\"},\"headline\":\"Cuarto Congreso de Estudiantes de Fonoaudiolog\u00eda\",\"datePublished\":\"2012-10-19T15:38:45+00:00\",\"dateModified\":\"2012-10-23T13:54:44+00:00\",\"mainEntityOfPage\":{\"@id\":\"https:\/\/medicina.udd.cl\/fonoaudiologia-santiago\/noticias\/2012\/10\/19\/cuarto-congreso-de-estudiantes-de-fonoaudiologia\/\"},\"wordCount\":559,\"image\":{\"@id\":\"https:\/\/medicina.udd.cl\/fonoaudiologia-santiago\/noticias\/2012\/10\/19\/cuarto-congreso-de-estudiantes-de-fonoaudiologia\/#primaryimage\"},\"thumbnailUrl\":\"http:\/\/medicina.udd.cl\/fonoaudiologia-santiago\/files\/2012\/10\/CONGRESO-ESTUDIANTES-FONOAUDIOLOGIA-1-300x200.jpg\",\"articleSection\":[\"Noticias\"],\"inLanguage\":\"es\"},{\"@type\":\"WebPage\",\"@id\":\"https:\/\/medicina.udd.cl\/fonoaudiologia-santiago\/noticias\/2012\/10\/19\/cuarto-congreso-de-estudiantes-de-fonoaudiologia\/\",\"url\":\"https:\/\/medicina.udd.cl\/fonoaudiologia-santiago\/noticias\/2012\/10\/19\/cuarto-congreso-de-estudiantes-de-fonoaudiologia\/\",\"name\":\"Cuarto Congreso de Estudiantes de Fonoaudiolog\u00eda\",\"isPartOf\":{\"@id\":\"https:\/\/medicina.udd.cl\/fonoaudiologia-santiago\/#website\"},\"primaryImageOfPage\":{\"@id\":\"https:\/\/medicina.udd.cl\/fonoaudiologia-santiago\/noticias\/2012\/10\/19\/cuarto-congreso-de-estudiantes-de-fonoaudiologia\/#primaryimage\"},\"image\":{\"@id\":\"https:\/\/medicina.udd.cl\/fonoaudiologia-santiago\/noticias\/2012\/10\/19\/cuarto-congreso-de-estudiantes-de-fonoaudiologia\/#primaryimage\"},\"thumbnailUrl\":\"http:\/\/medicina.udd.cl\/fonoaudiologia-santiago\/files\/2012\/10\/CONGRESO-ESTUDIANTES-FONOAUDIOLOGIA-1-300x200.jpg\",\"datePublished\":\"2012-10-19T15:38:45+00:00\",\"dateModified\":\"2012-10-23T13:54:44+00:00\",\"author\":{\"@id\":\"https:\/\/medicina.udd.cl\/fonoaudiologia-santiago\/#\/schema\/person\/f7abfa784c86da427e89287831f96ab7\"},\"description\":\"El lunes 22 de octubre se desarroll\u00f3 este encuentro, en el Aula Magna de la Facultad de Medicina Cl\u00ednica Alemana Universidad del Desarrollo.\",\"breadcrumb\":{\"@id\":\"https:\/\/medicina.udd.cl\/fonoaudiologia-santiago\/noticias\/2012\/10\/19\/cuarto-congreso-de-estudiantes-de-fonoaudiologia\/#breadcrumb\"},\"inLanguage\":\"es\",\"potentialAction\":[{\"@type\":\"ReadAction\",\"target\":[\"https:\/\/medicina.udd.cl\/fonoaudiologia-santiago\/noticias\/2012\/10\/19\/cuarto-congreso-de-estudiantes-de-fonoaudiologia\/\"]}]},{\"@type\":\"ImageObject\",\"inLanguage\":\"es\",\"@id\":\"https:\/\/medicina.udd.cl\/fonoaudiologia-santiago\/noticias\/2012\/10\/19\/cuarto-congreso-de-estudiantes-de-fonoaudiologia\/#primaryimage\",\"url\":\"http:\/\/medicina.udd.cl\/fonoaudiologia-santiago\/files\/2012\/10\/CONGRESO-ESTUDIANTES-FONOAUDIOLOGIA-1-300x200.jpg\",\"contentUrl\":\"http:\/\/medicina.udd.cl\/fonoaudiologia-santiago\/files\/2012\/10\/CONGRESO-ESTUDIANTES-FONOAUDIOLOGIA-1-300x200.jpg\"},{\"@type\":\"BreadcrumbList\",\"@id\":\"https:\/\/medicina.udd.cl\/fonoaudiologia-santiago\/noticias\/2012\/10\/19\/cuarto-congreso-de-estudiantes-de-fonoaudiologia\/#breadcrumb\",\"itemListElement\":[{\"@type\":\"ListItem\",\"position\":1,\"name\":\"Home\",\"item\":\"https:\/\/medicina.udd.cl\/fonoaudiologia-santiago\/\"},{\"@type\":\"ListItem\",\"position\":2,\"name\":\"Cuarto Congreso de Estudiantes de Fonoaudiolog\u00eda\"}]},{\"@type\":\"WebSite\",\"@id\":\"https:\/\/medicina.udd.cl\/fonoaudiologia-santiago\/#website\",\"url\":\"https:\/\/medicina.udd.cl\/fonoaudiologia-santiago\/\",\"name\":\"Fonoaudiolog\u00eda\",\"description\":\"Facultad de Medicina Cl\u00ednica Alemana Universidad del Desarrollo\",\"inLanguage\":\"es\"},{\"@type\":\"Person\",\"@id\":\"https:\/\/medicina.udd.cl\/fonoaudiologia-santiago\/#\/schema\/person\/f7abfa784c86da427e89287831f96ab7\",\"name\":\"admin\",\"image\":{\"@type\":\"ImageObject\",\"inLanguage\":\"es\",\"@id\":\"https:\/\/medicina.udd.cl\/fonoaudiologia-santiago\/#\/schema\/person\/image\/\",\"url\":\"https:\/\/secure.gravatar.com\/avatar\/3cb6da298954dfb54457c0910b8c9ca010abd8d87a60f7d701b6ce4254e1c642?s=96&d=mm&r=g\",\"contentUrl\":\"https:\/\/secure.gravatar.com\/avatar\/3cb6da298954dfb54457c0910b8c9ca010abd8d87a60f7d701b6ce4254e1c642?s=96&d=mm&r=g\",\"caption\":\"admin\"},\"url\":\"https:\/\/medicina.udd.cl\/fonoaudiologia-santiago\/noticias\/author\/admin\/\"}]}<\/script>\n<!-- \/ Yoast SEO plugin. -->","yoast_head_json":{"title":"Cuarto Congreso de Estudiantes de Fonoaudiolog\u00eda","description":"El lunes 22 de octubre se desarroll\u00f3 este encuentro, en el Aula Magna de la Facultad de Medicina Cl\u00ednica Alemana Universidad del Desarrollo.","robots":{"index":"index","follow":"follow","max-snippet":"max-snippet:-1","max-image-preview":"max-image-preview:large","max-video-preview":"max-video-preview:-1"},"canonical":"https:\/\/medicina.udd.cl\/fonoaudiologia-santiago\/noticias\/2012\/10\/19\/cuarto-congreso-de-estudiantes-de-fonoaudiologia\/","og_locale":"es_ES","og_type":"article","og_title":"Cuarto Congreso de Estudiantes de Fonoaudiolog\u00eda","og_description":"El lunes 22 de octubre se desarroll\u00f3 este encuentro, en el Aula Magna de la Facultad de Medicina Cl\u00ednica Alemana Universidad del Desarrollo.","og_url":"https:\/\/medicina.udd.cl\/fonoaudiologia-santiago\/noticias\/2012\/10\/19\/cuarto-congreso-de-estudiantes-de-fonoaudiologia\/","og_site_name":"Fonoaudiolog\u00eda","article_published_time":"2012-10-19T15:38:45+00:00","article_modified_time":"2012-10-23T13:54:44+00:00","og_image":[{"url":"http:\/\/medicina.udd.cl\/fonoaudiologia-santiago\/files\/2012\/10\/CONGRESO-ESTUDIANTES-FONOAUDIOLOGIA-1-300x200.jpg","type":"","width":"","height":""}],"author":"admin","twitter_misc":{"Escrito por":"admin","Tiempo de lectura":"3 minutos"},"schema":{"@context":"https:\/\/schema.org","@graph":[{"@type":"Article","@id":"https:\/\/medicina.udd.cl\/fonoaudiologia-santiago\/noticias\/2012\/10\/19\/cuarto-congreso-de-estudiantes-de-fonoaudiologia\/#article","isPartOf":{"@id":"https:\/\/medicina.udd.cl\/fonoaudiologia-santiago\/noticias\/2012\/10\/19\/cuarto-congreso-de-estudiantes-de-fonoaudiologia\/"},"author":{"name":"admin","@id":"https:\/\/medicina.udd.cl\/fonoaudiologia-santiago\/#\/schema\/person\/f7abfa784c86da427e89287831f96ab7"},"headline":"Cuarto Congreso de Estudiantes de Fonoaudiolog\u00eda","datePublished":"2012-10-19T15:38:45+00:00","dateModified":"2012-10-23T13:54:44+00:00","mainEntityOfPage":{"@id":"https:\/\/medicina.udd.cl\/fonoaudiologia-santiago\/noticias\/2012\/10\/19\/cuarto-congreso-de-estudiantes-de-fonoaudiologia\/"},"wordCount":559,"image":{"@id":"https:\/\/medicina.udd.cl\/fonoaudiologia-santiago\/noticias\/2012\/10\/19\/cuarto-congreso-de-estudiantes-de-fonoaudiologia\/#primaryimage"},"thumbnailUrl":"http:\/\/medicina.udd.cl\/fonoaudiologia-santiago\/files\/2012\/10\/CONGRESO-ESTUDIANTES-FONOAUDIOLOGIA-1-300x200.jpg","articleSection":["Noticias"],"inLanguage":"es"},{"@type":"WebPage","@id":"https:\/\/medicina.udd.cl\/fonoaudiologia-santiago\/noticias\/2012\/10\/19\/cuarto-congreso-de-estudiantes-de-fonoaudiologia\/","url":"https:\/\/medicina.udd.cl\/fonoaudiologia-santiago\/noticias\/2012\/10\/19\/cuarto-congreso-de-estudiantes-de-fonoaudiologia\/","name":"Cuarto Congreso de Estudiantes de Fonoaudiolog\u00eda","isPartOf":{"@id":"https:\/\/medicina.udd.cl\/fonoaudiologia-santiago\/#website"},"primaryImageOfPage":{"@id":"https:\/\/medicina.udd.cl\/fonoaudiologia-santiago\/noticias\/2012\/10\/19\/cuarto-congreso-de-estudiantes-de-fonoaudiologia\/#primaryimage"},"image":{"@id":"https:\/\/medicina.udd.cl\/fonoaudiologia-santiago\/noticias\/2012\/10\/19\/cuarto-congreso-de-estudiantes-de-fonoaudiologia\/#primaryimage"},"thumbnailUrl":"http:\/\/medicina.udd.cl\/fonoaudiologia-santiago\/files\/2012\/10\/CONGRESO-ESTUDIANTES-FONOAUDIOLOGIA-1-300x200.jpg","datePublished":"2012-10-19T15:38:45+00:00","dateModified":"2012-10-23T13:54:44+00:00","author":{"@id":"https:\/\/medicina.udd.cl\/fonoaudiologia-santiago\/#\/schema\/person\/f7abfa784c86da427e89287831f96ab7"},"description":"El lunes 22 de octubre se desarroll\u00f3 este encuentro, en el Aula Magna de la Facultad de Medicina Cl\u00ednica Alemana Universidad del Desarrollo.","breadcrumb":{"@id":"https:\/\/medicina.udd.cl\/fonoaudiologia-santiago\/noticias\/2012\/10\/19\/cuarto-congreso-de-estudiantes-de-fonoaudiologia\/#breadcrumb"},"inLanguage":"es","potentialAction":[{"@type":"ReadAction","target":["https:\/\/medicina.udd.cl\/fonoaudiologia-santiago\/noticias\/2012\/10\/19\/cuarto-congreso-de-estudiantes-de-fonoaudiologia\/"]}]},{"@type":"ImageObject","inLanguage":"es","@id":"https:\/\/medicina.udd.cl\/fonoaudiologia-santiago\/noticias\/2012\/10\/19\/cuarto-congreso-de-estudiantes-de-fonoaudiologia\/#primaryimage","url":"http:\/\/medicina.udd.cl\/fonoaudiologia-santiago\/files\/2012\/10\/CONGRESO-ESTUDIANTES-FONOAUDIOLOGIA-1-300x200.jpg","contentUrl":"http:\/\/medicina.udd.cl\/fonoaudiologia-santiago\/files\/2012\/10\/CONGRESO-ESTUDIANTES-FONOAUDIOLOGIA-1-300x200.jpg"},{"@type":"BreadcrumbList","@id":"https:\/\/medicina.udd.cl\/fonoaudiologia-santiago\/noticias\/2012\/10\/19\/cuarto-congreso-de-estudiantes-de-fonoaudiologia\/#breadcrumb","itemListElement":[{"@type":"ListItem","position":1,"name":"Home","item":"https:\/\/medicina.udd.cl\/fonoaudiologia-santiago\/"},{"@type":"ListItem","position":2,"name":"Cuarto Congreso de Estudiantes de Fonoaudiolog\u00eda"}]},{"@type":"WebSite","@id":"https:\/\/medicina.udd.cl\/fonoaudiologia-santiago\/#website","url":"https:\/\/medicina.udd.cl\/fonoaudiologia-santiago\/","name":"Fonoaudiolog\u00eda","description":"Facultad de Medicina Cl\u00ednica Alemana Universidad del Desarrollo","inLanguage":"es"},{"@type":"Person","@id":"https:\/\/medicina.udd.cl\/fonoaudiologia-santiago\/#\/schema\/person\/f7abfa784c86da427e89287831f96ab7","name":"admin","image":{"@type":"ImageObject","inLanguage":"es","@id":"https:\/\/medicina.udd.cl\/fonoaudiologia-santiago\/#\/schema\/person\/image\/","url":"https:\/\/secure.gravatar.com\/avatar\/3cb6da298954dfb54457c0910b8c9ca010abd8d87a60f7d701b6ce4254e1c642?s=96&d=mm&r=g","contentUrl":"https:\/\/secure.gravatar.com\/avatar\/3cb6da298954dfb54457c0910b8c9ca010abd8d87a60f7d701b6ce4254e1c642?s=96&d=mm&r=g","caption":"admin"},"url":"https:\/\/medicina.udd.cl\/fonoaudiologia-santiago\/noticias\/author\/admin\/"}]}},"featured_image_url":null,"_links":{"self":[{"href":"https:\/\/medicina.udd.cl\/fonoaudiologia-santiago\/wp-json\/wp\/v2\/posts\/1395","targetHints":{"allow":["GET"]}}],"collection":[{"href":"https:\/\/medicina.udd.cl\/fonoaudiologia-santiago\/wp-json\/wp\/v2\/posts"}],"about":[{"href":"https:\/\/medicina.udd.cl\/fonoaudiologia-santiago\/wp-json\/wp\/v2\/types\/post"}],"author":[{"embeddable":true,"href":"https:\/\/medicina.udd.cl\/fonoaudiologia-santiago\/wp-json\/wp\/v2\/users\/1"}],"replies":[{"embeddable":true,"href":"https:\/\/medicina.udd.cl\/fonoaudiologia-santiago\/wp-json\/wp\/v2\/comments?post=1395"}],"version-history":[{"count":12,"href":"https:\/\/medicina.udd.cl\/fonoaudiologia-santiago\/wp-json\/wp\/v2\/posts\/1395\/revisions"}],"predecessor-version":[{"id":1412,"href":"https:\/\/medicina.udd.cl\/fonoaudiologia-santiago\/wp-json\/wp\/v2\/posts\/1395\/revisions\/1412"}],"wp:attachment":[{"href":"https:\/\/medicina.udd.cl\/fonoaudiologia-santiago\/wp-json\/wp\/v2\/media?parent=1395"}],"wp:term":[{"taxonomy":"category","embeddable":true,"href":"https:\/\/medicina.udd.cl\/fonoaudiologia-santiago\/wp-json\/wp\/v2\/categories?post=1395"},{"taxonomy":"post_tag","embeddable":true,"href":"https:\/\/medicina.udd.cl\/fonoaudiologia-santiago\/wp-json\/wp\/v2\/tags?post=1395"}],"curies":[{"name":"wp","href":"https:\/\/api.w.org\/{rel}","templated":true}]}}