{"id":1426,"date":"2012-10-31T09:08:06","date_gmt":"2012-10-31T12:08:06","guid":{"rendered":"http:\/\/medicina.udd.cl\/fonoaudiologia-santiago\/?p=1426"},"modified":"2012-10-31T09:13:39","modified_gmt":"2012-10-31T12:13:39","slug":"con-tratamiento-temprano-se-evitaria-50-de-las-sorderas","status":"publish","type":"post","link":"https:\/\/medicina.udd.cl\/fonoaudiologia-santiago\/noticias\/2012\/10\/31\/con-tratamiento-temprano-se-evitaria-50-de-las-sorderas\/","title":{"rendered":"Con tratamiento temprano se evitar\u00eda 50% de las sorderas"},"content":{"rendered":"<p>La Organizaci\u00f3n Mundial de la Salud estima que 278 millones de personas viven con defectos de audici\u00f3n de moderados a profundos y 80% de ellos vive en pa\u00edses en v\u00edas de desarrollo.<\/p>\n<p>Seg\u00fan las estad\u00edsticas de la OMS, tres de cada mil beb\u00e9s nacen sordos. Estudios demuestran que los primeros 6 meses de vida es un per\u00edodo cr\u00edtico en el desarrollo del cerebro auditivo. Una hipoacusia no diagnosticada en la temprana infancia puede afectar permanentemente la habilidad del ni\u00f1o para escuchar y entender sonidos.<\/p>\n<p>Se considera que en 25% de ni\u00f1os con hipoacusia, el problema es causado por factores de riesgo que deben investigarse como infecciones intrauterinas, ictericia, prematuridad, ventilaci\u00f3n mec\u00e1nica, bajo peso al nacer, uso de otot\u00f3xicos, traumatismos craneales, anomal\u00edas craneofaciales, s\u00edndromes e historia familiar de hipoacusia. Sin embargo, la gran mayor\u00eda de los beb\u00e9s con problemas de audici\u00f3n no posee factores de riesgo, pero puede desarrollar d\u00e9ficit auditivo.<\/p>\n<p><a href=\"http:\/\/medicina.udd.cl\/fonoaudiologia-santiago\/files\/2012\/10\/aparato-audicion.jpg\"><img loading=\"lazy\" decoding=\"async\" class=\"alignleft size-thumbnail wp-image-1427\" title=\"Noticia sobre sordera\" src=\"http:\/\/medicina.udd.cl\/fonoaudiologia-santiago\/files\/2012\/10\/aparato-audicion-150x150.jpg\" alt=\"\" width=\"150\" height=\"150\" srcset=\"https:\/\/medicina.udd.cl\/fonoaudiologia-santiago\/files\/2012\/10\/aparato-audicion-150x150.jpg 150w, https:\/\/medicina.udd.cl\/fonoaudiologia-santiago\/files\/2012\/10\/aparato-audicion-62x62.jpg 62w, https:\/\/medicina.udd.cl\/fonoaudiologia-santiago\/files\/2012\/10\/aparato-audicion-300x300.jpg 300w, https:\/\/medicina.udd.cl\/fonoaudiologia-santiago\/files\/2012\/10\/aparato-audicion-126x126.jpg 126w\" sizes=\"auto, (max-width: 150px) 100vw, 150px\" \/><\/a><\/p>\n<p>La audici\u00f3n puede ser evaluada desde el nacimiento a trav\u00e9s de signos cl\u00ednicos dados por respuestas conductuales ante el sonido e indirectamente con el desarrollo del lenguaje. Si se observan fallas, se debe precisar el d\u00e9ficit auditivo realizando las exploraciones audiol\u00f3gicas pertinentes. Se considera que 50% de las hipoacusias puede evitarse a trav\u00e9s de prevenci\u00f3n y abordaje precoz.<\/p>\n<p>(Fuente: www.eluniversal.com)<\/p>\n","protected":false},"excerpt":{"rendered":"<p>Estad\u00edsticas de la OMS indican que 3 de cada mil beb\u00e9s en el planeta nacen sordos.<\/p>\n","protected":false},"author":1,"featured_media":0,"comment_status":"open","ping_status":"open","sticky":false,"template":"","format":"standard","meta":{"footnotes":""},"categories":[4],"tags":[],"class_list":["post-1426","post","type-post","status-publish","format-standard","hentry","category-noticias"],"yoast_head":"<!-- This site is optimized with the Yoast SEO plugin v26.9 - https:\/\/yoast.com\/product\/yoast-seo-wordpress\/ -->\n<title>Con tratamiento temprano se evitar\u00eda 50% de las sorderas - Fonoaudiolog\u00eda<\/title>\n<meta name=\"robots\" content=\"index, follow, max-snippet:-1, max-image-preview:large, max-video-preview:-1\" \/>\n<link rel=\"canonical\" href=\"https:\/\/medicina.udd.cl\/fonoaudiologia-santiago\/noticias\/2012\/10\/31\/con-tratamiento-temprano-se-evitaria-50-de-las-sorderas\/\" \/>\n<meta property=\"og:locale\" content=\"es_ES\" \/>\n<meta property=\"og:type\" content=\"article\" \/>\n<meta property=\"og:title\" content=\"Con tratamiento temprano se evitar\u00eda 50% de las sorderas - Fonoaudiolog\u00eda\" \/>\n<meta property=\"og:description\" content=\"Estad\u00edsticas de la OMS indican que 3 de cada mil beb\u00e9s en el planeta nacen sordos.\" \/>\n<meta property=\"og:url\" content=\"https:\/\/medicina.udd.cl\/fonoaudiologia-santiago\/noticias\/2012\/10\/31\/con-tratamiento-temprano-se-evitaria-50-de-las-sorderas\/\" \/>\n<meta property=\"og:site_name\" content=\"Fonoaudiolog\u00eda\" \/>\n<meta property=\"article:published_time\" content=\"2012-10-31T12:08:06+00:00\" \/>\n<meta property=\"article:modified_time\" content=\"2012-10-31T12:13:39+00:00\" \/>\n<meta property=\"og:image\" content=\"http:\/\/medicina.udd.cl\/fonoaudiologia-santiago\/files\/2012\/10\/aparato-audicion-150x150.jpg\" \/>\n<meta name=\"author\" content=\"admin\" \/>\n<meta name=\"twitter:label1\" content=\"Escrito por\" \/>\n\t<meta name=\"twitter:data1\" content=\"admin\" \/>\n\t<meta name=\"twitter:label2\" content=\"Tiempo de lectura\" \/>\n\t<meta name=\"twitter:data2\" content=\"1 minuto\" \/>\n<script type=\"application\/ld+json\" class=\"yoast-schema-graph\">{\"@context\":\"https:\/\/schema.org\",\"@graph\":[{\"@type\":\"Article\",\"@id\":\"https:\/\/medicina.udd.cl\/fonoaudiologia-santiago\/noticias\/2012\/10\/31\/con-tratamiento-temprano-se-evitaria-50-de-las-sorderas\/#article\",\"isPartOf\":{\"@id\":\"https:\/\/medicina.udd.cl\/fonoaudiologia-santiago\/noticias\/2012\/10\/31\/con-tratamiento-temprano-se-evitaria-50-de-las-sorderas\/\"},\"author\":{\"name\":\"admin\",\"@id\":\"https:\/\/medicina.udd.cl\/fonoaudiologia-santiago\/#\/schema\/person\/f7abfa784c86da427e89287831f96ab7\"},\"headline\":\"Con tratamiento temprano se evitar\u00eda 50% de las sorderas\",\"datePublished\":\"2012-10-31T12:08:06+00:00\",\"dateModified\":\"2012-10-31T12:13:39+00:00\",\"mainEntityOfPage\":{\"@id\":\"https:\/\/medicina.udd.cl\/fonoaudiologia-santiago\/noticias\/2012\/10\/31\/con-tratamiento-temprano-se-evitaria-50-de-las-sorderas\/\"},\"wordCount\":243,\"commentCount\":0,\"image\":{\"@id\":\"https:\/\/medicina.udd.cl\/fonoaudiologia-santiago\/noticias\/2012\/10\/31\/con-tratamiento-temprano-se-evitaria-50-de-las-sorderas\/#primaryimage\"},\"thumbnailUrl\":\"http:\/\/medicina.udd.cl\/fonoaudiologia-santiago\/files\/2012\/10\/aparato-audicion-150x150.jpg\",\"articleSection\":[\"Noticias\"],\"inLanguage\":\"es\",\"potentialAction\":[{\"@type\":\"CommentAction\",\"name\":\"Comment\",\"target\":[\"https:\/\/medicina.udd.cl\/fonoaudiologia-santiago\/noticias\/2012\/10\/31\/con-tratamiento-temprano-se-evitaria-50-de-las-sorderas\/#respond\"]}]},{\"@type\":\"WebPage\",\"@id\":\"https:\/\/medicina.udd.cl\/fonoaudiologia-santiago\/noticias\/2012\/10\/31\/con-tratamiento-temprano-se-evitaria-50-de-las-sorderas\/\",\"url\":\"https:\/\/medicina.udd.cl\/fonoaudiologia-santiago\/noticias\/2012\/10\/31\/con-tratamiento-temprano-se-evitaria-50-de-las-sorderas\/\",\"name\":\"Con tratamiento temprano se evitar\u00eda 50% de las sorderas - Fonoaudiolog\u00eda\",\"isPartOf\":{\"@id\":\"https:\/\/medicina.udd.cl\/fonoaudiologia-santiago\/#website\"},\"primaryImageOfPage\":{\"@id\":\"https:\/\/medicina.udd.cl\/fonoaudiologia-santiago\/noticias\/2012\/10\/31\/con-tratamiento-temprano-se-evitaria-50-de-las-sorderas\/#primaryimage\"},\"image\":{\"@id\":\"https:\/\/medicina.udd.cl\/fonoaudiologia-santiago\/noticias\/2012\/10\/31\/con-tratamiento-temprano-se-evitaria-50-de-las-sorderas\/#primaryimage\"},\"thumbnailUrl\":\"http:\/\/medicina.udd.cl\/fonoaudiologia-santiago\/files\/2012\/10\/aparato-audicion-150x150.jpg\",\"datePublished\":\"2012-10-31T12:08:06+00:00\",\"dateModified\":\"2012-10-31T12:13:39+00:00\",\"author\":{\"@id\":\"https:\/\/medicina.udd.cl\/fonoaudiologia-santiago\/#\/schema\/person\/f7abfa784c86da427e89287831f96ab7\"},\"breadcrumb\":{\"@id\":\"https:\/\/medicina.udd.cl\/fonoaudiologia-santiago\/noticias\/2012\/10\/31\/con-tratamiento-temprano-se-evitaria-50-de-las-sorderas\/#breadcrumb\"},\"inLanguage\":\"es\",\"potentialAction\":[{\"@type\":\"ReadAction\",\"target\":[\"https:\/\/medicina.udd.cl\/fonoaudiologia-santiago\/noticias\/2012\/10\/31\/con-tratamiento-temprano-se-evitaria-50-de-las-sorderas\/\"]}]},{\"@type\":\"ImageObject\",\"inLanguage\":\"es\",\"@id\":\"https:\/\/medicina.udd.cl\/fonoaudiologia-santiago\/noticias\/2012\/10\/31\/con-tratamiento-temprano-se-evitaria-50-de-las-sorderas\/#primaryimage\",\"url\":\"http:\/\/medicina.udd.cl\/fonoaudiologia-santiago\/files\/2012\/10\/aparato-audicion-150x150.jpg\",\"contentUrl\":\"http:\/\/medicina.udd.cl\/fonoaudiologia-santiago\/files\/2012\/10\/aparato-audicion-150x150.jpg\"},{\"@type\":\"BreadcrumbList\",\"@id\":\"https:\/\/medicina.udd.cl\/fonoaudiologia-santiago\/noticias\/2012\/10\/31\/con-tratamiento-temprano-se-evitaria-50-de-las-sorderas\/#breadcrumb\",\"itemListElement\":[{\"@type\":\"ListItem\",\"position\":1,\"name\":\"Home\",\"item\":\"https:\/\/medicina.udd.cl\/fonoaudiologia-santiago\/\"},{\"@type\":\"ListItem\",\"position\":2,\"name\":\"Con tratamiento temprano se evitar\u00eda 50% de las sorderas\"}]},{\"@type\":\"WebSite\",\"@id\":\"https:\/\/medicina.udd.cl\/fonoaudiologia-santiago\/#website\",\"url\":\"https:\/\/medicina.udd.cl\/fonoaudiologia-santiago\/\",\"name\":\"Fonoaudiolog\u00eda\",\"description\":\"Facultad de Medicina Cl\u00ednica Alemana Universidad del Desarrollo\",\"inLanguage\":\"es\"},{\"@type\":\"Person\",\"@id\":\"https:\/\/medicina.udd.cl\/fonoaudiologia-santiago\/#\/schema\/person\/f7abfa784c86da427e89287831f96ab7\",\"name\":\"admin\",\"image\":{\"@type\":\"ImageObject\",\"inLanguage\":\"es\",\"@id\":\"https:\/\/medicina.udd.cl\/fonoaudiologia-santiago\/#\/schema\/person\/image\/\",\"url\":\"https:\/\/secure.gravatar.com\/avatar\/3cb6da298954dfb54457c0910b8c9ca010abd8d87a60f7d701b6ce4254e1c642?s=96&d=mm&r=g\",\"contentUrl\":\"https:\/\/secure.gravatar.com\/avatar\/3cb6da298954dfb54457c0910b8c9ca010abd8d87a60f7d701b6ce4254e1c642?s=96&d=mm&r=g\",\"caption\":\"admin\"},\"url\":\"https:\/\/medicina.udd.cl\/fonoaudiologia-santiago\/noticias\/author\/admin\/\"}]}<\/script>\n<!-- \/ Yoast SEO plugin. -->","yoast_head_json":{"title":"Con tratamiento temprano se evitar\u00eda 50% de las sorderas - Fonoaudiolog\u00eda","robots":{"index":"index","follow":"follow","max-snippet":"max-snippet:-1","max-image-preview":"max-image-preview:large","max-video-preview":"max-video-preview:-1"},"canonical":"https:\/\/medicina.udd.cl\/fonoaudiologia-santiago\/noticias\/2012\/10\/31\/con-tratamiento-temprano-se-evitaria-50-de-las-sorderas\/","og_locale":"es_ES","og_type":"article","og_title":"Con tratamiento temprano se evitar\u00eda 50% de las sorderas - Fonoaudiolog\u00eda","og_description":"Estad\u00edsticas de la OMS indican que 3 de cada mil beb\u00e9s en el planeta nacen sordos.","og_url":"https:\/\/medicina.udd.cl\/fonoaudiologia-santiago\/noticias\/2012\/10\/31\/con-tratamiento-temprano-se-evitaria-50-de-las-sorderas\/","og_site_name":"Fonoaudiolog\u00eda","article_published_time":"2012-10-31T12:08:06+00:00","article_modified_time":"2012-10-31T12:13:39+00:00","og_image":[{"url":"http:\/\/medicina.udd.cl\/fonoaudiologia-santiago\/files\/2012\/10\/aparato-audicion-150x150.jpg","type":"","width":"","height":""}],"author":"admin","twitter_misc":{"Escrito por":"admin","Tiempo de lectura":"1 minuto"},"schema":{"@context":"https:\/\/schema.org","@graph":[{"@type":"Article","@id":"https:\/\/medicina.udd.cl\/fonoaudiologia-santiago\/noticias\/2012\/10\/31\/con-tratamiento-temprano-se-evitaria-50-de-las-sorderas\/#article","isPartOf":{"@id":"https:\/\/medicina.udd.cl\/fonoaudiologia-santiago\/noticias\/2012\/10\/31\/con-tratamiento-temprano-se-evitaria-50-de-las-sorderas\/"},"author":{"name":"admin","@id":"https:\/\/medicina.udd.cl\/fonoaudiologia-santiago\/#\/schema\/person\/f7abfa784c86da427e89287831f96ab7"},"headline":"Con tratamiento temprano se evitar\u00eda 50% de las sorderas","datePublished":"2012-10-31T12:08:06+00:00","dateModified":"2012-10-31T12:13:39+00:00","mainEntityOfPage":{"@id":"https:\/\/medicina.udd.cl\/fonoaudiologia-santiago\/noticias\/2012\/10\/31\/con-tratamiento-temprano-se-evitaria-50-de-las-sorderas\/"},"wordCount":243,"commentCount":0,"image":{"@id":"https:\/\/medicina.udd.cl\/fonoaudiologia-santiago\/noticias\/2012\/10\/31\/con-tratamiento-temprano-se-evitaria-50-de-las-sorderas\/#primaryimage"},"thumbnailUrl":"http:\/\/medicina.udd.cl\/fonoaudiologia-santiago\/files\/2012\/10\/aparato-audicion-150x150.jpg","articleSection":["Noticias"],"inLanguage":"es","potentialAction":[{"@type":"CommentAction","name":"Comment","target":["https:\/\/medicina.udd.cl\/fonoaudiologia-santiago\/noticias\/2012\/10\/31\/con-tratamiento-temprano-se-evitaria-50-de-las-sorderas\/#respond"]}]},{"@type":"WebPage","@id":"https:\/\/medicina.udd.cl\/fonoaudiologia-santiago\/noticias\/2012\/10\/31\/con-tratamiento-temprano-se-evitaria-50-de-las-sorderas\/","url":"https:\/\/medicina.udd.cl\/fonoaudiologia-santiago\/noticias\/2012\/10\/31\/con-tratamiento-temprano-se-evitaria-50-de-las-sorderas\/","name":"Con tratamiento temprano se evitar\u00eda 50% de las sorderas - Fonoaudiolog\u00eda","isPartOf":{"@id":"https:\/\/medicina.udd.cl\/fonoaudiologia-santiago\/#website"},"primaryImageOfPage":{"@id":"https:\/\/medicina.udd.cl\/fonoaudiologia-santiago\/noticias\/2012\/10\/31\/con-tratamiento-temprano-se-evitaria-50-de-las-sorderas\/#primaryimage"},"image":{"@id":"https:\/\/medicina.udd.cl\/fonoaudiologia-santiago\/noticias\/2012\/10\/31\/con-tratamiento-temprano-se-evitaria-50-de-las-sorderas\/#primaryimage"},"thumbnailUrl":"http:\/\/medicina.udd.cl\/fonoaudiologia-santiago\/files\/2012\/10\/aparato-audicion-150x150.jpg","datePublished":"2012-10-31T12:08:06+00:00","dateModified":"2012-10-31T12:13:39+00:00","author":{"@id":"https:\/\/medicina.udd.cl\/fonoaudiologia-santiago\/#\/schema\/person\/f7abfa784c86da427e89287831f96ab7"},"breadcrumb":{"@id":"https:\/\/medicina.udd.cl\/fonoaudiologia-santiago\/noticias\/2012\/10\/31\/con-tratamiento-temprano-se-evitaria-50-de-las-sorderas\/#breadcrumb"},"inLanguage":"es","potentialAction":[{"@type":"ReadAction","target":["https:\/\/medicina.udd.cl\/fonoaudiologia-santiago\/noticias\/2012\/10\/31\/con-tratamiento-temprano-se-evitaria-50-de-las-sorderas\/"]}]},{"@type":"ImageObject","inLanguage":"es","@id":"https:\/\/medicina.udd.cl\/fonoaudiologia-santiago\/noticias\/2012\/10\/31\/con-tratamiento-temprano-se-evitaria-50-de-las-sorderas\/#primaryimage","url":"http:\/\/medicina.udd.cl\/fonoaudiologia-santiago\/files\/2012\/10\/aparato-audicion-150x150.jpg","contentUrl":"http:\/\/medicina.udd.cl\/fonoaudiologia-santiago\/files\/2012\/10\/aparato-audicion-150x150.jpg"},{"@type":"BreadcrumbList","@id":"https:\/\/medicina.udd.cl\/fonoaudiologia-santiago\/noticias\/2012\/10\/31\/con-tratamiento-temprano-se-evitaria-50-de-las-sorderas\/#breadcrumb","itemListElement":[{"@type":"ListItem","position":1,"name":"Home","item":"https:\/\/medicina.udd.cl\/fonoaudiologia-santiago\/"},{"@type":"ListItem","position":2,"name":"Con tratamiento temprano se evitar\u00eda 50% de las sorderas"}]},{"@type":"WebSite","@id":"https:\/\/medicina.udd.cl\/fonoaudiologia-santiago\/#website","url":"https:\/\/medicina.udd.cl\/fonoaudiologia-santiago\/","name":"Fonoaudiolog\u00eda","description":"Facultad de Medicina Cl\u00ednica Alemana Universidad del Desarrollo","inLanguage":"es"},{"@type":"Person","@id":"https:\/\/medicina.udd.cl\/fonoaudiologia-santiago\/#\/schema\/person\/f7abfa784c86da427e89287831f96ab7","name":"admin","image":{"@type":"ImageObject","inLanguage":"es","@id":"https:\/\/medicina.udd.cl\/fonoaudiologia-santiago\/#\/schema\/person\/image\/","url":"https:\/\/secure.gravatar.com\/avatar\/3cb6da298954dfb54457c0910b8c9ca010abd8d87a60f7d701b6ce4254e1c642?s=96&d=mm&r=g","contentUrl":"https:\/\/secure.gravatar.com\/avatar\/3cb6da298954dfb54457c0910b8c9ca010abd8d87a60f7d701b6ce4254e1c642?s=96&d=mm&r=g","caption":"admin"},"url":"https:\/\/medicina.udd.cl\/fonoaudiologia-santiago\/noticias\/author\/admin\/"}]}},"featured_image_url":null,"_links":{"self":[{"href":"https:\/\/medicina.udd.cl\/fonoaudiologia-santiago\/wp-json\/wp\/v2\/posts\/1426","targetHints":{"allow":["GET"]}}],"collection":[{"href":"https:\/\/medicina.udd.cl\/fonoaudiologia-santiago\/wp-json\/wp\/v2\/posts"}],"about":[{"href":"https:\/\/medicina.udd.cl\/fonoaudiologia-santiago\/wp-json\/wp\/v2\/types\/post"}],"author":[{"embeddable":true,"href":"https:\/\/medicina.udd.cl\/fonoaudiologia-santiago\/wp-json\/wp\/v2\/users\/1"}],"replies":[{"embeddable":true,"href":"https:\/\/medicina.udd.cl\/fonoaudiologia-santiago\/wp-json\/wp\/v2\/comments?post=1426"}],"version-history":[{"count":4,"href":"https:\/\/medicina.udd.cl\/fonoaudiologia-santiago\/wp-json\/wp\/v2\/posts\/1426\/revisions"}],"predecessor-version":[{"id":1431,"href":"https:\/\/medicina.udd.cl\/fonoaudiologia-santiago\/wp-json\/wp\/v2\/posts\/1426\/revisions\/1431"}],"wp:attachment":[{"href":"https:\/\/medicina.udd.cl\/fonoaudiologia-santiago\/wp-json\/wp\/v2\/media?parent=1426"}],"wp:term":[{"taxonomy":"category","embeddable":true,"href":"https:\/\/medicina.udd.cl\/fonoaudiologia-santiago\/wp-json\/wp\/v2\/categories?post=1426"},{"taxonomy":"post_tag","embeddable":true,"href":"https:\/\/medicina.udd.cl\/fonoaudiologia-santiago\/wp-json\/wp\/v2\/tags?post=1426"}],"curies":[{"name":"wp","href":"https:\/\/api.w.org\/{rel}","templated":true}]}}