{"id":1446,"date":"2012-11-13T12:30:11","date_gmt":"2012-11-13T15:30:11","guid":{"rendered":"http:\/\/medicina.udd.cl\/fonoaudiologia-santiago\/?p=1446"},"modified":"2012-11-13T12:30:11","modified_gmt":"2012-11-13T15:30:11","slug":"antollena-urzua-expone-en-seminario-de-aspaut","status":"publish","type":"post","link":"https:\/\/medicina.udd.cl\/fonoaudiologia-santiago\/noticias\/2012\/11\/13\/antollena-urzua-expone-en-seminario-de-aspaut\/","title":{"rendered":"Antollena Urz\u00faa expone en Seminario de ASPAUT"},"content":{"rendered":"<p><img loading=\"lazy\" decoding=\"async\" class=\"alignleft size-medium wp-image-1447\" title=\"antonella urzua\" src=\"http:\/\/medicina.udd.cl\/fonoaudiologia-santiago\/files\/2012\/11\/antonella-urzua-224x300.jpg\" alt=\"\" width=\"224\" height=\"300\" \/><\/p>\n<p>La escuela ASPUAT en conjunto con la Universidad de Concepci\u00f3n realizar\u00e1n el d\u00eda 14 de noviembre el seminario \u00abIntervenciones Terap\u00e9uticas en los Transtornos Generalizados del Desarrollo en el Espectro Autista: aplicaciones de terapia Floor Time y Musicoterapia\u00bb, en el que participar\u00e1 la Coordinadora de la carrera de Fonoaudiolog\u00eda, Sra. Antonella Urz\u00faa.<\/p>\n<p>En el seminario, \u00a0Antonella Urz\u00faa, presentar\u00e1:\u00a0\u00abIntroducci\u00f3n al Modelo DIR\u00bb y \u00abEvaluaci\u00f3n del Perfil Individual seg\u00fan Modelo DIR. Estrategia de Intervenci\u00f3n FLOOR TIME\u00bb.<\/p>\n<p>PROGRAMA<\/p>\n<p>09:00 Inauguraci\u00f3n<br \/>\nSr. Gonzalo Gajardo, Presidente ASPAUT 8va Regi\u00f3n y Sra. Gabriela Villafa\u00f1e H, Jefa de Carrera Educaci\u00f3n Diferencial.<\/p>\n<p>09:30 Presentaci\u00f3n e introducci\u00f3n al Modelo DIR Base te\u00f3rica del modelo. Flga. Antonella Urz\u00faa D.<\/p>\n<p>11:30 Evaluaci\u00f3n del Perfil Individual seg\u00fan Modelo DIR. Estrategia de Intervenci\u00f3n FLOOR TIME. Flga. Antonella Urz\u00faa D.<\/p>\n<p>12:45 Calidad de vida en Personas con Discapacidad Intelectual y Relaci\u00f3n con la Formaci\u00f3n Laboral.<br \/>\nProyecto FONDECYT N\u00b0 11121216 Dra. Lilian Castro<\/p>\n<p>14:30 Introducci\u00f3n a la Musicoterapia. Antecedentes, definiciones, efectos de la m\u00fasica sobre el organismo, metodolog\u00eda y competencias. Mt. Melissa Dabdoub<\/p>\n<p>15:30 Musicoterapia, un puente de comunicaci\u00f3n. Experiencia de Musicoterapia: Aganat y la importancia de incluir a los padres en el proceso terap\u00e9utico. Mt. Perla Bacceli<\/p>\n<p>16:45 De la Teor\u00eda a la Pr\u00e1ctica Describir y analizar el proceso musicoterap\u00e9utico en el TEA. Mt. Patricia Ubilla<\/p>\n<p>18:00 Cierre del Seminario.<\/p>\n<p><a href=\"http:\/\/www.udec.cl\/intranet\/agudec\/evento.php?id_evento=6755\">M\u00e1s informaci\u00f3n<\/a><\/p>\n","protected":false},"excerpt":{"rendered":"<p>La escuela ASPUAT en conjunto con la Universidad de Concepci\u00f3n realizar\u00e1n el d\u00eda 14 de noviembre el seminario \u00abIntervenciones Terap\u00e9uticas en los Transtornos Generalizados del Desarrollo en el Espectro Autista: aplicaciones de terapia Floor Time y Musicoterapia\u00bb, en el que participar\u00e1 la Coordinadora de la carrera de Fonoaudiolog\u00eda, Sra. Antonella Urz\u00faa. En el seminario, \u00a0Antonella [&hellip;]<\/p>\n","protected":false},"author":1,"featured_media":0,"comment_status":"closed","ping_status":"closed","sticky":false,"template":"","format":"standard","meta":{"footnotes":""},"categories":[4],"tags":[],"class_list":["post-1446","post","type-post","status-publish","format-standard","hentry","category-noticias"],"yoast_head":"<!-- This site is optimized with the Yoast SEO plugin v26.9 - https:\/\/yoast.com\/product\/yoast-seo-wordpress\/ -->\n<title>Antollena Urz\u00faa expone en Seminario de ASPAUT<\/title>\n<meta name=\"description\" content=\"La coordinadora de Fonoaudiolog\u00eda de la Facultad de Medicina Cl\u00ednica Alemana Universidad del Desarrolla participa en actividad.\" \/>\n<meta name=\"robots\" content=\"index, follow, max-snippet:-1, max-image-preview:large, max-video-preview:-1\" \/>\n<link rel=\"canonical\" href=\"https:\/\/medicina.udd.cl\/fonoaudiologia-santiago\/noticias\/2012\/11\/13\/antollena-urzua-expone-en-seminario-de-aspaut\/\" \/>\n<meta property=\"og:locale\" content=\"es_ES\" \/>\n<meta property=\"og:type\" content=\"article\" \/>\n<meta property=\"og:title\" content=\"Antollena Urz\u00faa expone en Seminario de ASPAUT\" \/>\n<meta property=\"og:description\" content=\"La coordinadora de Fonoaudiolog\u00eda de la Facultad de Medicina Cl\u00ednica Alemana Universidad del Desarrolla participa en actividad.\" \/>\n<meta property=\"og:url\" content=\"https:\/\/medicina.udd.cl\/fonoaudiologia-santiago\/noticias\/2012\/11\/13\/antollena-urzua-expone-en-seminario-de-aspaut\/\" \/>\n<meta property=\"og:site_name\" content=\"Fonoaudiolog\u00eda\" \/>\n<meta property=\"article:published_time\" content=\"2012-11-13T15:30:11+00:00\" \/>\n<meta property=\"og:image\" content=\"http:\/\/medicina.udd.cl\/fonoaudiologia-santiago\/files\/2012\/11\/antonella-urzua-224x300.jpg\" \/>\n<meta name=\"author\" content=\"admin\" \/>\n<meta name=\"twitter:label1\" content=\"Escrito por\" \/>\n\t<meta name=\"twitter:data1\" content=\"admin\" \/>\n\t<meta name=\"twitter:label2\" content=\"Tiempo de lectura\" \/>\n\t<meta name=\"twitter:data2\" content=\"1 minuto\" \/>\n<script type=\"application\/ld+json\" class=\"yoast-schema-graph\">{\"@context\":\"https:\/\/schema.org\",\"@graph\":[{\"@type\":\"Article\",\"@id\":\"https:\/\/medicina.udd.cl\/fonoaudiologia-santiago\/noticias\/2012\/11\/13\/antollena-urzua-expone-en-seminario-de-aspaut\/#article\",\"isPartOf\":{\"@id\":\"https:\/\/medicina.udd.cl\/fonoaudiologia-santiago\/noticias\/2012\/11\/13\/antollena-urzua-expone-en-seminario-de-aspaut\/\"},\"author\":{\"name\":\"admin\",\"@id\":\"https:\/\/medicina.udd.cl\/fonoaudiologia-santiago\/#\/schema\/person\/f7abfa784c86da427e89287831f96ab7\"},\"headline\":\"Antollena Urz\u00faa expone en Seminario de ASPAUT\",\"datePublished\":\"2012-11-13T15:30:11+00:00\",\"mainEntityOfPage\":{\"@id\":\"https:\/\/medicina.udd.cl\/fonoaudiologia-santiago\/noticias\/2012\/11\/13\/antollena-urzua-expone-en-seminario-de-aspaut\/\"},\"wordCount\":251,\"image\":{\"@id\":\"https:\/\/medicina.udd.cl\/fonoaudiologia-santiago\/noticias\/2012\/11\/13\/antollena-urzua-expone-en-seminario-de-aspaut\/#primaryimage\"},\"thumbnailUrl\":\"http:\/\/medicina.udd.cl\/fonoaudiologia-santiago\/files\/2012\/11\/antonella-urzua-224x300.jpg\",\"articleSection\":[\"Noticias\"],\"inLanguage\":\"es\"},{\"@type\":\"WebPage\",\"@id\":\"https:\/\/medicina.udd.cl\/fonoaudiologia-santiago\/noticias\/2012\/11\/13\/antollena-urzua-expone-en-seminario-de-aspaut\/\",\"url\":\"https:\/\/medicina.udd.cl\/fonoaudiologia-santiago\/noticias\/2012\/11\/13\/antollena-urzua-expone-en-seminario-de-aspaut\/\",\"name\":\"Antollena Urz\u00faa expone en Seminario de ASPAUT\",\"isPartOf\":{\"@id\":\"https:\/\/medicina.udd.cl\/fonoaudiologia-santiago\/#website\"},\"primaryImageOfPage\":{\"@id\":\"https:\/\/medicina.udd.cl\/fonoaudiologia-santiago\/noticias\/2012\/11\/13\/antollena-urzua-expone-en-seminario-de-aspaut\/#primaryimage\"},\"image\":{\"@id\":\"https:\/\/medicina.udd.cl\/fonoaudiologia-santiago\/noticias\/2012\/11\/13\/antollena-urzua-expone-en-seminario-de-aspaut\/#primaryimage\"},\"thumbnailUrl\":\"http:\/\/medicina.udd.cl\/fonoaudiologia-santiago\/files\/2012\/11\/antonella-urzua-224x300.jpg\",\"datePublished\":\"2012-11-13T15:30:11+00:00\",\"author\":{\"@id\":\"https:\/\/medicina.udd.cl\/fonoaudiologia-santiago\/#\/schema\/person\/f7abfa784c86da427e89287831f96ab7\"},\"description\":\"La coordinadora de Fonoaudiolog\u00eda de la Facultad de Medicina Cl\u00ednica Alemana Universidad del Desarrolla participa en actividad.\",\"breadcrumb\":{\"@id\":\"https:\/\/medicina.udd.cl\/fonoaudiologia-santiago\/noticias\/2012\/11\/13\/antollena-urzua-expone-en-seminario-de-aspaut\/#breadcrumb\"},\"inLanguage\":\"es\",\"potentialAction\":[{\"@type\":\"ReadAction\",\"target\":[\"https:\/\/medicina.udd.cl\/fonoaudiologia-santiago\/noticias\/2012\/11\/13\/antollena-urzua-expone-en-seminario-de-aspaut\/\"]}]},{\"@type\":\"ImageObject\",\"inLanguage\":\"es\",\"@id\":\"https:\/\/medicina.udd.cl\/fonoaudiologia-santiago\/noticias\/2012\/11\/13\/antollena-urzua-expone-en-seminario-de-aspaut\/#primaryimage\",\"url\":\"http:\/\/medicina.udd.cl\/fonoaudiologia-santiago\/files\/2012\/11\/antonella-urzua-224x300.jpg\",\"contentUrl\":\"http:\/\/medicina.udd.cl\/fonoaudiologia-santiago\/files\/2012\/11\/antonella-urzua-224x300.jpg\"},{\"@type\":\"BreadcrumbList\",\"@id\":\"https:\/\/medicina.udd.cl\/fonoaudiologia-santiago\/noticias\/2012\/11\/13\/antollena-urzua-expone-en-seminario-de-aspaut\/#breadcrumb\",\"itemListElement\":[{\"@type\":\"ListItem\",\"position\":1,\"name\":\"Home\",\"item\":\"https:\/\/medicina.udd.cl\/fonoaudiologia-santiago\/\"},{\"@type\":\"ListItem\",\"position\":2,\"name\":\"Antollena Urz\u00faa expone en Seminario de ASPAUT\"}]},{\"@type\":\"WebSite\",\"@id\":\"https:\/\/medicina.udd.cl\/fonoaudiologia-santiago\/#website\",\"url\":\"https:\/\/medicina.udd.cl\/fonoaudiologia-santiago\/\",\"name\":\"Fonoaudiolog\u00eda\",\"description\":\"Facultad de Medicina Cl\u00ednica Alemana Universidad del Desarrollo\",\"inLanguage\":\"es\"},{\"@type\":\"Person\",\"@id\":\"https:\/\/medicina.udd.cl\/fonoaudiologia-santiago\/#\/schema\/person\/f7abfa784c86da427e89287831f96ab7\",\"name\":\"admin\",\"image\":{\"@type\":\"ImageObject\",\"inLanguage\":\"es\",\"@id\":\"https:\/\/medicina.udd.cl\/fonoaudiologia-santiago\/#\/schema\/person\/image\/\",\"url\":\"https:\/\/secure.gravatar.com\/avatar\/3cb6da298954dfb54457c0910b8c9ca010abd8d87a60f7d701b6ce4254e1c642?s=96&d=mm&r=g\",\"contentUrl\":\"https:\/\/secure.gravatar.com\/avatar\/3cb6da298954dfb54457c0910b8c9ca010abd8d87a60f7d701b6ce4254e1c642?s=96&d=mm&r=g\",\"caption\":\"admin\"},\"url\":\"https:\/\/medicina.udd.cl\/fonoaudiologia-santiago\/noticias\/author\/admin\/\"}]}<\/script>\n<!-- \/ Yoast SEO plugin. -->","yoast_head_json":{"title":"Antollena Urz\u00faa expone en Seminario de ASPAUT","description":"La coordinadora de Fonoaudiolog\u00eda de la Facultad de Medicina Cl\u00ednica Alemana Universidad del Desarrolla participa en actividad.","robots":{"index":"index","follow":"follow","max-snippet":"max-snippet:-1","max-image-preview":"max-image-preview:large","max-video-preview":"max-video-preview:-1"},"canonical":"https:\/\/medicina.udd.cl\/fonoaudiologia-santiago\/noticias\/2012\/11\/13\/antollena-urzua-expone-en-seminario-de-aspaut\/","og_locale":"es_ES","og_type":"article","og_title":"Antollena Urz\u00faa expone en Seminario de ASPAUT","og_description":"La coordinadora de Fonoaudiolog\u00eda de la Facultad de Medicina Cl\u00ednica Alemana Universidad del Desarrolla participa en actividad.","og_url":"https:\/\/medicina.udd.cl\/fonoaudiologia-santiago\/noticias\/2012\/11\/13\/antollena-urzua-expone-en-seminario-de-aspaut\/","og_site_name":"Fonoaudiolog\u00eda","article_published_time":"2012-11-13T15:30:11+00:00","og_image":[{"url":"http:\/\/medicina.udd.cl\/fonoaudiologia-santiago\/files\/2012\/11\/antonella-urzua-224x300.jpg","type":"","width":"","height":""}],"author":"admin","twitter_misc":{"Escrito por":"admin","Tiempo de lectura":"1 minuto"},"schema":{"@context":"https:\/\/schema.org","@graph":[{"@type":"Article","@id":"https:\/\/medicina.udd.cl\/fonoaudiologia-santiago\/noticias\/2012\/11\/13\/antollena-urzua-expone-en-seminario-de-aspaut\/#article","isPartOf":{"@id":"https:\/\/medicina.udd.cl\/fonoaudiologia-santiago\/noticias\/2012\/11\/13\/antollena-urzua-expone-en-seminario-de-aspaut\/"},"author":{"name":"admin","@id":"https:\/\/medicina.udd.cl\/fonoaudiologia-santiago\/#\/schema\/person\/f7abfa784c86da427e89287831f96ab7"},"headline":"Antollena Urz\u00faa expone en Seminario de ASPAUT","datePublished":"2012-11-13T15:30:11+00:00","mainEntityOfPage":{"@id":"https:\/\/medicina.udd.cl\/fonoaudiologia-santiago\/noticias\/2012\/11\/13\/antollena-urzua-expone-en-seminario-de-aspaut\/"},"wordCount":251,"image":{"@id":"https:\/\/medicina.udd.cl\/fonoaudiologia-santiago\/noticias\/2012\/11\/13\/antollena-urzua-expone-en-seminario-de-aspaut\/#primaryimage"},"thumbnailUrl":"http:\/\/medicina.udd.cl\/fonoaudiologia-santiago\/files\/2012\/11\/antonella-urzua-224x300.jpg","articleSection":["Noticias"],"inLanguage":"es"},{"@type":"WebPage","@id":"https:\/\/medicina.udd.cl\/fonoaudiologia-santiago\/noticias\/2012\/11\/13\/antollena-urzua-expone-en-seminario-de-aspaut\/","url":"https:\/\/medicina.udd.cl\/fonoaudiologia-santiago\/noticias\/2012\/11\/13\/antollena-urzua-expone-en-seminario-de-aspaut\/","name":"Antollena Urz\u00faa expone en Seminario de ASPAUT","isPartOf":{"@id":"https:\/\/medicina.udd.cl\/fonoaudiologia-santiago\/#website"},"primaryImageOfPage":{"@id":"https:\/\/medicina.udd.cl\/fonoaudiologia-santiago\/noticias\/2012\/11\/13\/antollena-urzua-expone-en-seminario-de-aspaut\/#primaryimage"},"image":{"@id":"https:\/\/medicina.udd.cl\/fonoaudiologia-santiago\/noticias\/2012\/11\/13\/antollena-urzua-expone-en-seminario-de-aspaut\/#primaryimage"},"thumbnailUrl":"http:\/\/medicina.udd.cl\/fonoaudiologia-santiago\/files\/2012\/11\/antonella-urzua-224x300.jpg","datePublished":"2012-11-13T15:30:11+00:00","author":{"@id":"https:\/\/medicina.udd.cl\/fonoaudiologia-santiago\/#\/schema\/person\/f7abfa784c86da427e89287831f96ab7"},"description":"La coordinadora de Fonoaudiolog\u00eda de la Facultad de Medicina Cl\u00ednica Alemana Universidad del Desarrolla participa en actividad.","breadcrumb":{"@id":"https:\/\/medicina.udd.cl\/fonoaudiologia-santiago\/noticias\/2012\/11\/13\/antollena-urzua-expone-en-seminario-de-aspaut\/#breadcrumb"},"inLanguage":"es","potentialAction":[{"@type":"ReadAction","target":["https:\/\/medicina.udd.cl\/fonoaudiologia-santiago\/noticias\/2012\/11\/13\/antollena-urzua-expone-en-seminario-de-aspaut\/"]}]},{"@type":"ImageObject","inLanguage":"es","@id":"https:\/\/medicina.udd.cl\/fonoaudiologia-santiago\/noticias\/2012\/11\/13\/antollena-urzua-expone-en-seminario-de-aspaut\/#primaryimage","url":"http:\/\/medicina.udd.cl\/fonoaudiologia-santiago\/files\/2012\/11\/antonella-urzua-224x300.jpg","contentUrl":"http:\/\/medicina.udd.cl\/fonoaudiologia-santiago\/files\/2012\/11\/antonella-urzua-224x300.jpg"},{"@type":"BreadcrumbList","@id":"https:\/\/medicina.udd.cl\/fonoaudiologia-santiago\/noticias\/2012\/11\/13\/antollena-urzua-expone-en-seminario-de-aspaut\/#breadcrumb","itemListElement":[{"@type":"ListItem","position":1,"name":"Home","item":"https:\/\/medicina.udd.cl\/fonoaudiologia-santiago\/"},{"@type":"ListItem","position":2,"name":"Antollena Urz\u00faa expone en Seminario de ASPAUT"}]},{"@type":"WebSite","@id":"https:\/\/medicina.udd.cl\/fonoaudiologia-santiago\/#website","url":"https:\/\/medicina.udd.cl\/fonoaudiologia-santiago\/","name":"Fonoaudiolog\u00eda","description":"Facultad de Medicina Cl\u00ednica Alemana Universidad del Desarrollo","inLanguage":"es"},{"@type":"Person","@id":"https:\/\/medicina.udd.cl\/fonoaudiologia-santiago\/#\/schema\/person\/f7abfa784c86da427e89287831f96ab7","name":"admin","image":{"@type":"ImageObject","inLanguage":"es","@id":"https:\/\/medicina.udd.cl\/fonoaudiologia-santiago\/#\/schema\/person\/image\/","url":"https:\/\/secure.gravatar.com\/avatar\/3cb6da298954dfb54457c0910b8c9ca010abd8d87a60f7d701b6ce4254e1c642?s=96&d=mm&r=g","contentUrl":"https:\/\/secure.gravatar.com\/avatar\/3cb6da298954dfb54457c0910b8c9ca010abd8d87a60f7d701b6ce4254e1c642?s=96&d=mm&r=g","caption":"admin"},"url":"https:\/\/medicina.udd.cl\/fonoaudiologia-santiago\/noticias\/author\/admin\/"}]}},"featured_image_url":null,"_links":{"self":[{"href":"https:\/\/medicina.udd.cl\/fonoaudiologia-santiago\/wp-json\/wp\/v2\/posts\/1446","targetHints":{"allow":["GET"]}}],"collection":[{"href":"https:\/\/medicina.udd.cl\/fonoaudiologia-santiago\/wp-json\/wp\/v2\/posts"}],"about":[{"href":"https:\/\/medicina.udd.cl\/fonoaudiologia-santiago\/wp-json\/wp\/v2\/types\/post"}],"author":[{"embeddable":true,"href":"https:\/\/medicina.udd.cl\/fonoaudiologia-santiago\/wp-json\/wp\/v2\/users\/1"}],"replies":[{"embeddable":true,"href":"https:\/\/medicina.udd.cl\/fonoaudiologia-santiago\/wp-json\/wp\/v2\/comments?post=1446"}],"version-history":[{"count":1,"href":"https:\/\/medicina.udd.cl\/fonoaudiologia-santiago\/wp-json\/wp\/v2\/posts\/1446\/revisions"}],"predecessor-version":[{"id":1448,"href":"https:\/\/medicina.udd.cl\/fonoaudiologia-santiago\/wp-json\/wp\/v2\/posts\/1446\/revisions\/1448"}],"wp:attachment":[{"href":"https:\/\/medicina.udd.cl\/fonoaudiologia-santiago\/wp-json\/wp\/v2\/media?parent=1446"}],"wp:term":[{"taxonomy":"category","embeddable":true,"href":"https:\/\/medicina.udd.cl\/fonoaudiologia-santiago\/wp-json\/wp\/v2\/categories?post=1446"},{"taxonomy":"post_tag","embeddable":true,"href":"https:\/\/medicina.udd.cl\/fonoaudiologia-santiago\/wp-json\/wp\/v2\/tags?post=1446"}],"curies":[{"name":"wp","href":"https:\/\/api.w.org\/{rel}","templated":true}]}}