{"id":1458,"date":"2012-12-03T11:21:15","date_gmt":"2012-12-03T14:21:15","guid":{"rendered":"http:\/\/medicina.udd.cl\/fonoaudiologia-santiago\/?p=1458"},"modified":"2012-12-03T11:39:53","modified_gmt":"2012-12-03T14:39:53","slug":"estudiante-de-fonoaudiologia-obtiene-fondo-dae","status":"publish","type":"post","link":"https:\/\/medicina.udd.cl\/fonoaudiologia-santiago\/noticias\/2012\/12\/03\/estudiante-de-fonoaudiologia-obtiene-fondo-dae\/","title":{"rendered":"Estudiante de Fonoaudiolog\u00eda obtiene fondo DAE"},"content":{"rendered":"<p><a href=\"http:\/\/medicina.udd.cl\/fonoaudiologia-santiago\/files\/2012\/12\/Danitza-Vergara.png\"><img loading=\"lazy\" decoding=\"async\" class=\"size-full wp-image-1459 alignright\" title=\"Danitza Vergara\" src=\"http:\/\/medicina.udd.cl\/fonoaudiologia-santiago\/files\/2012\/12\/Danitza-Vergara.png\" alt=\"\" width=\"81\" height=\"233\" \/><\/a>El proyecto con el que Danitza Vergara obtuvo un fondo de la DAE (Direcci\u00f3n de Asuntos Estudiantiles de la Universidad del Desarrollo) \u00abconsiste en realizar pruebas auditivas a ni\u00f1os de 9 a\u00f1os, las\u00a0 pruebas son audiometr\u00eda (para conocer cu\u00e1nto escucha el menor),\u00a0 otoscop\u00eda (para saber como esta el t\u00edmpano), impedanciometr\u00eda que mide la presi\u00f3n del o\u00eddo medio y reflejos\u00a0 para ver\u00a0 como aten\u00faa los sonidos fuertes\u00a0 y\u00a0\u00a0 pruebas de procesamiento auditivo central\u00bb, explica Danitza.<\/p>\n<p>Al ser consultada sobre \u00bfqu\u00e9 son las pruebas de procesamiento auditivo central? La alumna de la carrera de Fonoaudiolog\u00eda se\u00f1ala: \u00abSon pruebas que miden como el ni\u00f1o procesa la informaci\u00f3n, que entra a sus o\u00eddos, los ni\u00f1os autistas por ejemplo, fallan en estas tareas, \u00a0porque a pesar de tener indemnidad en el o\u00eddo externo, medio e interno, su cerebro no interpreta ni organiza la informaci\u00f3n auditiva que llega a \u00e9l\u00bb.<\/p>\n<p>Las pruebas que Danitza Vergara implementar\u00e1 miden habilidades como: discriminar que sonido es diferente, \u00a0si el sonido es grave o agudo,\u00a0\u00a0 largo o corto\u00a0 y tambi\u00e9n habilidades como el cierre auditivo e integraci\u00f3n biaural simult\u00e1nea de palabras y d\u00edgitos.<\/p>\n<p>A la hora de determinar la importancia de tomar estas pruebas a los ni\u00f1os, la estudiante recalca: \u00abActualmente en\u00a0 Chile hay muy pocas investigaciones sobre este tema\u00a0 en ni\u00f1os y no se sabe cual es el valor normal que deben obtener los ni\u00f1os en las pruebas de procesamiento auditivo central,\u00a0 nuestro proyecto busca obtener una aproximaci\u00f3n a esos valores normativos para que m\u00e1s adelante estas pruebas \u00a0puedan ser aplicadas en la cl\u00ednica\u00bb.<\/p>\n<p>Danitza particip\u00f3 en el concurso de fondos de la DAE con su grupo de tesis conformado por Isidora Valenzuela y B\u00e1rbara Oyarce.<\/p>\n<p><strong>&#8211; Despu\u00e9s de ganar este fondo de la DAE, \u00bfqu\u00e9 avances han alcanzado respecto del proyecto?<\/strong><\/p>\n<p>&#8211; Gracias al fondo hemos avanzado en nuestro proyecto de tesis, ya que nos permiti\u00f3 trasladar a los ni\u00f1os que conformaban la muestra\u00a0 desde sus casas al laboratorio de audiolog\u00eda de la Universidad; tambi\u00e9n, \u00a0contar con los recursos necesarios agradecerles su participaci\u00f3n en el proyecto y, por \u00faltimo, la impresi\u00f3n de papers para reunir la suficiente informaci\u00f3n para la construcci\u00f3n de nuestro marco te\u00f3rico.<\/p>\n<p>El fondo que obtuvieron es por un monto de $300.000, \u00a0que les permitir\u00e1 la realizaci\u00f3n del proyecto.<\/p>\n","protected":false},"excerpt":{"rendered":"<p>Con aportes de un fondo DAE que gan\u00f3 junto a su equipo de tesis, Danitza ha podido avanzar con su proyecto sobre procesamiento auditivo central.<\/p>\n","protected":false},"author":1,"featured_media":0,"comment_status":"closed","ping_status":"closed","sticky":false,"template":"","format":"standard","meta":{"footnotes":""},"categories":[4],"tags":[],"class_list":["post-1458","post","type-post","status-publish","format-standard","hentry","category-noticias"],"yoast_head":"<!-- This site is optimized with the Yoast SEO plugin v26.9 - https:\/\/yoast.com\/product\/yoast-seo-wordpress\/ -->\n<title>Estudiante de Fonoaudiolog\u00eda obtiene fondo DAE<\/title>\n<meta name=\"description\" content=\"Fonoaudiolog\u00eda Facultad de Medicina Cl\u00ednica Alemana Universidad del Desarrollo\" \/>\n<meta name=\"robots\" content=\"index, follow, max-snippet:-1, max-image-preview:large, max-video-preview:-1\" \/>\n<link rel=\"canonical\" href=\"https:\/\/medicina.udd.cl\/fonoaudiologia-santiago\/noticias\/2012\/12\/03\/estudiante-de-fonoaudiologia-obtiene-fondo-dae\/\" \/>\n<meta property=\"og:locale\" content=\"es_ES\" \/>\n<meta property=\"og:type\" content=\"article\" \/>\n<meta property=\"og:title\" content=\"Estudiante de Fonoaudiolog\u00eda obtiene fondo DAE\" \/>\n<meta property=\"og:description\" content=\"Fonoaudiolog\u00eda Facultad de Medicina Cl\u00ednica Alemana Universidad del Desarrollo\" \/>\n<meta property=\"og:url\" content=\"https:\/\/medicina.udd.cl\/fonoaudiologia-santiago\/noticias\/2012\/12\/03\/estudiante-de-fonoaudiologia-obtiene-fondo-dae\/\" \/>\n<meta property=\"og:site_name\" content=\"Fonoaudiolog\u00eda\" \/>\n<meta property=\"article:published_time\" content=\"2012-12-03T14:21:15+00:00\" \/>\n<meta property=\"article:modified_time\" content=\"2012-12-03T14:39:53+00:00\" \/>\n<meta property=\"og:image\" content=\"http:\/\/medicina.udd.cl\/fonoaudiologia-santiago\/files\/2012\/12\/Danitza-Vergara.png\" \/>\n<meta name=\"author\" content=\"admin\" \/>\n<meta name=\"twitter:label1\" content=\"Escrito por\" \/>\n\t<meta name=\"twitter:data1\" content=\"admin\" \/>\n\t<meta name=\"twitter:label2\" content=\"Tiempo de lectura\" \/>\n\t<meta name=\"twitter:data2\" content=\"2 minutos\" \/>\n<script type=\"application\/ld+json\" class=\"yoast-schema-graph\">{\"@context\":\"https:\/\/schema.org\",\"@graph\":[{\"@type\":\"Article\",\"@id\":\"https:\/\/medicina.udd.cl\/fonoaudiologia-santiago\/noticias\/2012\/12\/03\/estudiante-de-fonoaudiologia-obtiene-fondo-dae\/#article\",\"isPartOf\":{\"@id\":\"https:\/\/medicina.udd.cl\/fonoaudiologia-santiago\/noticias\/2012\/12\/03\/estudiante-de-fonoaudiologia-obtiene-fondo-dae\/\"},\"author\":{\"name\":\"admin\",\"@id\":\"https:\/\/medicina.udd.cl\/fonoaudiologia-santiago\/#\/schema\/person\/f7abfa784c86da427e89287831f96ab7\"},\"headline\":\"Estudiante de Fonoaudiolog\u00eda obtiene fondo DAE\",\"datePublished\":\"2012-12-03T14:21:15+00:00\",\"dateModified\":\"2012-12-03T14:39:53+00:00\",\"mainEntityOfPage\":{\"@id\":\"https:\/\/medicina.udd.cl\/fonoaudiologia-santiago\/noticias\/2012\/12\/03\/estudiante-de-fonoaudiologia-obtiene-fondo-dae\/\"},\"wordCount\":419,\"image\":{\"@id\":\"https:\/\/medicina.udd.cl\/fonoaudiologia-santiago\/noticias\/2012\/12\/03\/estudiante-de-fonoaudiologia-obtiene-fondo-dae\/#primaryimage\"},\"thumbnailUrl\":\"http:\/\/medicina.udd.cl\/fonoaudiologia-santiago\/files\/2012\/12\/Danitza-Vergara.png\",\"articleSection\":[\"Noticias\"],\"inLanguage\":\"es\"},{\"@type\":\"WebPage\",\"@id\":\"https:\/\/medicina.udd.cl\/fonoaudiologia-santiago\/noticias\/2012\/12\/03\/estudiante-de-fonoaudiologia-obtiene-fondo-dae\/\",\"url\":\"https:\/\/medicina.udd.cl\/fonoaudiologia-santiago\/noticias\/2012\/12\/03\/estudiante-de-fonoaudiologia-obtiene-fondo-dae\/\",\"name\":\"Estudiante de Fonoaudiolog\u00eda obtiene fondo DAE\",\"isPartOf\":{\"@id\":\"https:\/\/medicina.udd.cl\/fonoaudiologia-santiago\/#website\"},\"primaryImageOfPage\":{\"@id\":\"https:\/\/medicina.udd.cl\/fonoaudiologia-santiago\/noticias\/2012\/12\/03\/estudiante-de-fonoaudiologia-obtiene-fondo-dae\/#primaryimage\"},\"image\":{\"@id\":\"https:\/\/medicina.udd.cl\/fonoaudiologia-santiago\/noticias\/2012\/12\/03\/estudiante-de-fonoaudiologia-obtiene-fondo-dae\/#primaryimage\"},\"thumbnailUrl\":\"http:\/\/medicina.udd.cl\/fonoaudiologia-santiago\/files\/2012\/12\/Danitza-Vergara.png\",\"datePublished\":\"2012-12-03T14:21:15+00:00\",\"dateModified\":\"2012-12-03T14:39:53+00:00\",\"author\":{\"@id\":\"https:\/\/medicina.udd.cl\/fonoaudiologia-santiago\/#\/schema\/person\/f7abfa784c86da427e89287831f96ab7\"},\"description\":\"Fonoaudiolog\u00eda Facultad de Medicina Cl\u00ednica Alemana Universidad del Desarrollo\",\"breadcrumb\":{\"@id\":\"https:\/\/medicina.udd.cl\/fonoaudiologia-santiago\/noticias\/2012\/12\/03\/estudiante-de-fonoaudiologia-obtiene-fondo-dae\/#breadcrumb\"},\"inLanguage\":\"es\",\"potentialAction\":[{\"@type\":\"ReadAction\",\"target\":[\"https:\/\/medicina.udd.cl\/fonoaudiologia-santiago\/noticias\/2012\/12\/03\/estudiante-de-fonoaudiologia-obtiene-fondo-dae\/\"]}]},{\"@type\":\"ImageObject\",\"inLanguage\":\"es\",\"@id\":\"https:\/\/medicina.udd.cl\/fonoaudiologia-santiago\/noticias\/2012\/12\/03\/estudiante-de-fonoaudiologia-obtiene-fondo-dae\/#primaryimage\",\"url\":\"http:\/\/medicina.udd.cl\/fonoaudiologia-santiago\/files\/2012\/12\/Danitza-Vergara.png\",\"contentUrl\":\"http:\/\/medicina.udd.cl\/fonoaudiologia-santiago\/files\/2012\/12\/Danitza-Vergara.png\"},{\"@type\":\"BreadcrumbList\",\"@id\":\"https:\/\/medicina.udd.cl\/fonoaudiologia-santiago\/noticias\/2012\/12\/03\/estudiante-de-fonoaudiologia-obtiene-fondo-dae\/#breadcrumb\",\"itemListElement\":[{\"@type\":\"ListItem\",\"position\":1,\"name\":\"Home\",\"item\":\"https:\/\/medicina.udd.cl\/fonoaudiologia-santiago\/\"},{\"@type\":\"ListItem\",\"position\":2,\"name\":\"Estudiante de Fonoaudiolog\u00eda obtiene fondo DAE\"}]},{\"@type\":\"WebSite\",\"@id\":\"https:\/\/medicina.udd.cl\/fonoaudiologia-santiago\/#website\",\"url\":\"https:\/\/medicina.udd.cl\/fonoaudiologia-santiago\/\",\"name\":\"Fonoaudiolog\u00eda\",\"description\":\"Facultad de Medicina Cl\u00ednica Alemana Universidad del Desarrollo\",\"inLanguage\":\"es\"},{\"@type\":\"Person\",\"@id\":\"https:\/\/medicina.udd.cl\/fonoaudiologia-santiago\/#\/schema\/person\/f7abfa784c86da427e89287831f96ab7\",\"name\":\"admin\",\"image\":{\"@type\":\"ImageObject\",\"inLanguage\":\"es\",\"@id\":\"https:\/\/medicina.udd.cl\/fonoaudiologia-santiago\/#\/schema\/person\/image\/\",\"url\":\"https:\/\/secure.gravatar.com\/avatar\/3cb6da298954dfb54457c0910b8c9ca010abd8d87a60f7d701b6ce4254e1c642?s=96&d=mm&r=g\",\"contentUrl\":\"https:\/\/secure.gravatar.com\/avatar\/3cb6da298954dfb54457c0910b8c9ca010abd8d87a60f7d701b6ce4254e1c642?s=96&d=mm&r=g\",\"caption\":\"admin\"},\"url\":\"https:\/\/medicina.udd.cl\/fonoaudiologia-santiago\/noticias\/author\/admin\/\"}]}<\/script>\n<!-- \/ Yoast SEO plugin. -->","yoast_head_json":{"title":"Estudiante de Fonoaudiolog\u00eda obtiene fondo DAE","description":"Fonoaudiolog\u00eda Facultad de Medicina Cl\u00ednica Alemana Universidad del Desarrollo","robots":{"index":"index","follow":"follow","max-snippet":"max-snippet:-1","max-image-preview":"max-image-preview:large","max-video-preview":"max-video-preview:-1"},"canonical":"https:\/\/medicina.udd.cl\/fonoaudiologia-santiago\/noticias\/2012\/12\/03\/estudiante-de-fonoaudiologia-obtiene-fondo-dae\/","og_locale":"es_ES","og_type":"article","og_title":"Estudiante de Fonoaudiolog\u00eda obtiene fondo DAE","og_description":"Fonoaudiolog\u00eda Facultad de Medicina Cl\u00ednica Alemana Universidad del Desarrollo","og_url":"https:\/\/medicina.udd.cl\/fonoaudiologia-santiago\/noticias\/2012\/12\/03\/estudiante-de-fonoaudiologia-obtiene-fondo-dae\/","og_site_name":"Fonoaudiolog\u00eda","article_published_time":"2012-12-03T14:21:15+00:00","article_modified_time":"2012-12-03T14:39:53+00:00","og_image":[{"url":"http:\/\/medicina.udd.cl\/fonoaudiologia-santiago\/files\/2012\/12\/Danitza-Vergara.png","type":"","width":"","height":""}],"author":"admin","twitter_misc":{"Escrito por":"admin","Tiempo de lectura":"2 minutos"},"schema":{"@context":"https:\/\/schema.org","@graph":[{"@type":"Article","@id":"https:\/\/medicina.udd.cl\/fonoaudiologia-santiago\/noticias\/2012\/12\/03\/estudiante-de-fonoaudiologia-obtiene-fondo-dae\/#article","isPartOf":{"@id":"https:\/\/medicina.udd.cl\/fonoaudiologia-santiago\/noticias\/2012\/12\/03\/estudiante-de-fonoaudiologia-obtiene-fondo-dae\/"},"author":{"name":"admin","@id":"https:\/\/medicina.udd.cl\/fonoaudiologia-santiago\/#\/schema\/person\/f7abfa784c86da427e89287831f96ab7"},"headline":"Estudiante de Fonoaudiolog\u00eda obtiene fondo DAE","datePublished":"2012-12-03T14:21:15+00:00","dateModified":"2012-12-03T14:39:53+00:00","mainEntityOfPage":{"@id":"https:\/\/medicina.udd.cl\/fonoaudiologia-santiago\/noticias\/2012\/12\/03\/estudiante-de-fonoaudiologia-obtiene-fondo-dae\/"},"wordCount":419,"image":{"@id":"https:\/\/medicina.udd.cl\/fonoaudiologia-santiago\/noticias\/2012\/12\/03\/estudiante-de-fonoaudiologia-obtiene-fondo-dae\/#primaryimage"},"thumbnailUrl":"http:\/\/medicina.udd.cl\/fonoaudiologia-santiago\/files\/2012\/12\/Danitza-Vergara.png","articleSection":["Noticias"],"inLanguage":"es"},{"@type":"WebPage","@id":"https:\/\/medicina.udd.cl\/fonoaudiologia-santiago\/noticias\/2012\/12\/03\/estudiante-de-fonoaudiologia-obtiene-fondo-dae\/","url":"https:\/\/medicina.udd.cl\/fonoaudiologia-santiago\/noticias\/2012\/12\/03\/estudiante-de-fonoaudiologia-obtiene-fondo-dae\/","name":"Estudiante de Fonoaudiolog\u00eda obtiene fondo DAE","isPartOf":{"@id":"https:\/\/medicina.udd.cl\/fonoaudiologia-santiago\/#website"},"primaryImageOfPage":{"@id":"https:\/\/medicina.udd.cl\/fonoaudiologia-santiago\/noticias\/2012\/12\/03\/estudiante-de-fonoaudiologia-obtiene-fondo-dae\/#primaryimage"},"image":{"@id":"https:\/\/medicina.udd.cl\/fonoaudiologia-santiago\/noticias\/2012\/12\/03\/estudiante-de-fonoaudiologia-obtiene-fondo-dae\/#primaryimage"},"thumbnailUrl":"http:\/\/medicina.udd.cl\/fonoaudiologia-santiago\/files\/2012\/12\/Danitza-Vergara.png","datePublished":"2012-12-03T14:21:15+00:00","dateModified":"2012-12-03T14:39:53+00:00","author":{"@id":"https:\/\/medicina.udd.cl\/fonoaudiologia-santiago\/#\/schema\/person\/f7abfa784c86da427e89287831f96ab7"},"description":"Fonoaudiolog\u00eda Facultad de Medicina Cl\u00ednica Alemana Universidad del Desarrollo","breadcrumb":{"@id":"https:\/\/medicina.udd.cl\/fonoaudiologia-santiago\/noticias\/2012\/12\/03\/estudiante-de-fonoaudiologia-obtiene-fondo-dae\/#breadcrumb"},"inLanguage":"es","potentialAction":[{"@type":"ReadAction","target":["https:\/\/medicina.udd.cl\/fonoaudiologia-santiago\/noticias\/2012\/12\/03\/estudiante-de-fonoaudiologia-obtiene-fondo-dae\/"]}]},{"@type":"ImageObject","inLanguage":"es","@id":"https:\/\/medicina.udd.cl\/fonoaudiologia-santiago\/noticias\/2012\/12\/03\/estudiante-de-fonoaudiologia-obtiene-fondo-dae\/#primaryimage","url":"http:\/\/medicina.udd.cl\/fonoaudiologia-santiago\/files\/2012\/12\/Danitza-Vergara.png","contentUrl":"http:\/\/medicina.udd.cl\/fonoaudiologia-santiago\/files\/2012\/12\/Danitza-Vergara.png"},{"@type":"BreadcrumbList","@id":"https:\/\/medicina.udd.cl\/fonoaudiologia-santiago\/noticias\/2012\/12\/03\/estudiante-de-fonoaudiologia-obtiene-fondo-dae\/#breadcrumb","itemListElement":[{"@type":"ListItem","position":1,"name":"Home","item":"https:\/\/medicina.udd.cl\/fonoaudiologia-santiago\/"},{"@type":"ListItem","position":2,"name":"Estudiante de Fonoaudiolog\u00eda obtiene fondo DAE"}]},{"@type":"WebSite","@id":"https:\/\/medicina.udd.cl\/fonoaudiologia-santiago\/#website","url":"https:\/\/medicina.udd.cl\/fonoaudiologia-santiago\/","name":"Fonoaudiolog\u00eda","description":"Facultad de Medicina Cl\u00ednica Alemana Universidad del Desarrollo","inLanguage":"es"},{"@type":"Person","@id":"https:\/\/medicina.udd.cl\/fonoaudiologia-santiago\/#\/schema\/person\/f7abfa784c86da427e89287831f96ab7","name":"admin","image":{"@type":"ImageObject","inLanguage":"es","@id":"https:\/\/medicina.udd.cl\/fonoaudiologia-santiago\/#\/schema\/person\/image\/","url":"https:\/\/secure.gravatar.com\/avatar\/3cb6da298954dfb54457c0910b8c9ca010abd8d87a60f7d701b6ce4254e1c642?s=96&d=mm&r=g","contentUrl":"https:\/\/secure.gravatar.com\/avatar\/3cb6da298954dfb54457c0910b8c9ca010abd8d87a60f7d701b6ce4254e1c642?s=96&d=mm&r=g","caption":"admin"},"url":"https:\/\/medicina.udd.cl\/fonoaudiologia-santiago\/noticias\/author\/admin\/"}]}},"featured_image_url":null,"_links":{"self":[{"href":"https:\/\/medicina.udd.cl\/fonoaudiologia-santiago\/wp-json\/wp\/v2\/posts\/1458","targetHints":{"allow":["GET"]}}],"collection":[{"href":"https:\/\/medicina.udd.cl\/fonoaudiologia-santiago\/wp-json\/wp\/v2\/posts"}],"about":[{"href":"https:\/\/medicina.udd.cl\/fonoaudiologia-santiago\/wp-json\/wp\/v2\/types\/post"}],"author":[{"embeddable":true,"href":"https:\/\/medicina.udd.cl\/fonoaudiologia-santiago\/wp-json\/wp\/v2\/users\/1"}],"replies":[{"embeddable":true,"href":"https:\/\/medicina.udd.cl\/fonoaudiologia-santiago\/wp-json\/wp\/v2\/comments?post=1458"}],"version-history":[{"count":2,"href":"https:\/\/medicina.udd.cl\/fonoaudiologia-santiago\/wp-json\/wp\/v2\/posts\/1458\/revisions"}],"predecessor-version":[{"id":1461,"href":"https:\/\/medicina.udd.cl\/fonoaudiologia-santiago\/wp-json\/wp\/v2\/posts\/1458\/revisions\/1461"}],"wp:attachment":[{"href":"https:\/\/medicina.udd.cl\/fonoaudiologia-santiago\/wp-json\/wp\/v2\/media?parent=1458"}],"wp:term":[{"taxonomy":"category","embeddable":true,"href":"https:\/\/medicina.udd.cl\/fonoaudiologia-santiago\/wp-json\/wp\/v2\/categories?post=1458"},{"taxonomy":"post_tag","embeddable":true,"href":"https:\/\/medicina.udd.cl\/fonoaudiologia-santiago\/wp-json\/wp\/v2\/tags?post=1458"}],"curies":[{"name":"wp","href":"https:\/\/api.w.org\/{rel}","templated":true}]}}