{"id":1475,"date":"2012-12-21T12:59:03","date_gmt":"2012-12-21T15:59:03","guid":{"rendered":"http:\/\/medicina.udd.cl\/fonoaudiologia-santiago\/?p=1475"},"modified":"2012-12-21T13:04:06","modified_gmt":"2012-12-21T16:04:06","slug":"coordinador-del-area-del-habla-dicta-charla-en-peru","status":"publish","type":"post","link":"https:\/\/medicina.udd.cl\/fonoaudiologia-santiago\/noticias\/2012\/12\/21\/coordinador-del-area-del-habla-dicta-charla-en-peru\/","title":{"rendered":"Coordinador del \u00c1rea del Habla dicta charla en Per\u00fa"},"content":{"rendered":"<p><a href=\"http:\/\/medicina.udd.cl\/fonoaudiologia-santiago\/files\/2012\/12\/Fonoaudiologia1.jpg\"><img loading=\"lazy\" decoding=\"async\" class=\"alignright size-medium wp-image-1476\" title=\"Afiche Fonoaudiolog\u00eda\" src=\"http:\/\/medicina.udd.cl\/fonoaudiologia-santiago\/files\/2012\/12\/Fonoaudiologia1-213x300.jpg\" alt=\"\" width=\"213\" height=\"300\" srcset=\"https:\/\/medicina.udd.cl\/fonoaudiologia-santiago\/files\/2012\/12\/Fonoaudiologia1-213x300.jpg 213w, https:\/\/medicina.udd.cl\/fonoaudiologia-santiago\/files\/2012\/12\/Fonoaudiologia1.jpg 355w\" sizes=\"auto, (max-width: 213px) 100vw, 213px\" \/><\/a>El Coordinador del \u00c1rea de Habla de la carrera de \u00a0Fonoaudiolog\u00eda, Sr. Iv\u00e1n Castillo,\u00a0fue\u00a0invitado a participar en la\u00a0\u00abJornada Interdisciplinaria de Intervenci\u00f3n del Trastorno Espec\u00edfico de Lenguaje\u00bb, realizada en Lima, Per\u00fa, el pasado\u00a01 y 2 de Diciembre.<\/p>\n<p>En la oportunidad, el fonoaudi\u00f3logo particip\u00f3 con la conferencia \u00abEvaluaci\u00f3n de los componentes del lenguaje en ni\u00f1os con presunci\u00f3n \u00a0disgn\u00f3stica de TEL\u00bb, en este encuentro que fue organizado por el Colegio de Tecn\u00f3logos M\u00e9dicos de la ciudad de Lima, Per\u00fa. \u00a0Instancia que el profesional catalog\u00f3 como \u00abuna excelente oportunidad para compartir conocimientos entre profesionales de diferentes disciplinas de la salud y de distintos pa\u00edses, como Chile y Per\u00fa\u00bb.<\/p>\n","protected":false},"excerpt":{"rendered":"<p>El Coordinador del \u00c1rea de Habla de la carrera de \u00a0Fonoaudiolog\u00eda, Sr. Iv\u00e1n Castillo,\u00a0fue\u00a0invitado a participar en la\u00a0\u00abJornada Interdisciplinaria de Intervenci\u00f3n del Trastorno Espec\u00edfico de Lenguaje\u00bb, realizada en Lima, Per\u00fa, el pasado\u00a01 y 2 de Diciembre. En la oportunidad, el fonoaudi\u00f3logo particip\u00f3 con la conferencia \u00abEvaluaci\u00f3n de los componentes del lenguaje en ni\u00f1os con presunci\u00f3n [&hellip;]<\/p>\n","protected":false},"author":1,"featured_media":0,"comment_status":"closed","ping_status":"closed","sticky":false,"template":"","format":"standard","meta":{"footnotes":""},"categories":[4],"tags":[],"class_list":["post-1475","post","type-post","status-publish","format-standard","hentry","category-noticias"],"yoast_head":"<!-- This site is optimized with the Yoast SEO plugin v26.9 - https:\/\/yoast.com\/product\/yoast-seo-wordpress\/ -->\n<title>Coordinador del \u00c1rea del Habla dicta charla en Per\u00fa<\/title>\n<meta name=\"description\" content=\"Carrera de Fonoaudiolog\u00eda de la Facultad de Medicina Cl\u00ednica Alemana Universidad del Desarrollo\" \/>\n<meta name=\"robots\" content=\"index, follow, max-snippet:-1, max-image-preview:large, max-video-preview:-1\" \/>\n<link rel=\"canonical\" href=\"https:\/\/medicina.udd.cl\/fonoaudiologia-santiago\/noticias\/2012\/12\/21\/coordinador-del-area-del-habla-dicta-charla-en-peru\/\" \/>\n<meta property=\"og:locale\" content=\"es_ES\" \/>\n<meta property=\"og:type\" content=\"article\" \/>\n<meta property=\"og:title\" content=\"Coordinador del \u00c1rea del Habla dicta charla en Per\u00fa\" \/>\n<meta property=\"og:description\" content=\"Carrera de Fonoaudiolog\u00eda de la Facultad de Medicina Cl\u00ednica Alemana Universidad del Desarrollo\" \/>\n<meta property=\"og:url\" content=\"https:\/\/medicina.udd.cl\/fonoaudiologia-santiago\/noticias\/2012\/12\/21\/coordinador-del-area-del-habla-dicta-charla-en-peru\/\" \/>\n<meta property=\"og:site_name\" content=\"Fonoaudiolog\u00eda\" \/>\n<meta property=\"article:published_time\" content=\"2012-12-21T15:59:03+00:00\" \/>\n<meta property=\"article:modified_time\" content=\"2012-12-21T16:04:06+00:00\" \/>\n<meta property=\"og:image\" content=\"http:\/\/medicina.udd.cl\/fonoaudiologia-santiago\/files\/2012\/12\/Fonoaudiologia1-213x300.jpg\" \/>\n<meta name=\"author\" content=\"admin\" \/>\n<meta name=\"twitter:label1\" content=\"Escrito por\" \/>\n\t<meta name=\"twitter:data1\" content=\"admin\" \/>\n\t<meta name=\"twitter:label2\" content=\"Tiempo de lectura\" \/>\n\t<meta name=\"twitter:data2\" content=\"1 minuto\" \/>\n<script type=\"application\/ld+json\" class=\"yoast-schema-graph\">{\"@context\":\"https:\/\/schema.org\",\"@graph\":[{\"@type\":\"Article\",\"@id\":\"https:\/\/medicina.udd.cl\/fonoaudiologia-santiago\/noticias\/2012\/12\/21\/coordinador-del-area-del-habla-dicta-charla-en-peru\/#article\",\"isPartOf\":{\"@id\":\"https:\/\/medicina.udd.cl\/fonoaudiologia-santiago\/noticias\/2012\/12\/21\/coordinador-del-area-del-habla-dicta-charla-en-peru\/\"},\"author\":{\"name\":\"admin\",\"@id\":\"https:\/\/medicina.udd.cl\/fonoaudiologia-santiago\/#\/schema\/person\/f7abfa784c86da427e89287831f96ab7\"},\"headline\":\"Coordinador del \u00c1rea del Habla dicta charla en Per\u00fa\",\"datePublished\":\"2012-12-21T15:59:03+00:00\",\"dateModified\":\"2012-12-21T16:04:06+00:00\",\"mainEntityOfPage\":{\"@id\":\"https:\/\/medicina.udd.cl\/fonoaudiologia-santiago\/noticias\/2012\/12\/21\/coordinador-del-area-del-habla-dicta-charla-en-peru\/\"},\"wordCount\":127,\"image\":{\"@id\":\"https:\/\/medicina.udd.cl\/fonoaudiologia-santiago\/noticias\/2012\/12\/21\/coordinador-del-area-del-habla-dicta-charla-en-peru\/#primaryimage\"},\"thumbnailUrl\":\"http:\/\/medicina.udd.cl\/fonoaudiologia-santiago\/files\/2012\/12\/Fonoaudiologia1-213x300.jpg\",\"articleSection\":[\"Noticias\"],\"inLanguage\":\"es\"},{\"@type\":\"WebPage\",\"@id\":\"https:\/\/medicina.udd.cl\/fonoaudiologia-santiago\/noticias\/2012\/12\/21\/coordinador-del-area-del-habla-dicta-charla-en-peru\/\",\"url\":\"https:\/\/medicina.udd.cl\/fonoaudiologia-santiago\/noticias\/2012\/12\/21\/coordinador-del-area-del-habla-dicta-charla-en-peru\/\",\"name\":\"Coordinador del \u00c1rea del Habla dicta charla en Per\u00fa\",\"isPartOf\":{\"@id\":\"https:\/\/medicina.udd.cl\/fonoaudiologia-santiago\/#website\"},\"primaryImageOfPage\":{\"@id\":\"https:\/\/medicina.udd.cl\/fonoaudiologia-santiago\/noticias\/2012\/12\/21\/coordinador-del-area-del-habla-dicta-charla-en-peru\/#primaryimage\"},\"image\":{\"@id\":\"https:\/\/medicina.udd.cl\/fonoaudiologia-santiago\/noticias\/2012\/12\/21\/coordinador-del-area-del-habla-dicta-charla-en-peru\/#primaryimage\"},\"thumbnailUrl\":\"http:\/\/medicina.udd.cl\/fonoaudiologia-santiago\/files\/2012\/12\/Fonoaudiologia1-213x300.jpg\",\"datePublished\":\"2012-12-21T15:59:03+00:00\",\"dateModified\":\"2012-12-21T16:04:06+00:00\",\"author\":{\"@id\":\"https:\/\/medicina.udd.cl\/fonoaudiologia-santiago\/#\/schema\/person\/f7abfa784c86da427e89287831f96ab7\"},\"description\":\"Carrera de Fonoaudiolog\u00eda de la Facultad de Medicina Cl\u00ednica Alemana Universidad del Desarrollo\",\"breadcrumb\":{\"@id\":\"https:\/\/medicina.udd.cl\/fonoaudiologia-santiago\/noticias\/2012\/12\/21\/coordinador-del-area-del-habla-dicta-charla-en-peru\/#breadcrumb\"},\"inLanguage\":\"es\",\"potentialAction\":[{\"@type\":\"ReadAction\",\"target\":[\"https:\/\/medicina.udd.cl\/fonoaudiologia-santiago\/noticias\/2012\/12\/21\/coordinador-del-area-del-habla-dicta-charla-en-peru\/\"]}]},{\"@type\":\"ImageObject\",\"inLanguage\":\"es\",\"@id\":\"https:\/\/medicina.udd.cl\/fonoaudiologia-santiago\/noticias\/2012\/12\/21\/coordinador-del-area-del-habla-dicta-charla-en-peru\/#primaryimage\",\"url\":\"http:\/\/medicina.udd.cl\/fonoaudiologia-santiago\/files\/2012\/12\/Fonoaudiologia1-213x300.jpg\",\"contentUrl\":\"http:\/\/medicina.udd.cl\/fonoaudiologia-santiago\/files\/2012\/12\/Fonoaudiologia1-213x300.jpg\"},{\"@type\":\"BreadcrumbList\",\"@id\":\"https:\/\/medicina.udd.cl\/fonoaudiologia-santiago\/noticias\/2012\/12\/21\/coordinador-del-area-del-habla-dicta-charla-en-peru\/#breadcrumb\",\"itemListElement\":[{\"@type\":\"ListItem\",\"position\":1,\"name\":\"Home\",\"item\":\"https:\/\/medicina.udd.cl\/fonoaudiologia-santiago\/\"},{\"@type\":\"ListItem\",\"position\":2,\"name\":\"Coordinador del \u00c1rea del Habla dicta charla en Per\u00fa\"}]},{\"@type\":\"WebSite\",\"@id\":\"https:\/\/medicina.udd.cl\/fonoaudiologia-santiago\/#website\",\"url\":\"https:\/\/medicina.udd.cl\/fonoaudiologia-santiago\/\",\"name\":\"Fonoaudiolog\u00eda\",\"description\":\"Facultad de Medicina Cl\u00ednica Alemana Universidad del Desarrollo\",\"inLanguage\":\"es\"},{\"@type\":\"Person\",\"@id\":\"https:\/\/medicina.udd.cl\/fonoaudiologia-santiago\/#\/schema\/person\/f7abfa784c86da427e89287831f96ab7\",\"name\":\"admin\",\"image\":{\"@type\":\"ImageObject\",\"inLanguage\":\"es\",\"@id\":\"https:\/\/medicina.udd.cl\/fonoaudiologia-santiago\/#\/schema\/person\/image\/\",\"url\":\"https:\/\/secure.gravatar.com\/avatar\/3cb6da298954dfb54457c0910b8c9ca010abd8d87a60f7d701b6ce4254e1c642?s=96&d=mm&r=g\",\"contentUrl\":\"https:\/\/secure.gravatar.com\/avatar\/3cb6da298954dfb54457c0910b8c9ca010abd8d87a60f7d701b6ce4254e1c642?s=96&d=mm&r=g\",\"caption\":\"admin\"},\"url\":\"https:\/\/medicina.udd.cl\/fonoaudiologia-santiago\/noticias\/author\/admin\/\"}]}<\/script>\n<!-- \/ Yoast SEO plugin. -->","yoast_head_json":{"title":"Coordinador del \u00c1rea del Habla dicta charla en Per\u00fa","description":"Carrera de Fonoaudiolog\u00eda de la Facultad de Medicina Cl\u00ednica Alemana Universidad del Desarrollo","robots":{"index":"index","follow":"follow","max-snippet":"max-snippet:-1","max-image-preview":"max-image-preview:large","max-video-preview":"max-video-preview:-1"},"canonical":"https:\/\/medicina.udd.cl\/fonoaudiologia-santiago\/noticias\/2012\/12\/21\/coordinador-del-area-del-habla-dicta-charla-en-peru\/","og_locale":"es_ES","og_type":"article","og_title":"Coordinador del \u00c1rea del Habla dicta charla en Per\u00fa","og_description":"Carrera de Fonoaudiolog\u00eda de la Facultad de Medicina Cl\u00ednica Alemana Universidad del Desarrollo","og_url":"https:\/\/medicina.udd.cl\/fonoaudiologia-santiago\/noticias\/2012\/12\/21\/coordinador-del-area-del-habla-dicta-charla-en-peru\/","og_site_name":"Fonoaudiolog\u00eda","article_published_time":"2012-12-21T15:59:03+00:00","article_modified_time":"2012-12-21T16:04:06+00:00","og_image":[{"url":"http:\/\/medicina.udd.cl\/fonoaudiologia-santiago\/files\/2012\/12\/Fonoaudiologia1-213x300.jpg","type":"","width":"","height":""}],"author":"admin","twitter_misc":{"Escrito por":"admin","Tiempo de lectura":"1 minuto"},"schema":{"@context":"https:\/\/schema.org","@graph":[{"@type":"Article","@id":"https:\/\/medicina.udd.cl\/fonoaudiologia-santiago\/noticias\/2012\/12\/21\/coordinador-del-area-del-habla-dicta-charla-en-peru\/#article","isPartOf":{"@id":"https:\/\/medicina.udd.cl\/fonoaudiologia-santiago\/noticias\/2012\/12\/21\/coordinador-del-area-del-habla-dicta-charla-en-peru\/"},"author":{"name":"admin","@id":"https:\/\/medicina.udd.cl\/fonoaudiologia-santiago\/#\/schema\/person\/f7abfa784c86da427e89287831f96ab7"},"headline":"Coordinador del \u00c1rea del Habla dicta charla en Per\u00fa","datePublished":"2012-12-21T15:59:03+00:00","dateModified":"2012-12-21T16:04:06+00:00","mainEntityOfPage":{"@id":"https:\/\/medicina.udd.cl\/fonoaudiologia-santiago\/noticias\/2012\/12\/21\/coordinador-del-area-del-habla-dicta-charla-en-peru\/"},"wordCount":127,"image":{"@id":"https:\/\/medicina.udd.cl\/fonoaudiologia-santiago\/noticias\/2012\/12\/21\/coordinador-del-area-del-habla-dicta-charla-en-peru\/#primaryimage"},"thumbnailUrl":"http:\/\/medicina.udd.cl\/fonoaudiologia-santiago\/files\/2012\/12\/Fonoaudiologia1-213x300.jpg","articleSection":["Noticias"],"inLanguage":"es"},{"@type":"WebPage","@id":"https:\/\/medicina.udd.cl\/fonoaudiologia-santiago\/noticias\/2012\/12\/21\/coordinador-del-area-del-habla-dicta-charla-en-peru\/","url":"https:\/\/medicina.udd.cl\/fonoaudiologia-santiago\/noticias\/2012\/12\/21\/coordinador-del-area-del-habla-dicta-charla-en-peru\/","name":"Coordinador del \u00c1rea del Habla dicta charla en Per\u00fa","isPartOf":{"@id":"https:\/\/medicina.udd.cl\/fonoaudiologia-santiago\/#website"},"primaryImageOfPage":{"@id":"https:\/\/medicina.udd.cl\/fonoaudiologia-santiago\/noticias\/2012\/12\/21\/coordinador-del-area-del-habla-dicta-charla-en-peru\/#primaryimage"},"image":{"@id":"https:\/\/medicina.udd.cl\/fonoaudiologia-santiago\/noticias\/2012\/12\/21\/coordinador-del-area-del-habla-dicta-charla-en-peru\/#primaryimage"},"thumbnailUrl":"http:\/\/medicina.udd.cl\/fonoaudiologia-santiago\/files\/2012\/12\/Fonoaudiologia1-213x300.jpg","datePublished":"2012-12-21T15:59:03+00:00","dateModified":"2012-12-21T16:04:06+00:00","author":{"@id":"https:\/\/medicina.udd.cl\/fonoaudiologia-santiago\/#\/schema\/person\/f7abfa784c86da427e89287831f96ab7"},"description":"Carrera de Fonoaudiolog\u00eda de la Facultad de Medicina Cl\u00ednica Alemana Universidad del Desarrollo","breadcrumb":{"@id":"https:\/\/medicina.udd.cl\/fonoaudiologia-santiago\/noticias\/2012\/12\/21\/coordinador-del-area-del-habla-dicta-charla-en-peru\/#breadcrumb"},"inLanguage":"es","potentialAction":[{"@type":"ReadAction","target":["https:\/\/medicina.udd.cl\/fonoaudiologia-santiago\/noticias\/2012\/12\/21\/coordinador-del-area-del-habla-dicta-charla-en-peru\/"]}]},{"@type":"ImageObject","inLanguage":"es","@id":"https:\/\/medicina.udd.cl\/fonoaudiologia-santiago\/noticias\/2012\/12\/21\/coordinador-del-area-del-habla-dicta-charla-en-peru\/#primaryimage","url":"http:\/\/medicina.udd.cl\/fonoaudiologia-santiago\/files\/2012\/12\/Fonoaudiologia1-213x300.jpg","contentUrl":"http:\/\/medicina.udd.cl\/fonoaudiologia-santiago\/files\/2012\/12\/Fonoaudiologia1-213x300.jpg"},{"@type":"BreadcrumbList","@id":"https:\/\/medicina.udd.cl\/fonoaudiologia-santiago\/noticias\/2012\/12\/21\/coordinador-del-area-del-habla-dicta-charla-en-peru\/#breadcrumb","itemListElement":[{"@type":"ListItem","position":1,"name":"Home","item":"https:\/\/medicina.udd.cl\/fonoaudiologia-santiago\/"},{"@type":"ListItem","position":2,"name":"Coordinador del \u00c1rea del Habla dicta charla en Per\u00fa"}]},{"@type":"WebSite","@id":"https:\/\/medicina.udd.cl\/fonoaudiologia-santiago\/#website","url":"https:\/\/medicina.udd.cl\/fonoaudiologia-santiago\/","name":"Fonoaudiolog\u00eda","description":"Facultad de Medicina Cl\u00ednica Alemana Universidad del Desarrollo","inLanguage":"es"},{"@type":"Person","@id":"https:\/\/medicina.udd.cl\/fonoaudiologia-santiago\/#\/schema\/person\/f7abfa784c86da427e89287831f96ab7","name":"admin","image":{"@type":"ImageObject","inLanguage":"es","@id":"https:\/\/medicina.udd.cl\/fonoaudiologia-santiago\/#\/schema\/person\/image\/","url":"https:\/\/secure.gravatar.com\/avatar\/3cb6da298954dfb54457c0910b8c9ca010abd8d87a60f7d701b6ce4254e1c642?s=96&d=mm&r=g","contentUrl":"https:\/\/secure.gravatar.com\/avatar\/3cb6da298954dfb54457c0910b8c9ca010abd8d87a60f7d701b6ce4254e1c642?s=96&d=mm&r=g","caption":"admin"},"url":"https:\/\/medicina.udd.cl\/fonoaudiologia-santiago\/noticias\/author\/admin\/"}]}},"featured_image_url":null,"_links":{"self":[{"href":"https:\/\/medicina.udd.cl\/fonoaudiologia-santiago\/wp-json\/wp\/v2\/posts\/1475","targetHints":{"allow":["GET"]}}],"collection":[{"href":"https:\/\/medicina.udd.cl\/fonoaudiologia-santiago\/wp-json\/wp\/v2\/posts"}],"about":[{"href":"https:\/\/medicina.udd.cl\/fonoaudiologia-santiago\/wp-json\/wp\/v2\/types\/post"}],"author":[{"embeddable":true,"href":"https:\/\/medicina.udd.cl\/fonoaudiologia-santiago\/wp-json\/wp\/v2\/users\/1"}],"replies":[{"embeddable":true,"href":"https:\/\/medicina.udd.cl\/fonoaudiologia-santiago\/wp-json\/wp\/v2\/comments?post=1475"}],"version-history":[{"count":2,"href":"https:\/\/medicina.udd.cl\/fonoaudiologia-santiago\/wp-json\/wp\/v2\/posts\/1475\/revisions"}],"predecessor-version":[{"id":1478,"href":"https:\/\/medicina.udd.cl\/fonoaudiologia-santiago\/wp-json\/wp\/v2\/posts\/1475\/revisions\/1478"}],"wp:attachment":[{"href":"https:\/\/medicina.udd.cl\/fonoaudiologia-santiago\/wp-json\/wp\/v2\/media?parent=1475"}],"wp:term":[{"taxonomy":"category","embeddable":true,"href":"https:\/\/medicina.udd.cl\/fonoaudiologia-santiago\/wp-json\/wp\/v2\/categories?post=1475"},{"taxonomy":"post_tag","embeddable":true,"href":"https:\/\/medicina.udd.cl\/fonoaudiologia-santiago\/wp-json\/wp\/v2\/tags?post=1475"}],"curies":[{"name":"wp","href":"https:\/\/api.w.org\/{rel}","templated":true}]}}