{"id":1499,"date":"2013-01-08T15:23:34","date_gmt":"2013-01-08T18:23:34","guid":{"rendered":"http:\/\/medicina.udd.cl\/fonoaudiologia-santiago\/?p=1499"},"modified":"2013-01-08T15:23:34","modified_gmt":"2013-01-08T18:23:34","slug":"lanzamiento-de-libro-y-celebracion-de-los-40-anos-de-la-fonoaudiologia-en-chile","status":"publish","type":"post","link":"https:\/\/medicina.udd.cl\/fonoaudiologia-santiago\/noticias\/2013\/01\/08\/lanzamiento-de-libro-y-celebracion-de-los-40-anos-de-la-fonoaudiologia-en-chile\/","title":{"rendered":"Lanzamiento de libro y celebraci\u00f3n de los 40 a\u00f1os de la Fonoaudiolog\u00eda en Chile"},"content":{"rendered":"<div id=\"gallery-1\" class=\"carousel slide carousel-gallery\" data-ride=\"false\" data-interval=\"false\"><div class=\"carousel-inner\" role=\"listbox\"><figure class=\"carousel-item active\"><img loading=\"lazy\" decoding=\"async\" width=\"375\" height=\"500\" src=\"https:\/\/medicina.udd.cl\/fonoaudiologia-santiago\/files\/2013\/01\/40-a\u00f1os-de-la-Fonoaudiolog\u00eda.jpg\" class=\"attachment-landscape_952 size-landscape_952\" alt=\"\" srcset=\"https:\/\/medicina.udd.cl\/fonoaudiologia-santiago\/files\/2013\/01\/40-a\u00f1os-de-la-Fonoaudiolog\u00eda.jpg 375w, https:\/\/medicina.udd.cl\/fonoaudiologia-santiago\/files\/2013\/01\/40-a\u00f1os-de-la-Fonoaudiolog\u00eda-225x300.jpg 225w\" sizes=\"auto, (max-width: 375px) 100vw, 375px\" \/><\/figure><figure class=\"carousel-item\"><img loading=\"lazy\" decoding=\"async\" width=\"300\" height=\"400\" src=\"https:\/\/medicina.udd.cl\/fonoaudiologia-santiago\/files\/2013\/01\/Lazos-esenciales-de-Mar\u00eda-Ang\u00e9lica-L\u00f3pez.jpg\" class=\"attachment-landscape_952 size-landscape_952\" alt=\"\" srcset=\"https:\/\/medicina.udd.cl\/fonoaudiologia-santiago\/files\/2013\/01\/Lazos-esenciales-de-Mar\u00eda-Ang\u00e9lica-L\u00f3pez.jpg 300w, https:\/\/medicina.udd.cl\/fonoaudiologia-santiago\/files\/2013\/01\/Lazos-esenciales-de-Mar\u00eda-Ang\u00e9lica-L\u00f3pez-225x300.jpg 225w\" sizes=\"auto, (max-width: 300px) 100vw, 300px\" \/><\/figure><figure class=\"carousel-item\"><img loading=\"lazy\" decoding=\"async\" width=\"500\" height=\"375\" src=\"https:\/\/medicina.udd.cl\/fonoaudiologia-santiago\/files\/2013\/01\/Celebraci\u00f3n-de-los-40-a\u00f1os.jpg\" class=\"attachment-landscape_952 size-landscape_952\" alt=\"\" srcset=\"https:\/\/medicina.udd.cl\/fonoaudiologia-santiago\/files\/2013\/01\/Celebraci\u00f3n-de-los-40-a\u00f1os.jpg 500w, https:\/\/medicina.udd.cl\/fonoaudiologia-santiago\/files\/2013\/01\/Celebraci\u00f3n-de-los-40-a\u00f1os-300x225.jpg 300w\" sizes=\"auto, (max-width: 500px) 100vw, 500px\" \/><\/figure><figure class=\"carousel-item\"><img loading=\"lazy\" decoding=\"async\" width=\"400\" height=\"300\" src=\"https:\/\/medicina.udd.cl\/fonoaudiologia-santiago\/files\/2013\/01\/Antonella-Urzua-y-Ang\u00e9lica-L\u00f3pez.jpg\" class=\"attachment-landscape_952 size-landscape_952\" alt=\"\" srcset=\"https:\/\/medicina.udd.cl\/fonoaudiologia-santiago\/files\/2013\/01\/Antonella-Urzua-y-Ang\u00e9lica-L\u00f3pez.jpg 400w, https:\/\/medicina.udd.cl\/fonoaudiologia-santiago\/files\/2013\/01\/Antonella-Urzua-y-Ang\u00e9lica-L\u00f3pez-300x225.jpg 300w\" sizes=\"auto, (max-width: 400px) 100vw, 400px\" \/><\/figure><\/div><footer class=\"carousel-footer\"><div class=\"carousel-counter\"><span class=\"carousel-counter-current\"><\/span> \/ <span class=\"carousel-counter-total\"><\/span><\/div><a class=\"carousel-control-prev\" href=\"#gallery-1\" role=\"button\" data-slide=\"prev\"><svg aria-hidden=\"true\" class=\"svg-chevron-left-dims\"><use xlink:href='https:\/\/medicina.udd.cl\/fonoaudiologia-santiago\/wp-content\/themes\/facultades-2018\/assets\/img\/svg\/dist\/main.svg?version=1695853099#chevron-left'><\/use><\/svg><span class=\"sr-only\">Anterior<\/span><\/a><a class=\"carousel-control-next\" href=\"#gallery-1\" role=\"button\" data-slide=\"next\"><svg aria-hidden=\"true\" class=\"svg-chevron-right-dims\"><use xlink:href='https:\/\/medicina.udd.cl\/fonoaudiologia-santiago\/wp-content\/themes\/facultades-2018\/assets\/img\/svg\/dist\/main.svg?version=1695853099#chevron-right'><\/use><\/svg><span class=\"sr-only\">Siguiente<\/span><\/a><\/footer><\/div>\n<p>Con el lanzamiento del libro Conmemorativo de los 40 a\u00f1os de la Fonoaudiolog\u00eda en Chile y una celebraci\u00f3n de este aniversario, se realiz\u00f3 en el auditorio \u201cLorenzo Sazie\u201d de la Universidad de Chile, la presentaci\u00f3n del mismo. En la edici\u00f3n, la Directora de la Carrera, Mar\u00eda Ang\u00e9lica L\u00f3pez particip\u00f3 con el cap\u00edtulo \u00abLazos esenciales\u00bb.<\/p>\n<p>En la ceremonia en que se celebr\u00f3 el d\u00eda del Fonoaudi\u00f3logo, se distingui\u00f3 a los<strong> <\/strong>coautores del libro y se les hizo entrega de\u00a0ejemplares.<strong> <\/strong><\/p>\n","protected":false},"excerpt":{"rendered":"<p>El libro cuenta con un cap\u00edtulo de Mar\u00eda Ang\u00e9lica L\u00f3pez.<\/p>\n","protected":false},"author":1,"featured_media":0,"comment_status":"closed","ping_status":"closed","sticky":false,"template":"","format":"standard","meta":{"footnotes":""},"categories":[4],"tags":[],"class_list":["post-1499","post","type-post","status-publish","format-standard","hentry","category-noticias"],"yoast_head":"<!-- This site is optimized with the Yoast SEO plugin v26.9 - https:\/\/yoast.com\/product\/yoast-seo-wordpress\/ -->\n<title>Lanzamiento de libro y celebraci\u00f3n de los 40 a\u00f1os de la Fonoaudiolog\u00eda en Chile<\/title>\n<meta name=\"robots\" content=\"index, follow, max-snippet:-1, max-image-preview:large, max-video-preview:-1\" \/>\n<link rel=\"canonical\" href=\"https:\/\/medicina.udd.cl\/fonoaudiologia-santiago\/noticias\/2013\/01\/08\/lanzamiento-de-libro-y-celebracion-de-los-40-anos-de-la-fonoaudiologia-en-chile\/\" \/>\n<meta property=\"og:locale\" content=\"es_ES\" \/>\n<meta property=\"og:type\" content=\"article\" \/>\n<meta property=\"og:title\" content=\"Lanzamiento de libro y celebraci\u00f3n de los 40 a\u00f1os de la Fonoaudiolog\u00eda en Chile\" \/>\n<meta property=\"og:description\" content=\"El libro cuenta con un cap\u00edtulo de Mar\u00eda Ang\u00e9lica L\u00f3pez.\" \/>\n<meta property=\"og:url\" content=\"https:\/\/medicina.udd.cl\/fonoaudiologia-santiago\/noticias\/2013\/01\/08\/lanzamiento-de-libro-y-celebracion-de-los-40-anos-de-la-fonoaudiologia-en-chile\/\" \/>\n<meta property=\"og:site_name\" content=\"Fonoaudiolog\u00eda\" \/>\n<meta property=\"article:published_time\" content=\"2013-01-08T18:23:34+00:00\" \/>\n<meta property=\"og:image\" content=\"https:\/\/medicina.udd.cl\/fonoaudiologia-santiago\/files\/2013\/01\/40-a\u00f1os-de-la-Fonoaudiolog\u00eda.jpg\" \/>\n<meta name=\"author\" content=\"admin\" \/>\n<meta name=\"twitter:label1\" content=\"Escrito por\" \/>\n\t<meta name=\"twitter:data1\" content=\"admin\" \/>\n<script type=\"application\/ld+json\" class=\"yoast-schema-graph\">{\"@context\":\"https:\/\/schema.org\",\"@graph\":[{\"@type\":\"Article\",\"@id\":\"https:\/\/medicina.udd.cl\/fonoaudiologia-santiago\/noticias\/2013\/01\/08\/lanzamiento-de-libro-y-celebracion-de-los-40-anos-de-la-fonoaudiologia-en-chile\/#article\",\"isPartOf\":{\"@id\":\"https:\/\/medicina.udd.cl\/fonoaudiologia-santiago\/noticias\/2013\/01\/08\/lanzamiento-de-libro-y-celebracion-de-los-40-anos-de-la-fonoaudiologia-en-chile\/\"},\"author\":{\"name\":\"admin\",\"@id\":\"https:\/\/medicina.udd.cl\/fonoaudiologia-santiago\/#\/schema\/person\/f7abfa784c86da427e89287831f96ab7\"},\"headline\":\"Lanzamiento de libro y celebraci\u00f3n de los 40 a\u00f1os de la Fonoaudiolog\u00eda en Chile\",\"datePublished\":\"2013-01-08T18:23:34+00:00\",\"mainEntityOfPage\":{\"@id\":\"https:\/\/medicina.udd.cl\/fonoaudiologia-santiago\/noticias\/2013\/01\/08\/lanzamiento-de-libro-y-celebracion-de-los-40-anos-de-la-fonoaudiologia-en-chile\/\"},\"wordCount\":106,\"articleSection\":[\"Noticias\"],\"inLanguage\":\"es\"},{\"@type\":\"WebPage\",\"@id\":\"https:\/\/medicina.udd.cl\/fonoaudiologia-santiago\/noticias\/2013\/01\/08\/lanzamiento-de-libro-y-celebracion-de-los-40-anos-de-la-fonoaudiologia-en-chile\/\",\"url\":\"https:\/\/medicina.udd.cl\/fonoaudiologia-santiago\/noticias\/2013\/01\/08\/lanzamiento-de-libro-y-celebracion-de-los-40-anos-de-la-fonoaudiologia-en-chile\/\",\"name\":\"Lanzamiento de libro y celebraci\u00f3n de los 40 a\u00f1os de la Fonoaudiolog\u00eda en Chile\",\"isPartOf\":{\"@id\":\"https:\/\/medicina.udd.cl\/fonoaudiologia-santiago\/#website\"},\"datePublished\":\"2013-01-08T18:23:34+00:00\",\"author\":{\"@id\":\"https:\/\/medicina.udd.cl\/fonoaudiologia-santiago\/#\/schema\/person\/f7abfa784c86da427e89287831f96ab7\"},\"breadcrumb\":{\"@id\":\"https:\/\/medicina.udd.cl\/fonoaudiologia-santiago\/noticias\/2013\/01\/08\/lanzamiento-de-libro-y-celebracion-de-los-40-anos-de-la-fonoaudiologia-en-chile\/#breadcrumb\"},\"inLanguage\":\"es\",\"potentialAction\":[{\"@type\":\"ReadAction\",\"target\":[\"https:\/\/medicina.udd.cl\/fonoaudiologia-santiago\/noticias\/2013\/01\/08\/lanzamiento-de-libro-y-celebracion-de-los-40-anos-de-la-fonoaudiologia-en-chile\/\"]}]},{\"@type\":\"BreadcrumbList\",\"@id\":\"https:\/\/medicina.udd.cl\/fonoaudiologia-santiago\/noticias\/2013\/01\/08\/lanzamiento-de-libro-y-celebracion-de-los-40-anos-de-la-fonoaudiologia-en-chile\/#breadcrumb\",\"itemListElement\":[{\"@type\":\"ListItem\",\"position\":1,\"name\":\"Home\",\"item\":\"https:\/\/medicina.udd.cl\/fonoaudiologia-santiago\/\"},{\"@type\":\"ListItem\",\"position\":2,\"name\":\"Lanzamiento de libro y celebraci\u00f3n de los 40 a\u00f1os de la Fonoaudiolog\u00eda en Chile\"}]},{\"@type\":\"WebSite\",\"@id\":\"https:\/\/medicina.udd.cl\/fonoaudiologia-santiago\/#website\",\"url\":\"https:\/\/medicina.udd.cl\/fonoaudiologia-santiago\/\",\"name\":\"Fonoaudiolog\u00eda\",\"description\":\"Facultad de Medicina Cl\u00ednica Alemana Universidad del Desarrollo\",\"inLanguage\":\"es\"},{\"@type\":\"Person\",\"@id\":\"https:\/\/medicina.udd.cl\/fonoaudiologia-santiago\/#\/schema\/person\/f7abfa784c86da427e89287831f96ab7\",\"name\":\"admin\",\"image\":{\"@type\":\"ImageObject\",\"inLanguage\":\"es\",\"@id\":\"https:\/\/medicina.udd.cl\/fonoaudiologia-santiago\/#\/schema\/person\/image\/\",\"url\":\"https:\/\/secure.gravatar.com\/avatar\/3cb6da298954dfb54457c0910b8c9ca010abd8d87a60f7d701b6ce4254e1c642?s=96&d=mm&r=g\",\"contentUrl\":\"https:\/\/secure.gravatar.com\/avatar\/3cb6da298954dfb54457c0910b8c9ca010abd8d87a60f7d701b6ce4254e1c642?s=96&d=mm&r=g\",\"caption\":\"admin\"},\"url\":\"https:\/\/medicina.udd.cl\/fonoaudiologia-santiago\/noticias\/author\/admin\/\"}]}<\/script>\n<!-- \/ Yoast SEO plugin. -->","yoast_head_json":{"title":"Lanzamiento de libro y celebraci\u00f3n de los 40 a\u00f1os de la Fonoaudiolog\u00eda en Chile","robots":{"index":"index","follow":"follow","max-snippet":"max-snippet:-1","max-image-preview":"max-image-preview:large","max-video-preview":"max-video-preview:-1"},"canonical":"https:\/\/medicina.udd.cl\/fonoaudiologia-santiago\/noticias\/2013\/01\/08\/lanzamiento-de-libro-y-celebracion-de-los-40-anos-de-la-fonoaudiologia-en-chile\/","og_locale":"es_ES","og_type":"article","og_title":"Lanzamiento de libro y celebraci\u00f3n de los 40 a\u00f1os de la Fonoaudiolog\u00eda en Chile","og_description":"El libro cuenta con un cap\u00edtulo de Mar\u00eda Ang\u00e9lica L\u00f3pez.","og_url":"https:\/\/medicina.udd.cl\/fonoaudiologia-santiago\/noticias\/2013\/01\/08\/lanzamiento-de-libro-y-celebracion-de-los-40-anos-de-la-fonoaudiologia-en-chile\/","og_site_name":"Fonoaudiolog\u00eda","article_published_time":"2013-01-08T18:23:34+00:00","og_image":[{"url":"https:\/\/medicina.udd.cl\/fonoaudiologia-santiago\/files\/2013\/01\/40-a\u00f1os-de-la-Fonoaudiolog\u00eda.jpg","type":"","width":"","height":""}],"author":"admin","twitter_misc":{"Escrito por":"admin"},"schema":{"@context":"https:\/\/schema.org","@graph":[{"@type":"Article","@id":"https:\/\/medicina.udd.cl\/fonoaudiologia-santiago\/noticias\/2013\/01\/08\/lanzamiento-de-libro-y-celebracion-de-los-40-anos-de-la-fonoaudiologia-en-chile\/#article","isPartOf":{"@id":"https:\/\/medicina.udd.cl\/fonoaudiologia-santiago\/noticias\/2013\/01\/08\/lanzamiento-de-libro-y-celebracion-de-los-40-anos-de-la-fonoaudiologia-en-chile\/"},"author":{"name":"admin","@id":"https:\/\/medicina.udd.cl\/fonoaudiologia-santiago\/#\/schema\/person\/f7abfa784c86da427e89287831f96ab7"},"headline":"Lanzamiento de libro y celebraci\u00f3n de los 40 a\u00f1os de la Fonoaudiolog\u00eda en Chile","datePublished":"2013-01-08T18:23:34+00:00","mainEntityOfPage":{"@id":"https:\/\/medicina.udd.cl\/fonoaudiologia-santiago\/noticias\/2013\/01\/08\/lanzamiento-de-libro-y-celebracion-de-los-40-anos-de-la-fonoaudiologia-en-chile\/"},"wordCount":106,"articleSection":["Noticias"],"inLanguage":"es"},{"@type":"WebPage","@id":"https:\/\/medicina.udd.cl\/fonoaudiologia-santiago\/noticias\/2013\/01\/08\/lanzamiento-de-libro-y-celebracion-de-los-40-anos-de-la-fonoaudiologia-en-chile\/","url":"https:\/\/medicina.udd.cl\/fonoaudiologia-santiago\/noticias\/2013\/01\/08\/lanzamiento-de-libro-y-celebracion-de-los-40-anos-de-la-fonoaudiologia-en-chile\/","name":"Lanzamiento de libro y celebraci\u00f3n de los 40 a\u00f1os de la Fonoaudiolog\u00eda en Chile","isPartOf":{"@id":"https:\/\/medicina.udd.cl\/fonoaudiologia-santiago\/#website"},"datePublished":"2013-01-08T18:23:34+00:00","author":{"@id":"https:\/\/medicina.udd.cl\/fonoaudiologia-santiago\/#\/schema\/person\/f7abfa784c86da427e89287831f96ab7"},"breadcrumb":{"@id":"https:\/\/medicina.udd.cl\/fonoaudiologia-santiago\/noticias\/2013\/01\/08\/lanzamiento-de-libro-y-celebracion-de-los-40-anos-de-la-fonoaudiologia-en-chile\/#breadcrumb"},"inLanguage":"es","potentialAction":[{"@type":"ReadAction","target":["https:\/\/medicina.udd.cl\/fonoaudiologia-santiago\/noticias\/2013\/01\/08\/lanzamiento-de-libro-y-celebracion-de-los-40-anos-de-la-fonoaudiologia-en-chile\/"]}]},{"@type":"BreadcrumbList","@id":"https:\/\/medicina.udd.cl\/fonoaudiologia-santiago\/noticias\/2013\/01\/08\/lanzamiento-de-libro-y-celebracion-de-los-40-anos-de-la-fonoaudiologia-en-chile\/#breadcrumb","itemListElement":[{"@type":"ListItem","position":1,"name":"Home","item":"https:\/\/medicina.udd.cl\/fonoaudiologia-santiago\/"},{"@type":"ListItem","position":2,"name":"Lanzamiento de libro y celebraci\u00f3n de los 40 a\u00f1os de la Fonoaudiolog\u00eda en Chile"}]},{"@type":"WebSite","@id":"https:\/\/medicina.udd.cl\/fonoaudiologia-santiago\/#website","url":"https:\/\/medicina.udd.cl\/fonoaudiologia-santiago\/","name":"Fonoaudiolog\u00eda","description":"Facultad de Medicina Cl\u00ednica Alemana Universidad del Desarrollo","inLanguage":"es"},{"@type":"Person","@id":"https:\/\/medicina.udd.cl\/fonoaudiologia-santiago\/#\/schema\/person\/f7abfa784c86da427e89287831f96ab7","name":"admin","image":{"@type":"ImageObject","inLanguage":"es","@id":"https:\/\/medicina.udd.cl\/fonoaudiologia-santiago\/#\/schema\/person\/image\/","url":"https:\/\/secure.gravatar.com\/avatar\/3cb6da298954dfb54457c0910b8c9ca010abd8d87a60f7d701b6ce4254e1c642?s=96&d=mm&r=g","contentUrl":"https:\/\/secure.gravatar.com\/avatar\/3cb6da298954dfb54457c0910b8c9ca010abd8d87a60f7d701b6ce4254e1c642?s=96&d=mm&r=g","caption":"admin"},"url":"https:\/\/medicina.udd.cl\/fonoaudiologia-santiago\/noticias\/author\/admin\/"}]}},"featured_image_url":null,"_links":{"self":[{"href":"https:\/\/medicina.udd.cl\/fonoaudiologia-santiago\/wp-json\/wp\/v2\/posts\/1499","targetHints":{"allow":["GET"]}}],"collection":[{"href":"https:\/\/medicina.udd.cl\/fonoaudiologia-santiago\/wp-json\/wp\/v2\/posts"}],"about":[{"href":"https:\/\/medicina.udd.cl\/fonoaudiologia-santiago\/wp-json\/wp\/v2\/types\/post"}],"author":[{"embeddable":true,"href":"https:\/\/medicina.udd.cl\/fonoaudiologia-santiago\/wp-json\/wp\/v2\/users\/1"}],"replies":[{"embeddable":true,"href":"https:\/\/medicina.udd.cl\/fonoaudiologia-santiago\/wp-json\/wp\/v2\/comments?post=1499"}],"version-history":[{"count":1,"href":"https:\/\/medicina.udd.cl\/fonoaudiologia-santiago\/wp-json\/wp\/v2\/posts\/1499\/revisions"}],"predecessor-version":[{"id":1504,"href":"https:\/\/medicina.udd.cl\/fonoaudiologia-santiago\/wp-json\/wp\/v2\/posts\/1499\/revisions\/1504"}],"wp:attachment":[{"href":"https:\/\/medicina.udd.cl\/fonoaudiologia-santiago\/wp-json\/wp\/v2\/media?parent=1499"}],"wp:term":[{"taxonomy":"category","embeddable":true,"href":"https:\/\/medicina.udd.cl\/fonoaudiologia-santiago\/wp-json\/wp\/v2\/categories?post=1499"},{"taxonomy":"post_tag","embeddable":true,"href":"https:\/\/medicina.udd.cl\/fonoaudiologia-santiago\/wp-json\/wp\/v2\/tags?post=1499"}],"curies":[{"name":"wp","href":"https:\/\/api.w.org\/{rel}","templated":true}]}}