{"id":1528,"date":"2013-01-30T10:01:13","date_gmt":"2013-01-30T13:01:13","guid":{"rendered":"http:\/\/medicina.udd.cl\/fonoaudiologia-santiago\/?p=1528"},"modified":"2013-01-30T10:01:37","modified_gmt":"2013-01-30T13:01:37","slug":"angelica-lopez-participa-en-workshop-sobre-deglucion","status":"publish","type":"post","link":"https:\/\/medicina.udd.cl\/fonoaudiologia-santiago\/noticias\/2013\/01\/30\/angelica-lopez-participa-en-workshop-sobre-deglucion\/","title":{"rendered":"Ang\u00e9lica L\u00f3pez participa en Workshop sobre Degluci\u00f3n"},"content":{"rendered":"<div id=\"gallery-1\" class=\"carousel slide carousel-gallery\" data-ride=\"false\" data-interval=\"false\"><div class=\"carousel-inner\" role=\"listbox\"><figure class=\"carousel-item active\"><img loading=\"lazy\" decoding=\"async\" width=\"500\" height=\"375\" src=\"https:\/\/medicina.udd.cl\/fonoaudiologia-santiago\/files\/2013\/01\/Catriona-Steel-y-M.Ang\u00e9lica-L\u00f3pez.jpg\" class=\"attachment-landscape_952 size-landscape_952\" alt=\"\" srcset=\"https:\/\/medicina.udd.cl\/fonoaudiologia-santiago\/files\/2013\/01\/Catriona-Steel-y-M.Ang\u00e9lica-L\u00f3pez.jpg 500w, https:\/\/medicina.udd.cl\/fonoaudiologia-santiago\/files\/2013\/01\/Catriona-Steel-y-M.Ang\u00e9lica-L\u00f3pez-300x225.jpg 300w\" sizes=\"auto, (max-width: 500px) 100vw, 500px\" \/><\/figure><figure class=\"carousel-item\"><img loading=\"lazy\" decoding=\"async\" width=\"500\" height=\"375\" src=\"https:\/\/medicina.udd.cl\/fonoaudiologia-santiago\/files\/2013\/01\/WORKSHOP-DEGLUCI\u00d3N-CONCEPCI\u00d3N.jpg\" class=\"attachment-landscape_952 size-landscape_952\" alt=\"\" srcset=\"https:\/\/medicina.udd.cl\/fonoaudiologia-santiago\/files\/2013\/01\/WORKSHOP-DEGLUCI\u00d3N-CONCEPCI\u00d3N.jpg 500w, https:\/\/medicina.udd.cl\/fonoaudiologia-santiago\/files\/2013\/01\/WORKSHOP-DEGLUCI\u00d3N-CONCEPCI\u00d3N-300x225.jpg 300w\" sizes=\"auto, (max-width: 500px) 100vw, 500px\" \/><\/figure><figure class=\"carousel-item\"><img loading=\"lazy\" decoding=\"async\" width=\"712\" height=\"534\" src=\"https:\/\/medicina.udd.cl\/fonoaudiologia-santiago\/files\/2013\/01\/Degluci\u00f3n.jpg\" class=\"attachment-landscape_952 size-landscape_952\" alt=\"\" srcset=\"https:\/\/medicina.udd.cl\/fonoaudiologia-santiago\/files\/2013\/01\/Degluci\u00f3n.jpg 3264w, https:\/\/medicina.udd.cl\/fonoaudiologia-santiago\/files\/2013\/01\/Degluci\u00f3n-300x225.jpg 300w, https:\/\/medicina.udd.cl\/fonoaudiologia-santiago\/files\/2013\/01\/Degluci\u00f3n-768x576.jpg 768w, https:\/\/medicina.udd.cl\/fonoaudiologia-santiago\/files\/2013\/01\/Degluci\u00f3n-1024x768.jpg 1024w, https:\/\/medicina.udd.cl\/fonoaudiologia-santiago\/files\/2013\/01\/Degluci\u00f3n-960x720.jpg 960w\" sizes=\"auto, (max-width: 712px) 100vw, 712px\" \/><\/figure><\/div><footer class=\"carousel-footer\"><div class=\"carousel-counter\"><span class=\"carousel-counter-current\"><\/span> \/ <span class=\"carousel-counter-total\"><\/span><\/div><a class=\"carousel-control-prev\" href=\"#gallery-1\" role=\"button\" data-slide=\"prev\"><svg aria-hidden=\"true\" class=\"svg-chevron-left-dims\"><use xlink:href='https:\/\/medicina.udd.cl\/fonoaudiologia-santiago\/wp-content\/themes\/facultades-2018\/assets\/img\/svg\/dist\/main.svg?version=1695853099#chevron-left'><\/use><\/svg><span class=\"sr-only\">Anterior<\/span><\/a><a class=\"carousel-control-next\" href=\"#gallery-1\" role=\"button\" data-slide=\"next\"><svg aria-hidden=\"true\" class=\"svg-chevron-right-dims\"><use xlink:href='https:\/\/medicina.udd.cl\/fonoaudiologia-santiago\/wp-content\/themes\/facultades-2018\/assets\/img\/svg\/dist\/main.svg?version=1695853099#chevron-right'><\/use><\/svg><span class=\"sr-only\">Siguiente<\/span><\/a><\/footer><\/div>\n<p>Con el objetivo de<strong> <\/strong>revisar y actualizar la informaci\u00f3n de la fisiolog\u00eda de la degluci\u00f3n la carrera de <strong>Fonoaudiolog\u00eda<\/strong> de nuestra Universidad, sede Concepci\u00f3n, organiz\u00f3 el primer <strong>Workshop sobre Degluci\u00f3n<\/strong>, actividad que cont\u00f3 con la participaci\u00f3n de \u00a0la\u00a0fonoaudi\u00f3loga canadiense Catriona Steele, <a href=\"http:\/\/www.srrltri.ca\/\">Directora del Laboratorio de Investigaci\u00f3n del \u00e1rea de Rehabilitaci\u00f3n de la degluci\u00f3n en el Instituto de Rehabilitaci\u00f3n de Toronto<\/a>,\u00a0y la activa colaboraci\u00f3n de Mar\u00eda Ang\u00e9lica L\u00f3pez, Directora de la carrera de Fonoaudiolog\u00eda de la Facultad de Medicina Cl\u00ednica\u00a0Alemana\u00a0Universidad del Desarrollo.<\/p>\n<p>Los asistentes participaron en pasos pr\u00e1cticos, como el an\u00e1lisis de casos, donde pudieron llevar a cabo toda la teor\u00eda aprendida. Tambi\u00e9n se realizaron exposiciones sobre evaluaci\u00f3n cl\u00ednica de la degluci\u00f3n, la videofluroscop\u00eda como herramienta para determinar la patofisiolog\u00eda y las t\u00e9cnicas de estimulaci\u00f3n como parte de la intervenci\u00f3n.<\/p>\n<p>Cabe destacar que la expositora, Catriona M. Steele, es Directora del Laboratorio de Investigaci\u00f3n del \u00e1rea Rehabilitaci\u00f3n de la degluci\u00f3n en el Instituto de Rehabilitaci\u00f3n de Toronto y docente del departamento de Speech-Language Pathology de la Universidad de Toronto. Asimismo,es partidaria \u00a0de la pr\u00e1ctica de la fonoaudiolog\u00eda basada en la evidencia, por ello su experiencia docente incluye trabajo directo, cursos a distancia, workshop (cursos te\u00f3ricos pr\u00e1cticos) y lectura socializada en diferentes pa\u00edses (North America, Europe, Asia, New Zealand and Australia).<\/p>\n","protected":false},"excerpt":{"rendered":"<p>Con el objetivo de revisar y actualizar la informaci\u00f3n de la fisiolog\u00eda de la degluci\u00f3n la carrera de Fonoaudiolog\u00eda de nuestra Universidad, sede Concepci\u00f3n, organiz\u00f3 el primer Workshop sobre Degluci\u00f3n, actividad que cont\u00f3 con la participaci\u00f3n de \u00a0la\u00a0fonoaudi\u00f3loga canadiense Catriona Steele, Directora del Laboratorio de Investigaci\u00f3n del \u00e1rea de Rehabilitaci\u00f3n de la degluci\u00f3n en el [&hellip;]<\/p>\n","protected":false},"author":1,"featured_media":0,"comment_status":"closed","ping_status":"closed","sticky":false,"template":"","format":"standard","meta":{"footnotes":""},"categories":[4],"tags":[],"class_list":["post-1528","post","type-post","status-publish","format-standard","hentry","category-noticias"],"yoast_head":"<!-- This site is optimized with the Yoast SEO plugin v26.9 - https:\/\/yoast.com\/product\/yoast-seo-wordpress\/ -->\n<title>Ang\u00e9lica L\u00f3pez participa en Workshop sobre Degluci\u00f3n<\/title>\n<meta name=\"description\" content=\"Particip\u00f3 Catriona Steele, y Mar\u00eda Ang\u00e9lica L\u00f3pez, Directora de la carrera de Fonoaudiolog\u00eda de la Facultad de Medicina Cl\u00ednica Alemana Universidad del Desarrollo.\" \/>\n<meta name=\"robots\" content=\"index, follow, max-snippet:-1, max-image-preview:large, max-video-preview:-1\" \/>\n<link rel=\"canonical\" href=\"https:\/\/medicina.udd.cl\/fonoaudiologia-santiago\/noticias\/2013\/01\/30\/angelica-lopez-participa-en-workshop-sobre-deglucion\/\" \/>\n<meta property=\"og:locale\" content=\"es_ES\" \/>\n<meta property=\"og:type\" content=\"article\" \/>\n<meta property=\"og:title\" content=\"Ang\u00e9lica L\u00f3pez participa en Workshop sobre Degluci\u00f3n\" \/>\n<meta property=\"og:description\" content=\"Particip\u00f3 Catriona Steele, y Mar\u00eda Ang\u00e9lica L\u00f3pez, Directora de la carrera de Fonoaudiolog\u00eda de la Facultad de Medicina Cl\u00ednica Alemana Universidad del Desarrollo.\" \/>\n<meta property=\"og:url\" content=\"https:\/\/medicina.udd.cl\/fonoaudiologia-santiago\/noticias\/2013\/01\/30\/angelica-lopez-participa-en-workshop-sobre-deglucion\/\" \/>\n<meta property=\"og:site_name\" content=\"Fonoaudiolog\u00eda\" \/>\n<meta property=\"article:published_time\" content=\"2013-01-30T13:01:13+00:00\" \/>\n<meta property=\"article:modified_time\" content=\"2013-01-30T13:01:37+00:00\" \/>\n<meta property=\"og:image\" content=\"https:\/\/medicina.udd.cl\/fonoaudiologia-santiago\/files\/2013\/01\/Catriona-Steel-y-M.Ang\u00e9lica-L\u00f3pez.jpg\" \/>\n<meta name=\"author\" content=\"admin\" \/>\n<meta name=\"twitter:label1\" content=\"Escrito por\" \/>\n\t<meta name=\"twitter:data1\" content=\"admin\" \/>\n\t<meta name=\"twitter:label2\" content=\"Tiempo de lectura\" \/>\n\t<meta name=\"twitter:data2\" content=\"1 minuto\" \/>\n<script type=\"application\/ld+json\" class=\"yoast-schema-graph\">{\"@context\":\"https:\/\/schema.org\",\"@graph\":[{\"@type\":\"Article\",\"@id\":\"https:\/\/medicina.udd.cl\/fonoaudiologia-santiago\/noticias\/2013\/01\/30\/angelica-lopez-participa-en-workshop-sobre-deglucion\/#article\",\"isPartOf\":{\"@id\":\"https:\/\/medicina.udd.cl\/fonoaudiologia-santiago\/noticias\/2013\/01\/30\/angelica-lopez-participa-en-workshop-sobre-deglucion\/\"},\"author\":{\"name\":\"admin\",\"@id\":\"https:\/\/medicina.udd.cl\/fonoaudiologia-santiago\/#\/schema\/person\/f7abfa784c86da427e89287831f96ab7\"},\"headline\":\"Ang\u00e9lica L\u00f3pez participa en Workshop sobre Degluci\u00f3n\",\"datePublished\":\"2013-01-30T13:01:13+00:00\",\"dateModified\":\"2013-01-30T13:01:37+00:00\",\"mainEntityOfPage\":{\"@id\":\"https:\/\/medicina.udd.cl\/fonoaudiologia-santiago\/noticias\/2013\/01\/30\/angelica-lopez-participa-en-workshop-sobre-deglucion\/\"},\"wordCount\":264,\"articleSection\":[\"Noticias\"],\"inLanguage\":\"es\"},{\"@type\":\"WebPage\",\"@id\":\"https:\/\/medicina.udd.cl\/fonoaudiologia-santiago\/noticias\/2013\/01\/30\/angelica-lopez-participa-en-workshop-sobre-deglucion\/\",\"url\":\"https:\/\/medicina.udd.cl\/fonoaudiologia-santiago\/noticias\/2013\/01\/30\/angelica-lopez-participa-en-workshop-sobre-deglucion\/\",\"name\":\"Ang\u00e9lica L\u00f3pez participa en Workshop sobre Degluci\u00f3n\",\"isPartOf\":{\"@id\":\"https:\/\/medicina.udd.cl\/fonoaudiologia-santiago\/#website\"},\"datePublished\":\"2013-01-30T13:01:13+00:00\",\"dateModified\":\"2013-01-30T13:01:37+00:00\",\"author\":{\"@id\":\"https:\/\/medicina.udd.cl\/fonoaudiologia-santiago\/#\/schema\/person\/f7abfa784c86da427e89287831f96ab7\"},\"description\":\"Particip\u00f3 Catriona Steele, y Mar\u00eda Ang\u00e9lica L\u00f3pez, Directora de la carrera de Fonoaudiolog\u00eda de la Facultad de Medicina Cl\u00ednica Alemana Universidad del Desarrollo.\",\"breadcrumb\":{\"@id\":\"https:\/\/medicina.udd.cl\/fonoaudiologia-santiago\/noticias\/2013\/01\/30\/angelica-lopez-participa-en-workshop-sobre-deglucion\/#breadcrumb\"},\"inLanguage\":\"es\",\"potentialAction\":[{\"@type\":\"ReadAction\",\"target\":[\"https:\/\/medicina.udd.cl\/fonoaudiologia-santiago\/noticias\/2013\/01\/30\/angelica-lopez-participa-en-workshop-sobre-deglucion\/\"]}]},{\"@type\":\"BreadcrumbList\",\"@id\":\"https:\/\/medicina.udd.cl\/fonoaudiologia-santiago\/noticias\/2013\/01\/30\/angelica-lopez-participa-en-workshop-sobre-deglucion\/#breadcrumb\",\"itemListElement\":[{\"@type\":\"ListItem\",\"position\":1,\"name\":\"Home\",\"item\":\"https:\/\/medicina.udd.cl\/fonoaudiologia-santiago\/\"},{\"@type\":\"ListItem\",\"position\":2,\"name\":\"Ang\u00e9lica L\u00f3pez participa en Workshop sobre Degluci\u00f3n\"}]},{\"@type\":\"WebSite\",\"@id\":\"https:\/\/medicina.udd.cl\/fonoaudiologia-santiago\/#website\",\"url\":\"https:\/\/medicina.udd.cl\/fonoaudiologia-santiago\/\",\"name\":\"Fonoaudiolog\u00eda\",\"description\":\"Facultad de Medicina Cl\u00ednica Alemana Universidad del Desarrollo\",\"inLanguage\":\"es\"},{\"@type\":\"Person\",\"@id\":\"https:\/\/medicina.udd.cl\/fonoaudiologia-santiago\/#\/schema\/person\/f7abfa784c86da427e89287831f96ab7\",\"name\":\"admin\",\"image\":{\"@type\":\"ImageObject\",\"inLanguage\":\"es\",\"@id\":\"https:\/\/medicina.udd.cl\/fonoaudiologia-santiago\/#\/schema\/person\/image\/\",\"url\":\"https:\/\/secure.gravatar.com\/avatar\/3cb6da298954dfb54457c0910b8c9ca010abd8d87a60f7d701b6ce4254e1c642?s=96&d=mm&r=g\",\"contentUrl\":\"https:\/\/secure.gravatar.com\/avatar\/3cb6da298954dfb54457c0910b8c9ca010abd8d87a60f7d701b6ce4254e1c642?s=96&d=mm&r=g\",\"caption\":\"admin\"},\"url\":\"https:\/\/medicina.udd.cl\/fonoaudiologia-santiago\/noticias\/author\/admin\/\"}]}<\/script>\n<!-- \/ Yoast SEO plugin. -->","yoast_head_json":{"title":"Ang\u00e9lica L\u00f3pez participa en Workshop sobre Degluci\u00f3n","description":"Particip\u00f3 Catriona Steele, y Mar\u00eda Ang\u00e9lica L\u00f3pez, Directora de la carrera de Fonoaudiolog\u00eda de la Facultad de Medicina Cl\u00ednica Alemana Universidad del Desarrollo.","robots":{"index":"index","follow":"follow","max-snippet":"max-snippet:-1","max-image-preview":"max-image-preview:large","max-video-preview":"max-video-preview:-1"},"canonical":"https:\/\/medicina.udd.cl\/fonoaudiologia-santiago\/noticias\/2013\/01\/30\/angelica-lopez-participa-en-workshop-sobre-deglucion\/","og_locale":"es_ES","og_type":"article","og_title":"Ang\u00e9lica L\u00f3pez participa en Workshop sobre Degluci\u00f3n","og_description":"Particip\u00f3 Catriona Steele, y Mar\u00eda Ang\u00e9lica L\u00f3pez, Directora de la carrera de Fonoaudiolog\u00eda de la Facultad de Medicina Cl\u00ednica Alemana Universidad del Desarrollo.","og_url":"https:\/\/medicina.udd.cl\/fonoaudiologia-santiago\/noticias\/2013\/01\/30\/angelica-lopez-participa-en-workshop-sobre-deglucion\/","og_site_name":"Fonoaudiolog\u00eda","article_published_time":"2013-01-30T13:01:13+00:00","article_modified_time":"2013-01-30T13:01:37+00:00","og_image":[{"url":"https:\/\/medicina.udd.cl\/fonoaudiologia-santiago\/files\/2013\/01\/Catriona-Steel-y-M.Ang\u00e9lica-L\u00f3pez.jpg","type":"","width":"","height":""}],"author":"admin","twitter_misc":{"Escrito por":"admin","Tiempo de lectura":"1 minuto"},"schema":{"@context":"https:\/\/schema.org","@graph":[{"@type":"Article","@id":"https:\/\/medicina.udd.cl\/fonoaudiologia-santiago\/noticias\/2013\/01\/30\/angelica-lopez-participa-en-workshop-sobre-deglucion\/#article","isPartOf":{"@id":"https:\/\/medicina.udd.cl\/fonoaudiologia-santiago\/noticias\/2013\/01\/30\/angelica-lopez-participa-en-workshop-sobre-deglucion\/"},"author":{"name":"admin","@id":"https:\/\/medicina.udd.cl\/fonoaudiologia-santiago\/#\/schema\/person\/f7abfa784c86da427e89287831f96ab7"},"headline":"Ang\u00e9lica L\u00f3pez participa en Workshop sobre Degluci\u00f3n","datePublished":"2013-01-30T13:01:13+00:00","dateModified":"2013-01-30T13:01:37+00:00","mainEntityOfPage":{"@id":"https:\/\/medicina.udd.cl\/fonoaudiologia-santiago\/noticias\/2013\/01\/30\/angelica-lopez-participa-en-workshop-sobre-deglucion\/"},"wordCount":264,"articleSection":["Noticias"],"inLanguage":"es"},{"@type":"WebPage","@id":"https:\/\/medicina.udd.cl\/fonoaudiologia-santiago\/noticias\/2013\/01\/30\/angelica-lopez-participa-en-workshop-sobre-deglucion\/","url":"https:\/\/medicina.udd.cl\/fonoaudiologia-santiago\/noticias\/2013\/01\/30\/angelica-lopez-participa-en-workshop-sobre-deglucion\/","name":"Ang\u00e9lica L\u00f3pez participa en Workshop sobre Degluci\u00f3n","isPartOf":{"@id":"https:\/\/medicina.udd.cl\/fonoaudiologia-santiago\/#website"},"datePublished":"2013-01-30T13:01:13+00:00","dateModified":"2013-01-30T13:01:37+00:00","author":{"@id":"https:\/\/medicina.udd.cl\/fonoaudiologia-santiago\/#\/schema\/person\/f7abfa784c86da427e89287831f96ab7"},"description":"Particip\u00f3 Catriona Steele, y Mar\u00eda Ang\u00e9lica L\u00f3pez, Directora de la carrera de Fonoaudiolog\u00eda de la Facultad de Medicina Cl\u00ednica Alemana Universidad del Desarrollo.","breadcrumb":{"@id":"https:\/\/medicina.udd.cl\/fonoaudiologia-santiago\/noticias\/2013\/01\/30\/angelica-lopez-participa-en-workshop-sobre-deglucion\/#breadcrumb"},"inLanguage":"es","potentialAction":[{"@type":"ReadAction","target":["https:\/\/medicina.udd.cl\/fonoaudiologia-santiago\/noticias\/2013\/01\/30\/angelica-lopez-participa-en-workshop-sobre-deglucion\/"]}]},{"@type":"BreadcrumbList","@id":"https:\/\/medicina.udd.cl\/fonoaudiologia-santiago\/noticias\/2013\/01\/30\/angelica-lopez-participa-en-workshop-sobre-deglucion\/#breadcrumb","itemListElement":[{"@type":"ListItem","position":1,"name":"Home","item":"https:\/\/medicina.udd.cl\/fonoaudiologia-santiago\/"},{"@type":"ListItem","position":2,"name":"Ang\u00e9lica L\u00f3pez participa en Workshop sobre Degluci\u00f3n"}]},{"@type":"WebSite","@id":"https:\/\/medicina.udd.cl\/fonoaudiologia-santiago\/#website","url":"https:\/\/medicina.udd.cl\/fonoaudiologia-santiago\/","name":"Fonoaudiolog\u00eda","description":"Facultad de Medicina Cl\u00ednica Alemana Universidad del Desarrollo","inLanguage":"es"},{"@type":"Person","@id":"https:\/\/medicina.udd.cl\/fonoaudiologia-santiago\/#\/schema\/person\/f7abfa784c86da427e89287831f96ab7","name":"admin","image":{"@type":"ImageObject","inLanguage":"es","@id":"https:\/\/medicina.udd.cl\/fonoaudiologia-santiago\/#\/schema\/person\/image\/","url":"https:\/\/secure.gravatar.com\/avatar\/3cb6da298954dfb54457c0910b8c9ca010abd8d87a60f7d701b6ce4254e1c642?s=96&d=mm&r=g","contentUrl":"https:\/\/secure.gravatar.com\/avatar\/3cb6da298954dfb54457c0910b8c9ca010abd8d87a60f7d701b6ce4254e1c642?s=96&d=mm&r=g","caption":"admin"},"url":"https:\/\/medicina.udd.cl\/fonoaudiologia-santiago\/noticias\/author\/admin\/"}]}},"featured_image_url":null,"_links":{"self":[{"href":"https:\/\/medicina.udd.cl\/fonoaudiologia-santiago\/wp-json\/wp\/v2\/posts\/1528","targetHints":{"allow":["GET"]}}],"collection":[{"href":"https:\/\/medicina.udd.cl\/fonoaudiologia-santiago\/wp-json\/wp\/v2\/posts"}],"about":[{"href":"https:\/\/medicina.udd.cl\/fonoaudiologia-santiago\/wp-json\/wp\/v2\/types\/post"}],"author":[{"embeddable":true,"href":"https:\/\/medicina.udd.cl\/fonoaudiologia-santiago\/wp-json\/wp\/v2\/users\/1"}],"replies":[{"embeddable":true,"href":"https:\/\/medicina.udd.cl\/fonoaudiologia-santiago\/wp-json\/wp\/v2\/comments?post=1528"}],"version-history":[{"count":2,"href":"https:\/\/medicina.udd.cl\/fonoaudiologia-santiago\/wp-json\/wp\/v2\/posts\/1528\/revisions"}],"predecessor-version":[{"id":1533,"href":"https:\/\/medicina.udd.cl\/fonoaudiologia-santiago\/wp-json\/wp\/v2\/posts\/1528\/revisions\/1533"}],"wp:attachment":[{"href":"https:\/\/medicina.udd.cl\/fonoaudiologia-santiago\/wp-json\/wp\/v2\/media?parent=1528"}],"wp:term":[{"taxonomy":"category","embeddable":true,"href":"https:\/\/medicina.udd.cl\/fonoaudiologia-santiago\/wp-json\/wp\/v2\/categories?post=1528"},{"taxonomy":"post_tag","embeddable":true,"href":"https:\/\/medicina.udd.cl\/fonoaudiologia-santiago\/wp-json\/wp\/v2\/tags?post=1528"}],"curies":[{"name":"wp","href":"https:\/\/api.w.org\/{rel}","templated":true}]}}