{"id":1538,"date":"2013-03-25T09:41:06","date_gmt":"2013-03-25T13:41:06","guid":{"rendered":"http:\/\/medicina.udd.cl\/fonoaudiologia-santiago\/?p=1538"},"modified":"2013-03-25T09:45:36","modified_gmt":"2013-03-25T13:45:36","slug":"catalina-valenzuela-y-su-practiva-voluntaria-en-chiloe","status":"publish","type":"post","link":"https:\/\/medicina.udd.cl\/fonoaudiologia-santiago\/noticias\/2013\/03\/25\/catalina-valenzuela-y-su-practiva-voluntaria-en-chiloe\/","title":{"rendered":"Catalina Valenzuela y su pr\u00e1ctica voluntaria en Chilo\u00e9"},"content":{"rendered":"<div id=\"gallery-1\" class=\"carousel slide carousel-gallery\" data-ride=\"false\" data-interval=\"false\"><div class=\"carousel-inner\" role=\"listbox\"><figure class=\"carousel-item active\"><img loading=\"lazy\" decoding=\"async\" width=\"400\" height=\"300\" src=\"https:\/\/medicina.udd.cl\/fonoaudiologia-santiago\/files\/2013\/03\/Chiloe.jpg\" class=\"attachment-landscape_952 size-landscape_952\" alt=\"\" srcset=\"https:\/\/medicina.udd.cl\/fonoaudiologia-santiago\/files\/2013\/03\/Chiloe.jpg 400w, https:\/\/medicina.udd.cl\/fonoaudiologia-santiago\/files\/2013\/03\/Chiloe-300x225.jpg 300w\" sizes=\"auto, (max-width: 400px) 100vw, 400px\" \/><\/figure><figure class=\"carousel-item\"><img loading=\"lazy\" decoding=\"async\" width=\"500\" height=\"333\" src=\"https:\/\/medicina.udd.cl\/fonoaudiologia-santiago\/files\/2013\/03\/Chiloe1.jpg\" class=\"attachment-landscape_952 size-landscape_952\" alt=\"\" srcset=\"https:\/\/medicina.udd.cl\/fonoaudiologia-santiago\/files\/2013\/03\/Chiloe1.jpg 500w, https:\/\/medicina.udd.cl\/fonoaudiologia-santiago\/files\/2013\/03\/Chiloe1-300x200.jpg 300w\" sizes=\"auto, (max-width: 500px) 100vw, 500px\" \/><\/figure><figure class=\"carousel-item\"><img loading=\"lazy\" decoding=\"async\" width=\"479\" height=\"500\" src=\"https:\/\/medicina.udd.cl\/fonoaudiologia-santiago\/files\/2013\/03\/Chiloe2.jpg\" class=\"attachment-landscape_952 size-landscape_952\" alt=\"\" srcset=\"https:\/\/medicina.udd.cl\/fonoaudiologia-santiago\/files\/2013\/03\/Chiloe2.jpg 479w, https:\/\/medicina.udd.cl\/fonoaudiologia-santiago\/files\/2013\/03\/Chiloe2-287x300.jpg 287w\" sizes=\"auto, (max-width: 479px) 100vw, 479px\" \/><\/figure><\/div><footer class=\"carousel-footer\"><div class=\"carousel-counter\"><span class=\"carousel-counter-current\"><\/span> \/ <span class=\"carousel-counter-total\"><\/span><\/div><a class=\"carousel-control-prev\" href=\"#gallery-1\" role=\"button\" data-slide=\"prev\"><svg aria-hidden=\"true\" class=\"svg-chevron-left-dims\"><use xlink:href='https:\/\/medicina.udd.cl\/fonoaudiologia-santiago\/wp-content\/themes\/facultades-2018\/assets\/img\/svg\/dist\/main.svg?version=1695853099#chevron-left'><\/use><\/svg><span class=\"sr-only\">Anterior<\/span><\/a><a class=\"carousel-control-next\" href=\"#gallery-1\" role=\"button\" data-slide=\"next\"><svg aria-hidden=\"true\" class=\"svg-chevron-right-dims\"><use xlink:href='https:\/\/medicina.udd.cl\/fonoaudiologia-santiago\/wp-content\/themes\/facultades-2018\/assets\/img\/svg\/dist\/main.svg?version=1695853099#chevron-right'><\/use><\/svg><span class=\"sr-only\">Siguiente<\/span><\/a><\/footer><\/div>\n<p>Catalina Valenzuela Balic, Interna de Fonoaudiolog\u00eda, 5to a\u00f1o, es una de las 32 estudiantes de la Facultad de Medicina que en enero pasado iniciaron su <strong>pr\u00e1ctica profesional voluntaria<\/strong>, en seis comunas de la Isla Grande de Chilo\u00e9.<\/p>\n<p>En el caso de Catalina, su estad\u00eda fue en Dalcahue, donde realiz\u00f3, junto a compa\u00f1eros,<strong> l<\/strong><strong>abores de atenci\u00f3n primaria y salud para la comunidad<\/strong>: \u00abFui con dos amigas y compa\u00f1eras de la carrera. En nuestro caso, trabajamos estimulando el lenguaje en ni\u00f1os, hicimos charlas a la comunidad transmitiendo m\u00e9todos para el desarrollo temprano del lenguaje de peque\u00f1os. Tuvimos la posibilidad de evaluar a algunos ni\u00f1os en las visitas rurales que realizamos y pudimos entregar estrategias de apoyo personalizadas para que las mam\u00e1s llevan a cabo con sus hijos\u00bb, se\u00f1ala la futura fonoaudi\u00f3loga.<\/p>\n<p><strong>&#8211; \u00bfHab\u00edas tenido experiencias similares a la que realizaste en Chilo\u00e9?<\/strong><\/p>\n<p>&#8211; S\u00ed, la hab\u00eda tenido en lo que respecta a la evaluaci\u00f3n de ni\u00f1os. Sin embargo, la vivencia de <strong>trabajar en un equipo multidisciplinario<\/strong> y en lugares aislados, donde las personas esperan semanas a profesionales de la salud, fueron novedad para m\u00ed.<\/p>\n<p><strong>&#8211; \u00bfQu\u00e9 esperabas de estos trabajos?<\/strong><\/p>\n<p>&#8211; Esperaba realizar trabajos como los que vivir\u00e9 como fonoaudi\u00f3loga, ense\u00f1ar a las personas de lo que es mi carrera y entregar soluciones a qui\u00e9nes lo necesiten.<\/p>\n<p><strong>&#8211; \u00bfCu\u00e1les fueron tus mayores aprendizajes de estos trabajos?<\/strong><\/p>\n<p>&#8211; Lejos el mayor aprendizaje fue compartir con otras personas en el trabajo diario, a pesar de haber realizado evaluaciones y haber hecho charlas, la din\u00e1mica que se dio en las visitas rurales es algo que no se aprende en Santiago.<\/p>\n<p><strong>&#8211; \u00bfC\u00f3mo fue el trabajo con la gente de la zona?<\/strong><\/p>\n<p>&#8211; La gente siempre fue muy respetuosa y amable, aunque era dif\u00edcil tener pacientes ya que muchos de ellos esperaban semanas al doctor y s\u00f3lo iban a eso, pero con insistencia y ayuda de nuestras compa\u00f1eras pudimos trabajar bien con los pacientes que tuvimos.<\/p>\n<p><strong>&#8211; \u00bfQu\u00e9 tal fue la interacci\u00f3n con los otros estudiantes que asistieron\u00a0 a estos trabajos en Chilo\u00e9?<\/strong><\/p>\n<p>&#8211; \u00a0En nuestro grupo \u00e9ramos 6. Tres de fonoaudiolog\u00eda y trews de nutrici\u00f3n. Fue una experiencia inolvidable, nos llevamos muy bien desde el principio y nunca tuvimos problemas entre nosotras. Con los dem\u00e1s estudiantes que fueron a trabajos, no tuvimos contacto, debido a que nos encontr\u00e1bamos lejos.<\/p>\n","protected":false},"excerpt":{"rendered":"<p>La pr\u00e1ctica voluntaria permiti\u00f3 a los estudiantes aplicar sus conocimientos y trabajar con realidades y problem\u00e1ticas muy distintas a las que viven en Santiago: \u00abLa primera motivaci\u00f3n fue la de una nueva experiencia y compartir con amigas de otras carreras, en este caso nutrici\u00f3n\u00bb, sostiene.<\/p>\n","protected":false},"author":1,"featured_media":0,"comment_status":"closed","ping_status":"closed","sticky":false,"template":"","format":"standard","meta":{"footnotes":""},"categories":[4],"tags":[],"class_list":["post-1538","post","type-post","status-publish","format-standard","hentry","category-noticias"],"yoast_head":"<!-- This site is optimized with the Yoast SEO plugin v26.9 - https:\/\/yoast.com\/product\/yoast-seo-wordpress\/ -->\n<title>Catalina Valenzuela y su pr\u00e1ctica voluntaria en Chilo\u00e9<\/title>\n<meta name=\"description\" content=\"La pr\u00e1ctica voluntaria permiti\u00f3 a los estudiantes aplicar sus conocimientos y trabajar con realidades y problem\u00e1ticas muy distintas a las que viven en Santiago: &quot;La primera motivaci\u00f3n fue la de una nueva experiencia y compartir con amigas de otras carreras, en este caso nutrici\u00f3n&quot;, sostiene.\" \/>\n<meta name=\"robots\" content=\"index, follow, max-snippet:-1, max-image-preview:large, max-video-preview:-1\" \/>\n<link rel=\"canonical\" href=\"https:\/\/medicina.udd.cl\/fonoaudiologia-santiago\/noticias\/2013\/03\/25\/catalina-valenzuela-y-su-practiva-voluntaria-en-chiloe\/\" \/>\n<meta property=\"og:locale\" content=\"es_ES\" \/>\n<meta property=\"og:type\" content=\"article\" \/>\n<meta property=\"og:title\" content=\"Catalina Valenzuela y su pr\u00e1ctica voluntaria en Chilo\u00e9\" \/>\n<meta property=\"og:description\" content=\"La pr\u00e1ctica voluntaria permiti\u00f3 a los estudiantes aplicar sus conocimientos y trabajar con realidades y problem\u00e1ticas muy distintas a las que viven en Santiago: &quot;La primera motivaci\u00f3n fue la de una nueva experiencia y compartir con amigas de otras carreras, en este caso nutrici\u00f3n&quot;, sostiene.\" \/>\n<meta property=\"og:url\" content=\"https:\/\/medicina.udd.cl\/fonoaudiologia-santiago\/noticias\/2013\/03\/25\/catalina-valenzuela-y-su-practiva-voluntaria-en-chiloe\/\" \/>\n<meta property=\"og:site_name\" content=\"Fonoaudiolog\u00eda\" \/>\n<meta property=\"article:published_time\" content=\"2013-03-25T13:41:06+00:00\" \/>\n<meta property=\"article:modified_time\" content=\"2013-03-25T13:45:36+00:00\" \/>\n<meta property=\"og:image\" content=\"https:\/\/medicina.udd.cl\/fonoaudiologia-santiago\/files\/2013\/03\/Chiloe.jpg\" \/>\n<meta name=\"author\" content=\"admin\" \/>\n<meta name=\"twitter:label1\" content=\"Escrito por\" \/>\n\t<meta name=\"twitter:data1\" content=\"admin\" \/>\n\t<meta name=\"twitter:label2\" content=\"Tiempo de lectura\" \/>\n\t<meta name=\"twitter:data2\" content=\"2 minutos\" \/>\n<script type=\"application\/ld+json\" class=\"yoast-schema-graph\">{\"@context\":\"https:\/\/schema.org\",\"@graph\":[{\"@type\":\"Article\",\"@id\":\"https:\/\/medicina.udd.cl\/fonoaudiologia-santiago\/noticias\/2013\/03\/25\/catalina-valenzuela-y-su-practiva-voluntaria-en-chiloe\/#article\",\"isPartOf\":{\"@id\":\"https:\/\/medicina.udd.cl\/fonoaudiologia-santiago\/noticias\/2013\/03\/25\/catalina-valenzuela-y-su-practiva-voluntaria-en-chiloe\/\"},\"author\":{\"name\":\"admin\",\"@id\":\"https:\/\/medicina.udd.cl\/fonoaudiologia-santiago\/#\/schema\/person\/f7abfa784c86da427e89287831f96ab7\"},\"headline\":\"Catalina Valenzuela y su pr\u00e1ctica voluntaria en Chilo\u00e9\",\"datePublished\":\"2013-03-25T13:41:06+00:00\",\"dateModified\":\"2013-03-25T13:45:36+00:00\",\"mainEntityOfPage\":{\"@id\":\"https:\/\/medicina.udd.cl\/fonoaudiologia-santiago\/noticias\/2013\/03\/25\/catalina-valenzuela-y-su-practiva-voluntaria-en-chiloe\/\"},\"wordCount\":425,\"articleSection\":[\"Noticias\"],\"inLanguage\":\"es\"},{\"@type\":\"WebPage\",\"@id\":\"https:\/\/medicina.udd.cl\/fonoaudiologia-santiago\/noticias\/2013\/03\/25\/catalina-valenzuela-y-su-practiva-voluntaria-en-chiloe\/\",\"url\":\"https:\/\/medicina.udd.cl\/fonoaudiologia-santiago\/noticias\/2013\/03\/25\/catalina-valenzuela-y-su-practiva-voluntaria-en-chiloe\/\",\"name\":\"Catalina Valenzuela y su pr\u00e1ctica voluntaria en Chilo\u00e9\",\"isPartOf\":{\"@id\":\"https:\/\/medicina.udd.cl\/fonoaudiologia-santiago\/#website\"},\"datePublished\":\"2013-03-25T13:41:06+00:00\",\"dateModified\":\"2013-03-25T13:45:36+00:00\",\"author\":{\"@id\":\"https:\/\/medicina.udd.cl\/fonoaudiologia-santiago\/#\/schema\/person\/f7abfa784c86da427e89287831f96ab7\"},\"description\":\"La pr\u00e1ctica voluntaria permiti\u00f3 a los estudiantes aplicar sus conocimientos y trabajar con realidades y problem\u00e1ticas muy distintas a las que viven en Santiago: \\\"La primera motivaci\u00f3n fue la de una nueva experiencia y compartir con amigas de otras carreras, en este caso nutrici\u00f3n\\\", sostiene.\",\"breadcrumb\":{\"@id\":\"https:\/\/medicina.udd.cl\/fonoaudiologia-santiago\/noticias\/2013\/03\/25\/catalina-valenzuela-y-su-practiva-voluntaria-en-chiloe\/#breadcrumb\"},\"inLanguage\":\"es\",\"potentialAction\":[{\"@type\":\"ReadAction\",\"target\":[\"https:\/\/medicina.udd.cl\/fonoaudiologia-santiago\/noticias\/2013\/03\/25\/catalina-valenzuela-y-su-practiva-voluntaria-en-chiloe\/\"]}]},{\"@type\":\"BreadcrumbList\",\"@id\":\"https:\/\/medicina.udd.cl\/fonoaudiologia-santiago\/noticias\/2013\/03\/25\/catalina-valenzuela-y-su-practiva-voluntaria-en-chiloe\/#breadcrumb\",\"itemListElement\":[{\"@type\":\"ListItem\",\"position\":1,\"name\":\"Home\",\"item\":\"https:\/\/medicina.udd.cl\/fonoaudiologia-santiago\/\"},{\"@type\":\"ListItem\",\"position\":2,\"name\":\"Catalina Valenzuela y su pr\u00e1ctica voluntaria en Chilo\u00e9\"}]},{\"@type\":\"WebSite\",\"@id\":\"https:\/\/medicina.udd.cl\/fonoaudiologia-santiago\/#website\",\"url\":\"https:\/\/medicina.udd.cl\/fonoaudiologia-santiago\/\",\"name\":\"Fonoaudiolog\u00eda\",\"description\":\"Facultad de Medicina Cl\u00ednica Alemana Universidad del Desarrollo\",\"inLanguage\":\"es\"},{\"@type\":\"Person\",\"@id\":\"https:\/\/medicina.udd.cl\/fonoaudiologia-santiago\/#\/schema\/person\/f7abfa784c86da427e89287831f96ab7\",\"name\":\"admin\",\"image\":{\"@type\":\"ImageObject\",\"inLanguage\":\"es\",\"@id\":\"https:\/\/medicina.udd.cl\/fonoaudiologia-santiago\/#\/schema\/person\/image\/\",\"url\":\"https:\/\/secure.gravatar.com\/avatar\/3cb6da298954dfb54457c0910b8c9ca010abd8d87a60f7d701b6ce4254e1c642?s=96&d=mm&r=g\",\"contentUrl\":\"https:\/\/secure.gravatar.com\/avatar\/3cb6da298954dfb54457c0910b8c9ca010abd8d87a60f7d701b6ce4254e1c642?s=96&d=mm&r=g\",\"caption\":\"admin\"},\"url\":\"https:\/\/medicina.udd.cl\/fonoaudiologia-santiago\/noticias\/author\/admin\/\"}]}<\/script>\n<!-- \/ Yoast SEO plugin. -->","yoast_head_json":{"title":"Catalina Valenzuela y su pr\u00e1ctica voluntaria en Chilo\u00e9","description":"La pr\u00e1ctica voluntaria permiti\u00f3 a los estudiantes aplicar sus conocimientos y trabajar con realidades y problem\u00e1ticas muy distintas a las que viven en Santiago: \"La primera motivaci\u00f3n fue la de una nueva experiencia y compartir con amigas de otras carreras, en este caso nutrici\u00f3n\", sostiene.","robots":{"index":"index","follow":"follow","max-snippet":"max-snippet:-1","max-image-preview":"max-image-preview:large","max-video-preview":"max-video-preview:-1"},"canonical":"https:\/\/medicina.udd.cl\/fonoaudiologia-santiago\/noticias\/2013\/03\/25\/catalina-valenzuela-y-su-practiva-voluntaria-en-chiloe\/","og_locale":"es_ES","og_type":"article","og_title":"Catalina Valenzuela y su pr\u00e1ctica voluntaria en Chilo\u00e9","og_description":"La pr\u00e1ctica voluntaria permiti\u00f3 a los estudiantes aplicar sus conocimientos y trabajar con realidades y problem\u00e1ticas muy distintas a las que viven en Santiago: \"La primera motivaci\u00f3n fue la de una nueva experiencia y compartir con amigas de otras carreras, en este caso nutrici\u00f3n\", sostiene.","og_url":"https:\/\/medicina.udd.cl\/fonoaudiologia-santiago\/noticias\/2013\/03\/25\/catalina-valenzuela-y-su-practiva-voluntaria-en-chiloe\/","og_site_name":"Fonoaudiolog\u00eda","article_published_time":"2013-03-25T13:41:06+00:00","article_modified_time":"2013-03-25T13:45:36+00:00","og_image":[{"url":"https:\/\/medicina.udd.cl\/fonoaudiologia-santiago\/files\/2013\/03\/Chiloe.jpg","type":"","width":"","height":""}],"author":"admin","twitter_misc":{"Escrito por":"admin","Tiempo de lectura":"2 minutos"},"schema":{"@context":"https:\/\/schema.org","@graph":[{"@type":"Article","@id":"https:\/\/medicina.udd.cl\/fonoaudiologia-santiago\/noticias\/2013\/03\/25\/catalina-valenzuela-y-su-practiva-voluntaria-en-chiloe\/#article","isPartOf":{"@id":"https:\/\/medicina.udd.cl\/fonoaudiologia-santiago\/noticias\/2013\/03\/25\/catalina-valenzuela-y-su-practiva-voluntaria-en-chiloe\/"},"author":{"name":"admin","@id":"https:\/\/medicina.udd.cl\/fonoaudiologia-santiago\/#\/schema\/person\/f7abfa784c86da427e89287831f96ab7"},"headline":"Catalina Valenzuela y su pr\u00e1ctica voluntaria en Chilo\u00e9","datePublished":"2013-03-25T13:41:06+00:00","dateModified":"2013-03-25T13:45:36+00:00","mainEntityOfPage":{"@id":"https:\/\/medicina.udd.cl\/fonoaudiologia-santiago\/noticias\/2013\/03\/25\/catalina-valenzuela-y-su-practiva-voluntaria-en-chiloe\/"},"wordCount":425,"articleSection":["Noticias"],"inLanguage":"es"},{"@type":"WebPage","@id":"https:\/\/medicina.udd.cl\/fonoaudiologia-santiago\/noticias\/2013\/03\/25\/catalina-valenzuela-y-su-practiva-voluntaria-en-chiloe\/","url":"https:\/\/medicina.udd.cl\/fonoaudiologia-santiago\/noticias\/2013\/03\/25\/catalina-valenzuela-y-su-practiva-voluntaria-en-chiloe\/","name":"Catalina Valenzuela y su pr\u00e1ctica voluntaria en Chilo\u00e9","isPartOf":{"@id":"https:\/\/medicina.udd.cl\/fonoaudiologia-santiago\/#website"},"datePublished":"2013-03-25T13:41:06+00:00","dateModified":"2013-03-25T13:45:36+00:00","author":{"@id":"https:\/\/medicina.udd.cl\/fonoaudiologia-santiago\/#\/schema\/person\/f7abfa784c86da427e89287831f96ab7"},"description":"La pr\u00e1ctica voluntaria permiti\u00f3 a los estudiantes aplicar sus conocimientos y trabajar con realidades y problem\u00e1ticas muy distintas a las que viven en Santiago: \"La primera motivaci\u00f3n fue la de una nueva experiencia y compartir con amigas de otras carreras, en este caso nutrici\u00f3n\", sostiene.","breadcrumb":{"@id":"https:\/\/medicina.udd.cl\/fonoaudiologia-santiago\/noticias\/2013\/03\/25\/catalina-valenzuela-y-su-practiva-voluntaria-en-chiloe\/#breadcrumb"},"inLanguage":"es","potentialAction":[{"@type":"ReadAction","target":["https:\/\/medicina.udd.cl\/fonoaudiologia-santiago\/noticias\/2013\/03\/25\/catalina-valenzuela-y-su-practiva-voluntaria-en-chiloe\/"]}]},{"@type":"BreadcrumbList","@id":"https:\/\/medicina.udd.cl\/fonoaudiologia-santiago\/noticias\/2013\/03\/25\/catalina-valenzuela-y-su-practiva-voluntaria-en-chiloe\/#breadcrumb","itemListElement":[{"@type":"ListItem","position":1,"name":"Home","item":"https:\/\/medicina.udd.cl\/fonoaudiologia-santiago\/"},{"@type":"ListItem","position":2,"name":"Catalina Valenzuela y su pr\u00e1ctica voluntaria en Chilo\u00e9"}]},{"@type":"WebSite","@id":"https:\/\/medicina.udd.cl\/fonoaudiologia-santiago\/#website","url":"https:\/\/medicina.udd.cl\/fonoaudiologia-santiago\/","name":"Fonoaudiolog\u00eda","description":"Facultad de Medicina Cl\u00ednica Alemana Universidad del Desarrollo","inLanguage":"es"},{"@type":"Person","@id":"https:\/\/medicina.udd.cl\/fonoaudiologia-santiago\/#\/schema\/person\/f7abfa784c86da427e89287831f96ab7","name":"admin","image":{"@type":"ImageObject","inLanguage":"es","@id":"https:\/\/medicina.udd.cl\/fonoaudiologia-santiago\/#\/schema\/person\/image\/","url":"https:\/\/secure.gravatar.com\/avatar\/3cb6da298954dfb54457c0910b8c9ca010abd8d87a60f7d701b6ce4254e1c642?s=96&d=mm&r=g","contentUrl":"https:\/\/secure.gravatar.com\/avatar\/3cb6da298954dfb54457c0910b8c9ca010abd8d87a60f7d701b6ce4254e1c642?s=96&d=mm&r=g","caption":"admin"},"url":"https:\/\/medicina.udd.cl\/fonoaudiologia-santiago\/noticias\/author\/admin\/"}]}},"featured_image_url":null,"_links":{"self":[{"href":"https:\/\/medicina.udd.cl\/fonoaudiologia-santiago\/wp-json\/wp\/v2\/posts\/1538","targetHints":{"allow":["GET"]}}],"collection":[{"href":"https:\/\/medicina.udd.cl\/fonoaudiologia-santiago\/wp-json\/wp\/v2\/posts"}],"about":[{"href":"https:\/\/medicina.udd.cl\/fonoaudiologia-santiago\/wp-json\/wp\/v2\/types\/post"}],"author":[{"embeddable":true,"href":"https:\/\/medicina.udd.cl\/fonoaudiologia-santiago\/wp-json\/wp\/v2\/users\/1"}],"replies":[{"embeddable":true,"href":"https:\/\/medicina.udd.cl\/fonoaudiologia-santiago\/wp-json\/wp\/v2\/comments?post=1538"}],"version-history":[{"count":8,"href":"https:\/\/medicina.udd.cl\/fonoaudiologia-santiago\/wp-json\/wp\/v2\/posts\/1538\/revisions"}],"predecessor-version":[{"id":1550,"href":"https:\/\/medicina.udd.cl\/fonoaudiologia-santiago\/wp-json\/wp\/v2\/posts\/1538\/revisions\/1550"}],"wp:attachment":[{"href":"https:\/\/medicina.udd.cl\/fonoaudiologia-santiago\/wp-json\/wp\/v2\/media?parent=1538"}],"wp:term":[{"taxonomy":"category","embeddable":true,"href":"https:\/\/medicina.udd.cl\/fonoaudiologia-santiago\/wp-json\/wp\/v2\/categories?post=1538"},{"taxonomy":"post_tag","embeddable":true,"href":"https:\/\/medicina.udd.cl\/fonoaudiologia-santiago\/wp-json\/wp\/v2\/tags?post=1538"}],"curies":[{"name":"wp","href":"https:\/\/api.w.org\/{rel}","templated":true}]}}