{"id":1554,"date":"2013-03-27T09:58:10","date_gmt":"2013-03-27T13:58:10","guid":{"rendered":"http:\/\/medicina.udd.cl\/fonoaudiologia-santiago\/?p=1554"},"modified":"2013-03-27T10:04:31","modified_gmt":"2013-03-27T14:04:31","slug":"taller-de-neurodiversidad-y-aceptacion-empoderando-a-padres-para-abogar-por-una-sociedad-mas-inclusiva","status":"publish","type":"post","link":"https:\/\/medicina.udd.cl\/fonoaudiologia-santiago\/noticias\/2013\/03\/27\/taller-de-neurodiversidad-y-aceptacion-empoderando-a-padres-para-abogar-por-una-sociedad-mas-inclusiva\/","title":{"rendered":"Taller de Neurodiversidad y Aceptaci\u00f3n: Empoderando a padres para abogar por una sociedad m\u00e1s inclusiva"},"content":{"rendered":"<p><a href=\"http:\/\/medicina.udd.cl\/fonoaudiologia-santiago\/files\/2013\/03\/Dra.-Cecilia-Breinbauer.jpg\"><img loading=\"lazy\" decoding=\"async\" class=\"alignleft size-full wp-image-1555\" title=\"Dra. Cecilia Breinbauer\" src=\"http:\/\/medicina.udd.cl\/fonoaudiologia-santiago\/files\/2013\/03\/Dra.-Cecilia-Breinbauer.jpg\" alt=\"\" width=\"184\" height=\"184\" srcset=\"https:\/\/medicina.udd.cl\/fonoaudiologia-santiago\/files\/2013\/03\/Dra.-Cecilia-Breinbauer.jpg 184w, https:\/\/medicina.udd.cl\/fonoaudiologia-santiago\/files\/2013\/03\/Dra.-Cecilia-Breinbauer-150x150.jpg 150w, https:\/\/medicina.udd.cl\/fonoaudiologia-santiago\/files\/2013\/03\/Dra.-Cecilia-Breinbauer-62x62.jpg 62w, https:\/\/medicina.udd.cl\/fonoaudiologia-santiago\/files\/2013\/03\/Dra.-Cecilia-Breinbauer-126x126.jpg 126w\" sizes=\"auto, (max-width: 184px) 100vw, 184px\" \/><\/a>En este encuentro participar\u00e1 la Dra. Cecilia Breinbauer, \u00a0m\u00e9dico, psiquiatra infanto-juvenil, especialista en desarrollo de ni\u00f1os y adolescentes, mag\u00edster en salud p\u00fablica; directora del Consejo Interdisciplinario de Trastornos del Desarrollo y el Aprendizaje (ICDL), y directora de la Escuela de Graduados de ICDL. Qui\u00e9n\u00a0compartir\u00e1 con la audiencia los \u00faltimos avances educacionales y de intervenciones centradas en el afecto y en promover la auto-determinaci\u00f3n, destacando las fortalezas y talentos con que cada ni\u00f1o cuenta.<\/p>\n<p>Esta presentaci\u00f3n, abierta al p\u00fablico y gratuita, estar\u00e1 dirigida especialmente a padres de ni\u00f1os con necesidades especiales a causa de trastornos del desarrollo y\/o aprendizaje, tales como autismo, d\u00e9ficit atencional, dislexia, trastorno de integraci\u00f3n sensorial, trastornos complejos del lenguaje y la comunicaci\u00f3n (disfasia), s\u00edndrome de Down y varios otros diagn\u00f3sticos.<\/p>\n<p>Adem\u00e1s, incluir\u00e1 una oportunidad para generar preguntas y establecer di\u00e1logo sobre\u00a0 c\u00f3mo abogar por una sociedad m\u00e1s inclusiva, acogiendo el nuevo concepto de neurodiversidad, y aceptaci\u00f3n,\u00a0 conceptos mucho m\u00e1s poderosos que la simple concientizaci\u00f3n.<\/p>\n<p>Expone:<strong> <a href=\"http:\/\/www.floortime.org\/graduate\/faculty\/documents\/CVCeciliaBreinbauerMDMPH_Nov2008.pdf\">Dra. Cecilia Breinbauer<\/a><\/strong><\/p>\n<p>Invitaci\u00f3n dirigida especialmente a padres de ni\u00f1os con necesidades especiales y p\u00fablico general<\/p>\n<p>Fecha: Domingo 7 de abril.<\/p>\n<p>Horario: 9:00 a 12:00\u00a0horas.<br \/>\nLugar: Aula Magna, Facultad de Medicina Cl\u00ednica Alemana Universidad del Desarrollo.<br \/>\nDirecci\u00f3n: Av. Las Condes 12.438, Lo Barnechea<br \/>\nInscripciones: <a href=\"mailto:sdroppelmann@udd.cl\">sdroppelmann@udd.cl<\/a><br \/>\n<strong>Asistencia gratuita, previa inscripci\u00f3n.<\/strong><\/p>\n<p><strong>Cupos limitados<\/strong><\/p>\n","protected":false},"excerpt":{"rendered":"<p>La carrera de Fonoaudiolog\u00eda de la Facultad de Medicina invita a participar de este taller dirigido a padres, familiares y especialistas en el cuidado de ni\u00f1os con necesidades especiales.<\/p>\n","protected":false},"author":1,"featured_media":0,"comment_status":"closed","ping_status":"closed","sticky":false,"template":"","format":"standard","meta":{"footnotes":""},"categories":[4],"tags":[],"class_list":["post-1554","post","type-post","status-publish","format-standard","hentry","category-noticias"],"yoast_head":"<!-- This site is optimized with the Yoast SEO plugin v26.9 - https:\/\/yoast.com\/product\/yoast-seo-wordpress\/ -->\n<title>Taller de Neurodiversidad y Aceptaci\u00f3n: Empoderando a padres para abogar por una sociedad m\u00e1s inclusiva<\/title>\n<meta name=\"description\" content=\"La carrera de Fonoaudiolog\u00eda de la Facultad de Medicina invita a participar de este taller dirigido a padres, familiares y especialistas en el cuidado de ni\u00f1os con necesidades especiales.\" \/>\n<meta name=\"robots\" content=\"index, follow, max-snippet:-1, max-image-preview:large, max-video-preview:-1\" \/>\n<link rel=\"canonical\" href=\"https:\/\/medicina.udd.cl\/fonoaudiologia-santiago\/noticias\/2013\/03\/27\/taller-de-neurodiversidad-y-aceptacion-empoderando-a-padres-para-abogar-por-una-sociedad-mas-inclusiva\/\" \/>\n<meta property=\"og:locale\" content=\"es_ES\" \/>\n<meta property=\"og:type\" content=\"article\" \/>\n<meta property=\"og:title\" content=\"Taller de Neurodiversidad y Aceptaci\u00f3n: Empoderando a padres para abogar por una sociedad m\u00e1s inclusiva\" \/>\n<meta property=\"og:description\" content=\"La carrera de Fonoaudiolog\u00eda de la Facultad de Medicina invita a participar de este taller dirigido a padres, familiares y especialistas en el cuidado de ni\u00f1os con necesidades especiales.\" \/>\n<meta property=\"og:url\" content=\"https:\/\/medicina.udd.cl\/fonoaudiologia-santiago\/noticias\/2013\/03\/27\/taller-de-neurodiversidad-y-aceptacion-empoderando-a-padres-para-abogar-por-una-sociedad-mas-inclusiva\/\" \/>\n<meta property=\"og:site_name\" content=\"Fonoaudiolog\u00eda\" \/>\n<meta property=\"article:published_time\" content=\"2013-03-27T13:58:10+00:00\" \/>\n<meta property=\"article:modified_time\" content=\"2013-03-27T14:04:31+00:00\" \/>\n<meta property=\"og:image\" content=\"http:\/\/medicina.udd.cl\/fonoaudiologia-santiago\/files\/2013\/03\/Dra.-Cecilia-Breinbauer.jpg\" \/>\n<meta name=\"author\" content=\"admin\" \/>\n<meta name=\"twitter:label1\" content=\"Escrito por\" \/>\n\t<meta name=\"twitter:data1\" content=\"admin\" \/>\n\t<meta name=\"twitter:label2\" content=\"Tiempo de lectura\" \/>\n\t<meta name=\"twitter:data2\" content=\"1 minuto\" \/>\n<script type=\"application\/ld+json\" class=\"yoast-schema-graph\">{\"@context\":\"https:\/\/schema.org\",\"@graph\":[{\"@type\":\"Article\",\"@id\":\"https:\/\/medicina.udd.cl\/fonoaudiologia-santiago\/noticias\/2013\/03\/27\/taller-de-neurodiversidad-y-aceptacion-empoderando-a-padres-para-abogar-por-una-sociedad-mas-inclusiva\/#article\",\"isPartOf\":{\"@id\":\"https:\/\/medicina.udd.cl\/fonoaudiologia-santiago\/noticias\/2013\/03\/27\/taller-de-neurodiversidad-y-aceptacion-empoderando-a-padres-para-abogar-por-una-sociedad-mas-inclusiva\/\"},\"author\":{\"name\":\"admin\",\"@id\":\"https:\/\/medicina.udd.cl\/fonoaudiologia-santiago\/#\/schema\/person\/f7abfa784c86da427e89287831f96ab7\"},\"headline\":\"Taller de Neurodiversidad y Aceptaci\u00f3n: Empoderando a padres para abogar por una sociedad m\u00e1s inclusiva\",\"datePublished\":\"2013-03-27T13:58:10+00:00\",\"dateModified\":\"2013-03-27T14:04:31+00:00\",\"mainEntityOfPage\":{\"@id\":\"https:\/\/medicina.udd.cl\/fonoaudiologia-santiago\/noticias\/2013\/03\/27\/taller-de-neurodiversidad-y-aceptacion-empoderando-a-padres-para-abogar-por-una-sociedad-mas-inclusiva\/\"},\"wordCount\":255,\"image\":{\"@id\":\"https:\/\/medicina.udd.cl\/fonoaudiologia-santiago\/noticias\/2013\/03\/27\/taller-de-neurodiversidad-y-aceptacion-empoderando-a-padres-para-abogar-por-una-sociedad-mas-inclusiva\/#primaryimage\"},\"thumbnailUrl\":\"http:\/\/medicina.udd.cl\/fonoaudiologia-santiago\/files\/2013\/03\/Dra.-Cecilia-Breinbauer.jpg\",\"articleSection\":[\"Noticias\"],\"inLanguage\":\"es\"},{\"@type\":\"WebPage\",\"@id\":\"https:\/\/medicina.udd.cl\/fonoaudiologia-santiago\/noticias\/2013\/03\/27\/taller-de-neurodiversidad-y-aceptacion-empoderando-a-padres-para-abogar-por-una-sociedad-mas-inclusiva\/\",\"url\":\"https:\/\/medicina.udd.cl\/fonoaudiologia-santiago\/noticias\/2013\/03\/27\/taller-de-neurodiversidad-y-aceptacion-empoderando-a-padres-para-abogar-por-una-sociedad-mas-inclusiva\/\",\"name\":\"Taller de Neurodiversidad y Aceptaci\u00f3n: Empoderando a padres para abogar por una sociedad m\u00e1s inclusiva\",\"isPartOf\":{\"@id\":\"https:\/\/medicina.udd.cl\/fonoaudiologia-santiago\/#website\"},\"primaryImageOfPage\":{\"@id\":\"https:\/\/medicina.udd.cl\/fonoaudiologia-santiago\/noticias\/2013\/03\/27\/taller-de-neurodiversidad-y-aceptacion-empoderando-a-padres-para-abogar-por-una-sociedad-mas-inclusiva\/#primaryimage\"},\"image\":{\"@id\":\"https:\/\/medicina.udd.cl\/fonoaudiologia-santiago\/noticias\/2013\/03\/27\/taller-de-neurodiversidad-y-aceptacion-empoderando-a-padres-para-abogar-por-una-sociedad-mas-inclusiva\/#primaryimage\"},\"thumbnailUrl\":\"http:\/\/medicina.udd.cl\/fonoaudiologia-santiago\/files\/2013\/03\/Dra.-Cecilia-Breinbauer.jpg\",\"datePublished\":\"2013-03-27T13:58:10+00:00\",\"dateModified\":\"2013-03-27T14:04:31+00:00\",\"author\":{\"@id\":\"https:\/\/medicina.udd.cl\/fonoaudiologia-santiago\/#\/schema\/person\/f7abfa784c86da427e89287831f96ab7\"},\"description\":\"La carrera de Fonoaudiolog\u00eda de la Facultad de Medicina invita a participar de este taller dirigido a padres, familiares y especialistas en el cuidado de ni\u00f1os con necesidades especiales.\",\"breadcrumb\":{\"@id\":\"https:\/\/medicina.udd.cl\/fonoaudiologia-santiago\/noticias\/2013\/03\/27\/taller-de-neurodiversidad-y-aceptacion-empoderando-a-padres-para-abogar-por-una-sociedad-mas-inclusiva\/#breadcrumb\"},\"inLanguage\":\"es\",\"potentialAction\":[{\"@type\":\"ReadAction\",\"target\":[\"https:\/\/medicina.udd.cl\/fonoaudiologia-santiago\/noticias\/2013\/03\/27\/taller-de-neurodiversidad-y-aceptacion-empoderando-a-padres-para-abogar-por-una-sociedad-mas-inclusiva\/\"]}]},{\"@type\":\"ImageObject\",\"inLanguage\":\"es\",\"@id\":\"https:\/\/medicina.udd.cl\/fonoaudiologia-santiago\/noticias\/2013\/03\/27\/taller-de-neurodiversidad-y-aceptacion-empoderando-a-padres-para-abogar-por-una-sociedad-mas-inclusiva\/#primaryimage\",\"url\":\"http:\/\/medicina.udd.cl\/fonoaudiologia-santiago\/files\/2013\/03\/Dra.-Cecilia-Breinbauer.jpg\",\"contentUrl\":\"http:\/\/medicina.udd.cl\/fonoaudiologia-santiago\/files\/2013\/03\/Dra.-Cecilia-Breinbauer.jpg\"},{\"@type\":\"BreadcrumbList\",\"@id\":\"https:\/\/medicina.udd.cl\/fonoaudiologia-santiago\/noticias\/2013\/03\/27\/taller-de-neurodiversidad-y-aceptacion-empoderando-a-padres-para-abogar-por-una-sociedad-mas-inclusiva\/#breadcrumb\",\"itemListElement\":[{\"@type\":\"ListItem\",\"position\":1,\"name\":\"Home\",\"item\":\"https:\/\/medicina.udd.cl\/fonoaudiologia-santiago\/\"},{\"@type\":\"ListItem\",\"position\":2,\"name\":\"Taller de Neurodiversidad y Aceptaci\u00f3n: Empoderando a padres para abogar por una sociedad m\u00e1s inclusiva\"}]},{\"@type\":\"WebSite\",\"@id\":\"https:\/\/medicina.udd.cl\/fonoaudiologia-santiago\/#website\",\"url\":\"https:\/\/medicina.udd.cl\/fonoaudiologia-santiago\/\",\"name\":\"Fonoaudiolog\u00eda\",\"description\":\"Facultad de Medicina Cl\u00ednica Alemana Universidad del Desarrollo\",\"inLanguage\":\"es\"},{\"@type\":\"Person\",\"@id\":\"https:\/\/medicina.udd.cl\/fonoaudiologia-santiago\/#\/schema\/person\/f7abfa784c86da427e89287831f96ab7\",\"name\":\"admin\",\"image\":{\"@type\":\"ImageObject\",\"inLanguage\":\"es\",\"@id\":\"https:\/\/medicina.udd.cl\/fonoaudiologia-santiago\/#\/schema\/person\/image\/\",\"url\":\"https:\/\/secure.gravatar.com\/avatar\/3cb6da298954dfb54457c0910b8c9ca010abd8d87a60f7d701b6ce4254e1c642?s=96&d=mm&r=g\",\"contentUrl\":\"https:\/\/secure.gravatar.com\/avatar\/3cb6da298954dfb54457c0910b8c9ca010abd8d87a60f7d701b6ce4254e1c642?s=96&d=mm&r=g\",\"caption\":\"admin\"},\"url\":\"https:\/\/medicina.udd.cl\/fonoaudiologia-santiago\/noticias\/author\/admin\/\"}]}<\/script>\n<!-- \/ Yoast SEO plugin. -->","yoast_head_json":{"title":"Taller de Neurodiversidad y Aceptaci\u00f3n: Empoderando a padres para abogar por una sociedad m\u00e1s inclusiva","description":"La carrera de Fonoaudiolog\u00eda de la Facultad de Medicina invita a participar de este taller dirigido a padres, familiares y especialistas en el cuidado de ni\u00f1os con necesidades especiales.","robots":{"index":"index","follow":"follow","max-snippet":"max-snippet:-1","max-image-preview":"max-image-preview:large","max-video-preview":"max-video-preview:-1"},"canonical":"https:\/\/medicina.udd.cl\/fonoaudiologia-santiago\/noticias\/2013\/03\/27\/taller-de-neurodiversidad-y-aceptacion-empoderando-a-padres-para-abogar-por-una-sociedad-mas-inclusiva\/","og_locale":"es_ES","og_type":"article","og_title":"Taller de Neurodiversidad y Aceptaci\u00f3n: Empoderando a padres para abogar por una sociedad m\u00e1s inclusiva","og_description":"La carrera de Fonoaudiolog\u00eda de la Facultad de Medicina invita a participar de este taller dirigido a padres, familiares y especialistas en el cuidado de ni\u00f1os con necesidades especiales.","og_url":"https:\/\/medicina.udd.cl\/fonoaudiologia-santiago\/noticias\/2013\/03\/27\/taller-de-neurodiversidad-y-aceptacion-empoderando-a-padres-para-abogar-por-una-sociedad-mas-inclusiva\/","og_site_name":"Fonoaudiolog\u00eda","article_published_time":"2013-03-27T13:58:10+00:00","article_modified_time":"2013-03-27T14:04:31+00:00","og_image":[{"url":"http:\/\/medicina.udd.cl\/fonoaudiologia-santiago\/files\/2013\/03\/Dra.-Cecilia-Breinbauer.jpg","type":"","width":"","height":""}],"author":"admin","twitter_misc":{"Escrito por":"admin","Tiempo de lectura":"1 minuto"},"schema":{"@context":"https:\/\/schema.org","@graph":[{"@type":"Article","@id":"https:\/\/medicina.udd.cl\/fonoaudiologia-santiago\/noticias\/2013\/03\/27\/taller-de-neurodiversidad-y-aceptacion-empoderando-a-padres-para-abogar-por-una-sociedad-mas-inclusiva\/#article","isPartOf":{"@id":"https:\/\/medicina.udd.cl\/fonoaudiologia-santiago\/noticias\/2013\/03\/27\/taller-de-neurodiversidad-y-aceptacion-empoderando-a-padres-para-abogar-por-una-sociedad-mas-inclusiva\/"},"author":{"name":"admin","@id":"https:\/\/medicina.udd.cl\/fonoaudiologia-santiago\/#\/schema\/person\/f7abfa784c86da427e89287831f96ab7"},"headline":"Taller de Neurodiversidad y Aceptaci\u00f3n: Empoderando a padres para abogar por una sociedad m\u00e1s inclusiva","datePublished":"2013-03-27T13:58:10+00:00","dateModified":"2013-03-27T14:04:31+00:00","mainEntityOfPage":{"@id":"https:\/\/medicina.udd.cl\/fonoaudiologia-santiago\/noticias\/2013\/03\/27\/taller-de-neurodiversidad-y-aceptacion-empoderando-a-padres-para-abogar-por-una-sociedad-mas-inclusiva\/"},"wordCount":255,"image":{"@id":"https:\/\/medicina.udd.cl\/fonoaudiologia-santiago\/noticias\/2013\/03\/27\/taller-de-neurodiversidad-y-aceptacion-empoderando-a-padres-para-abogar-por-una-sociedad-mas-inclusiva\/#primaryimage"},"thumbnailUrl":"http:\/\/medicina.udd.cl\/fonoaudiologia-santiago\/files\/2013\/03\/Dra.-Cecilia-Breinbauer.jpg","articleSection":["Noticias"],"inLanguage":"es"},{"@type":"WebPage","@id":"https:\/\/medicina.udd.cl\/fonoaudiologia-santiago\/noticias\/2013\/03\/27\/taller-de-neurodiversidad-y-aceptacion-empoderando-a-padres-para-abogar-por-una-sociedad-mas-inclusiva\/","url":"https:\/\/medicina.udd.cl\/fonoaudiologia-santiago\/noticias\/2013\/03\/27\/taller-de-neurodiversidad-y-aceptacion-empoderando-a-padres-para-abogar-por-una-sociedad-mas-inclusiva\/","name":"Taller de Neurodiversidad y Aceptaci\u00f3n: Empoderando a padres para abogar por una sociedad m\u00e1s inclusiva","isPartOf":{"@id":"https:\/\/medicina.udd.cl\/fonoaudiologia-santiago\/#website"},"primaryImageOfPage":{"@id":"https:\/\/medicina.udd.cl\/fonoaudiologia-santiago\/noticias\/2013\/03\/27\/taller-de-neurodiversidad-y-aceptacion-empoderando-a-padres-para-abogar-por-una-sociedad-mas-inclusiva\/#primaryimage"},"image":{"@id":"https:\/\/medicina.udd.cl\/fonoaudiologia-santiago\/noticias\/2013\/03\/27\/taller-de-neurodiversidad-y-aceptacion-empoderando-a-padres-para-abogar-por-una-sociedad-mas-inclusiva\/#primaryimage"},"thumbnailUrl":"http:\/\/medicina.udd.cl\/fonoaudiologia-santiago\/files\/2013\/03\/Dra.-Cecilia-Breinbauer.jpg","datePublished":"2013-03-27T13:58:10+00:00","dateModified":"2013-03-27T14:04:31+00:00","author":{"@id":"https:\/\/medicina.udd.cl\/fonoaudiologia-santiago\/#\/schema\/person\/f7abfa784c86da427e89287831f96ab7"},"description":"La carrera de Fonoaudiolog\u00eda de la Facultad de Medicina invita a participar de este taller dirigido a padres, familiares y especialistas en el cuidado de ni\u00f1os con necesidades especiales.","breadcrumb":{"@id":"https:\/\/medicina.udd.cl\/fonoaudiologia-santiago\/noticias\/2013\/03\/27\/taller-de-neurodiversidad-y-aceptacion-empoderando-a-padres-para-abogar-por-una-sociedad-mas-inclusiva\/#breadcrumb"},"inLanguage":"es","potentialAction":[{"@type":"ReadAction","target":["https:\/\/medicina.udd.cl\/fonoaudiologia-santiago\/noticias\/2013\/03\/27\/taller-de-neurodiversidad-y-aceptacion-empoderando-a-padres-para-abogar-por-una-sociedad-mas-inclusiva\/"]}]},{"@type":"ImageObject","inLanguage":"es","@id":"https:\/\/medicina.udd.cl\/fonoaudiologia-santiago\/noticias\/2013\/03\/27\/taller-de-neurodiversidad-y-aceptacion-empoderando-a-padres-para-abogar-por-una-sociedad-mas-inclusiva\/#primaryimage","url":"http:\/\/medicina.udd.cl\/fonoaudiologia-santiago\/files\/2013\/03\/Dra.-Cecilia-Breinbauer.jpg","contentUrl":"http:\/\/medicina.udd.cl\/fonoaudiologia-santiago\/files\/2013\/03\/Dra.-Cecilia-Breinbauer.jpg"},{"@type":"BreadcrumbList","@id":"https:\/\/medicina.udd.cl\/fonoaudiologia-santiago\/noticias\/2013\/03\/27\/taller-de-neurodiversidad-y-aceptacion-empoderando-a-padres-para-abogar-por-una-sociedad-mas-inclusiva\/#breadcrumb","itemListElement":[{"@type":"ListItem","position":1,"name":"Home","item":"https:\/\/medicina.udd.cl\/fonoaudiologia-santiago\/"},{"@type":"ListItem","position":2,"name":"Taller de Neurodiversidad y Aceptaci\u00f3n: Empoderando a padres para abogar por una sociedad m\u00e1s inclusiva"}]},{"@type":"WebSite","@id":"https:\/\/medicina.udd.cl\/fonoaudiologia-santiago\/#website","url":"https:\/\/medicina.udd.cl\/fonoaudiologia-santiago\/","name":"Fonoaudiolog\u00eda","description":"Facultad de Medicina Cl\u00ednica Alemana Universidad del Desarrollo","inLanguage":"es"},{"@type":"Person","@id":"https:\/\/medicina.udd.cl\/fonoaudiologia-santiago\/#\/schema\/person\/f7abfa784c86da427e89287831f96ab7","name":"admin","image":{"@type":"ImageObject","inLanguage":"es","@id":"https:\/\/medicina.udd.cl\/fonoaudiologia-santiago\/#\/schema\/person\/image\/","url":"https:\/\/secure.gravatar.com\/avatar\/3cb6da298954dfb54457c0910b8c9ca010abd8d87a60f7d701b6ce4254e1c642?s=96&d=mm&r=g","contentUrl":"https:\/\/secure.gravatar.com\/avatar\/3cb6da298954dfb54457c0910b8c9ca010abd8d87a60f7d701b6ce4254e1c642?s=96&d=mm&r=g","caption":"admin"},"url":"https:\/\/medicina.udd.cl\/fonoaudiologia-santiago\/noticias\/author\/admin\/"}]}},"featured_image_url":null,"_links":{"self":[{"href":"https:\/\/medicina.udd.cl\/fonoaudiologia-santiago\/wp-json\/wp\/v2\/posts\/1554","targetHints":{"allow":["GET"]}}],"collection":[{"href":"https:\/\/medicina.udd.cl\/fonoaudiologia-santiago\/wp-json\/wp\/v2\/posts"}],"about":[{"href":"https:\/\/medicina.udd.cl\/fonoaudiologia-santiago\/wp-json\/wp\/v2\/types\/post"}],"author":[{"embeddable":true,"href":"https:\/\/medicina.udd.cl\/fonoaudiologia-santiago\/wp-json\/wp\/v2\/users\/1"}],"replies":[{"embeddable":true,"href":"https:\/\/medicina.udd.cl\/fonoaudiologia-santiago\/wp-json\/wp\/v2\/comments?post=1554"}],"version-history":[{"count":3,"href":"https:\/\/medicina.udd.cl\/fonoaudiologia-santiago\/wp-json\/wp\/v2\/posts\/1554\/revisions"}],"predecessor-version":[{"id":1558,"href":"https:\/\/medicina.udd.cl\/fonoaudiologia-santiago\/wp-json\/wp\/v2\/posts\/1554\/revisions\/1558"}],"wp:attachment":[{"href":"https:\/\/medicina.udd.cl\/fonoaudiologia-santiago\/wp-json\/wp\/v2\/media?parent=1554"}],"wp:term":[{"taxonomy":"category","embeddable":true,"href":"https:\/\/medicina.udd.cl\/fonoaudiologia-santiago\/wp-json\/wp\/v2\/categories?post=1554"},{"taxonomy":"post_tag","embeddable":true,"href":"https:\/\/medicina.udd.cl\/fonoaudiologia-santiago\/wp-json\/wp\/v2\/tags?post=1554"}],"curies":[{"name":"wp","href":"https:\/\/api.w.org\/{rel}","templated":true}]}}