{"id":1586,"date":"2013-04-15T12:48:35","date_gmt":"2013-04-15T16:48:35","guid":{"rendered":"http:\/\/medicina.udd.cl\/fonoaudiologia-santiago\/?p=1586"},"modified":"2013-04-17T10:53:18","modified_gmt":"2013-04-17T14:53:18","slug":"psiquiatra-cecilia-breinbauer-ofrecio-charla-a-padres-de-ninos-neurodiversos","status":"publish","type":"post","link":"https:\/\/medicina.udd.cl\/fonoaudiologia-santiago\/noticias\/2013\/04\/15\/psiquiatra-cecilia-breinbauer-ofrecio-charla-a-padres-de-ninos-neurodiversos\/","title":{"rendered":"Psiquiatra Cecilia Breinbauer ofreci\u00f3 charla a padres de ni\u00f1os neurodiversos"},"content":{"rendered":"<p><strong><div id=\"gallery-1\" class=\"carousel slide carousel-gallery\" data-ride=\"false\" data-interval=\"false\"><div class=\"carousel-inner\" role=\"listbox\"><figure class=\"carousel-item active\"><img loading=\"lazy\" decoding=\"async\" width=\"640\" height=\"427\" src=\"https:\/\/medicina.udd.cl\/fonoaudiologia-santiago\/files\/2013\/04\/taller-neuro-5.jpg\" class=\"attachment-landscape_952 size-landscape_952\" alt=\"\" srcset=\"https:\/\/medicina.udd.cl\/fonoaudiologia-santiago\/files\/2013\/04\/taller-neuro-5.jpg 640w, https:\/\/medicina.udd.cl\/fonoaudiologia-santiago\/files\/2013\/04\/taller-neuro-5-300x200.jpg 300w\" sizes=\"auto, (max-width: 640px) 100vw, 640px\" \/><\/figure><figure class=\"carousel-item\"><img loading=\"lazy\" decoding=\"async\" width=\"640\" height=\"427\" src=\"https:\/\/medicina.udd.cl\/fonoaudiologia-santiago\/files\/2013\/04\/taller-neuro-4.jpg\" class=\"attachment-landscape_952 size-landscape_952\" alt=\"\" srcset=\"https:\/\/medicina.udd.cl\/fonoaudiologia-santiago\/files\/2013\/04\/taller-neuro-4.jpg 640w, https:\/\/medicina.udd.cl\/fonoaudiologia-santiago\/files\/2013\/04\/taller-neuro-4-300x200.jpg 300w\" sizes=\"auto, (max-width: 640px) 100vw, 640px\" \/><\/figure><figure class=\"carousel-item\"><img loading=\"lazy\" decoding=\"async\" width=\"640\" height=\"427\" src=\"https:\/\/medicina.udd.cl\/fonoaudiologia-santiago\/files\/2013\/04\/taller-neuro-1.jpg\" class=\"attachment-landscape_952 size-landscape_952\" alt=\"\" srcset=\"https:\/\/medicina.udd.cl\/fonoaudiologia-santiago\/files\/2013\/04\/taller-neuro-1.jpg 640w, https:\/\/medicina.udd.cl\/fonoaudiologia-santiago\/files\/2013\/04\/taller-neuro-1-300x200.jpg 300w\" sizes=\"auto, (max-width: 640px) 100vw, 640px\" \/><\/figure><\/div><footer class=\"carousel-footer\"><div class=\"carousel-counter\"><span class=\"carousel-counter-current\"><\/span> \/ <span class=\"carousel-counter-total\"><\/span><\/div><a class=\"carousel-control-prev\" href=\"#gallery-1\" role=\"button\" data-slide=\"prev\"><svg aria-hidden=\"true\" class=\"svg-chevron-left-dims\"><use xlink:href='https:\/\/medicina.udd.cl\/fonoaudiologia-santiago\/wp-content\/themes\/facultades-2018\/assets\/img\/svg\/dist\/main.svg?version=1695853099#chevron-left'><\/use><\/svg><span class=\"sr-only\">Anterior<\/span><\/a><a class=\"carousel-control-next\" href=\"#gallery-1\" role=\"button\" data-slide=\"next\"><svg aria-hidden=\"true\" class=\"svg-chevron-right-dims\"><use xlink:href='https:\/\/medicina.udd.cl\/fonoaudiologia-santiago\/wp-content\/themes\/facultades-2018\/assets\/img\/svg\/dist\/main.svg?version=1695853099#chevron-right'><\/use><\/svg><span class=\"sr-only\">Siguiente<\/span><\/a><\/footer><\/div><\/p>\n<p><\/strong><\/p>\n<p><strong> <\/strong><\/p>\n<p><strong> <\/strong><\/p>\n<p>C\u00f3mo pasar de la aceptaci\u00f3n a la inclusi\u00f3n social de las personas neurodiversas fue el eje central de la exposici\u00f3n realizada por la <strong>psiquiatra Cecilia Breinbauer, a padres de ni\u00f1os con S\u00edndrome de Down, S\u00edndrome de Asperger y autistas.<\/strong><\/p>\n<p>La charla fue en el Aula Magna de la Facultad de Medicina Cl\u00ednica Alemana Universidad del Desarrollo, y fue organizada por la directora de la <strong>carrera de Fonoaudiolog\u00eda, <\/strong>Mar\u00eda Ang\u00e9lica L\u00f3pez, y la coordinadora acad\u00e9mica de la misma, Antonella Urz\u00faa.<\/p>\n<p>El objetivo de la doctora Breinbauer fue \u201cempoderar\u201d a los padres de ni\u00f1os con condiciones que afectan su desarrollo neurol\u00f3gico y su capacidad de lenguaje, para lograr su inclusi\u00f3n, <strong>\u201cque ellos pertenezcan a la sociedad, reconociendo sus fortalezas y d\u00e1ndoles espacio para sus diferencias\u201d.<\/strong><\/p>\n<p>Para graficar su propuesta, la experta chileno-americana se refiri\u00f3 al movimiento que se est\u00e1 llevando a cabo en Estados Unidos, donde la idea central es<strong> \u201cnada sobre nosotros sin nosotros\u201d,<\/strong> es decir, acoger la petici\u00f3n de las personas neurodiversas de\u00a0 tener voz y voto en todas las decisiones de pol\u00edticas sociales que les ata\u00f1en.<\/p>\n<p>Aspectos como la inserci\u00f3n laboral, las expectativas de educaci\u00f3n y el uso de facilitadores de la comunicaci\u00f3n tambi\u00e9n fueron abordados en la presentaci\u00f3n de la doctora Breinbauer, psiquiatra infanto-juvenil y Master en Salud P\u00fablica.<\/p>\n","protected":false},"excerpt":{"rendered":"<p>Actividad fue organizada por la carrera de Fonoaudiolog\u00eda de la Facultad de Medicina CAS-UDD.<\/p>\n","protected":false},"author":1,"featured_media":0,"comment_status":"open","ping_status":"open","sticky":false,"template":"","format":"standard","meta":{"footnotes":""},"categories":[4],"tags":[],"class_list":["post-1586","post","type-post","status-publish","format-standard","hentry","category-noticias"],"yoast_head":"<!-- This site is optimized with the Yoast SEO plugin v26.9 - https:\/\/yoast.com\/product\/yoast-seo-wordpress\/ -->\n<title>Psiquiatra Cecilia Breinbauer ofreci\u00f3 charla a padres de ni\u00f1os neurodiversos - Fonoaudiolog\u00eda<\/title>\n<meta name=\"robots\" content=\"index, follow, max-snippet:-1, max-image-preview:large, max-video-preview:-1\" \/>\n<link rel=\"canonical\" href=\"https:\/\/medicina.udd.cl\/fonoaudiologia-santiago\/noticias\/2013\/04\/15\/psiquiatra-cecilia-breinbauer-ofrecio-charla-a-padres-de-ninos-neurodiversos\/\" \/>\n<meta property=\"og:locale\" content=\"es_ES\" \/>\n<meta property=\"og:type\" content=\"article\" \/>\n<meta property=\"og:title\" content=\"Psiquiatra Cecilia Breinbauer ofreci\u00f3 charla a padres de ni\u00f1os neurodiversos - Fonoaudiolog\u00eda\" \/>\n<meta property=\"og:description\" content=\"Actividad fue organizada por la carrera de Fonoaudiolog\u00eda de la Facultad de Medicina CAS-UDD.\" \/>\n<meta property=\"og:url\" content=\"https:\/\/medicina.udd.cl\/fonoaudiologia-santiago\/noticias\/2013\/04\/15\/psiquiatra-cecilia-breinbauer-ofrecio-charla-a-padres-de-ninos-neurodiversos\/\" \/>\n<meta property=\"og:site_name\" content=\"Fonoaudiolog\u00eda\" \/>\n<meta property=\"article:published_time\" content=\"2013-04-15T16:48:35+00:00\" \/>\n<meta property=\"article:modified_time\" content=\"2013-04-17T14:53:18+00:00\" \/>\n<meta property=\"og:image\" content=\"https:\/\/medicina.udd.cl\/fonoaudiologia-santiago\/files\/2013\/04\/taller-neuro-5.jpg\" \/>\n<meta name=\"author\" content=\"admin\" \/>\n<meta name=\"twitter:label1\" content=\"Escrito por\" \/>\n\t<meta name=\"twitter:data1\" content=\"admin\" \/>\n\t<meta name=\"twitter:label2\" content=\"Tiempo de lectura\" \/>\n\t<meta name=\"twitter:data2\" content=\"1 minuto\" \/>\n<script type=\"application\/ld+json\" class=\"yoast-schema-graph\">{\"@context\":\"https:\/\/schema.org\",\"@graph\":[{\"@type\":\"Article\",\"@id\":\"https:\/\/medicina.udd.cl\/fonoaudiologia-santiago\/noticias\/2013\/04\/15\/psiquiatra-cecilia-breinbauer-ofrecio-charla-a-padres-de-ninos-neurodiversos\/#article\",\"isPartOf\":{\"@id\":\"https:\/\/medicina.udd.cl\/fonoaudiologia-santiago\/noticias\/2013\/04\/15\/psiquiatra-cecilia-breinbauer-ofrecio-charla-a-padres-de-ninos-neurodiversos\/\"},\"author\":{\"name\":\"admin\",\"@id\":\"https:\/\/medicina.udd.cl\/fonoaudiologia-santiago\/#\/schema\/person\/f7abfa784c86da427e89287831f96ab7\"},\"headline\":\"Psiquiatra Cecilia Breinbauer ofreci\u00f3 charla a padres de ni\u00f1os neurodiversos\",\"datePublished\":\"2013-04-15T16:48:35+00:00\",\"dateModified\":\"2013-04-17T14:53:18+00:00\",\"mainEntityOfPage\":{\"@id\":\"https:\/\/medicina.udd.cl\/fonoaudiologia-santiago\/noticias\/2013\/04\/15\/psiquiatra-cecilia-breinbauer-ofrecio-charla-a-padres-de-ninos-neurodiversos\/\"},\"wordCount\":252,\"commentCount\":0,\"articleSection\":[\"Noticias\"],\"inLanguage\":\"es\",\"potentialAction\":[{\"@type\":\"CommentAction\",\"name\":\"Comment\",\"target\":[\"https:\/\/medicina.udd.cl\/fonoaudiologia-santiago\/noticias\/2013\/04\/15\/psiquiatra-cecilia-breinbauer-ofrecio-charla-a-padres-de-ninos-neurodiversos\/#respond\"]}]},{\"@type\":\"WebPage\",\"@id\":\"https:\/\/medicina.udd.cl\/fonoaudiologia-santiago\/noticias\/2013\/04\/15\/psiquiatra-cecilia-breinbauer-ofrecio-charla-a-padres-de-ninos-neurodiversos\/\",\"url\":\"https:\/\/medicina.udd.cl\/fonoaudiologia-santiago\/noticias\/2013\/04\/15\/psiquiatra-cecilia-breinbauer-ofrecio-charla-a-padres-de-ninos-neurodiversos\/\",\"name\":\"Psiquiatra Cecilia Breinbauer ofreci\u00f3 charla a padres de ni\u00f1os neurodiversos - Fonoaudiolog\u00eda\",\"isPartOf\":{\"@id\":\"https:\/\/medicina.udd.cl\/fonoaudiologia-santiago\/#website\"},\"datePublished\":\"2013-04-15T16:48:35+00:00\",\"dateModified\":\"2013-04-17T14:53:18+00:00\",\"author\":{\"@id\":\"https:\/\/medicina.udd.cl\/fonoaudiologia-santiago\/#\/schema\/person\/f7abfa784c86da427e89287831f96ab7\"},\"breadcrumb\":{\"@id\":\"https:\/\/medicina.udd.cl\/fonoaudiologia-santiago\/noticias\/2013\/04\/15\/psiquiatra-cecilia-breinbauer-ofrecio-charla-a-padres-de-ninos-neurodiversos\/#breadcrumb\"},\"inLanguage\":\"es\",\"potentialAction\":[{\"@type\":\"ReadAction\",\"target\":[\"https:\/\/medicina.udd.cl\/fonoaudiologia-santiago\/noticias\/2013\/04\/15\/psiquiatra-cecilia-breinbauer-ofrecio-charla-a-padres-de-ninos-neurodiversos\/\"]}]},{\"@type\":\"BreadcrumbList\",\"@id\":\"https:\/\/medicina.udd.cl\/fonoaudiologia-santiago\/noticias\/2013\/04\/15\/psiquiatra-cecilia-breinbauer-ofrecio-charla-a-padres-de-ninos-neurodiversos\/#breadcrumb\",\"itemListElement\":[{\"@type\":\"ListItem\",\"position\":1,\"name\":\"Home\",\"item\":\"https:\/\/medicina.udd.cl\/fonoaudiologia-santiago\/\"},{\"@type\":\"ListItem\",\"position\":2,\"name\":\"Psiquiatra Cecilia Breinbauer ofreci\u00f3 charla a padres de ni\u00f1os neurodiversos\"}]},{\"@type\":\"WebSite\",\"@id\":\"https:\/\/medicina.udd.cl\/fonoaudiologia-santiago\/#website\",\"url\":\"https:\/\/medicina.udd.cl\/fonoaudiologia-santiago\/\",\"name\":\"Fonoaudiolog\u00eda\",\"description\":\"Facultad de Medicina Cl\u00ednica Alemana Universidad del Desarrollo\",\"inLanguage\":\"es\"},{\"@type\":\"Person\",\"@id\":\"https:\/\/medicina.udd.cl\/fonoaudiologia-santiago\/#\/schema\/person\/f7abfa784c86da427e89287831f96ab7\",\"name\":\"admin\",\"image\":{\"@type\":\"ImageObject\",\"inLanguage\":\"es\",\"@id\":\"https:\/\/medicina.udd.cl\/fonoaudiologia-santiago\/#\/schema\/person\/image\/\",\"url\":\"https:\/\/secure.gravatar.com\/avatar\/3cb6da298954dfb54457c0910b8c9ca010abd8d87a60f7d701b6ce4254e1c642?s=96&d=mm&r=g\",\"contentUrl\":\"https:\/\/secure.gravatar.com\/avatar\/3cb6da298954dfb54457c0910b8c9ca010abd8d87a60f7d701b6ce4254e1c642?s=96&d=mm&r=g\",\"caption\":\"admin\"},\"url\":\"https:\/\/medicina.udd.cl\/fonoaudiologia-santiago\/noticias\/author\/admin\/\"}]}<\/script>\n<!-- \/ Yoast SEO plugin. -->","yoast_head_json":{"title":"Psiquiatra Cecilia Breinbauer ofreci\u00f3 charla a padres de ni\u00f1os neurodiversos - Fonoaudiolog\u00eda","robots":{"index":"index","follow":"follow","max-snippet":"max-snippet:-1","max-image-preview":"max-image-preview:large","max-video-preview":"max-video-preview:-1"},"canonical":"https:\/\/medicina.udd.cl\/fonoaudiologia-santiago\/noticias\/2013\/04\/15\/psiquiatra-cecilia-breinbauer-ofrecio-charla-a-padres-de-ninos-neurodiversos\/","og_locale":"es_ES","og_type":"article","og_title":"Psiquiatra Cecilia Breinbauer ofreci\u00f3 charla a padres de ni\u00f1os neurodiversos - Fonoaudiolog\u00eda","og_description":"Actividad fue organizada por la carrera de Fonoaudiolog\u00eda de la Facultad de Medicina CAS-UDD.","og_url":"https:\/\/medicina.udd.cl\/fonoaudiologia-santiago\/noticias\/2013\/04\/15\/psiquiatra-cecilia-breinbauer-ofrecio-charla-a-padres-de-ninos-neurodiversos\/","og_site_name":"Fonoaudiolog\u00eda","article_published_time":"2013-04-15T16:48:35+00:00","article_modified_time":"2013-04-17T14:53:18+00:00","og_image":[{"url":"https:\/\/medicina.udd.cl\/fonoaudiologia-santiago\/files\/2013\/04\/taller-neuro-5.jpg","type":"","width":"","height":""}],"author":"admin","twitter_misc":{"Escrito por":"admin","Tiempo de lectura":"1 minuto"},"schema":{"@context":"https:\/\/schema.org","@graph":[{"@type":"Article","@id":"https:\/\/medicina.udd.cl\/fonoaudiologia-santiago\/noticias\/2013\/04\/15\/psiquiatra-cecilia-breinbauer-ofrecio-charla-a-padres-de-ninos-neurodiversos\/#article","isPartOf":{"@id":"https:\/\/medicina.udd.cl\/fonoaudiologia-santiago\/noticias\/2013\/04\/15\/psiquiatra-cecilia-breinbauer-ofrecio-charla-a-padres-de-ninos-neurodiversos\/"},"author":{"name":"admin","@id":"https:\/\/medicina.udd.cl\/fonoaudiologia-santiago\/#\/schema\/person\/f7abfa784c86da427e89287831f96ab7"},"headline":"Psiquiatra Cecilia Breinbauer ofreci\u00f3 charla a padres de ni\u00f1os neurodiversos","datePublished":"2013-04-15T16:48:35+00:00","dateModified":"2013-04-17T14:53:18+00:00","mainEntityOfPage":{"@id":"https:\/\/medicina.udd.cl\/fonoaudiologia-santiago\/noticias\/2013\/04\/15\/psiquiatra-cecilia-breinbauer-ofrecio-charla-a-padres-de-ninos-neurodiversos\/"},"wordCount":252,"commentCount":0,"articleSection":["Noticias"],"inLanguage":"es","potentialAction":[{"@type":"CommentAction","name":"Comment","target":["https:\/\/medicina.udd.cl\/fonoaudiologia-santiago\/noticias\/2013\/04\/15\/psiquiatra-cecilia-breinbauer-ofrecio-charla-a-padres-de-ninos-neurodiversos\/#respond"]}]},{"@type":"WebPage","@id":"https:\/\/medicina.udd.cl\/fonoaudiologia-santiago\/noticias\/2013\/04\/15\/psiquiatra-cecilia-breinbauer-ofrecio-charla-a-padres-de-ninos-neurodiversos\/","url":"https:\/\/medicina.udd.cl\/fonoaudiologia-santiago\/noticias\/2013\/04\/15\/psiquiatra-cecilia-breinbauer-ofrecio-charla-a-padres-de-ninos-neurodiversos\/","name":"Psiquiatra Cecilia Breinbauer ofreci\u00f3 charla a padres de ni\u00f1os neurodiversos - Fonoaudiolog\u00eda","isPartOf":{"@id":"https:\/\/medicina.udd.cl\/fonoaudiologia-santiago\/#website"},"datePublished":"2013-04-15T16:48:35+00:00","dateModified":"2013-04-17T14:53:18+00:00","author":{"@id":"https:\/\/medicina.udd.cl\/fonoaudiologia-santiago\/#\/schema\/person\/f7abfa784c86da427e89287831f96ab7"},"breadcrumb":{"@id":"https:\/\/medicina.udd.cl\/fonoaudiologia-santiago\/noticias\/2013\/04\/15\/psiquiatra-cecilia-breinbauer-ofrecio-charla-a-padres-de-ninos-neurodiversos\/#breadcrumb"},"inLanguage":"es","potentialAction":[{"@type":"ReadAction","target":["https:\/\/medicina.udd.cl\/fonoaudiologia-santiago\/noticias\/2013\/04\/15\/psiquiatra-cecilia-breinbauer-ofrecio-charla-a-padres-de-ninos-neurodiversos\/"]}]},{"@type":"BreadcrumbList","@id":"https:\/\/medicina.udd.cl\/fonoaudiologia-santiago\/noticias\/2013\/04\/15\/psiquiatra-cecilia-breinbauer-ofrecio-charla-a-padres-de-ninos-neurodiversos\/#breadcrumb","itemListElement":[{"@type":"ListItem","position":1,"name":"Home","item":"https:\/\/medicina.udd.cl\/fonoaudiologia-santiago\/"},{"@type":"ListItem","position":2,"name":"Psiquiatra Cecilia Breinbauer ofreci\u00f3 charla a padres de ni\u00f1os neurodiversos"}]},{"@type":"WebSite","@id":"https:\/\/medicina.udd.cl\/fonoaudiologia-santiago\/#website","url":"https:\/\/medicina.udd.cl\/fonoaudiologia-santiago\/","name":"Fonoaudiolog\u00eda","description":"Facultad de Medicina Cl\u00ednica Alemana Universidad del Desarrollo","inLanguage":"es"},{"@type":"Person","@id":"https:\/\/medicina.udd.cl\/fonoaudiologia-santiago\/#\/schema\/person\/f7abfa784c86da427e89287831f96ab7","name":"admin","image":{"@type":"ImageObject","inLanguage":"es","@id":"https:\/\/medicina.udd.cl\/fonoaudiologia-santiago\/#\/schema\/person\/image\/","url":"https:\/\/secure.gravatar.com\/avatar\/3cb6da298954dfb54457c0910b8c9ca010abd8d87a60f7d701b6ce4254e1c642?s=96&d=mm&r=g","contentUrl":"https:\/\/secure.gravatar.com\/avatar\/3cb6da298954dfb54457c0910b8c9ca010abd8d87a60f7d701b6ce4254e1c642?s=96&d=mm&r=g","caption":"admin"},"url":"https:\/\/medicina.udd.cl\/fonoaudiologia-santiago\/noticias\/author\/admin\/"}]}},"featured_image_url":null,"_links":{"self":[{"href":"https:\/\/medicina.udd.cl\/fonoaudiologia-santiago\/wp-json\/wp\/v2\/posts\/1586","targetHints":{"allow":["GET"]}}],"collection":[{"href":"https:\/\/medicina.udd.cl\/fonoaudiologia-santiago\/wp-json\/wp\/v2\/posts"}],"about":[{"href":"https:\/\/medicina.udd.cl\/fonoaudiologia-santiago\/wp-json\/wp\/v2\/types\/post"}],"author":[{"embeddable":true,"href":"https:\/\/medicina.udd.cl\/fonoaudiologia-santiago\/wp-json\/wp\/v2\/users\/1"}],"replies":[{"embeddable":true,"href":"https:\/\/medicina.udd.cl\/fonoaudiologia-santiago\/wp-json\/wp\/v2\/comments?post=1586"}],"version-history":[{"count":2,"href":"https:\/\/medicina.udd.cl\/fonoaudiologia-santiago\/wp-json\/wp\/v2\/posts\/1586\/revisions"}],"predecessor-version":[{"id":1591,"href":"https:\/\/medicina.udd.cl\/fonoaudiologia-santiago\/wp-json\/wp\/v2\/posts\/1586\/revisions\/1591"}],"wp:attachment":[{"href":"https:\/\/medicina.udd.cl\/fonoaudiologia-santiago\/wp-json\/wp\/v2\/media?parent=1586"}],"wp:term":[{"taxonomy":"category","embeddable":true,"href":"https:\/\/medicina.udd.cl\/fonoaudiologia-santiago\/wp-json\/wp\/v2\/categories?post=1586"},{"taxonomy":"post_tag","embeddable":true,"href":"https:\/\/medicina.udd.cl\/fonoaudiologia-santiago\/wp-json\/wp\/v2\/tags?post=1586"}],"curies":[{"name":"wp","href":"https:\/\/api.w.org\/{rel}","templated":true}]}}