{"id":1678,"date":"2013-06-26T16:06:01","date_gmt":"2013-06-26T20:06:01","guid":{"rendered":"http:\/\/medicina.udd.cl\/fonoaudiologia-santiago\/?p=1678"},"modified":"2013-06-27T09:54:50","modified_gmt":"2013-06-27T13:54:50","slug":"conferencia-gratuita-de-comunicacion-aumentativa","status":"publish","type":"post","link":"https:\/\/medicina.udd.cl\/fonoaudiologia-santiago\/noticias\/2013\/06\/26\/conferencia-gratuita-de-comunicacion-aumentativa\/","title":{"rendered":"Conferencia gratuita de Comunicaci\u00f3n Aumentativa"},"content":{"rendered":"<p><a href=\"http:\/\/medicina.udd.cl\/fonoaudiologia-santiago\/files\/2013\/06\/AyudaTec.png\"><img loading=\"lazy\" decoding=\"async\" class=\"alignright size-medium wp-image-1679\" title=\"AyudaTec\" src=\"http:\/\/medicina.udd.cl\/fonoaudiologia-santiago\/files\/2013\/06\/AyudaTec-300x144.png\" alt=\"\" width=\"300\" height=\"144\" srcset=\"https:\/\/medicina.udd.cl\/fonoaudiologia-santiago\/files\/2013\/06\/AyudaTec-300x144.png 300w, https:\/\/medicina.udd.cl\/fonoaudiologia-santiago\/files\/2013\/06\/AyudaTec.png 554w\" sizes=\"auto, (max-width: 300px) 100vw, 300px\" \/><\/a><\/p>\n<p><strong>\u201cLectoescritura Emergente y Comunicaci\u00f3n Aumentativa\u201d<\/strong> es el nombre de la conferencia gratuita que el s\u00e1bado 6 de julio presentar\u00e1 la <strong>ONG AyudaTec<\/strong> en el Aula Magna la <strong>Facultad de Medicina Cl\u00ednica Alemana Universidad del Desarrollo.<\/strong><\/p>\n<p>Los temas que guiar\u00e1n este encuentro ser\u00e1n \u00abFundamentos, estrategias metodol\u00f3gicas y tecnolog\u00eda de asistencia para personas con trastornos de la comunicaci\u00f3n\u00bb e \u00abIdeas y actividades de escritura y recursos tecnol\u00f3gicos de asistencia: c\u00f3mo seleccionar, crear y compartir temas escritos usando la tecnolog\u00eda\u00bb.<\/p>\n<p>Las exposiciones estar\u00e1n a cargo de\u00a0<strong>Deanna Wagner<\/strong>, especialistas en tecnolog\u00eda de asistencia con ni\u00f1os y adultos de Phoenix, Estados Unidos, y de\u00a0<strong>Claudia Marim\u00f3n, <\/strong><strong>educadora diferencial y docente de Fonoaudiolog\u00eda UDD<\/strong>.<\/p>\n<p>La ONG AyudaTec tiene como misi\u00f3n promover la tecnolog\u00eda de asistencia en Latinoam\u00e9rica con el fin de ayudar a profesionales, padres y personas con habilidades diferentes.<\/p>\n<p><strong>La Conferencia se realizar\u00e1 el s\u00e1bado 6 de julio a las 8:30 horas, en Avenida 12.438, Lo Barnechea. Las Condes. Inscripciones al correo electr\u00f3nico cmarimon@udd.cl. Para m\u00e1s informaci\u00f3n visite <a href=\"http:\/\/www.ayudatec.org\/2013-conferences \">www.ayudatec.org\/2013-conferences.<\/a><\/strong><\/p>\n","protected":false},"excerpt":{"rendered":"<p>Facultad de Medicina CAS-UDD ser\u00e1 la sede del congreso organizado por la ONG AyudaTec.<\/p>\n","protected":false},"author":1,"featured_media":0,"comment_status":"open","ping_status":"open","sticky":false,"template":"","format":"standard","meta":{"footnotes":""},"categories":[4],"tags":[],"class_list":["post-1678","post","type-post","status-publish","format-standard","hentry","category-noticias"],"yoast_head":"<!-- This site is optimized with the Yoast SEO plugin v26.9 - https:\/\/yoast.com\/product\/yoast-seo-wordpress\/ -->\n<title>Conferencia gratuita de Comunicaci\u00f3n Aumentativa<\/title>\n<meta name=\"description\" content=\"ONG AyudaTec presentar\u00e1 en la Facultad de Medicina CAS-UDD el seminario \u201cLectoescritura Emergente y Comunicaci\u00f3n Aumentativa\u201d, el s\u00e1bado 6 de julio.\" \/>\n<meta name=\"robots\" content=\"index, follow, max-snippet:-1, max-image-preview:large, max-video-preview:-1\" \/>\n<link rel=\"canonical\" href=\"https:\/\/medicina.udd.cl\/fonoaudiologia-santiago\/noticias\/2013\/06\/26\/conferencia-gratuita-de-comunicacion-aumentativa\/\" \/>\n<meta property=\"og:locale\" content=\"es_ES\" \/>\n<meta property=\"og:type\" content=\"article\" \/>\n<meta property=\"og:title\" content=\"Conferencia gratuita de Comunicaci\u00f3n Aumentativa\" \/>\n<meta property=\"og:description\" content=\"ONG AyudaTec presentar\u00e1 en la Facultad de Medicina CAS-UDD el seminario \u201cLectoescritura Emergente y Comunicaci\u00f3n Aumentativa\u201d, el s\u00e1bado 6 de julio.\" \/>\n<meta property=\"og:url\" content=\"https:\/\/medicina.udd.cl\/fonoaudiologia-santiago\/noticias\/2013\/06\/26\/conferencia-gratuita-de-comunicacion-aumentativa\/\" \/>\n<meta property=\"og:site_name\" content=\"Fonoaudiolog\u00eda\" \/>\n<meta property=\"article:published_time\" content=\"2013-06-26T20:06:01+00:00\" \/>\n<meta property=\"article:modified_time\" content=\"2013-06-27T13:54:50+00:00\" \/>\n<meta property=\"og:image\" content=\"http:\/\/medicina.udd.cl\/fonoaudiologia-santiago\/files\/2013\/06\/AyudaTec-300x144.png\" \/>\n<meta name=\"author\" content=\"admin\" \/>\n<meta name=\"twitter:label1\" content=\"Escrito por\" \/>\n\t<meta name=\"twitter:data1\" content=\"admin\" \/>\n\t<meta name=\"twitter:label2\" content=\"Tiempo de lectura\" \/>\n\t<meta name=\"twitter:data2\" content=\"1 minuto\" \/>\n<script type=\"application\/ld+json\" class=\"yoast-schema-graph\">{\"@context\":\"https:\/\/schema.org\",\"@graph\":[{\"@type\":\"Article\",\"@id\":\"https:\/\/medicina.udd.cl\/fonoaudiologia-santiago\/noticias\/2013\/06\/26\/conferencia-gratuita-de-comunicacion-aumentativa\/#article\",\"isPartOf\":{\"@id\":\"https:\/\/medicina.udd.cl\/fonoaudiologia-santiago\/noticias\/2013\/06\/26\/conferencia-gratuita-de-comunicacion-aumentativa\/\"},\"author\":{\"name\":\"admin\",\"@id\":\"https:\/\/medicina.udd.cl\/fonoaudiologia-santiago\/#\/schema\/person\/f7abfa784c86da427e89287831f96ab7\"},\"headline\":\"Conferencia gratuita de Comunicaci\u00f3n Aumentativa\",\"datePublished\":\"2013-06-26T20:06:01+00:00\",\"dateModified\":\"2013-06-27T13:54:50+00:00\",\"mainEntityOfPage\":{\"@id\":\"https:\/\/medicina.udd.cl\/fonoaudiologia-santiago\/noticias\/2013\/06\/26\/conferencia-gratuita-de-comunicacion-aumentativa\/\"},\"wordCount\":195,\"commentCount\":0,\"image\":{\"@id\":\"https:\/\/medicina.udd.cl\/fonoaudiologia-santiago\/noticias\/2013\/06\/26\/conferencia-gratuita-de-comunicacion-aumentativa\/#primaryimage\"},\"thumbnailUrl\":\"http:\/\/medicina.udd.cl\/fonoaudiologia-santiago\/files\/2013\/06\/AyudaTec-300x144.png\",\"articleSection\":[\"Noticias\"],\"inLanguage\":\"es\",\"potentialAction\":[{\"@type\":\"CommentAction\",\"name\":\"Comment\",\"target\":[\"https:\/\/medicina.udd.cl\/fonoaudiologia-santiago\/noticias\/2013\/06\/26\/conferencia-gratuita-de-comunicacion-aumentativa\/#respond\"]}]},{\"@type\":\"WebPage\",\"@id\":\"https:\/\/medicina.udd.cl\/fonoaudiologia-santiago\/noticias\/2013\/06\/26\/conferencia-gratuita-de-comunicacion-aumentativa\/\",\"url\":\"https:\/\/medicina.udd.cl\/fonoaudiologia-santiago\/noticias\/2013\/06\/26\/conferencia-gratuita-de-comunicacion-aumentativa\/\",\"name\":\"Conferencia gratuita de Comunicaci\u00f3n Aumentativa\",\"isPartOf\":{\"@id\":\"https:\/\/medicina.udd.cl\/fonoaudiologia-santiago\/#website\"},\"primaryImageOfPage\":{\"@id\":\"https:\/\/medicina.udd.cl\/fonoaudiologia-santiago\/noticias\/2013\/06\/26\/conferencia-gratuita-de-comunicacion-aumentativa\/#primaryimage\"},\"image\":{\"@id\":\"https:\/\/medicina.udd.cl\/fonoaudiologia-santiago\/noticias\/2013\/06\/26\/conferencia-gratuita-de-comunicacion-aumentativa\/#primaryimage\"},\"thumbnailUrl\":\"http:\/\/medicina.udd.cl\/fonoaudiologia-santiago\/files\/2013\/06\/AyudaTec-300x144.png\",\"datePublished\":\"2013-06-26T20:06:01+00:00\",\"dateModified\":\"2013-06-27T13:54:50+00:00\",\"author\":{\"@id\":\"https:\/\/medicina.udd.cl\/fonoaudiologia-santiago\/#\/schema\/person\/f7abfa784c86da427e89287831f96ab7\"},\"description\":\"ONG AyudaTec presentar\u00e1 en la Facultad de Medicina CAS-UDD el seminario \u201cLectoescritura Emergente y Comunicaci\u00f3n Aumentativa\u201d, el s\u00e1bado 6 de julio.\",\"breadcrumb\":{\"@id\":\"https:\/\/medicina.udd.cl\/fonoaudiologia-santiago\/noticias\/2013\/06\/26\/conferencia-gratuita-de-comunicacion-aumentativa\/#breadcrumb\"},\"inLanguage\":\"es\",\"potentialAction\":[{\"@type\":\"ReadAction\",\"target\":[\"https:\/\/medicina.udd.cl\/fonoaudiologia-santiago\/noticias\/2013\/06\/26\/conferencia-gratuita-de-comunicacion-aumentativa\/\"]}]},{\"@type\":\"ImageObject\",\"inLanguage\":\"es\",\"@id\":\"https:\/\/medicina.udd.cl\/fonoaudiologia-santiago\/noticias\/2013\/06\/26\/conferencia-gratuita-de-comunicacion-aumentativa\/#primaryimage\",\"url\":\"http:\/\/medicina.udd.cl\/fonoaudiologia-santiago\/files\/2013\/06\/AyudaTec-300x144.png\",\"contentUrl\":\"http:\/\/medicina.udd.cl\/fonoaudiologia-santiago\/files\/2013\/06\/AyudaTec-300x144.png\"},{\"@type\":\"BreadcrumbList\",\"@id\":\"https:\/\/medicina.udd.cl\/fonoaudiologia-santiago\/noticias\/2013\/06\/26\/conferencia-gratuita-de-comunicacion-aumentativa\/#breadcrumb\",\"itemListElement\":[{\"@type\":\"ListItem\",\"position\":1,\"name\":\"Home\",\"item\":\"https:\/\/medicina.udd.cl\/fonoaudiologia-santiago\/\"},{\"@type\":\"ListItem\",\"position\":2,\"name\":\"Conferencia gratuita de Comunicaci\u00f3n Aumentativa\"}]},{\"@type\":\"WebSite\",\"@id\":\"https:\/\/medicina.udd.cl\/fonoaudiologia-santiago\/#website\",\"url\":\"https:\/\/medicina.udd.cl\/fonoaudiologia-santiago\/\",\"name\":\"Fonoaudiolog\u00eda\",\"description\":\"Facultad de Medicina Cl\u00ednica Alemana Universidad del Desarrollo\",\"inLanguage\":\"es\"},{\"@type\":\"Person\",\"@id\":\"https:\/\/medicina.udd.cl\/fonoaudiologia-santiago\/#\/schema\/person\/f7abfa784c86da427e89287831f96ab7\",\"name\":\"admin\",\"image\":{\"@type\":\"ImageObject\",\"inLanguage\":\"es\",\"@id\":\"https:\/\/medicina.udd.cl\/fonoaudiologia-santiago\/#\/schema\/person\/image\/\",\"url\":\"https:\/\/secure.gravatar.com\/avatar\/3cb6da298954dfb54457c0910b8c9ca010abd8d87a60f7d701b6ce4254e1c642?s=96&d=mm&r=g\",\"contentUrl\":\"https:\/\/secure.gravatar.com\/avatar\/3cb6da298954dfb54457c0910b8c9ca010abd8d87a60f7d701b6ce4254e1c642?s=96&d=mm&r=g\",\"caption\":\"admin\"},\"url\":\"https:\/\/medicina.udd.cl\/fonoaudiologia-santiago\/noticias\/author\/admin\/\"}]}<\/script>\n<!-- \/ Yoast SEO plugin. -->","yoast_head_json":{"title":"Conferencia gratuita de Comunicaci\u00f3n Aumentativa","description":"ONG AyudaTec presentar\u00e1 en la Facultad de Medicina CAS-UDD el seminario \u201cLectoescritura Emergente y Comunicaci\u00f3n Aumentativa\u201d, el s\u00e1bado 6 de julio.","robots":{"index":"index","follow":"follow","max-snippet":"max-snippet:-1","max-image-preview":"max-image-preview:large","max-video-preview":"max-video-preview:-1"},"canonical":"https:\/\/medicina.udd.cl\/fonoaudiologia-santiago\/noticias\/2013\/06\/26\/conferencia-gratuita-de-comunicacion-aumentativa\/","og_locale":"es_ES","og_type":"article","og_title":"Conferencia gratuita de Comunicaci\u00f3n Aumentativa","og_description":"ONG AyudaTec presentar\u00e1 en la Facultad de Medicina CAS-UDD el seminario \u201cLectoescritura Emergente y Comunicaci\u00f3n Aumentativa\u201d, el s\u00e1bado 6 de julio.","og_url":"https:\/\/medicina.udd.cl\/fonoaudiologia-santiago\/noticias\/2013\/06\/26\/conferencia-gratuita-de-comunicacion-aumentativa\/","og_site_name":"Fonoaudiolog\u00eda","article_published_time":"2013-06-26T20:06:01+00:00","article_modified_time":"2013-06-27T13:54:50+00:00","og_image":[{"url":"http:\/\/medicina.udd.cl\/fonoaudiologia-santiago\/files\/2013\/06\/AyudaTec-300x144.png","type":"","width":"","height":""}],"author":"admin","twitter_misc":{"Escrito por":"admin","Tiempo de lectura":"1 minuto"},"schema":{"@context":"https:\/\/schema.org","@graph":[{"@type":"Article","@id":"https:\/\/medicina.udd.cl\/fonoaudiologia-santiago\/noticias\/2013\/06\/26\/conferencia-gratuita-de-comunicacion-aumentativa\/#article","isPartOf":{"@id":"https:\/\/medicina.udd.cl\/fonoaudiologia-santiago\/noticias\/2013\/06\/26\/conferencia-gratuita-de-comunicacion-aumentativa\/"},"author":{"name":"admin","@id":"https:\/\/medicina.udd.cl\/fonoaudiologia-santiago\/#\/schema\/person\/f7abfa784c86da427e89287831f96ab7"},"headline":"Conferencia gratuita de Comunicaci\u00f3n Aumentativa","datePublished":"2013-06-26T20:06:01+00:00","dateModified":"2013-06-27T13:54:50+00:00","mainEntityOfPage":{"@id":"https:\/\/medicina.udd.cl\/fonoaudiologia-santiago\/noticias\/2013\/06\/26\/conferencia-gratuita-de-comunicacion-aumentativa\/"},"wordCount":195,"commentCount":0,"image":{"@id":"https:\/\/medicina.udd.cl\/fonoaudiologia-santiago\/noticias\/2013\/06\/26\/conferencia-gratuita-de-comunicacion-aumentativa\/#primaryimage"},"thumbnailUrl":"http:\/\/medicina.udd.cl\/fonoaudiologia-santiago\/files\/2013\/06\/AyudaTec-300x144.png","articleSection":["Noticias"],"inLanguage":"es","potentialAction":[{"@type":"CommentAction","name":"Comment","target":["https:\/\/medicina.udd.cl\/fonoaudiologia-santiago\/noticias\/2013\/06\/26\/conferencia-gratuita-de-comunicacion-aumentativa\/#respond"]}]},{"@type":"WebPage","@id":"https:\/\/medicina.udd.cl\/fonoaudiologia-santiago\/noticias\/2013\/06\/26\/conferencia-gratuita-de-comunicacion-aumentativa\/","url":"https:\/\/medicina.udd.cl\/fonoaudiologia-santiago\/noticias\/2013\/06\/26\/conferencia-gratuita-de-comunicacion-aumentativa\/","name":"Conferencia gratuita de Comunicaci\u00f3n Aumentativa","isPartOf":{"@id":"https:\/\/medicina.udd.cl\/fonoaudiologia-santiago\/#website"},"primaryImageOfPage":{"@id":"https:\/\/medicina.udd.cl\/fonoaudiologia-santiago\/noticias\/2013\/06\/26\/conferencia-gratuita-de-comunicacion-aumentativa\/#primaryimage"},"image":{"@id":"https:\/\/medicina.udd.cl\/fonoaudiologia-santiago\/noticias\/2013\/06\/26\/conferencia-gratuita-de-comunicacion-aumentativa\/#primaryimage"},"thumbnailUrl":"http:\/\/medicina.udd.cl\/fonoaudiologia-santiago\/files\/2013\/06\/AyudaTec-300x144.png","datePublished":"2013-06-26T20:06:01+00:00","dateModified":"2013-06-27T13:54:50+00:00","author":{"@id":"https:\/\/medicina.udd.cl\/fonoaudiologia-santiago\/#\/schema\/person\/f7abfa784c86da427e89287831f96ab7"},"description":"ONG AyudaTec presentar\u00e1 en la Facultad de Medicina CAS-UDD el seminario \u201cLectoescritura Emergente y Comunicaci\u00f3n Aumentativa\u201d, el s\u00e1bado 6 de julio.","breadcrumb":{"@id":"https:\/\/medicina.udd.cl\/fonoaudiologia-santiago\/noticias\/2013\/06\/26\/conferencia-gratuita-de-comunicacion-aumentativa\/#breadcrumb"},"inLanguage":"es","potentialAction":[{"@type":"ReadAction","target":["https:\/\/medicina.udd.cl\/fonoaudiologia-santiago\/noticias\/2013\/06\/26\/conferencia-gratuita-de-comunicacion-aumentativa\/"]}]},{"@type":"ImageObject","inLanguage":"es","@id":"https:\/\/medicina.udd.cl\/fonoaudiologia-santiago\/noticias\/2013\/06\/26\/conferencia-gratuita-de-comunicacion-aumentativa\/#primaryimage","url":"http:\/\/medicina.udd.cl\/fonoaudiologia-santiago\/files\/2013\/06\/AyudaTec-300x144.png","contentUrl":"http:\/\/medicina.udd.cl\/fonoaudiologia-santiago\/files\/2013\/06\/AyudaTec-300x144.png"},{"@type":"BreadcrumbList","@id":"https:\/\/medicina.udd.cl\/fonoaudiologia-santiago\/noticias\/2013\/06\/26\/conferencia-gratuita-de-comunicacion-aumentativa\/#breadcrumb","itemListElement":[{"@type":"ListItem","position":1,"name":"Home","item":"https:\/\/medicina.udd.cl\/fonoaudiologia-santiago\/"},{"@type":"ListItem","position":2,"name":"Conferencia gratuita de Comunicaci\u00f3n Aumentativa"}]},{"@type":"WebSite","@id":"https:\/\/medicina.udd.cl\/fonoaudiologia-santiago\/#website","url":"https:\/\/medicina.udd.cl\/fonoaudiologia-santiago\/","name":"Fonoaudiolog\u00eda","description":"Facultad de Medicina Cl\u00ednica Alemana Universidad del Desarrollo","inLanguage":"es"},{"@type":"Person","@id":"https:\/\/medicina.udd.cl\/fonoaudiologia-santiago\/#\/schema\/person\/f7abfa784c86da427e89287831f96ab7","name":"admin","image":{"@type":"ImageObject","inLanguage":"es","@id":"https:\/\/medicina.udd.cl\/fonoaudiologia-santiago\/#\/schema\/person\/image\/","url":"https:\/\/secure.gravatar.com\/avatar\/3cb6da298954dfb54457c0910b8c9ca010abd8d87a60f7d701b6ce4254e1c642?s=96&d=mm&r=g","contentUrl":"https:\/\/secure.gravatar.com\/avatar\/3cb6da298954dfb54457c0910b8c9ca010abd8d87a60f7d701b6ce4254e1c642?s=96&d=mm&r=g","caption":"admin"},"url":"https:\/\/medicina.udd.cl\/fonoaudiologia-santiago\/noticias\/author\/admin\/"}]}},"featured_image_url":null,"_links":{"self":[{"href":"https:\/\/medicina.udd.cl\/fonoaudiologia-santiago\/wp-json\/wp\/v2\/posts\/1678","targetHints":{"allow":["GET"]}}],"collection":[{"href":"https:\/\/medicina.udd.cl\/fonoaudiologia-santiago\/wp-json\/wp\/v2\/posts"}],"about":[{"href":"https:\/\/medicina.udd.cl\/fonoaudiologia-santiago\/wp-json\/wp\/v2\/types\/post"}],"author":[{"embeddable":true,"href":"https:\/\/medicina.udd.cl\/fonoaudiologia-santiago\/wp-json\/wp\/v2\/users\/1"}],"replies":[{"embeddable":true,"href":"https:\/\/medicina.udd.cl\/fonoaudiologia-santiago\/wp-json\/wp\/v2\/comments?post=1678"}],"version-history":[{"count":18,"href":"https:\/\/medicina.udd.cl\/fonoaudiologia-santiago\/wp-json\/wp\/v2\/posts\/1678\/revisions"}],"predecessor-version":[{"id":1699,"href":"https:\/\/medicina.udd.cl\/fonoaudiologia-santiago\/wp-json\/wp\/v2\/posts\/1678\/revisions\/1699"}],"wp:attachment":[{"href":"https:\/\/medicina.udd.cl\/fonoaudiologia-santiago\/wp-json\/wp\/v2\/media?parent=1678"}],"wp:term":[{"taxonomy":"category","embeddable":true,"href":"https:\/\/medicina.udd.cl\/fonoaudiologia-santiago\/wp-json\/wp\/v2\/categories?post=1678"},{"taxonomy":"post_tag","embeddable":true,"href":"https:\/\/medicina.udd.cl\/fonoaudiologia-santiago\/wp-json\/wp\/v2\/tags?post=1678"}],"curies":[{"name":"wp","href":"https:\/\/api.w.org\/{rel}","templated":true}]}}