{"id":1717,"date":"2013-07-08T11:00:58","date_gmt":"2013-07-08T15:00:58","guid":{"rendered":"http:\/\/medicina.udd.cl\/fonoaudiologia-santiago\/?p=1717"},"modified":"2013-09-03T17:40:14","modified_gmt":"2013-09-03T21:40:14","slug":"gran-convocatoria-tuvo-curso-de-comunicacion-aumentativa-en-la-udd","status":"publish","type":"post","link":"https:\/\/medicina.udd.cl\/fonoaudiologia-santiago\/noticias\/2013\/07\/08\/gran-convocatoria-tuvo-curso-de-comunicacion-aumentativa-en-la-udd\/","title":{"rendered":"Gran convocatoria tuvo curso de Comunicaci\u00f3n Aumentativa en la UDD"},"content":{"rendered":"<div id=\"gallery-1\" class=\"carousel slide carousel-gallery\" data-ride=\"false\" data-interval=\"false\"><div class=\"carousel-inner\" role=\"listbox\"><figure class=\"carousel-item active\"><img loading=\"lazy\" decoding=\"async\" width=\"952\" height=\"480\" src=\"https:\/\/medicina.udd.cl\/fonoaudiologia-santiago\/files\/2013\/07\/Curso-Comunicaci\u00f3n-Aumentativa.jpg\" class=\"attachment-landscape_952 size-landscape_952\" alt=\"\" srcset=\"https:\/\/medicina.udd.cl\/fonoaudiologia-santiago\/files\/2013\/07\/Curso-Comunicaci\u00f3n-Aumentativa.jpg 2733w, https:\/\/medicina.udd.cl\/fonoaudiologia-santiago\/files\/2013\/07\/Curso-Comunicaci\u00f3n-Aumentativa-300x151.jpg 300w, https:\/\/medicina.udd.cl\/fonoaudiologia-santiago\/files\/2013\/07\/Curso-Comunicaci\u00f3n-Aumentativa-768x388.jpg 768w, https:\/\/medicina.udd.cl\/fonoaudiologia-santiago\/files\/2013\/07\/Curso-Comunicaci\u00f3n-Aumentativa-1024x517.jpg 1024w, https:\/\/medicina.udd.cl\/fonoaudiologia-santiago\/files\/2013\/07\/Curso-Comunicaci\u00f3n-Aumentativa-960x484.jpg 960w\" sizes=\"auto, (max-width: 952px) 100vw, 952px\" \/><\/figure><figure class=\"carousel-item\"><img loading=\"lazy\" decoding=\"async\" width=\"801\" height=\"534\" src=\"https:\/\/medicina.udd.cl\/fonoaudiologia-santiago\/files\/2013\/07\/Presentaci\u00f3n-de-Claudia-Marimon.jpg\" class=\"attachment-landscape_952 size-landscape_952\" alt=\"\" srcset=\"https:\/\/medicina.udd.cl\/fonoaudiologia-santiago\/files\/2013\/07\/Presentaci\u00f3n-de-Claudia-Marimon.jpg 3456w, https:\/\/medicina.udd.cl\/fonoaudiologia-santiago\/files\/2013\/07\/Presentaci\u00f3n-de-Claudia-Marimon-300x200.jpg 300w, https:\/\/medicina.udd.cl\/fonoaudiologia-santiago\/files\/2013\/07\/Presentaci\u00f3n-de-Claudia-Marimon-768x512.jpg 768w, https:\/\/medicina.udd.cl\/fonoaudiologia-santiago\/files\/2013\/07\/Presentaci\u00f3n-de-Claudia-Marimon-1024x683.jpg 1024w, https:\/\/medicina.udd.cl\/fonoaudiologia-santiago\/files\/2013\/07\/Presentaci\u00f3n-de-Claudia-Marimon-960x640.jpg 960w\" sizes=\"auto, (max-width: 801px) 100vw, 801px\" \/><\/figure><figure class=\"carousel-item\"><img loading=\"lazy\" decoding=\"async\" width=\"801\" height=\"534\" src=\"https:\/\/medicina.udd.cl\/fonoaudiologia-santiago\/files\/2013\/07\/Exposici\u00f3n-de-Deanna-Wagner.jpg\" class=\"attachment-landscape_952 size-landscape_952\" alt=\"\" srcset=\"https:\/\/medicina.udd.cl\/fonoaudiologia-santiago\/files\/2013\/07\/Exposici\u00f3n-de-Deanna-Wagner.jpg 3456w, https:\/\/medicina.udd.cl\/fonoaudiologia-santiago\/files\/2013\/07\/Exposici\u00f3n-de-Deanna-Wagner-300x200.jpg 300w, https:\/\/medicina.udd.cl\/fonoaudiologia-santiago\/files\/2013\/07\/Exposici\u00f3n-de-Deanna-Wagner-768x512.jpg 768w, https:\/\/medicina.udd.cl\/fonoaudiologia-santiago\/files\/2013\/07\/Exposici\u00f3n-de-Deanna-Wagner-1024x683.jpg 1024w, https:\/\/medicina.udd.cl\/fonoaudiologia-santiago\/files\/2013\/07\/Exposici\u00f3n-de-Deanna-Wagner-960x640.jpg 960w\" sizes=\"auto, (max-width: 801px) 100vw, 801px\" \/><\/figure><figure class=\"carousel-item\"><img loading=\"lazy\" decoding=\"async\" width=\"801\" height=\"534\" src=\"https:\/\/medicina.udd.cl\/fonoaudiologia-santiago\/files\/2013\/07\/Autoridades-de-Fonoaudiolog\u00eda-y-Ayuda-Tec-y-expositoras.jpg\" class=\"attachment-landscape_952 size-landscape_952\" alt=\"\" srcset=\"https:\/\/medicina.udd.cl\/fonoaudiologia-santiago\/files\/2013\/07\/Autoridades-de-Fonoaudiolog\u00eda-y-Ayuda-Tec-y-expositoras.jpg 3456w, https:\/\/medicina.udd.cl\/fonoaudiologia-santiago\/files\/2013\/07\/Autoridades-de-Fonoaudiolog\u00eda-y-Ayuda-Tec-y-expositoras-300x200.jpg 300w, https:\/\/medicina.udd.cl\/fonoaudiologia-santiago\/files\/2013\/07\/Autoridades-de-Fonoaudiolog\u00eda-y-Ayuda-Tec-y-expositoras-768x512.jpg 768w, https:\/\/medicina.udd.cl\/fonoaudiologia-santiago\/files\/2013\/07\/Autoridades-de-Fonoaudiolog\u00eda-y-Ayuda-Tec-y-expositoras-1024x683.jpg 1024w, https:\/\/medicina.udd.cl\/fonoaudiologia-santiago\/files\/2013\/07\/Autoridades-de-Fonoaudiolog\u00eda-y-Ayuda-Tec-y-expositoras-960x640.jpg 960w\" sizes=\"auto, (max-width: 801px) 100vw, 801px\" \/><\/figure><figure class=\"carousel-item\"><img loading=\"lazy\" decoding=\"async\" width=\"801\" height=\"534\" src=\"https:\/\/medicina.udd.cl\/fonoaudiologia-santiago\/files\/2013\/07\/Asistentes-al-curso.jpg\" class=\"attachment-landscape_952 size-landscape_952\" alt=\"\" srcset=\"https:\/\/medicina.udd.cl\/fonoaudiologia-santiago\/files\/2013\/07\/Asistentes-al-curso.jpg 3456w, https:\/\/medicina.udd.cl\/fonoaudiologia-santiago\/files\/2013\/07\/Asistentes-al-curso-300x200.jpg 300w, https:\/\/medicina.udd.cl\/fonoaudiologia-santiago\/files\/2013\/07\/Asistentes-al-curso-768x512.jpg 768w, https:\/\/medicina.udd.cl\/fonoaudiologia-santiago\/files\/2013\/07\/Asistentes-al-curso-1024x683.jpg 1024w, https:\/\/medicina.udd.cl\/fonoaudiologia-santiago\/files\/2013\/07\/Asistentes-al-curso-960x640.jpg 960w\" sizes=\"auto, (max-width: 801px) 100vw, 801px\" \/><\/figure><\/div><footer class=\"carousel-footer\"><div class=\"carousel-counter\"><span class=\"carousel-counter-current\"><\/span> \/ <span class=\"carousel-counter-total\"><\/span><\/div><a class=\"carousel-control-prev\" href=\"#gallery-1\" role=\"button\" data-slide=\"prev\"><svg aria-hidden=\"true\" class=\"svg-chevron-left-dims\"><use xlink:href='https:\/\/medicina.udd.cl\/fonoaudiologia-santiago\/wp-content\/themes\/facultades-2018\/assets\/img\/svg\/dist\/main.svg?version=1695853099#chevron-left'><\/use><\/svg><span class=\"sr-only\">Anterior<\/span><\/a><a class=\"carousel-control-next\" href=\"#gallery-1\" role=\"button\" data-slide=\"next\"><svg aria-hidden=\"true\" class=\"svg-chevron-right-dims\"><use xlink:href='https:\/\/medicina.udd.cl\/fonoaudiologia-santiago\/wp-content\/themes\/facultades-2018\/assets\/img\/svg\/dist\/main.svg?version=1695853099#chevron-right'><\/use><\/svg><span class=\"sr-only\">Siguiente<\/span><\/a><\/footer><\/div>\n<p>Estrategias de ense\u00f1anza, uso de materiales did\u00e1cticos y nuevas tecnolog\u00edas fueron los temas que se analizaron en <strong>el primer curso que la <a href=\"http:\/\/www.ayudatec.org\/\">ONG internacional Ayuda Tec<\/a> <\/strong><strong>imparte en Chile en colaboraci\u00f3n con la escuela de<\/strong><strong> Fonoaudiolog\u00eda de la Facultad de Medicina CAS-UDD, <\/strong><strong>llamada<\/strong><strong> \u201cLectoescritura Emergente y Comunicaci\u00f3n Aumentativa\u201d.<\/strong><\/p>\n<p>Fueron m\u00e1s de 70 los profesores diferenciales, fonoaudi\u00f3logos y padres de ni\u00f1os con capacidades diferentes que asistieron a esta charla gratuita que se realiz\u00f3 el s\u00e1bado 6 de julio en el Aula Magna de la Facultad<strong>.<\/strong><\/p>\n<p>\u201cTenemos que adaptar las estrategias y recursos de ense\u00f1anza para complementar las capacidades especiales de los ni\u00f1os\u201d, afirm\u00f3<strong> Claudia Marim\u00f3n, educadora diferencial, docente UDD y colaboradora de Ayuda Tec <\/strong>que expuso en este encuentro sobre la gran variedad de recursos de alta y baja tecnolog\u00eda que se pueden utilizar en programas de aprendizaje.<\/p>\n<p>En tanto, la <strong>especialista en tecnolog\u00edas de asistencias de Estados Unidos, Deanna Wagner<\/strong>, dio a conocer nuevos dispositivos y aplicaciones que sirven para mejorar la comunicaci\u00f3n de ni\u00f1os y adultos, como programas computacionales, \u00e1lbumes de fotos parlantes o teclados personalizados.<\/p>\n<p>\u201cEstoy muy contento de participar en este curso y aprender nuevos programas, que sin duda significar\u00e1n una gran aporte para mi desempe\u00f1o profesional con mis ni\u00f1os\u201d, coment\u00f3 <strong>Pablo Chamorro, colaborador de la <a href=\"http:\/\/www.aspaut.cl\/\">Asociaci\u00f3n Chilena de Padres y Amigos de los Autistas (ASPAOUT)<\/a> de la Regi\u00f3n de Valpara\u00edso.<\/strong><\/p>\n<p>Esta charla se impartir\u00e1 de forma gratuita en Lima, Per\u00fa, el mi\u00e9rcoles 10 de julio.<\/p>\n","protected":false},"excerpt":{"rendered":"<p>Se mostraron estrategias y recursos de ense\u00f1anza complementarios para ni\u00f1os con necesidades especiales. <\/p>\n","protected":false},"author":1,"featured_media":1720,"comment_status":"open","ping_status":"open","sticky":false,"template":"","format":"standard","meta":{"footnotes":""},"categories":[4],"tags":[],"class_list":["post-1717","post","type-post","status-publish","format-standard","has-post-thumbnail","hentry","category-noticias"],"yoast_head":"<!-- This site is optimized with the Yoast SEO plugin v26.9 - https:\/\/yoast.com\/product\/yoast-seo-wordpress\/ -->\n<title>Gran convocatoria en curso de Comunicaci\u00f3n Aumentativa UDD<\/title>\n<meta name=\"description\" content=\"Se mostraron estrategias y recursos de ense\u00f1anza complementarios para ni\u00f1os con necesidades especiales. Actividad fue co organizada por Fonoaudiolog\u00eda UDD.\" \/>\n<meta name=\"robots\" content=\"index, follow, max-snippet:-1, max-image-preview:large, max-video-preview:-1\" \/>\n<link rel=\"canonical\" href=\"https:\/\/medicina.udd.cl\/fonoaudiologia-santiago\/noticias\/2013\/07\/08\/gran-convocatoria-tuvo-curso-de-comunicacion-aumentativa-en-la-udd\/\" \/>\n<meta property=\"og:locale\" content=\"es_ES\" \/>\n<meta property=\"og:type\" content=\"article\" \/>\n<meta property=\"og:title\" content=\"Gran convocatoria en curso de Comunicaci\u00f3n Aumentativa UDD\" \/>\n<meta property=\"og:description\" content=\"Se mostraron estrategias y recursos de ense\u00f1anza complementarios para ni\u00f1os con necesidades especiales. Actividad fue co organizada por Fonoaudiolog\u00eda UDD.\" \/>\n<meta property=\"og:url\" content=\"https:\/\/medicina.udd.cl\/fonoaudiologia-santiago\/noticias\/2013\/07\/08\/gran-convocatoria-tuvo-curso-de-comunicacion-aumentativa-en-la-udd\/\" \/>\n<meta property=\"og:site_name\" content=\"Fonoaudiolog\u00eda\" \/>\n<meta property=\"article:published_time\" content=\"2013-07-08T15:00:58+00:00\" \/>\n<meta property=\"article:modified_time\" content=\"2013-09-03T21:40:14+00:00\" \/>\n<meta property=\"og:image\" content=\"https:\/\/medicina.udd.cl\/fonoaudiologia-santiago\/files\/2013\/07\/Autoridades-de-Fonoaudiolog\u00eda-y-Ayuda-Tec-y-expositoras.jpg\" \/>\n\t<meta property=\"og:image:width\" content=\"3456\" \/>\n\t<meta property=\"og:image:height\" content=\"2304\" \/>\n\t<meta property=\"og:image:type\" content=\"image\/jpeg\" \/>\n<meta name=\"author\" content=\"admin\" \/>\n<meta name=\"twitter:label1\" content=\"Escrito por\" \/>\n\t<meta name=\"twitter:data1\" content=\"admin\" \/>\n\t<meta name=\"twitter:label2\" content=\"Tiempo de lectura\" \/>\n\t<meta name=\"twitter:data2\" content=\"1 minuto\" \/>\n<script type=\"application\/ld+json\" class=\"yoast-schema-graph\">{\"@context\":\"https:\/\/schema.org\",\"@graph\":[{\"@type\":\"Article\",\"@id\":\"https:\/\/medicina.udd.cl\/fonoaudiologia-santiago\/noticias\/2013\/07\/08\/gran-convocatoria-tuvo-curso-de-comunicacion-aumentativa-en-la-udd\/#article\",\"isPartOf\":{\"@id\":\"https:\/\/medicina.udd.cl\/fonoaudiologia-santiago\/noticias\/2013\/07\/08\/gran-convocatoria-tuvo-curso-de-comunicacion-aumentativa-en-la-udd\/\"},\"author\":{\"name\":\"admin\",\"@id\":\"https:\/\/medicina.udd.cl\/fonoaudiologia-santiago\/#\/schema\/person\/f7abfa784c86da427e89287831f96ab7\"},\"headline\":\"Gran convocatoria tuvo curso de Comunicaci\u00f3n Aumentativa en la UDD\",\"datePublished\":\"2013-07-08T15:00:58+00:00\",\"dateModified\":\"2013-09-03T21:40:14+00:00\",\"mainEntityOfPage\":{\"@id\":\"https:\/\/medicina.udd.cl\/fonoaudiologia-santiago\/noticias\/2013\/07\/08\/gran-convocatoria-tuvo-curso-de-comunicacion-aumentativa-en-la-udd\/\"},\"wordCount\":274,\"commentCount\":0,\"image\":{\"@id\":\"https:\/\/medicina.udd.cl\/fonoaudiologia-santiago\/noticias\/2013\/07\/08\/gran-convocatoria-tuvo-curso-de-comunicacion-aumentativa-en-la-udd\/#primaryimage\"},\"thumbnailUrl\":\"https:\/\/medicina.udd.cl\/fonoaudiologia-santiago\/files\/2013\/07\/Autoridades-de-Fonoaudiolog\u00eda-y-Ayuda-Tec-y-expositoras.jpg\",\"articleSection\":[\"Noticias\"],\"inLanguage\":\"es\",\"potentialAction\":[{\"@type\":\"CommentAction\",\"name\":\"Comment\",\"target\":[\"https:\/\/medicina.udd.cl\/fonoaudiologia-santiago\/noticias\/2013\/07\/08\/gran-convocatoria-tuvo-curso-de-comunicacion-aumentativa-en-la-udd\/#respond\"]}]},{\"@type\":\"WebPage\",\"@id\":\"https:\/\/medicina.udd.cl\/fonoaudiologia-santiago\/noticias\/2013\/07\/08\/gran-convocatoria-tuvo-curso-de-comunicacion-aumentativa-en-la-udd\/\",\"url\":\"https:\/\/medicina.udd.cl\/fonoaudiologia-santiago\/noticias\/2013\/07\/08\/gran-convocatoria-tuvo-curso-de-comunicacion-aumentativa-en-la-udd\/\",\"name\":\"Gran convocatoria en curso de Comunicaci\u00f3n Aumentativa UDD\",\"isPartOf\":{\"@id\":\"https:\/\/medicina.udd.cl\/fonoaudiologia-santiago\/#website\"},\"primaryImageOfPage\":{\"@id\":\"https:\/\/medicina.udd.cl\/fonoaudiologia-santiago\/noticias\/2013\/07\/08\/gran-convocatoria-tuvo-curso-de-comunicacion-aumentativa-en-la-udd\/#primaryimage\"},\"image\":{\"@id\":\"https:\/\/medicina.udd.cl\/fonoaudiologia-santiago\/noticias\/2013\/07\/08\/gran-convocatoria-tuvo-curso-de-comunicacion-aumentativa-en-la-udd\/#primaryimage\"},\"thumbnailUrl\":\"https:\/\/medicina.udd.cl\/fonoaudiologia-santiago\/files\/2013\/07\/Autoridades-de-Fonoaudiolog\u00eda-y-Ayuda-Tec-y-expositoras.jpg\",\"datePublished\":\"2013-07-08T15:00:58+00:00\",\"dateModified\":\"2013-09-03T21:40:14+00:00\",\"author\":{\"@id\":\"https:\/\/medicina.udd.cl\/fonoaudiologia-santiago\/#\/schema\/person\/f7abfa784c86da427e89287831f96ab7\"},\"description\":\"Se mostraron estrategias y recursos de ense\u00f1anza complementarios para ni\u00f1os con necesidades especiales. Actividad fue co organizada por Fonoaudiolog\u00eda UDD.\",\"breadcrumb\":{\"@id\":\"https:\/\/medicina.udd.cl\/fonoaudiologia-santiago\/noticias\/2013\/07\/08\/gran-convocatoria-tuvo-curso-de-comunicacion-aumentativa-en-la-udd\/#breadcrumb\"},\"inLanguage\":\"es\",\"potentialAction\":[{\"@type\":\"ReadAction\",\"target\":[\"https:\/\/medicina.udd.cl\/fonoaudiologia-santiago\/noticias\/2013\/07\/08\/gran-convocatoria-tuvo-curso-de-comunicacion-aumentativa-en-la-udd\/\"]}]},{\"@type\":\"ImageObject\",\"inLanguage\":\"es\",\"@id\":\"https:\/\/medicina.udd.cl\/fonoaudiologia-santiago\/noticias\/2013\/07\/08\/gran-convocatoria-tuvo-curso-de-comunicacion-aumentativa-en-la-udd\/#primaryimage\",\"url\":\"https:\/\/medicina.udd.cl\/fonoaudiologia-santiago\/files\/2013\/07\/Autoridades-de-Fonoaudiolog\u00eda-y-Ayuda-Tec-y-expositoras.jpg\",\"contentUrl\":\"https:\/\/medicina.udd.cl\/fonoaudiologia-santiago\/files\/2013\/07\/Autoridades-de-Fonoaudiolog\u00eda-y-Ayuda-Tec-y-expositoras.jpg\",\"width\":3456,\"height\":2304},{\"@type\":\"BreadcrumbList\",\"@id\":\"https:\/\/medicina.udd.cl\/fonoaudiologia-santiago\/noticias\/2013\/07\/08\/gran-convocatoria-tuvo-curso-de-comunicacion-aumentativa-en-la-udd\/#breadcrumb\",\"itemListElement\":[{\"@type\":\"ListItem\",\"position\":1,\"name\":\"Home\",\"item\":\"https:\/\/medicina.udd.cl\/fonoaudiologia-santiago\/\"},{\"@type\":\"ListItem\",\"position\":2,\"name\":\"Gran convocatoria tuvo curso de Comunicaci\u00f3n Aumentativa en la UDD\"}]},{\"@type\":\"WebSite\",\"@id\":\"https:\/\/medicina.udd.cl\/fonoaudiologia-santiago\/#website\",\"url\":\"https:\/\/medicina.udd.cl\/fonoaudiologia-santiago\/\",\"name\":\"Fonoaudiolog\u00eda\",\"description\":\"Facultad de Medicina Cl\u00ednica Alemana Universidad del Desarrollo\",\"inLanguage\":\"es\"},{\"@type\":\"Person\",\"@id\":\"https:\/\/medicina.udd.cl\/fonoaudiologia-santiago\/#\/schema\/person\/f7abfa784c86da427e89287831f96ab7\",\"name\":\"admin\",\"image\":{\"@type\":\"ImageObject\",\"inLanguage\":\"es\",\"@id\":\"https:\/\/medicina.udd.cl\/fonoaudiologia-santiago\/#\/schema\/person\/image\/\",\"url\":\"https:\/\/secure.gravatar.com\/avatar\/3cb6da298954dfb54457c0910b8c9ca010abd8d87a60f7d701b6ce4254e1c642?s=96&d=mm&r=g\",\"contentUrl\":\"https:\/\/secure.gravatar.com\/avatar\/3cb6da298954dfb54457c0910b8c9ca010abd8d87a60f7d701b6ce4254e1c642?s=96&d=mm&r=g\",\"caption\":\"admin\"},\"url\":\"https:\/\/medicina.udd.cl\/fonoaudiologia-santiago\/noticias\/author\/admin\/\"}]}<\/script>\n<!-- \/ Yoast SEO plugin. -->","yoast_head_json":{"title":"Gran convocatoria en curso de Comunicaci\u00f3n Aumentativa UDD","description":"Se mostraron estrategias y recursos de ense\u00f1anza complementarios para ni\u00f1os con necesidades especiales. Actividad fue co organizada por Fonoaudiolog\u00eda UDD.","robots":{"index":"index","follow":"follow","max-snippet":"max-snippet:-1","max-image-preview":"max-image-preview:large","max-video-preview":"max-video-preview:-1"},"canonical":"https:\/\/medicina.udd.cl\/fonoaudiologia-santiago\/noticias\/2013\/07\/08\/gran-convocatoria-tuvo-curso-de-comunicacion-aumentativa-en-la-udd\/","og_locale":"es_ES","og_type":"article","og_title":"Gran convocatoria en curso de Comunicaci\u00f3n Aumentativa UDD","og_description":"Se mostraron estrategias y recursos de ense\u00f1anza complementarios para ni\u00f1os con necesidades especiales. Actividad fue co organizada por Fonoaudiolog\u00eda UDD.","og_url":"https:\/\/medicina.udd.cl\/fonoaudiologia-santiago\/noticias\/2013\/07\/08\/gran-convocatoria-tuvo-curso-de-comunicacion-aumentativa-en-la-udd\/","og_site_name":"Fonoaudiolog\u00eda","article_published_time":"2013-07-08T15:00:58+00:00","article_modified_time":"2013-09-03T21:40:14+00:00","og_image":[{"width":3456,"height":2304,"url":"https:\/\/medicina.udd.cl\/fonoaudiologia-santiago\/files\/2013\/07\/Autoridades-de-Fonoaudiolog\u00eda-y-Ayuda-Tec-y-expositoras.jpg","type":"image\/jpeg"}],"author":"admin","twitter_misc":{"Escrito por":"admin","Tiempo de lectura":"1 minuto"},"schema":{"@context":"https:\/\/schema.org","@graph":[{"@type":"Article","@id":"https:\/\/medicina.udd.cl\/fonoaudiologia-santiago\/noticias\/2013\/07\/08\/gran-convocatoria-tuvo-curso-de-comunicacion-aumentativa-en-la-udd\/#article","isPartOf":{"@id":"https:\/\/medicina.udd.cl\/fonoaudiologia-santiago\/noticias\/2013\/07\/08\/gran-convocatoria-tuvo-curso-de-comunicacion-aumentativa-en-la-udd\/"},"author":{"name":"admin","@id":"https:\/\/medicina.udd.cl\/fonoaudiologia-santiago\/#\/schema\/person\/f7abfa784c86da427e89287831f96ab7"},"headline":"Gran convocatoria tuvo curso de Comunicaci\u00f3n Aumentativa en la UDD","datePublished":"2013-07-08T15:00:58+00:00","dateModified":"2013-09-03T21:40:14+00:00","mainEntityOfPage":{"@id":"https:\/\/medicina.udd.cl\/fonoaudiologia-santiago\/noticias\/2013\/07\/08\/gran-convocatoria-tuvo-curso-de-comunicacion-aumentativa-en-la-udd\/"},"wordCount":274,"commentCount":0,"image":{"@id":"https:\/\/medicina.udd.cl\/fonoaudiologia-santiago\/noticias\/2013\/07\/08\/gran-convocatoria-tuvo-curso-de-comunicacion-aumentativa-en-la-udd\/#primaryimage"},"thumbnailUrl":"https:\/\/medicina.udd.cl\/fonoaudiologia-santiago\/files\/2013\/07\/Autoridades-de-Fonoaudiolog\u00eda-y-Ayuda-Tec-y-expositoras.jpg","articleSection":["Noticias"],"inLanguage":"es","potentialAction":[{"@type":"CommentAction","name":"Comment","target":["https:\/\/medicina.udd.cl\/fonoaudiologia-santiago\/noticias\/2013\/07\/08\/gran-convocatoria-tuvo-curso-de-comunicacion-aumentativa-en-la-udd\/#respond"]}]},{"@type":"WebPage","@id":"https:\/\/medicina.udd.cl\/fonoaudiologia-santiago\/noticias\/2013\/07\/08\/gran-convocatoria-tuvo-curso-de-comunicacion-aumentativa-en-la-udd\/","url":"https:\/\/medicina.udd.cl\/fonoaudiologia-santiago\/noticias\/2013\/07\/08\/gran-convocatoria-tuvo-curso-de-comunicacion-aumentativa-en-la-udd\/","name":"Gran convocatoria en curso de Comunicaci\u00f3n Aumentativa UDD","isPartOf":{"@id":"https:\/\/medicina.udd.cl\/fonoaudiologia-santiago\/#website"},"primaryImageOfPage":{"@id":"https:\/\/medicina.udd.cl\/fonoaudiologia-santiago\/noticias\/2013\/07\/08\/gran-convocatoria-tuvo-curso-de-comunicacion-aumentativa-en-la-udd\/#primaryimage"},"image":{"@id":"https:\/\/medicina.udd.cl\/fonoaudiologia-santiago\/noticias\/2013\/07\/08\/gran-convocatoria-tuvo-curso-de-comunicacion-aumentativa-en-la-udd\/#primaryimage"},"thumbnailUrl":"https:\/\/medicina.udd.cl\/fonoaudiologia-santiago\/files\/2013\/07\/Autoridades-de-Fonoaudiolog\u00eda-y-Ayuda-Tec-y-expositoras.jpg","datePublished":"2013-07-08T15:00:58+00:00","dateModified":"2013-09-03T21:40:14+00:00","author":{"@id":"https:\/\/medicina.udd.cl\/fonoaudiologia-santiago\/#\/schema\/person\/f7abfa784c86da427e89287831f96ab7"},"description":"Se mostraron estrategias y recursos de ense\u00f1anza complementarios para ni\u00f1os con necesidades especiales. Actividad fue co organizada por Fonoaudiolog\u00eda UDD.","breadcrumb":{"@id":"https:\/\/medicina.udd.cl\/fonoaudiologia-santiago\/noticias\/2013\/07\/08\/gran-convocatoria-tuvo-curso-de-comunicacion-aumentativa-en-la-udd\/#breadcrumb"},"inLanguage":"es","potentialAction":[{"@type":"ReadAction","target":["https:\/\/medicina.udd.cl\/fonoaudiologia-santiago\/noticias\/2013\/07\/08\/gran-convocatoria-tuvo-curso-de-comunicacion-aumentativa-en-la-udd\/"]}]},{"@type":"ImageObject","inLanguage":"es","@id":"https:\/\/medicina.udd.cl\/fonoaudiologia-santiago\/noticias\/2013\/07\/08\/gran-convocatoria-tuvo-curso-de-comunicacion-aumentativa-en-la-udd\/#primaryimage","url":"https:\/\/medicina.udd.cl\/fonoaudiologia-santiago\/files\/2013\/07\/Autoridades-de-Fonoaudiolog\u00eda-y-Ayuda-Tec-y-expositoras.jpg","contentUrl":"https:\/\/medicina.udd.cl\/fonoaudiologia-santiago\/files\/2013\/07\/Autoridades-de-Fonoaudiolog\u00eda-y-Ayuda-Tec-y-expositoras.jpg","width":3456,"height":2304},{"@type":"BreadcrumbList","@id":"https:\/\/medicina.udd.cl\/fonoaudiologia-santiago\/noticias\/2013\/07\/08\/gran-convocatoria-tuvo-curso-de-comunicacion-aumentativa-en-la-udd\/#breadcrumb","itemListElement":[{"@type":"ListItem","position":1,"name":"Home","item":"https:\/\/medicina.udd.cl\/fonoaudiologia-santiago\/"},{"@type":"ListItem","position":2,"name":"Gran convocatoria tuvo curso de Comunicaci\u00f3n Aumentativa en la UDD"}]},{"@type":"WebSite","@id":"https:\/\/medicina.udd.cl\/fonoaudiologia-santiago\/#website","url":"https:\/\/medicina.udd.cl\/fonoaudiologia-santiago\/","name":"Fonoaudiolog\u00eda","description":"Facultad de Medicina Cl\u00ednica Alemana Universidad del Desarrollo","inLanguage":"es"},{"@type":"Person","@id":"https:\/\/medicina.udd.cl\/fonoaudiologia-santiago\/#\/schema\/person\/f7abfa784c86da427e89287831f96ab7","name":"admin","image":{"@type":"ImageObject","inLanguage":"es","@id":"https:\/\/medicina.udd.cl\/fonoaudiologia-santiago\/#\/schema\/person\/image\/","url":"https:\/\/secure.gravatar.com\/avatar\/3cb6da298954dfb54457c0910b8c9ca010abd8d87a60f7d701b6ce4254e1c642?s=96&d=mm&r=g","contentUrl":"https:\/\/secure.gravatar.com\/avatar\/3cb6da298954dfb54457c0910b8c9ca010abd8d87a60f7d701b6ce4254e1c642?s=96&d=mm&r=g","caption":"admin"},"url":"https:\/\/medicina.udd.cl\/fonoaudiologia-santiago\/noticias\/author\/admin\/"}]}},"featured_image_url":"https:\/\/medicina.udd.cl\/fonoaudiologia-santiago\/files\/2013\/07\/Autoridades-de-Fonoaudiolog\u00eda-y-Ayuda-Tec-y-expositoras.jpg","_links":{"self":[{"href":"https:\/\/medicina.udd.cl\/fonoaudiologia-santiago\/wp-json\/wp\/v2\/posts\/1717","targetHints":{"allow":["GET"]}}],"collection":[{"href":"https:\/\/medicina.udd.cl\/fonoaudiologia-santiago\/wp-json\/wp\/v2\/posts"}],"about":[{"href":"https:\/\/medicina.udd.cl\/fonoaudiologia-santiago\/wp-json\/wp\/v2\/types\/post"}],"author":[{"embeddable":true,"href":"https:\/\/medicina.udd.cl\/fonoaudiologia-santiago\/wp-json\/wp\/v2\/users\/1"}],"replies":[{"embeddable":true,"href":"https:\/\/medicina.udd.cl\/fonoaudiologia-santiago\/wp-json\/wp\/v2\/comments?post=1717"}],"version-history":[{"count":8,"href":"https:\/\/medicina.udd.cl\/fonoaudiologia-santiago\/wp-json\/wp\/v2\/posts\/1717\/revisions"}],"predecessor-version":[{"id":1980,"href":"https:\/\/medicina.udd.cl\/fonoaudiologia-santiago\/wp-json\/wp\/v2\/posts\/1717\/revisions\/1980"}],"wp:featuredmedia":[{"embeddable":true,"href":"https:\/\/medicina.udd.cl\/fonoaudiologia-santiago\/wp-json\/wp\/v2\/media\/1720"}],"wp:attachment":[{"href":"https:\/\/medicina.udd.cl\/fonoaudiologia-santiago\/wp-json\/wp\/v2\/media?parent=1717"}],"wp:term":[{"taxonomy":"category","embeddable":true,"href":"https:\/\/medicina.udd.cl\/fonoaudiologia-santiago\/wp-json\/wp\/v2\/categories?post=1717"},{"taxonomy":"post_tag","embeddable":true,"href":"https:\/\/medicina.udd.cl\/fonoaudiologia-santiago\/wp-json\/wp\/v2\/tags?post=1717"}],"curies":[{"name":"wp","href":"https:\/\/api.w.org\/{rel}","templated":true}]}}