{"id":1992,"date":"2013-09-23T09:58:50","date_gmt":"2013-09-23T13:58:50","guid":{"rendered":"http:\/\/medicina.udd.cl\/fonoaudiologia-santiago\/?p=1992"},"modified":"2013-09-23T10:28:53","modified_gmt":"2013-09-23T14:28:53","slug":"comienza-tercera-version-de-diplomado-habilitacion-vocal-de-la-udd","status":"publish","type":"post","link":"https:\/\/medicina.udd.cl\/fonoaudiologia-santiago\/noticias\/2013\/09\/23\/comienza-tercera-version-de-diplomado-habilitacion-vocal-de-la-udd\/","title":{"rendered":"Comienza tercera versi\u00f3n de Diplomado Habilitaci\u00f3n Vocal de la UDD"},"content":{"rendered":"<p><a href=\"http:\/\/medicina.udd.cl\/fonoaudiologia-santiago\/files\/2013\/09\/Tercera-versi\u00f3n-Diplomado-Habilitaci\u00f3n-Vocal.jpg\"><img loading=\"lazy\" decoding=\"async\" class=\"aligncenter size-medium wp-image-1993\" alt=\"Tercera versi\u00f3n Diplomado Habilitaci\u00f3n Vocal\" src=\"http:\/\/medicina.udd.cl\/fonoaudiologia-santiago\/files\/2013\/09\/Tercera-versi\u00f3n-Diplomado-Habilitaci\u00f3n-Vocal-300x167.jpg\" width=\"300\" height=\"167\" srcset=\"https:\/\/medicina.udd.cl\/fonoaudiologia-santiago\/files\/2013\/09\/Tercera-versi\u00f3n-Diplomado-Habilitaci\u00f3n-Vocal-300x167.jpg 300w, https:\/\/medicina.udd.cl\/fonoaudiologia-santiago\/files\/2013\/09\/Tercera-versi\u00f3n-Diplomado-Habilitaci\u00f3n-Vocal-768x428.jpg 768w, https:\/\/medicina.udd.cl\/fonoaudiologia-santiago\/files\/2013\/09\/Tercera-versi\u00f3n-Diplomado-Habilitaci\u00f3n-Vocal-1024x570.jpg 1024w, https:\/\/medicina.udd.cl\/fonoaudiologia-santiago\/files\/2013\/09\/Tercera-versi\u00f3n-Diplomado-Habilitaci\u00f3n-Vocal-960x535.jpg 960w\" sizes=\"auto, (max-width: 300px) 100vw, 300px\" \/><\/a><\/p>\n<p>La carrera de Fonoaudiolog\u00eda de la Facultad de Medicina CAS-UDD dio la bienvenida a 30 nuevos alumnos del Diplomado en Habilitaci\u00f3n Vocal, que este a\u00f1o inaugur\u00f3 su tercera versi\u00f3n.<\/p>\n<p>Profesionales de distintas ciudades del pa\u00eds -como La Serena, Valpara\u00edso, Rancagua, Temuco, Valdivia, Concepci\u00f3n y Puerto Montt- participar\u00e1n durante nueve meses en este programa de especializaci\u00f3n que busca comprender el proceso fisiopatol\u00f3gico de la voz, as\u00ed como conocer y aplicar nuevas herramientas terap\u00e9uticas en la rehabilitaci\u00f3n vocal.<\/p>\n<p>El diplomado, que es dirigido por Ricardo \u00c1lvarez, tambi\u00e9n es cursado por dos estudiantes de quinto y tercer a\u00f1o de la carrera Fonoaudiolog\u00eda que se han dedicado al \u00e1rea de Canto y M\u00fasica.<\/p>\n","protected":false},"excerpt":{"rendered":"<p>Son 30 estudiantes de diferentes regiones del pa\u00eds que participar\u00e1n en este programa impartido por la Escuela de Fonoaudiolog\u00eda.<\/p>\n","protected":false},"author":40,"featured_media":1993,"comment_status":"open","ping_status":"open","sticky":false,"template":"","format":"standard","meta":{"footnotes":""},"categories":[4],"tags":[],"class_list":["post-1992","post","type-post","status-publish","format-standard","has-post-thumbnail","hentry","category-noticias"],"yoast_head":"<!-- This site is optimized with the Yoast SEO plugin v26.9 - https:\/\/yoast.com\/product\/yoast-seo-wordpress\/ -->\n<title>Comienza III versi\u00f3n Diplomado Habilitaci\u00f3n Vocal - Fonoaudiolog\u00eda UDD<\/title>\n<meta name=\"description\" content=\"Son 30 estudiantes de diferentes regiones del pa\u00eds que participar\u00e1n en este programa dirigido por Ricardo \u00c1lvarez .\" \/>\n<meta name=\"robots\" content=\"index, follow, max-snippet:-1, max-image-preview:large, max-video-preview:-1\" \/>\n<link rel=\"canonical\" href=\"https:\/\/medicina.udd.cl\/fonoaudiologia-santiago\/noticias\/2013\/09\/23\/comienza-tercera-version-de-diplomado-habilitacion-vocal-de-la-udd\/\" \/>\n<meta property=\"og:locale\" content=\"es_ES\" \/>\n<meta property=\"og:type\" content=\"article\" \/>\n<meta property=\"og:title\" content=\"Comienza III versi\u00f3n Diplomado Habilitaci\u00f3n Vocal - Fonoaudiolog\u00eda UDD\" \/>\n<meta property=\"og:description\" content=\"Son 30 estudiantes de diferentes regiones del pa\u00eds que participar\u00e1n en este programa dirigido por Ricardo \u00c1lvarez .\" \/>\n<meta property=\"og:url\" content=\"https:\/\/medicina.udd.cl\/fonoaudiologia-santiago\/noticias\/2013\/09\/23\/comienza-tercera-version-de-diplomado-habilitacion-vocal-de-la-udd\/\" \/>\n<meta property=\"og:site_name\" content=\"Fonoaudiolog\u00eda\" \/>\n<meta property=\"article:published_time\" content=\"2013-09-23T13:58:50+00:00\" \/>\n<meta property=\"article:modified_time\" content=\"2013-09-23T14:28:53+00:00\" \/>\n<meta property=\"og:image\" content=\"https:\/\/medicina.udd.cl\/fonoaudiologia-santiago\/files\/2013\/09\/Tercera-versi\u00f3n-Diplomado-Habilitaci\u00f3n-Vocal.jpg\" \/>\n\t<meta property=\"og:image:width\" content=\"2827\" \/>\n\t<meta property=\"og:image:height\" content=\"1574\" \/>\n\t<meta property=\"og:image:type\" content=\"image\/jpeg\" \/>\n<meta name=\"twitter:label1\" content=\"Escrito por\" \/>\n\t<meta name=\"twitter:data1\" content=\"\" \/>\n\t<meta name=\"twitter:label2\" content=\"Tiempo de lectura\" \/>\n\t<meta name=\"twitter:data2\" content=\"1 minuto\" \/>\n<script type=\"application\/ld+json\" class=\"yoast-schema-graph\">{\"@context\":\"https:\/\/schema.org\",\"@graph\":[{\"@type\":\"Article\",\"@id\":\"https:\/\/medicina.udd.cl\/fonoaudiologia-santiago\/noticias\/2013\/09\/23\/comienza-tercera-version-de-diplomado-habilitacion-vocal-de-la-udd\/#article\",\"isPartOf\":{\"@id\":\"https:\/\/medicina.udd.cl\/fonoaudiologia-santiago\/noticias\/2013\/09\/23\/comienza-tercera-version-de-diplomado-habilitacion-vocal-de-la-udd\/\"},\"author\":{\"name\":\"\",\"@id\":\"\"},\"headline\":\"Comienza tercera versi\u00f3n de Diplomado Habilitaci\u00f3n Vocal de la UDD\",\"datePublished\":\"2013-09-23T13:58:50+00:00\",\"dateModified\":\"2013-09-23T14:28:53+00:00\",\"mainEntityOfPage\":{\"@id\":\"https:\/\/medicina.udd.cl\/fonoaudiologia-santiago\/noticias\/2013\/09\/23\/comienza-tercera-version-de-diplomado-habilitacion-vocal-de-la-udd\/\"},\"wordCount\":136,\"commentCount\":0,\"image\":{\"@id\":\"https:\/\/medicina.udd.cl\/fonoaudiologia-santiago\/noticias\/2013\/09\/23\/comienza-tercera-version-de-diplomado-habilitacion-vocal-de-la-udd\/#primaryimage\"},\"thumbnailUrl\":\"https:\/\/medicina.udd.cl\/fonoaudiologia-santiago\/files\/2013\/09\/Tercera-versi\u00f3n-Diplomado-Habilitaci\u00f3n-Vocal.jpg\",\"articleSection\":[\"Noticias\"],\"inLanguage\":\"es\",\"potentialAction\":[{\"@type\":\"CommentAction\",\"name\":\"Comment\",\"target\":[\"https:\/\/medicina.udd.cl\/fonoaudiologia-santiago\/noticias\/2013\/09\/23\/comienza-tercera-version-de-diplomado-habilitacion-vocal-de-la-udd\/#respond\"]}]},{\"@type\":\"WebPage\",\"@id\":\"https:\/\/medicina.udd.cl\/fonoaudiologia-santiago\/noticias\/2013\/09\/23\/comienza-tercera-version-de-diplomado-habilitacion-vocal-de-la-udd\/\",\"url\":\"https:\/\/medicina.udd.cl\/fonoaudiologia-santiago\/noticias\/2013\/09\/23\/comienza-tercera-version-de-diplomado-habilitacion-vocal-de-la-udd\/\",\"name\":\"Comienza III versi\u00f3n Diplomado Habilitaci\u00f3n Vocal - Fonoaudiolog\u00eda UDD\",\"isPartOf\":{\"@id\":\"https:\/\/medicina.udd.cl\/fonoaudiologia-santiago\/#website\"},\"primaryImageOfPage\":{\"@id\":\"https:\/\/medicina.udd.cl\/fonoaudiologia-santiago\/noticias\/2013\/09\/23\/comienza-tercera-version-de-diplomado-habilitacion-vocal-de-la-udd\/#primaryimage\"},\"image\":{\"@id\":\"https:\/\/medicina.udd.cl\/fonoaudiologia-santiago\/noticias\/2013\/09\/23\/comienza-tercera-version-de-diplomado-habilitacion-vocal-de-la-udd\/#primaryimage\"},\"thumbnailUrl\":\"https:\/\/medicina.udd.cl\/fonoaudiologia-santiago\/files\/2013\/09\/Tercera-versi\u00f3n-Diplomado-Habilitaci\u00f3n-Vocal.jpg\",\"datePublished\":\"2013-09-23T13:58:50+00:00\",\"dateModified\":\"2013-09-23T14:28:53+00:00\",\"author\":{\"@id\":\"\"},\"description\":\"Son 30 estudiantes de diferentes regiones del pa\u00eds que participar\u00e1n en este programa dirigido por Ricardo \u00c1lvarez .\",\"breadcrumb\":{\"@id\":\"https:\/\/medicina.udd.cl\/fonoaudiologia-santiago\/noticias\/2013\/09\/23\/comienza-tercera-version-de-diplomado-habilitacion-vocal-de-la-udd\/#breadcrumb\"},\"inLanguage\":\"es\",\"potentialAction\":[{\"@type\":\"ReadAction\",\"target\":[\"https:\/\/medicina.udd.cl\/fonoaudiologia-santiago\/noticias\/2013\/09\/23\/comienza-tercera-version-de-diplomado-habilitacion-vocal-de-la-udd\/\"]}]},{\"@type\":\"ImageObject\",\"inLanguage\":\"es\",\"@id\":\"https:\/\/medicina.udd.cl\/fonoaudiologia-santiago\/noticias\/2013\/09\/23\/comienza-tercera-version-de-diplomado-habilitacion-vocal-de-la-udd\/#primaryimage\",\"url\":\"https:\/\/medicina.udd.cl\/fonoaudiologia-santiago\/files\/2013\/09\/Tercera-versi\u00f3n-Diplomado-Habilitaci\u00f3n-Vocal.jpg\",\"contentUrl\":\"https:\/\/medicina.udd.cl\/fonoaudiologia-santiago\/files\/2013\/09\/Tercera-versi\u00f3n-Diplomado-Habilitaci\u00f3n-Vocal.jpg\",\"width\":2827,\"height\":1574},{\"@type\":\"BreadcrumbList\",\"@id\":\"https:\/\/medicina.udd.cl\/fonoaudiologia-santiago\/noticias\/2013\/09\/23\/comienza-tercera-version-de-diplomado-habilitacion-vocal-de-la-udd\/#breadcrumb\",\"itemListElement\":[{\"@type\":\"ListItem\",\"position\":1,\"name\":\"Home\",\"item\":\"https:\/\/medicina.udd.cl\/fonoaudiologia-santiago\/\"},{\"@type\":\"ListItem\",\"position\":2,\"name\":\"Comienza tercera versi\u00f3n de Diplomado Habilitaci\u00f3n Vocal de la UDD\"}]},{\"@type\":\"WebSite\",\"@id\":\"https:\/\/medicina.udd.cl\/fonoaudiologia-santiago\/#website\",\"url\":\"https:\/\/medicina.udd.cl\/fonoaudiologia-santiago\/\",\"name\":\"Fonoaudiolog\u00eda\",\"description\":\"Facultad de Medicina Cl\u00ednica Alemana Universidad del Desarrollo\",\"inLanguage\":\"es\"},{\"@type\":\"Person\",\"@id\":\"\",\"url\":\"https:\/\/medicina.udd.cl\/fonoaudiologia-santiago\/noticias\/author\/\"}]}<\/script>\n<!-- \/ Yoast SEO plugin. -->","yoast_head_json":{"title":"Comienza III versi\u00f3n Diplomado Habilitaci\u00f3n Vocal - Fonoaudiolog\u00eda UDD","description":"Son 30 estudiantes de diferentes regiones del pa\u00eds que participar\u00e1n en este programa dirigido por Ricardo \u00c1lvarez .","robots":{"index":"index","follow":"follow","max-snippet":"max-snippet:-1","max-image-preview":"max-image-preview:large","max-video-preview":"max-video-preview:-1"},"canonical":"https:\/\/medicina.udd.cl\/fonoaudiologia-santiago\/noticias\/2013\/09\/23\/comienza-tercera-version-de-diplomado-habilitacion-vocal-de-la-udd\/","og_locale":"es_ES","og_type":"article","og_title":"Comienza III versi\u00f3n Diplomado Habilitaci\u00f3n Vocal - Fonoaudiolog\u00eda UDD","og_description":"Son 30 estudiantes de diferentes regiones del pa\u00eds que participar\u00e1n en este programa dirigido por Ricardo \u00c1lvarez .","og_url":"https:\/\/medicina.udd.cl\/fonoaudiologia-santiago\/noticias\/2013\/09\/23\/comienza-tercera-version-de-diplomado-habilitacion-vocal-de-la-udd\/","og_site_name":"Fonoaudiolog\u00eda","article_published_time":"2013-09-23T13:58:50+00:00","article_modified_time":"2013-09-23T14:28:53+00:00","og_image":[{"width":2827,"height":1574,"url":"https:\/\/medicina.udd.cl\/fonoaudiologia-santiago\/files\/2013\/09\/Tercera-versi\u00f3n-Diplomado-Habilitaci\u00f3n-Vocal.jpg","type":"image\/jpeg"}],"twitter_misc":{"Escrito por":"","Tiempo de lectura":"1 minuto"},"schema":{"@context":"https:\/\/schema.org","@graph":[{"@type":"Article","@id":"https:\/\/medicina.udd.cl\/fonoaudiologia-santiago\/noticias\/2013\/09\/23\/comienza-tercera-version-de-diplomado-habilitacion-vocal-de-la-udd\/#article","isPartOf":{"@id":"https:\/\/medicina.udd.cl\/fonoaudiologia-santiago\/noticias\/2013\/09\/23\/comienza-tercera-version-de-diplomado-habilitacion-vocal-de-la-udd\/"},"author":{"name":"","@id":""},"headline":"Comienza tercera versi\u00f3n de Diplomado Habilitaci\u00f3n Vocal de la UDD","datePublished":"2013-09-23T13:58:50+00:00","dateModified":"2013-09-23T14:28:53+00:00","mainEntityOfPage":{"@id":"https:\/\/medicina.udd.cl\/fonoaudiologia-santiago\/noticias\/2013\/09\/23\/comienza-tercera-version-de-diplomado-habilitacion-vocal-de-la-udd\/"},"wordCount":136,"commentCount":0,"image":{"@id":"https:\/\/medicina.udd.cl\/fonoaudiologia-santiago\/noticias\/2013\/09\/23\/comienza-tercera-version-de-diplomado-habilitacion-vocal-de-la-udd\/#primaryimage"},"thumbnailUrl":"https:\/\/medicina.udd.cl\/fonoaudiologia-santiago\/files\/2013\/09\/Tercera-versi\u00f3n-Diplomado-Habilitaci\u00f3n-Vocal.jpg","articleSection":["Noticias"],"inLanguage":"es","potentialAction":[{"@type":"CommentAction","name":"Comment","target":["https:\/\/medicina.udd.cl\/fonoaudiologia-santiago\/noticias\/2013\/09\/23\/comienza-tercera-version-de-diplomado-habilitacion-vocal-de-la-udd\/#respond"]}]},{"@type":"WebPage","@id":"https:\/\/medicina.udd.cl\/fonoaudiologia-santiago\/noticias\/2013\/09\/23\/comienza-tercera-version-de-diplomado-habilitacion-vocal-de-la-udd\/","url":"https:\/\/medicina.udd.cl\/fonoaudiologia-santiago\/noticias\/2013\/09\/23\/comienza-tercera-version-de-diplomado-habilitacion-vocal-de-la-udd\/","name":"Comienza III versi\u00f3n Diplomado Habilitaci\u00f3n Vocal - Fonoaudiolog\u00eda UDD","isPartOf":{"@id":"https:\/\/medicina.udd.cl\/fonoaudiologia-santiago\/#website"},"primaryImageOfPage":{"@id":"https:\/\/medicina.udd.cl\/fonoaudiologia-santiago\/noticias\/2013\/09\/23\/comienza-tercera-version-de-diplomado-habilitacion-vocal-de-la-udd\/#primaryimage"},"image":{"@id":"https:\/\/medicina.udd.cl\/fonoaudiologia-santiago\/noticias\/2013\/09\/23\/comienza-tercera-version-de-diplomado-habilitacion-vocal-de-la-udd\/#primaryimage"},"thumbnailUrl":"https:\/\/medicina.udd.cl\/fonoaudiologia-santiago\/files\/2013\/09\/Tercera-versi\u00f3n-Diplomado-Habilitaci\u00f3n-Vocal.jpg","datePublished":"2013-09-23T13:58:50+00:00","dateModified":"2013-09-23T14:28:53+00:00","author":{"@id":""},"description":"Son 30 estudiantes de diferentes regiones del pa\u00eds que participar\u00e1n en este programa dirigido por Ricardo \u00c1lvarez .","breadcrumb":{"@id":"https:\/\/medicina.udd.cl\/fonoaudiologia-santiago\/noticias\/2013\/09\/23\/comienza-tercera-version-de-diplomado-habilitacion-vocal-de-la-udd\/#breadcrumb"},"inLanguage":"es","potentialAction":[{"@type":"ReadAction","target":["https:\/\/medicina.udd.cl\/fonoaudiologia-santiago\/noticias\/2013\/09\/23\/comienza-tercera-version-de-diplomado-habilitacion-vocal-de-la-udd\/"]}]},{"@type":"ImageObject","inLanguage":"es","@id":"https:\/\/medicina.udd.cl\/fonoaudiologia-santiago\/noticias\/2013\/09\/23\/comienza-tercera-version-de-diplomado-habilitacion-vocal-de-la-udd\/#primaryimage","url":"https:\/\/medicina.udd.cl\/fonoaudiologia-santiago\/files\/2013\/09\/Tercera-versi\u00f3n-Diplomado-Habilitaci\u00f3n-Vocal.jpg","contentUrl":"https:\/\/medicina.udd.cl\/fonoaudiologia-santiago\/files\/2013\/09\/Tercera-versi\u00f3n-Diplomado-Habilitaci\u00f3n-Vocal.jpg","width":2827,"height":1574},{"@type":"BreadcrumbList","@id":"https:\/\/medicina.udd.cl\/fonoaudiologia-santiago\/noticias\/2013\/09\/23\/comienza-tercera-version-de-diplomado-habilitacion-vocal-de-la-udd\/#breadcrumb","itemListElement":[{"@type":"ListItem","position":1,"name":"Home","item":"https:\/\/medicina.udd.cl\/fonoaudiologia-santiago\/"},{"@type":"ListItem","position":2,"name":"Comienza tercera versi\u00f3n de Diplomado Habilitaci\u00f3n Vocal de la UDD"}]},{"@type":"WebSite","@id":"https:\/\/medicina.udd.cl\/fonoaudiologia-santiago\/#website","url":"https:\/\/medicina.udd.cl\/fonoaudiologia-santiago\/","name":"Fonoaudiolog\u00eda","description":"Facultad de Medicina Cl\u00ednica Alemana Universidad del Desarrollo","inLanguage":"es"},{"@type":"Person","@id":"","url":"https:\/\/medicina.udd.cl\/fonoaudiologia-santiago\/noticias\/author\/"}]}},"featured_image_url":"https:\/\/medicina.udd.cl\/fonoaudiologia-santiago\/files\/2013\/09\/Tercera-versi\u00f3n-Diplomado-Habilitaci\u00f3n-Vocal.jpg","_links":{"self":[{"href":"https:\/\/medicina.udd.cl\/fonoaudiologia-santiago\/wp-json\/wp\/v2\/posts\/1992","targetHints":{"allow":["GET"]}}],"collection":[{"href":"https:\/\/medicina.udd.cl\/fonoaudiologia-santiago\/wp-json\/wp\/v2\/posts"}],"about":[{"href":"https:\/\/medicina.udd.cl\/fonoaudiologia-santiago\/wp-json\/wp\/v2\/types\/post"}],"author":[{"embeddable":true,"href":"https:\/\/medicina.udd.cl\/fonoaudiologia-santiago\/wp-json\/wp\/v2\/users\/40"}],"replies":[{"embeddable":true,"href":"https:\/\/medicina.udd.cl\/fonoaudiologia-santiago\/wp-json\/wp\/v2\/comments?post=1992"}],"version-history":[{"count":2,"href":"https:\/\/medicina.udd.cl\/fonoaudiologia-santiago\/wp-json\/wp\/v2\/posts\/1992\/revisions"}],"predecessor-version":[{"id":1995,"href":"https:\/\/medicina.udd.cl\/fonoaudiologia-santiago\/wp-json\/wp\/v2\/posts\/1992\/revisions\/1995"}],"wp:featuredmedia":[{"embeddable":true,"href":"https:\/\/medicina.udd.cl\/fonoaudiologia-santiago\/wp-json\/wp\/v2\/media\/1993"}],"wp:attachment":[{"href":"https:\/\/medicina.udd.cl\/fonoaudiologia-santiago\/wp-json\/wp\/v2\/media?parent=1992"}],"wp:term":[{"taxonomy":"category","embeddable":true,"href":"https:\/\/medicina.udd.cl\/fonoaudiologia-santiago\/wp-json\/wp\/v2\/categories?post=1992"},{"taxonomy":"post_tag","embeddable":true,"href":"https:\/\/medicina.udd.cl\/fonoaudiologia-santiago\/wp-json\/wp\/v2\/tags?post=1992"}],"curies":[{"name":"wp","href":"https:\/\/api.w.org\/{rel}","templated":true}]}}